{"id":88290,"date":"2024-01-12T01:00:00","date_gmt":"2024-01-12T00:00:00","guid":{"rendered":"https:\/\/weisetech.dev\/fc-barcelona-noticias\/en\/the-reason-why-vitor-roque-arrives-at-his-best-to-the-super-cup-final_299888_102\/"},"modified":"2024-01-12T01:00:00","modified_gmt":"2024-01-12T00:00:00","slug":"red-cracked-arrasate-and-david-garcia-furious-with-the-refereeing-of-the-barca-osasuna_299823_102","status":"publish","type":"post","link":"https:\/\/www.fcbarcelonanoticias.com\/en\/supercopa-of-spain\/red-cracked-arrasate-and-david-garcia-furious-with-the-refereeing-of-the-barca-osasuna_299823_102.html","title":{"rendered":"Red &#8216;cracked&#8217;! Arrasate and David Garc\u00eda, furious with the refereeing of the Bar\u00e7a-Osasuna match"},"content":{"rendered":"<h2 class=\"wp-block-heading\">Bar\u00e7a ended up beating Osasuna on Thursday, but the Navarrese side did not hide their dissatisfaction with the result, especially as they felt wronged by the refereeing<\/h2>  \r\n<div class=\"article-addons\">\r\n    <a href=\"https:\/\/www.fcbarcelonanoticias.com\/en\/calendar-fc-barcelona.html\"\r\n       target=\"_self\"\r\n       title=\"Calendar of FC Barcelona\"\r\n       class=\"blue-gredient-btn\">\r\n       \r\n        Calendar of FC Barcelona    <\/a>\r\n<\/div>   <p><strong>&#8220;We feel us prejudiced, because the criterion has been very different during all the party&#8221;, thought Jacoba Arrasate<\/strong> once finished <a data-external=\"0\" data-intl-links-en=\"https:\/\/www.fcbarcelonanoticias.com\/en\/supercopa-of-spain\/fc-barcelona-osasuna-2-0-video-summary-goals-and-better-played-of-the-semis-of-the-supercopa_299810_102.html\" data-intl-links-es=\"https:\/\/www.fcbarcelonanoticias.com\/supercopa-de-espana\/fc-barcelona-osasuna-2-0-video-resumen-goles-mejores-jugadas-semis-supercopa_299810_102.html\" href=\"https:\/\/www.fcbarcelonanoticias.com\/en\/supercopa-of-spain\/fc-barcelona-osasuna-2-0-video-summary-goals-and-better-played-of-the-semis-of-the-supercopa_299810_102.html\" rel=\"follow\" target=\"_self\" title=\"FC BARCELONA-OSASUNA (2-0): V\u00eddeo resumen, goles y mejores jugadas de las 'semis' de la Supercopa\">the FC Barcelona-CA Osasuna<\/a> of this Thursday by the semifinals of the Supercopa of Spain. Visibly angered with the arbitration of Mu\u00f1iz Ruiz, the m\u00edster rojillo wanted to signal of effusive way that no pitase the fault on Arn\u00e1iz previous to the goal of Lewandowski.<\/p>  <p>&#8220;It is very clear, although it was not revisable, that can not to be it; but this does not remove that it keep on being lacking&#8221;, ensured. <strong>&#8220;The criterion has been very different and therefore we complain. Some referees leave to play more and others, less. This is normal. But it has not been the case of today: tonight it has been a question that some faults pitaban and others, no.<\/strong> A question of different criterion&#8221;, analysed also Arrasate.<\/p>  <p>His analysis on the party has continued mentioning that &#8220;<a data-external=\"0\" data-intl-links-en=\"https:\/\/www.fcbarcelonanoticias.com\/en\/players\/inaki-pena-changed-the-game-with-save-that-saved-barca_299820_102.html\" data-intl-links-es=\"https:\/\/www.fcbarcelonanoticias.com\/jugadores\/inaki-pena-cambio-partido-con-parada-que-salvo-al-barca_299820_102.html\" href=\"https:\/\/www.fcbarcelonanoticias.com\/en\/players\/inaki-pena-changed-the-game-with-save-that-saved-barca_299820_102.html\" rel=\"follow\" target=\"_self\" title=\"I\u00f1aki Pe\u00f1a 'cambi\u00f3' el partido con una parada que&nbsp;salv\u00f3&nbsp;al&nbsp;Bar\u00e7a\">we have had our moments, even with 0-0<\/a>, but need efficiency to win these parties. <strong>A penalty. His goal decants the scales, because it forces you to open you and, here, do you the second. Feeling of anger. We have had them&#8221;, it explained. <\/strong>To the margin of the referee, showed proud of the work of his, although his captain has not doubted in adding to the &#8216;rajada&#8217; to the referee of the party.<\/p>  <h2>Arrasate Was not the only of Osasuna in &#8216;disapprove&#8217; to the referee<\/h2>  <p>The defence David Garc\u00eda also followed the line that the first goal of the Barcelona group did not have to go up to the marker because it was preceded of &#8220;a very clear fault&#8221; in the start of the played. <strong>&#8220;We have seen it all. The quantity of faults that pitan like this and in the first part all have pitado in favour of the Bar\u00e7a. It is very evident, clear fault for me.<\/strong> Whenever suceden this type of faults decant for the same. I do not want to be populist, but think that today has been evident&#8221;, protested after the meeting.<\/p>  <p>The captain of Osasuna ensured also that his team deserved more. &#8220;We have done a first very good part in which practically we have not conceded occasions. <strong>Those that have had have been two very clear. In the global computation have deserved more, but has not been able to be&#8221;, wanted to clear Garc\u00eda,<\/strong> the one who spoke few minutes after the party and did not hide his inconformidad with the decisions of the referee.<\/p>  <p>&nbsp;<\/p> ","protected":false},"excerpt":{"rendered":"<p>Bar\u00e7a ended up beating Osasuna on Thursday, but the Navarrese side did not hide their dissatisfaction with the result, especially as they felt wronged by the refereeing &#8220;We feel us prejudiced, because the criterion has been very different during all the party&#8221;, thought Jacoba Arrasate once finished the FC Barcelona-CA Osasuna of this Thursday by [&hellip;]<\/p>\n","protected":false},"author":345,"featured_media":88297,"comment_status":"closed","ping_status":"open","sticky":false,"template":"","format":"standard","meta":{"_acf_changed":false,"inline_featured_image":false,"_nextfly_llmd_date_locked":false,"footnotes":""},"categories":[128,445],"tags":[190,95,48],"class_list":["post-88290","post","type-post","status-publish","format-standard","has-post-thumbnail","hentry","category-spanish-super-cup","category-spanish-super-cup-2","tag-referees","tag-rfef","tag-xavi-hernandez"],"acf":[],"yoast_head":"<!-- This site is optimized with the Yoast SEO plugin v27.3 - https:\/\/yoast.com\/product\/yoast-seo-wordpress\/ -->\n<title>Red &#039;cracked&#039;! Arrasate and David Garc\u00eda, furious with the refereeing of the Bar\u00e7a-Osasuna match<\/title>\n<meta name=\"description\" content=\"Bar\u00e7a ended up beating Osasuna on Thursday, but the Navarrese side did not hide their dissatisfaction with the result, especially as they felt wronged by the refereeing\" \/>\n<meta name=\"robots\" content=\"index, follow, max-snippet:-1, max-image-preview:large, max-video-preview:-1\" \/>\n<link rel=\"canonical\" href=\"https:\/\/www.fcbarcelonanoticias.com\/en\/supercopa-of-spain\/red-cracked-arrasate-and-david-garcia-furious-with-the-refereeing-of-the-barca-osasuna_299823_102.html\" \/>\n<meta property=\"og:locale\" content=\"en_US\" \/>\n<meta property=\"og:type\" content=\"article\" \/>\n<meta property=\"og:title\" content=\"Red &#039;cracked&#039;! Arrasate and David Garc\u00eda, furious with the refereeing of the Bar\u00e7a-Osasuna match\" \/>\n<meta property=\"og:description\" content=\"Bar\u00e7a ended up beating Osasuna on Thursday, but the Navarrese side did not hide their dissatisfaction with the result, especially as they felt wronged by the refereeing\" \/>\n<meta property=\"og:url\" content=\"https:\/\/www.fcbarcelonanoticias.com\/en\/supercopa-of-spain\/red-cracked-arrasate-and-david-garcia-furious-with-the-refereeing-of-the-barca-osasuna_299823_102.html\" \/>\n<meta property=\"og:site_name\" content=\"EN - FC Barcelona Noticias\" \/>\n<meta property=\"article:published_time\" content=\"2024-01-12T00:00:00+00:00\" \/>\n<meta property=\"og:image\" content=\"https:\/\/www.fcbarcelonanoticias.com\/en\/wp-content\/uploads\/sites\/2\/2024\/01\/jacoba-arrasate-supercopa.jpeg\" \/>\n\t<meta property=\"og:image:width\" content=\"1300\" \/>\n\t<meta property=\"og:image:height\" content=\"738\" \/>\n\t<meta property=\"og:image:type\" content=\"image\/jpeg\" \/>\n<meta name=\"author\" content=\"Carlos Montenegro\" \/>\n<meta name=\"twitter:card\" content=\"summary_large_image\" \/>\n<meta name=\"twitter:label1\" content=\"Written by\" \/>\n\t<meta name=\"twitter:data1\" content=\"Carlos Montenegro\" \/>\n\t<meta name=\"twitter:label2\" content=\"Est. reading time\" \/>\n\t<meta name=\"twitter:data2\" content=\"2 minutes\" \/>\n<script type=\"application\/ld+json\" class=\"yoast-schema-graph\">{\"@context\":\"https:\\\/\\\/schema.org\",\"@graph\":[{\"@type\":\"Article\",\"@id\":\"https:\\\/\\\/www.fcbarcelonanoticias.com\\\/en\\\/supercopa-of-spain\\\/red-cracked-arrasate-and-david-garcia-furious-with-the-refereeing-of-the-barca-osasuna_299823_102.html#article\",\"isPartOf\":{\"@id\":\"https:\\\/\\\/www.fcbarcelonanoticias.com\\\/en\\\/supercopa-of-spain\\\/red-cracked-arrasate-and-david-garcia-furious-with-the-refereeing-of-the-barca-osasuna_299823_102.html\"},\"author\":{\"name\":\"Carlos Montenegro\",\"@id\":\"https:\\\/\\\/www.fcbarcelonanoticias.com\\\/en\\\/#\\\/schema\\\/person\\\/aa1d038709c262cb247e240f6b39bbf5\"},\"headline\":\"Red &#8216;cracked&#8217;! Arrasate and David Garc\u00eda, furious with the refereeing of the Bar\u00e7a-Osasuna match\",\"datePublished\":\"2024-01-12T00:00:00+00:00\",\"mainEntityOfPage\":{\"@id\":\"https:\\\/\\\/www.fcbarcelonanoticias.com\\\/en\\\/supercopa-of-spain\\\/red-cracked-arrasate-and-david-garcia-furious-with-the-refereeing-of-the-barca-osasuna_299823_102.html\"},\"wordCount\":467,\"image\":{\"@id\":\"https:\\\/\\\/www.fcbarcelonanoticias.com\\\/en\\\/supercopa-of-spain\\\/red-cracked-arrasate-and-david-garcia-furious-with-the-refereeing-of-the-barca-osasuna_299823_102.html#primaryimage\"},\"thumbnailUrl\":\"https:\\\/\\\/www.fcbarcelonanoticias.com\\\/en\\\/wp-content\\\/uploads\\\/sites\\\/2\\\/2024\\\/01\\\/jacoba-arrasate-supercopa.jpeg\",\"keywords\":[\"Referees\",\"RFEF\",\"Xavi Hern\u00e1ndez\"],\"articleSection\":[\"Spanish Super Cup\",\"Spanish Super Cup\"],\"inLanguage\":\"en-US\"},{\"@type\":\"WebPage\",\"@id\":\"https:\\\/\\\/www.fcbarcelonanoticias.com\\\/en\\\/supercopa-of-spain\\\/red-cracked-arrasate-and-david-garcia-furious-with-the-refereeing-of-the-barca-osasuna_299823_102.html\",\"url\":\"https:\\\/\\\/www.fcbarcelonanoticias.com\\\/en\\\/supercopa-of-spain\\\/red-cracked-arrasate-and-david-garcia-furious-with-the-refereeing-of-the-barca-osasuna_299823_102.html\",\"name\":\"Red 'cracked'! Arrasate and David Garc\u00eda, furious with the refereeing of the Bar\u00e7a-Osasuna match\",\"isPartOf\":{\"@id\":\"https:\\\/\\\/www.fcbarcelonanoticias.com\\\/en\\\/#website\"},\"primaryImageOfPage\":{\"@id\":\"https:\\\/\\\/www.fcbarcelonanoticias.com\\\/en\\\/supercopa-of-spain\\\/red-cracked-arrasate-and-david-garcia-furious-with-the-refereeing-of-the-barca-osasuna_299823_102.html#primaryimage\"},\"image\":{\"@id\":\"https:\\\/\\\/www.fcbarcelonanoticias.com\\\/en\\\/supercopa-of-spain\\\/red-cracked-arrasate-and-david-garcia-furious-with-the-refereeing-of-the-barca-osasuna_299823_102.html#primaryimage\"},\"thumbnailUrl\":\"https:\\\/\\\/www.fcbarcelonanoticias.com\\\/en\\\/wp-content\\\/uploads\\\/sites\\\/2\\\/2024\\\/01\\\/jacoba-arrasate-supercopa.jpeg\",\"datePublished\":\"2024-01-12T00:00:00+00:00\",\"author\":{\"@id\":\"https:\\\/\\\/www.fcbarcelonanoticias.com\\\/en\\\/#\\\/schema\\\/person\\\/aa1d038709c262cb247e240f6b39bbf5\"},\"description\":\"Bar\u00e7a ended up beating Osasuna on Thursday, but the Navarrese side did not hide their dissatisfaction with the result, especially as they felt wronged by the refereeing\",\"breadcrumb\":{\"@id\":\"https:\\\/\\\/www.fcbarcelonanoticias.com\\\/en\\\/supercopa-of-spain\\\/red-cracked-arrasate-and-david-garcia-furious-with-the-refereeing-of-the-barca-osasuna_299823_102.html#breadcrumb\"},\"inLanguage\":\"en-US\",\"potentialAction\":[{\"@type\":\"ReadAction\",\"target\":[\"https:\\\/\\\/www.fcbarcelonanoticias.com\\\/en\\\/supercopa-of-spain\\\/red-cracked-arrasate-and-david-garcia-furious-with-the-refereeing-of-the-barca-osasuna_299823_102.html\"]}]},{\"@type\":\"ImageObject\",\"inLanguage\":\"en-US\",\"@id\":\"https:\\\/\\\/www.fcbarcelonanoticias.com\\\/en\\\/supercopa-of-spain\\\/red-cracked-arrasate-and-david-garcia-furious-with-the-refereeing-of-the-barca-osasuna_299823_102.html#primaryimage\",\"url\":\"https:\\\/\\\/www.fcbarcelonanoticias.com\\\/en\\\/wp-content\\\/uploads\\\/sites\\\/2\\\/2024\\\/01\\\/jacoba-arrasate-supercopa.jpeg\",\"contentUrl\":\"https:\\\/\\\/www.fcbarcelonanoticias.com\\\/en\\\/wp-content\\\/uploads\\\/sites\\\/2\\\/2024\\\/01\\\/jacoba-arrasate-supercopa.jpeg\",\"width\":1300,\"height\":738},{\"@type\":\"BreadcrumbList\",\"@id\":\"https:\\\/\\\/www.fcbarcelonanoticias.com\\\/en\\\/supercopa-of-spain\\\/red-cracked-arrasate-and-david-garcia-furious-with-the-refereeing-of-the-barca-osasuna_299823_102.html#breadcrumb\",\"itemListElement\":[{\"@type\":\"ListItem\",\"position\":1,\"name\":\"Portada\",\"item\":\"https:\\\/\\\/www.fcbarcelonanoticias.com\\\/en\\\/\"},{\"@type\":\"ListItem\",\"position\":2,\"name\":\"Red &#8216;cracked&#8217;! Arrasate and David Garc\u00eda, furious with the refereeing of the Bar\u00e7a-Osasuna match\"}]},{\"@type\":\"WebSite\",\"@id\":\"https:\\\/\\\/www.fcbarcelonanoticias.com\\\/en\\\/#website\",\"url\":\"https:\\\/\\\/www.fcbarcelonanoticias.com\\\/en\\\/\",\"name\":\"EN - FC Barcelona Noticias\",\"description\":\"\",\"potentialAction\":[{\"@type\":\"SearchAction\",\"target\":{\"@type\":\"EntryPoint\",\"urlTemplate\":\"https:\\\/\\\/www.fcbarcelonanoticias.com\\\/en\\\/?s={search_term_string}\"},\"query-input\":{\"@type\":\"PropertyValueSpecification\",\"valueRequired\":true,\"valueName\":\"search_term_string\"}}],\"inLanguage\":\"en-US\"},{\"@type\":\"Person\",\"@id\":\"https:\\\/\\\/www.fcbarcelonanoticias.com\\\/en\\\/#\\\/schema\\\/person\\\/aa1d038709c262cb247e240f6b39bbf5\",\"name\":\"Carlos Montenegro\",\"image\":{\"@type\":\"ImageObject\",\"inLanguage\":\"en-US\",\"@id\":\"https:\\\/\\\/secure.gravatar.com\\\/avatar\\\/?s=96&d=mm&r=g\",\"url\":\"https:\\\/\\\/secure.gravatar.com\\\/avatar\\\/?s=96&d=mm&r=g\",\"contentUrl\":\"https:\\\/\\\/secure.gravatar.com\\\/avatar\\\/?s=96&d=mm&r=g\",\"caption\":\"Carlos Montenegro\"},\"url\":\"https:\\\/\\\/www.fcbarcelonanoticias.com\\\/en\\\/carlos-montenegro_20_115.html\"}]}<\/script>\n<!-- \/ Yoast SEO plugin. -->","yoast_head_json":{"title":"Red 'cracked'! Arrasate and David Garc\u00eda, furious with the refereeing of the Bar\u00e7a-Osasuna match","description":"Bar\u00e7a ended up beating Osasuna on Thursday, but the Navarrese side did not hide their dissatisfaction with the result, especially as they felt wronged by the refereeing","robots":{"index":"index","follow":"follow","max-snippet":"max-snippet:-1","max-image-preview":"max-image-preview:large","max-video-preview":"max-video-preview:-1"},"canonical":"https:\/\/www.fcbarcelonanoticias.com\/en\/supercopa-of-spain\/red-cracked-arrasate-and-david-garcia-furious-with-the-refereeing-of-the-barca-osasuna_299823_102.html","og_locale":"en_US","og_type":"article","og_title":"Red 'cracked'! Arrasate and David Garc\u00eda, furious with the refereeing of the Bar\u00e7a-Osasuna match","og_description":"Bar\u00e7a ended up beating Osasuna on Thursday, but the Navarrese side did not hide their dissatisfaction with the result, especially as they felt wronged by the refereeing","og_url":"https:\/\/www.fcbarcelonanoticias.com\/en\/supercopa-of-spain\/red-cracked-arrasate-and-david-garcia-furious-with-the-refereeing-of-the-barca-osasuna_299823_102.html","og_site_name":"EN - FC Barcelona Noticias","article_published_time":"2024-01-12T00:00:00+00:00","og_image":[{"width":1300,"height":738,"url":"https:\/\/www.fcbarcelonanoticias.com\/en\/wp-content\/uploads\/sites\/2\/2024\/01\/jacoba-arrasate-supercopa.jpeg","type":"image\/jpeg"}],"author":"Carlos Montenegro","twitter_card":"summary_large_image","twitter_misc":{"Written by":"Carlos Montenegro","Est. reading time":"2 minutes"},"schema":{"@context":"https:\/\/schema.org","@graph":[{"@type":"Article","@id":"https:\/\/www.fcbarcelonanoticias.com\/en\/supercopa-of-spain\/red-cracked-arrasate-and-david-garcia-furious-with-the-refereeing-of-the-barca-osasuna_299823_102.html#article","isPartOf":{"@id":"https:\/\/www.fcbarcelonanoticias.com\/en\/supercopa-of-spain\/red-cracked-arrasate-and-david-garcia-furious-with-the-refereeing-of-the-barca-osasuna_299823_102.html"},"author":{"name":"Carlos Montenegro","@id":"https:\/\/www.fcbarcelonanoticias.com\/en\/#\/schema\/person\/aa1d038709c262cb247e240f6b39bbf5"},"headline":"Red &#8216;cracked&#8217;! Arrasate and David Garc\u00eda, furious with the refereeing of the Bar\u00e7a-Osasuna match","datePublished":"2024-01-12T00:00:00+00:00","mainEntityOfPage":{"@id":"https:\/\/www.fcbarcelonanoticias.com\/en\/supercopa-of-spain\/red-cracked-arrasate-and-david-garcia-furious-with-the-refereeing-of-the-barca-osasuna_299823_102.html"},"wordCount":467,"image":{"@id":"https:\/\/www.fcbarcelonanoticias.com\/en\/supercopa-of-spain\/red-cracked-arrasate-and-david-garcia-furious-with-the-refereeing-of-the-barca-osasuna_299823_102.html#primaryimage"},"thumbnailUrl":"https:\/\/www.fcbarcelonanoticias.com\/en\/wp-content\/uploads\/sites\/2\/2024\/01\/jacoba-arrasate-supercopa.jpeg","keywords":["Referees","RFEF","Xavi Hern\u00e1ndez"],"articleSection":["Spanish Super Cup","Spanish Super Cup"],"inLanguage":"en-US"},{"@type":"WebPage","@id":"https:\/\/www.fcbarcelonanoticias.com\/en\/supercopa-of-spain\/red-cracked-arrasate-and-david-garcia-furious-with-the-refereeing-of-the-barca-osasuna_299823_102.html","url":"https:\/\/www.fcbarcelonanoticias.com\/en\/supercopa-of-spain\/red-cracked-arrasate-and-david-garcia-furious-with-the-refereeing-of-the-barca-osasuna_299823_102.html","name":"Red 'cracked'! Arrasate and David Garc\u00eda, furious with the refereeing of the Bar\u00e7a-Osasuna match","isPartOf":{"@id":"https:\/\/www.fcbarcelonanoticias.com\/en\/#website"},"primaryImageOfPage":{"@id":"https:\/\/www.fcbarcelonanoticias.com\/en\/supercopa-of-spain\/red-cracked-arrasate-and-david-garcia-furious-with-the-refereeing-of-the-barca-osasuna_299823_102.html#primaryimage"},"image":{"@id":"https:\/\/www.fcbarcelonanoticias.com\/en\/supercopa-of-spain\/red-cracked-arrasate-and-david-garcia-furious-with-the-refereeing-of-the-barca-osasuna_299823_102.html#primaryimage"},"thumbnailUrl":"https:\/\/www.fcbarcelonanoticias.com\/en\/wp-content\/uploads\/sites\/2\/2024\/01\/jacoba-arrasate-supercopa.jpeg","datePublished":"2024-01-12T00:00:00+00:00","author":{"@id":"https:\/\/www.fcbarcelonanoticias.com\/en\/#\/schema\/person\/aa1d038709c262cb247e240f6b39bbf5"},"description":"Bar\u00e7a ended up beating Osasuna on Thursday, but the Navarrese side did not hide their dissatisfaction with the result, especially as they felt wronged by the refereeing","breadcrumb":{"@id":"https:\/\/www.fcbarcelonanoticias.com\/en\/supercopa-of-spain\/red-cracked-arrasate-and-david-garcia-furious-with-the-refereeing-of-the-barca-osasuna_299823_102.html#breadcrumb"},"inLanguage":"en-US","potentialAction":[{"@type":"ReadAction","target":["https:\/\/www.fcbarcelonanoticias.com\/en\/supercopa-of-spain\/red-cracked-arrasate-and-david-garcia-furious-with-the-refereeing-of-the-barca-osasuna_299823_102.html"]}]},{"@type":"ImageObject","inLanguage":"en-US","@id":"https:\/\/www.fcbarcelonanoticias.com\/en\/supercopa-of-spain\/red-cracked-arrasate-and-david-garcia-furious-with-the-refereeing-of-the-barca-osasuna_299823_102.html#primaryimage","url":"https:\/\/www.fcbarcelonanoticias.com\/en\/wp-content\/uploads\/sites\/2\/2024\/01\/jacoba-arrasate-supercopa.jpeg","contentUrl":"https:\/\/www.fcbarcelonanoticias.com\/en\/wp-content\/uploads\/sites\/2\/2024\/01\/jacoba-arrasate-supercopa.jpeg","width":1300,"height":738},{"@type":"BreadcrumbList","@id":"https:\/\/www.fcbarcelonanoticias.com\/en\/supercopa-of-spain\/red-cracked-arrasate-and-david-garcia-furious-with-the-refereeing-of-the-barca-osasuna_299823_102.html#breadcrumb","itemListElement":[{"@type":"ListItem","position":1,"name":"Portada","item":"https:\/\/www.fcbarcelonanoticias.com\/en\/"},{"@type":"ListItem","position":2,"name":"Red &#8216;cracked&#8217;! Arrasate and David Garc\u00eda, furious with the refereeing of the Bar\u00e7a-Osasuna match"}]},{"@type":"WebSite","@id":"https:\/\/www.fcbarcelonanoticias.com\/en\/#website","url":"https:\/\/www.fcbarcelonanoticias.com\/en\/","name":"EN - FC Barcelona Noticias","description":"","potentialAction":[{"@type":"SearchAction","target":{"@type":"EntryPoint","urlTemplate":"https:\/\/www.fcbarcelonanoticias.com\/en\/?s={search_term_string}"},"query-input":{"@type":"PropertyValueSpecification","valueRequired":true,"valueName":"search_term_string"}}],"inLanguage":"en-US"},{"@type":"Person","@id":"https:\/\/www.fcbarcelonanoticias.com\/en\/#\/schema\/person\/aa1d038709c262cb247e240f6b39bbf5","name":"Carlos Montenegro","image":{"@type":"ImageObject","inLanguage":"en-US","@id":"https:\/\/secure.gravatar.com\/avatar\/?s=96&d=mm&r=g","url":"https:\/\/secure.gravatar.com\/avatar\/?s=96&d=mm&r=g","contentUrl":"https:\/\/secure.gravatar.com\/avatar\/?s=96&d=mm&r=g","caption":"Carlos Montenegro"},"url":"https:\/\/www.fcbarcelonanoticias.com\/en\/carlos-montenegro_20_115.html"}]}},"_links":{"self":[{"href":"https:\/\/www.fcbarcelonanoticias.com\/en\/wp-json\/wp\/v2\/posts\/88290","targetHints":{"allow":["GET"]}}],"collection":[{"href":"https:\/\/www.fcbarcelonanoticias.com\/en\/wp-json\/wp\/v2\/posts"}],"about":[{"href":"https:\/\/www.fcbarcelonanoticias.com\/en\/wp-json\/wp\/v2\/types\/post"}],"author":[{"embeddable":true,"href":"https:\/\/www.fcbarcelonanoticias.com\/en\/wp-json\/wp\/v2\/users\/345"}],"replies":[{"embeddable":true,"href":"https:\/\/www.fcbarcelonanoticias.com\/en\/wp-json\/wp\/v2\/comments?post=88290"}],"version-history":[{"count":2,"href":"https:\/\/www.fcbarcelonanoticias.com\/en\/wp-json\/wp\/v2\/posts\/88290\/revisions"}],"predecessor-version":[{"id":88292,"href":"https:\/\/www.fcbarcelonanoticias.com\/en\/wp-json\/wp\/v2\/posts\/88290\/revisions\/88292"}],"wp:featuredmedia":[{"embeddable":true,"href":"https:\/\/www.fcbarcelonanoticias.com\/en\/wp-json\/wp\/v2\/media\/88297"}],"wp:attachment":[{"href":"https:\/\/www.fcbarcelonanoticias.com\/en\/wp-json\/wp\/v2\/media?parent=88290"}],"wp:term":[{"taxonomy":"category","embeddable":true,"href":"https:\/\/www.fcbarcelonanoticias.com\/en\/wp-json\/wp\/v2\/categories?post=88290"},{"taxonomy":"post_tag","embeddable":true,"href":"https:\/\/www.fcbarcelonanoticias.com\/en\/wp-json\/wp\/v2\/tags?post=88290"}],"curies":[{"name":"wp","href":"https:\/\/api.w.org\/{rel}","templated":true}]}}