{"id":88294,"date":"2022-06-20T16:57:00","date_gmt":"2022-06-20T14:57:00","guid":{"rendered":"https:\/\/weisetech.dev\/fc-barcelona-noticias\/en\/an-ex-of-the-barca-wet-with-gavi-and-lewandowski_281431_102\/"},"modified":"2022-06-20T17:46:00","modified_gmt":"2022-06-20T15:46:00","slug":"an-ex-of-the-barca-wet-with-gavi-and-lewandowski_281431_102","status":"publish","type":"post","link":"https:\/\/www.fcbarcelonanoticias.com\/en\/transfers\/an-ex-of-the-barca-wet-with-gavi-and-lewandowski_281431_102.html","title":{"rendered":"An ex of the Bar\u00e7a gets &#8216;wet&#8217; with Gavi and Lewandowski"},"content":{"rendered":"<h2 class=\"wp-block-heading\">Gavi&#8217;s season with FC Barcelona has not gone unnoticed at any time. Coach \u00d3scar Garc\u00eda, man of the house, talks about the midfielder as a reality in the Bar\u00e7a squad<\/h2>  \r\n<div class=\"article-addons\">\r\n    <a href=\"https:\/\/www.fcbarcelonanoticias.com\/en\/calendar-fc-barcelona.html\"\r\n       target=\"_self\"\r\n       title=\"Calendar of FC Barcelona\"\r\n       class=\"blue-gredient-btn\">\r\n       \r\n        Calendar of FC Barcelona    <\/a>\r\n<\/div>   <p>The technical \u00d3scar Garc\u00eda follows with a lot of attention, in spite of the distance, what occurs in <a data-external=\"0\" data-intl-links-en=\"https:\/\/www.fcbarcelonanoticias.com\/en\/fc-barcelona\" data-intl-links-es=\"https:\/\/www.fcbarcelonanoticias.com\/fc-barcelona\" href=\"https:\/\/www.fcbarcelonanoticias.com\/en\/football-soccer\/fc-barcelona.html\" rel=\"follow\" target=\"_self\" title=\"FC Barcelona\">the FC Barcelona<\/a>. The group cul\u00e9, <strong>as it explains Garc\u00eda, will go out of this complicated situation that crosses and has clear where it is necessary to look to find solutions.<\/strong><\/p>  <p>In a recent interview with &#8216;Sport&#8217; the trainer explained his vision on which would be the best road to find solutions, <strong>in addition to highlighting the quality of several players in the current Barcelona staff. <a data-external=\"0\" data-intl-links-en=\"https:\/\/www.fcbarcelonanoticias.com\/en\/tags\/robert-lewandowski\" data-intl-links-es=\"https:\/\/www.fcbarcelonanoticias.com\/tags\/robert-lewandowski\" href=\"https:\/\/www.fcbarcelonanoticias.com\/en\/player\/robert-lewandowski.html\" rel=\"follow\" target=\"_self\" title=\"Robert Lewandowski\">Lewandowski<\/a>, the big wish of Xavi, also was in the queries to the m\u00edster that did almost all his life in the Catalan entity. <\/strong><\/p>  <p>On Gavi, Garc\u00eda has been cutting: &#8220;A player that is to title in the Bar\u00e7a and in the Spanish selection is a reality, and besides to Gavi him intuye the sufficient character for this in spite of his age, but obviously is necessary to accompany this process with the logical calm&#8221;, highlighted. Likewise it explained that <strong>&#8220;when bets by players like this of youngsters have to be prepared also for when they cross moments no so good, keep the confidence and help to the player to be followed growing&#8221;.<\/strong><\/p>  <p>On the actuality of the institution, the technician has left a very clear posture: <strong>&#8220;Complicated by all the economic problems, as far as read, but the Bar\u00e7a is a grand\u00edsimo club, only, and am safe that will find the way to surpass these difficulties and follow competing to the level that corresponds him&#8221;.<\/strong><\/p>  <h3>Option &#8216;Lewa&#8217;<\/h3>  <p>&#8220;Players of this level add in any project, but the Bar\u00e7a has more tools to go out forward&#8221;. Sentence Garc\u00eda. <strong>&#8220;There is good players in the staff and several canteranos throwing the door, a trainer that knows the house and the football with which identifies the club\u2026 do not think that depend on an alone signing&#8221;,<\/strong> is the analysis of the trainer, very apegado to the &#8216;DNA&#8217; cul\u00e9.<\/p> ","protected":false},"excerpt":{"rendered":"<p>Gavi&#8217;s season with FC Barcelona has not gone unnoticed at any time. Coach \u00d3scar Garc\u00eda, man of the house, talks about the midfielder as a reality in the Bar\u00e7a squad The technical \u00d3scar Garc\u00eda follows with a lot of attention, in spite of the distance, what occurs in the FC Barcelona. The group cul\u00e9, as [&hellip;]<\/p>\n","protected":false},"author":391,"featured_media":88307,"comment_status":"closed","ping_status":"open","sticky":false,"template":"","format":"standard","meta":{"_acf_changed":false,"inline_featured_image":false,"_nextfly_llmd_date_locked":false,"footnotes":""},"categories":[106,449],"tags":[],"class_list":["post-88294","post","type-post","status-publish","format-standard","has-post-thumbnail","hentry","category-transfers","category-transfers-2"],"acf":[],"yoast_head":"<!-- This site is optimized with the Yoast SEO plugin v27.3 - https:\/\/yoast.com\/product\/yoast-seo-wordpress\/ -->\n<title>An ex of the Bar\u00e7a &#039;wet&#039; with Gavi and Lewandowski<\/title>\n<meta name=\"description\" content=\"The season of Gavi with the FC Barcelona has not happened unobserved in any moment. The technical \u00d3scar Garc\u00eda, man of the house, speech on the mediocampis...\" \/>\n<meta name=\"robots\" content=\"index, follow, max-snippet:-1, max-image-preview:large, max-video-preview:-1\" \/>\n<link rel=\"canonical\" href=\"https:\/\/www.fcbarcelonanoticias.com\/en\/transfers\/an-ex-of-the-barca-wet-with-gavi-and-lewandowski_281431_102.html\" \/>\n<meta property=\"og:locale\" content=\"en_US\" \/>\n<meta property=\"og:type\" content=\"article\" \/>\n<meta property=\"og:title\" content=\"An ex of the Bar\u00e7a &#039;wet&#039; with Gavi and Lewandowski\" \/>\n<meta property=\"og:description\" content=\"The season of Gavi with the FC Barcelona has not happened unobserved in any moment. The technical \u00d3scar Garc\u00eda, man of the house, speech on the mediocampis...\" \/>\n<meta property=\"og:url\" content=\"https:\/\/www.fcbarcelonanoticias.com\/en\/transfers\/an-ex-of-the-barca-wet-with-gavi-and-lewandowski_281431_102.html\" \/>\n<meta property=\"og:site_name\" content=\"EN - FC Barcelona Noticias\" \/>\n<meta property=\"article:published_time\" content=\"2022-06-20T14:57:00+00:00\" \/>\n<meta property=\"article:modified_time\" content=\"2022-06-20T15:46:00+00:00\" \/>\n<meta property=\"og:image\" content=\"https:\/\/www.fcbarcelonanoticias.com\/en\/wp-content\/uploads\/sites\/2\/2022\/06\/gavi-en-un-duelo-con-octavio-durante-el-espan-a-vs-portugal.jpeg\" \/>\n\t<meta property=\"og:image:width\" content=\"1200\" \/>\n\t<meta property=\"og:image:height\" content=\"675\" \/>\n\t<meta property=\"og:image:type\" content=\"image\/jpeg\" \/>\n<meta name=\"author\" content=\"user_4047\" \/>\n<meta name=\"twitter:card\" content=\"summary_large_image\" \/>\n<meta name=\"twitter:label1\" content=\"Written by\" \/>\n\t<meta name=\"twitter:data1\" content=\"user_4047\" \/>\n\t<meta name=\"twitter:label2\" content=\"Est. reading time\" \/>\n\t<meta name=\"twitter:data2\" content=\"2 minutes\" \/>\n<script type=\"application\/ld+json\" class=\"yoast-schema-graph\">{\"@context\":\"https:\\\/\\\/schema.org\",\"@graph\":[{\"@type\":\"Article\",\"@id\":\"https:\\\/\\\/www.fcbarcelonanoticias.com\\\/en\\\/transfers\\\/an-ex-of-the-barca-wet-with-gavi-and-lewandowski_281431_102.html#article\",\"isPartOf\":{\"@id\":\"https:\\\/\\\/www.fcbarcelonanoticias.com\\\/en\\\/transfers\\\/an-ex-of-the-barca-wet-with-gavi-and-lewandowski_281431_102.html\"},\"author\":{\"name\":\"user_4047\",\"@id\":\"https:\\\/\\\/www.fcbarcelonanoticias.com\\\/en\\\/#\\\/schema\\\/person\\\/11b0290c4a189d9189a42eebb154b6e8\"},\"headline\":\"An ex of the Bar\u00e7a gets &#8216;wet&#8217; with Gavi and Lewandowski\",\"datePublished\":\"2022-06-20T14:57:00+00:00\",\"dateModified\":\"2022-06-20T15:46:00+00:00\",\"mainEntityOfPage\":{\"@id\":\"https:\\\/\\\/www.fcbarcelonanoticias.com\\\/en\\\/transfers\\\/an-ex-of-the-barca-wet-with-gavi-and-lewandowski_281431_102.html\"},\"wordCount\":374,\"image\":{\"@id\":\"https:\\\/\\\/www.fcbarcelonanoticias.com\\\/en\\\/transfers\\\/an-ex-of-the-barca-wet-with-gavi-and-lewandowski_281431_102.html#primaryimage\"},\"thumbnailUrl\":\"https:\\\/\\\/www.fcbarcelonanoticias.com\\\/en\\\/wp-content\\\/uploads\\\/sites\\\/2\\\/2022\\\/06\\\/gavi-en-un-duelo-con-octavio-durante-el-espan-a-vs-portugal.jpeg\",\"articleSection\":[\"Transfers\",\"Transfers\"],\"inLanguage\":\"en-US\"},{\"@type\":\"WebPage\",\"@id\":\"https:\\\/\\\/www.fcbarcelonanoticias.com\\\/en\\\/transfers\\\/an-ex-of-the-barca-wet-with-gavi-and-lewandowski_281431_102.html\",\"url\":\"https:\\\/\\\/www.fcbarcelonanoticias.com\\\/en\\\/transfers\\\/an-ex-of-the-barca-wet-with-gavi-and-lewandowski_281431_102.html\",\"name\":\"An ex of the Bar\u00e7a 'wet' with Gavi and Lewandowski\",\"isPartOf\":{\"@id\":\"https:\\\/\\\/www.fcbarcelonanoticias.com\\\/en\\\/#website\"},\"primaryImageOfPage\":{\"@id\":\"https:\\\/\\\/www.fcbarcelonanoticias.com\\\/en\\\/transfers\\\/an-ex-of-the-barca-wet-with-gavi-and-lewandowski_281431_102.html#primaryimage\"},\"image\":{\"@id\":\"https:\\\/\\\/www.fcbarcelonanoticias.com\\\/en\\\/transfers\\\/an-ex-of-the-barca-wet-with-gavi-and-lewandowski_281431_102.html#primaryimage\"},\"thumbnailUrl\":\"https:\\\/\\\/www.fcbarcelonanoticias.com\\\/en\\\/wp-content\\\/uploads\\\/sites\\\/2\\\/2022\\\/06\\\/gavi-en-un-duelo-con-octavio-durante-el-espan-a-vs-portugal.jpeg\",\"datePublished\":\"2022-06-20T14:57:00+00:00\",\"dateModified\":\"2022-06-20T15:46:00+00:00\",\"author\":{\"@id\":\"https:\\\/\\\/www.fcbarcelonanoticias.com\\\/en\\\/#\\\/schema\\\/person\\\/11b0290c4a189d9189a42eebb154b6e8\"},\"description\":\"The season of Gavi with the FC Barcelona has not happened unobserved in any moment. The technical \u00d3scar Garc\u00eda, man of the house, speech on the mediocampis...\",\"breadcrumb\":{\"@id\":\"https:\\\/\\\/www.fcbarcelonanoticias.com\\\/en\\\/transfers\\\/an-ex-of-the-barca-wet-with-gavi-and-lewandowski_281431_102.html#breadcrumb\"},\"inLanguage\":\"en-US\",\"potentialAction\":[{\"@type\":\"ReadAction\",\"target\":[\"https:\\\/\\\/www.fcbarcelonanoticias.com\\\/en\\\/transfers\\\/an-ex-of-the-barca-wet-with-gavi-and-lewandowski_281431_102.html\"]}]},{\"@type\":\"ImageObject\",\"inLanguage\":\"en-US\",\"@id\":\"https:\\\/\\\/www.fcbarcelonanoticias.com\\\/en\\\/transfers\\\/an-ex-of-the-barca-wet-with-gavi-and-lewandowski_281431_102.html#primaryimage\",\"url\":\"https:\\\/\\\/www.fcbarcelonanoticias.com\\\/en\\\/wp-content\\\/uploads\\\/sites\\\/2\\\/2022\\\/06\\\/gavi-en-un-duelo-con-octavio-durante-el-espan-a-vs-portugal.jpeg\",\"contentUrl\":\"https:\\\/\\\/www.fcbarcelonanoticias.com\\\/en\\\/wp-content\\\/uploads\\\/sites\\\/2\\\/2022\\\/06\\\/gavi-en-un-duelo-con-octavio-durante-el-espan-a-vs-portugal.jpeg\",\"width\":1200,\"height\":675},{\"@type\":\"BreadcrumbList\",\"@id\":\"https:\\\/\\\/www.fcbarcelonanoticias.com\\\/en\\\/transfers\\\/an-ex-of-the-barca-wet-with-gavi-and-lewandowski_281431_102.html#breadcrumb\",\"itemListElement\":[{\"@type\":\"ListItem\",\"position\":1,\"name\":\"Portada\",\"item\":\"https:\\\/\\\/www.fcbarcelonanoticias.com\\\/en\\\/\"},{\"@type\":\"ListItem\",\"position\":2,\"name\":\"An ex of the Bar\u00e7a gets &#8216;wet&#8217; with Gavi and Lewandowski\"}]},{\"@type\":\"WebSite\",\"@id\":\"https:\\\/\\\/www.fcbarcelonanoticias.com\\\/en\\\/#website\",\"url\":\"https:\\\/\\\/www.fcbarcelonanoticias.com\\\/en\\\/\",\"name\":\"EN - FC Barcelona Noticias\",\"description\":\"\",\"potentialAction\":[{\"@type\":\"SearchAction\",\"target\":{\"@type\":\"EntryPoint\",\"urlTemplate\":\"https:\\\/\\\/www.fcbarcelonanoticias.com\\\/en\\\/?s={search_term_string}\"},\"query-input\":{\"@type\":\"PropertyValueSpecification\",\"valueRequired\":true,\"valueName\":\"search_term_string\"}}],\"inLanguage\":\"en-US\"},{\"@type\":\"Person\",\"@id\":\"https:\\\/\\\/www.fcbarcelonanoticias.com\\\/en\\\/#\\\/schema\\\/person\\\/11b0290c4a189d9189a42eebb154b6e8\",\"name\":\"user_4047\",\"image\":{\"@type\":\"ImageObject\",\"inLanguage\":\"en-US\",\"@id\":\"https:\\\/\\\/secure.gravatar.com\\\/avatar\\\/?s=96&d=mm&r=g\",\"url\":\"https:\\\/\\\/secure.gravatar.com\\\/avatar\\\/?s=96&d=mm&r=g\",\"contentUrl\":\"https:\\\/\\\/secure.gravatar.com\\\/avatar\\\/?s=96&d=mm&r=g\",\"caption\":\"user_4047\"},\"url\":\"https:\\\/\\\/www.fcbarcelonanoticias.com\\\/en\\\/user_4047.html\"}]}<\/script>\n<!-- \/ Yoast SEO plugin. -->","yoast_head_json":{"title":"An ex of the Bar\u00e7a 'wet' with Gavi and Lewandowski","description":"The season of Gavi with the FC Barcelona has not happened unobserved in any moment. The technical \u00d3scar Garc\u00eda, man of the house, speech on the mediocampis...","robots":{"index":"index","follow":"follow","max-snippet":"max-snippet:-1","max-image-preview":"max-image-preview:large","max-video-preview":"max-video-preview:-1"},"canonical":"https:\/\/www.fcbarcelonanoticias.com\/en\/transfers\/an-ex-of-the-barca-wet-with-gavi-and-lewandowski_281431_102.html","og_locale":"en_US","og_type":"article","og_title":"An ex of the Bar\u00e7a 'wet' with Gavi and Lewandowski","og_description":"The season of Gavi with the FC Barcelona has not happened unobserved in any moment. The technical \u00d3scar Garc\u00eda, man of the house, speech on the mediocampis...","og_url":"https:\/\/www.fcbarcelonanoticias.com\/en\/transfers\/an-ex-of-the-barca-wet-with-gavi-and-lewandowski_281431_102.html","og_site_name":"EN - FC Barcelona Noticias","article_published_time":"2022-06-20T14:57:00+00:00","article_modified_time":"2022-06-20T15:46:00+00:00","og_image":[{"width":1200,"height":675,"url":"https:\/\/www.fcbarcelonanoticias.com\/en\/wp-content\/uploads\/sites\/2\/2022\/06\/gavi-en-un-duelo-con-octavio-durante-el-espan-a-vs-portugal.jpeg","type":"image\/jpeg"}],"author":"user_4047","twitter_card":"summary_large_image","twitter_misc":{"Written by":"user_4047","Est. reading time":"2 minutes"},"schema":{"@context":"https:\/\/schema.org","@graph":[{"@type":"Article","@id":"https:\/\/www.fcbarcelonanoticias.com\/en\/transfers\/an-ex-of-the-barca-wet-with-gavi-and-lewandowski_281431_102.html#article","isPartOf":{"@id":"https:\/\/www.fcbarcelonanoticias.com\/en\/transfers\/an-ex-of-the-barca-wet-with-gavi-and-lewandowski_281431_102.html"},"author":{"name":"user_4047","@id":"https:\/\/www.fcbarcelonanoticias.com\/en\/#\/schema\/person\/11b0290c4a189d9189a42eebb154b6e8"},"headline":"An ex of the Bar\u00e7a gets &#8216;wet&#8217; with Gavi and Lewandowski","datePublished":"2022-06-20T14:57:00+00:00","dateModified":"2022-06-20T15:46:00+00:00","mainEntityOfPage":{"@id":"https:\/\/www.fcbarcelonanoticias.com\/en\/transfers\/an-ex-of-the-barca-wet-with-gavi-and-lewandowski_281431_102.html"},"wordCount":374,"image":{"@id":"https:\/\/www.fcbarcelonanoticias.com\/en\/transfers\/an-ex-of-the-barca-wet-with-gavi-and-lewandowski_281431_102.html#primaryimage"},"thumbnailUrl":"https:\/\/www.fcbarcelonanoticias.com\/en\/wp-content\/uploads\/sites\/2\/2022\/06\/gavi-en-un-duelo-con-octavio-durante-el-espan-a-vs-portugal.jpeg","articleSection":["Transfers","Transfers"],"inLanguage":"en-US"},{"@type":"WebPage","@id":"https:\/\/www.fcbarcelonanoticias.com\/en\/transfers\/an-ex-of-the-barca-wet-with-gavi-and-lewandowski_281431_102.html","url":"https:\/\/www.fcbarcelonanoticias.com\/en\/transfers\/an-ex-of-the-barca-wet-with-gavi-and-lewandowski_281431_102.html","name":"An ex of the Bar\u00e7a 'wet' with Gavi and Lewandowski","isPartOf":{"@id":"https:\/\/www.fcbarcelonanoticias.com\/en\/#website"},"primaryImageOfPage":{"@id":"https:\/\/www.fcbarcelonanoticias.com\/en\/transfers\/an-ex-of-the-barca-wet-with-gavi-and-lewandowski_281431_102.html#primaryimage"},"image":{"@id":"https:\/\/www.fcbarcelonanoticias.com\/en\/transfers\/an-ex-of-the-barca-wet-with-gavi-and-lewandowski_281431_102.html#primaryimage"},"thumbnailUrl":"https:\/\/www.fcbarcelonanoticias.com\/en\/wp-content\/uploads\/sites\/2\/2022\/06\/gavi-en-un-duelo-con-octavio-durante-el-espan-a-vs-portugal.jpeg","datePublished":"2022-06-20T14:57:00+00:00","dateModified":"2022-06-20T15:46:00+00:00","author":{"@id":"https:\/\/www.fcbarcelonanoticias.com\/en\/#\/schema\/person\/11b0290c4a189d9189a42eebb154b6e8"},"description":"The season of Gavi with the FC Barcelona has not happened unobserved in any moment. The technical \u00d3scar Garc\u00eda, man of the house, speech on the mediocampis...","breadcrumb":{"@id":"https:\/\/www.fcbarcelonanoticias.com\/en\/transfers\/an-ex-of-the-barca-wet-with-gavi-and-lewandowski_281431_102.html#breadcrumb"},"inLanguage":"en-US","potentialAction":[{"@type":"ReadAction","target":["https:\/\/www.fcbarcelonanoticias.com\/en\/transfers\/an-ex-of-the-barca-wet-with-gavi-and-lewandowski_281431_102.html"]}]},{"@type":"ImageObject","inLanguage":"en-US","@id":"https:\/\/www.fcbarcelonanoticias.com\/en\/transfers\/an-ex-of-the-barca-wet-with-gavi-and-lewandowski_281431_102.html#primaryimage","url":"https:\/\/www.fcbarcelonanoticias.com\/en\/wp-content\/uploads\/sites\/2\/2022\/06\/gavi-en-un-duelo-con-octavio-durante-el-espan-a-vs-portugal.jpeg","contentUrl":"https:\/\/www.fcbarcelonanoticias.com\/en\/wp-content\/uploads\/sites\/2\/2022\/06\/gavi-en-un-duelo-con-octavio-durante-el-espan-a-vs-portugal.jpeg","width":1200,"height":675},{"@type":"BreadcrumbList","@id":"https:\/\/www.fcbarcelonanoticias.com\/en\/transfers\/an-ex-of-the-barca-wet-with-gavi-and-lewandowski_281431_102.html#breadcrumb","itemListElement":[{"@type":"ListItem","position":1,"name":"Portada","item":"https:\/\/www.fcbarcelonanoticias.com\/en\/"},{"@type":"ListItem","position":2,"name":"An ex of the Bar\u00e7a gets &#8216;wet&#8217; with Gavi and Lewandowski"}]},{"@type":"WebSite","@id":"https:\/\/www.fcbarcelonanoticias.com\/en\/#website","url":"https:\/\/www.fcbarcelonanoticias.com\/en\/","name":"EN - FC Barcelona Noticias","description":"","potentialAction":[{"@type":"SearchAction","target":{"@type":"EntryPoint","urlTemplate":"https:\/\/www.fcbarcelonanoticias.com\/en\/?s={search_term_string}"},"query-input":{"@type":"PropertyValueSpecification","valueRequired":true,"valueName":"search_term_string"}}],"inLanguage":"en-US"},{"@type":"Person","@id":"https:\/\/www.fcbarcelonanoticias.com\/en\/#\/schema\/person\/11b0290c4a189d9189a42eebb154b6e8","name":"user_4047","image":{"@type":"ImageObject","inLanguage":"en-US","@id":"https:\/\/secure.gravatar.com\/avatar\/?s=96&d=mm&r=g","url":"https:\/\/secure.gravatar.com\/avatar\/?s=96&d=mm&r=g","contentUrl":"https:\/\/secure.gravatar.com\/avatar\/?s=96&d=mm&r=g","caption":"user_4047"},"url":"https:\/\/www.fcbarcelonanoticias.com\/en\/user_4047.html"}]}},"_links":{"self":[{"href":"https:\/\/www.fcbarcelonanoticias.com\/en\/wp-json\/wp\/v2\/posts\/88294","targetHints":{"allow":["GET"]}}],"collection":[{"href":"https:\/\/www.fcbarcelonanoticias.com\/en\/wp-json\/wp\/v2\/posts"}],"about":[{"href":"https:\/\/www.fcbarcelonanoticias.com\/en\/wp-json\/wp\/v2\/types\/post"}],"author":[{"embeddable":true,"href":"https:\/\/www.fcbarcelonanoticias.com\/en\/wp-json\/wp\/v2\/users\/391"}],"replies":[{"embeddable":true,"href":"https:\/\/www.fcbarcelonanoticias.com\/en\/wp-json\/wp\/v2\/comments?post=88294"}],"version-history":[{"count":1,"href":"https:\/\/www.fcbarcelonanoticias.com\/en\/wp-json\/wp\/v2\/posts\/88294\/revisions"}],"predecessor-version":[{"id":92337,"href":"https:\/\/www.fcbarcelonanoticias.com\/en\/wp-json\/wp\/v2\/posts\/88294\/revisions\/92337"}],"wp:featuredmedia":[{"embeddable":true,"href":"https:\/\/www.fcbarcelonanoticias.com\/en\/wp-json\/wp\/v2\/media\/88307"}],"wp:attachment":[{"href":"https:\/\/www.fcbarcelonanoticias.com\/en\/wp-json\/wp\/v2\/media?parent=88294"}],"wp:term":[{"taxonomy":"category","embeddable":true,"href":"https:\/\/www.fcbarcelonanoticias.com\/en\/wp-json\/wp\/v2\/categories?post=88294"},{"taxonomy":"post_tag","embeddable":true,"href":"https:\/\/www.fcbarcelonanoticias.com\/en\/wp-json\/wp\/v2\/tags?post=88294"}],"curies":[{"name":"wp","href":"https:\/\/api.w.org\/{rel}","templated":true}]}}