{"id":88359,"date":"2024-01-12T07:38:00","date_gmt":"2024-01-12T06:38:00","guid":{"rendered":"https:\/\/weisetech.dev\/fc-barcelona-noticias\/en\/vitor-roque-was-left-without-debuting-in-his-first-spanish-super-cup_299825_102\/"},"modified":"2024-01-12T08:12:00","modified_gmt":"2024-01-12T07:12:00","slug":"vitor-roque-was-left-without-debuting-in-his-first-spanish-super-cup_299825_102","status":"publish","type":"post","link":"https:\/\/www.fcbarcelonanoticias.com\/en\/supercopa-of-spain\/vitor-roque-was-left-without-debuting-in-his-first-spanish-super-cup_299825_102.html","title":{"rendered":"Vitor Roque was left without debuting in his first Spanish Super Cup"},"content":{"rendered":"<h2 class=\"wp-block-heading\">Vitor Roque was the most notable absence for FC Barcelona in the semifinal against Osasuna. Lewandowski&#8217;s goal and the tight result until injury time gave Xavi reasons to leave the &#8216;9&#8217; until the end, leaving the Brazilian without playing<\/h2>  \r\n<div class=\"article-addons\">\r\n    <a href=\"https:\/\/www.fcbarcelonanoticias.com\/en\/calendar-fc-barcelona.html\"\r\n       target=\"_self\"\r\n       title=\"Calendar of FC Barcelona\"\r\n       class=\"blue-gredient-btn\">\r\n       \r\n        Calendar of FC Barcelona    <\/a>\r\n<\/div>   <p><strong>Vitor Roque Saw from the bench the pass of the FC Barcelona to his second final of Supercopa of consecutive Spain<\/strong>. After arriving and win the one of the past year, the cul\u00e9s won to Osasuna and will try to go back to conquer the one of this 2024. The Brazilian forward, that could not debut in this tournament against the &#8216;rojillos&#8217;, sure that expects to have minutes in front of the Real Madrid in the Classical of this Sunday.<\/p>  <p>After playing so much against The Palms as in front of the Barbastro, everything seemed to indicate that the ex of the Athletico Paranaense went to get dressed of short also in front of the navarros this Thursday. However, the party was in such a way that Xavi Hern\u00e1ndez did not find the moment id\u00f3neno to take out him to the terrain of game. <strong>The m\u00edster opted for using only two windows of changes, leaving one without doing having still two available replacements<\/strong>.<\/p>  <p>Lamine Yamal was the first in going in to the field by <strong><a data-external=\"0\" data-intl-links-en=\"https:\/\/www.fcbarcelonanoticias.com\/en\/supercopa-of-spain\/the-drama-continues-at-barca-raphinha-injured-before-the-break-against-osasuna_299811_102.html\" data-intl-links-es=\"https:\/\/www.fcbarcelonanoticias.com\/supercopa-de-espana\/sigue-drama-en-barca-raphinha-lesionado-antes-descanso-contra-osasuna_299811_102.html\" href=\"https:\/\/www.fcbarcelonanoticias.com\/en\/supercopa-of-spain\/the-drama-continues-at-barca-raphinha-injured-before-the-break-against-osasuna_299811_102.html\" rel=\"follow\" target=\"_self\" title=\"\u00a1Sigue el drama en el Bar\u00e7a! Raphinha, lesionado antes del descanso contra Osasuna\">the injury of Raphinha<\/a><\/strong>, and later, already in the second part, were Pedri and Joao F\u00e9lix those that went out by Sergi Roberto and Ferran Torres, respectively. The normal had been to see go in to Roque sometime by Robert Lewandowski, but <strong><a data-external=\"0\" data-intl-links-en=\"https:\/\/www.fcbarcelonanoticias.com\/en\/supercopa-of-spain\/lewandowski-returned-to-be-decisive-when-barca-needed-him-most_299812_102.html\" data-intl-links-es=\"https:\/\/www.fcbarcelonanoticias.com\/supercopa-de-espana\/lewandowski-volvio-ser-decisivo-cuando-barca-mas-necesitaba_299812_102.html\" href=\"https:\/\/www.fcbarcelonanoticias.com\/en\/supercopa-of-spain\/lewandowski-returned-to-be-decisive-when-barca-needed-him-most_299812_102.html\" rel=\"follow\" target=\"_self\" title=\"Lewandowski 'volvi\u00f3' para ser decisivo cuando el Bar\u00e7a m\u00e1s le necesitaba\">the goal of the Pole<\/a> shortly before the changes of the Spanish and the Portuguese changed it everything<\/strong>.<\/p>  <h2>Vitor Roque Did not have luck and will have to expect<\/h2>  <p>With the 1-0, the FC Barcelona advanced and Xavi decided to hold to the eleven players that were in the lawn to the end. With a so adjusted result until happened the minute 90, when it marked Lamine,<strong> taking into account that Lewy had marked, the normal was to keep in the lawn to the of Warsaw the rest of the crash<\/strong>. Vitor, therefore, did not have &#8216;luck&#8217; and will have to expect until the Sunday to debut in the Supercopa and, who knows, also to premi\u00e8re like goleador with the Bar\u00e7a<\/p> ","protected":false},"excerpt":{"rendered":"<p>Vitor Roque was the most notable absence for FC Barcelona in the semifinal against Osasuna. Lewandowski&#8217;s goal and the tight result until injury time gave Xavi reasons to leave the &#8216;9&#8217; until the end, leaving the Brazilian without playing Vitor Roque Saw from the bench the pass of the FC Barcelona to his second final [&hellip;]<\/p>\n","protected":false},"author":359,"featured_media":88366,"comment_status":"closed","ping_status":"open","sticky":false,"template":"","format":"standard","meta":{"_acf_changed":false,"inline_featured_image":false,"_nextfly_llmd_date_locked":false,"footnotes":""},"categories":[128,445],"tags":[327,48],"class_list":["post-88359","post","type-post","status-publish","format-standard","has-post-thumbnail","hentry","category-spanish-super-cup","category-spanish-super-cup-2","tag-vitor-roque","tag-xavi-hernandez"],"acf":[],"yoast_head":"<!-- This site is optimized with the Yoast SEO plugin v27.3 - https:\/\/yoast.com\/product\/yoast-seo-wordpress\/ -->\n<title>Vitor Roque was left without debuting in his first Spanish Super Cup<\/title>\n<meta name=\"description\" content=\"Vitor Roque Was the most stood out absence in the FC Barcelona in the semifinal against Osasuna. The goal of Lewandowski and the so adjusted result until the discount gave reasons to Xavi to leave to the &#039;9&#039; to the end, leaving to the Brazilian without playing\" \/>\n<meta name=\"robots\" content=\"index, follow, max-snippet:-1, max-image-preview:large, max-video-preview:-1\" \/>\n<link rel=\"canonical\" href=\"https:\/\/www.fcbarcelonanoticias.com\/en\/supercopa-of-spain\/vitor-roque-was-left-without-debuting-in-his-first-spanish-super-cup_299825_102.html\" \/>\n<meta property=\"og:locale\" content=\"en_US\" \/>\n<meta property=\"og:type\" content=\"article\" \/>\n<meta property=\"og:title\" content=\"Vitor Roque was left without debuting in his first Spanish Super Cup\" \/>\n<meta property=\"og:description\" content=\"Vitor Roque Was the most stood out absence in the FC Barcelona in the semifinal against Osasuna. The goal of Lewandowski and the so adjusted result until the discount gave reasons to Xavi to leave to the &#039;9&#039; to the end, leaving to the Brazilian without playing\" \/>\n<meta property=\"og:url\" content=\"https:\/\/www.fcbarcelonanoticias.com\/en\/supercopa-of-spain\/vitor-roque-was-left-without-debuting-in-his-first-spanish-super-cup_299825_102.html\" \/>\n<meta property=\"og:site_name\" content=\"EN - FC Barcelona Noticias\" \/>\n<meta property=\"article:published_time\" content=\"2024-01-12T06:38:00+00:00\" \/>\n<meta property=\"article:modified_time\" content=\"2024-01-12T07:12:00+00:00\" \/>\n<meta property=\"og:image\" content=\"https:\/\/www.fcbarcelonanoticias.com\/en\/wp-content\/uploads\/sites\/2\/2024\/01\/vitor-roque-supercopa-1.jpeg\" \/>\n\t<meta property=\"og:image:width\" content=\"1300\" \/>\n\t<meta property=\"og:image:height\" content=\"732\" \/>\n\t<meta property=\"og:image:type\" content=\"image\/jpeg\" \/>\n<meta name=\"author\" content=\"Eduardo Mart\u00edn Santos\" \/>\n<meta name=\"twitter:card\" content=\"summary_large_image\" \/>\n<meta name=\"twitter:label1\" content=\"Written by\" \/>\n\t<meta name=\"twitter:data1\" content=\"Eduardo Mart\u00edn Santos\" \/>\n\t<meta name=\"twitter:label2\" content=\"Est. reading time\" \/>\n\t<meta name=\"twitter:data2\" content=\"2 minutes\" \/>\n<script type=\"application\/ld+json\" class=\"yoast-schema-graph\">{\"@context\":\"https:\\\/\\\/schema.org\",\"@graph\":[{\"@type\":\"Article\",\"@id\":\"https:\\\/\\\/www.fcbarcelonanoticias.com\\\/en\\\/supercopa-of-spain\\\/vitor-roque-was-left-without-debuting-in-his-first-spanish-super-cup_299825_102.html#article\",\"isPartOf\":{\"@id\":\"https:\\\/\\\/www.fcbarcelonanoticias.com\\\/en\\\/supercopa-of-spain\\\/vitor-roque-was-left-without-debuting-in-his-first-spanish-super-cup_299825_102.html\"},\"author\":{\"name\":\"Eduardo Mart\u00edn Santos\",\"@id\":\"https:\\\/\\\/www.fcbarcelonanoticias.com\\\/en\\\/#\\\/schema\\\/person\\\/4bdbc782ba6060d3f7005b61e97fb753\"},\"headline\":\"Vitor Roque was left without debuting in his first Spanish Super Cup\",\"datePublished\":\"2024-01-12T06:38:00+00:00\",\"dateModified\":\"2024-01-12T07:12:00+00:00\",\"mainEntityOfPage\":{\"@id\":\"https:\\\/\\\/www.fcbarcelonanoticias.com\\\/en\\\/supercopa-of-spain\\\/vitor-roque-was-left-without-debuting-in-his-first-spanish-super-cup_299825_102.html\"},\"wordCount\":394,\"image\":{\"@id\":\"https:\\\/\\\/www.fcbarcelonanoticias.com\\\/en\\\/supercopa-of-spain\\\/vitor-roque-was-left-without-debuting-in-his-first-spanish-super-cup_299825_102.html#primaryimage\"},\"thumbnailUrl\":\"https:\\\/\\\/www.fcbarcelonanoticias.com\\\/en\\\/wp-content\\\/uploads\\\/sites\\\/2\\\/2024\\\/01\\\/vitor-roque-supercopa-1.jpeg\",\"keywords\":[\"Vitor Roque\",\"Xavi Hern\u00e1ndez\"],\"articleSection\":[\"Spanish Super Cup\",\"Spanish Super Cup\"],\"inLanguage\":\"en-US\"},{\"@type\":\"WebPage\",\"@id\":\"https:\\\/\\\/www.fcbarcelonanoticias.com\\\/en\\\/supercopa-of-spain\\\/vitor-roque-was-left-without-debuting-in-his-first-spanish-super-cup_299825_102.html\",\"url\":\"https:\\\/\\\/www.fcbarcelonanoticias.com\\\/en\\\/supercopa-of-spain\\\/vitor-roque-was-left-without-debuting-in-his-first-spanish-super-cup_299825_102.html\",\"name\":\"Vitor Roque was left without debuting in his first Spanish Super Cup\",\"isPartOf\":{\"@id\":\"https:\\\/\\\/www.fcbarcelonanoticias.com\\\/en\\\/#website\"},\"primaryImageOfPage\":{\"@id\":\"https:\\\/\\\/www.fcbarcelonanoticias.com\\\/en\\\/supercopa-of-spain\\\/vitor-roque-was-left-without-debuting-in-his-first-spanish-super-cup_299825_102.html#primaryimage\"},\"image\":{\"@id\":\"https:\\\/\\\/www.fcbarcelonanoticias.com\\\/en\\\/supercopa-of-spain\\\/vitor-roque-was-left-without-debuting-in-his-first-spanish-super-cup_299825_102.html#primaryimage\"},\"thumbnailUrl\":\"https:\\\/\\\/www.fcbarcelonanoticias.com\\\/en\\\/wp-content\\\/uploads\\\/sites\\\/2\\\/2024\\\/01\\\/vitor-roque-supercopa-1.jpeg\",\"datePublished\":\"2024-01-12T06:38:00+00:00\",\"dateModified\":\"2024-01-12T07:12:00+00:00\",\"author\":{\"@id\":\"https:\\\/\\\/www.fcbarcelonanoticias.com\\\/en\\\/#\\\/schema\\\/person\\\/4bdbc782ba6060d3f7005b61e97fb753\"},\"description\":\"Vitor Roque Was the most stood out absence in the FC Barcelona in the semifinal against Osasuna. The goal of Lewandowski and the so adjusted result until the discount gave reasons to Xavi to leave to the '9' to the end, leaving to the Brazilian without playing\",\"breadcrumb\":{\"@id\":\"https:\\\/\\\/www.fcbarcelonanoticias.com\\\/en\\\/supercopa-of-spain\\\/vitor-roque-was-left-without-debuting-in-his-first-spanish-super-cup_299825_102.html#breadcrumb\"},\"inLanguage\":\"en-US\",\"potentialAction\":[{\"@type\":\"ReadAction\",\"target\":[\"https:\\\/\\\/www.fcbarcelonanoticias.com\\\/en\\\/supercopa-of-spain\\\/vitor-roque-was-left-without-debuting-in-his-first-spanish-super-cup_299825_102.html\"]}]},{\"@type\":\"ImageObject\",\"inLanguage\":\"en-US\",\"@id\":\"https:\\\/\\\/www.fcbarcelonanoticias.com\\\/en\\\/supercopa-of-spain\\\/vitor-roque-was-left-without-debuting-in-his-first-spanish-super-cup_299825_102.html#primaryimage\",\"url\":\"https:\\\/\\\/www.fcbarcelonanoticias.com\\\/en\\\/wp-content\\\/uploads\\\/sites\\\/2\\\/2024\\\/01\\\/vitor-roque-supercopa-1.jpeg\",\"contentUrl\":\"https:\\\/\\\/www.fcbarcelonanoticias.com\\\/en\\\/wp-content\\\/uploads\\\/sites\\\/2\\\/2024\\\/01\\\/vitor-roque-supercopa-1.jpeg\",\"width\":1300,\"height\":732},{\"@type\":\"BreadcrumbList\",\"@id\":\"https:\\\/\\\/www.fcbarcelonanoticias.com\\\/en\\\/supercopa-of-spain\\\/vitor-roque-was-left-without-debuting-in-his-first-spanish-super-cup_299825_102.html#breadcrumb\",\"itemListElement\":[{\"@type\":\"ListItem\",\"position\":1,\"name\":\"Portada\",\"item\":\"https:\\\/\\\/www.fcbarcelonanoticias.com\\\/en\\\/\"},{\"@type\":\"ListItem\",\"position\":2,\"name\":\"Vitor Roque was left without debuting in his first Spanish Super Cup\"}]},{\"@type\":\"WebSite\",\"@id\":\"https:\\\/\\\/www.fcbarcelonanoticias.com\\\/en\\\/#website\",\"url\":\"https:\\\/\\\/www.fcbarcelonanoticias.com\\\/en\\\/\",\"name\":\"EN - FC Barcelona Noticias\",\"description\":\"\",\"potentialAction\":[{\"@type\":\"SearchAction\",\"target\":{\"@type\":\"EntryPoint\",\"urlTemplate\":\"https:\\\/\\\/www.fcbarcelonanoticias.com\\\/en\\\/?s={search_term_string}\"},\"query-input\":{\"@type\":\"PropertyValueSpecification\",\"valueRequired\":true,\"valueName\":\"search_term_string\"}}],\"inLanguage\":\"en-US\"},{\"@type\":\"Person\",\"@id\":\"https:\\\/\\\/www.fcbarcelonanoticias.com\\\/en\\\/#\\\/schema\\\/person\\\/4bdbc782ba6060d3f7005b61e97fb753\",\"name\":\"Eduardo Mart\u00edn Santos\",\"image\":{\"@type\":\"ImageObject\",\"inLanguage\":\"en-US\",\"@id\":\"https:\\\/\\\/secure.gravatar.com\\\/avatar\\\/?s=96&d=mm&r=g\",\"url\":\"https:\\\/\\\/secure.gravatar.com\\\/avatar\\\/?s=96&d=mm&r=g\",\"contentUrl\":\"https:\\\/\\\/secure.gravatar.com\\\/avatar\\\/?s=96&d=mm&r=g\",\"caption\":\"Eduardo Mart\u00edn Santos\"},\"url\":\"https:\\\/\\\/www.fcbarcelonanoticias.com\\\/en\\\/eduardo-martin_3_115.html\"}]}<\/script>\n<!-- \/ Yoast SEO plugin. -->","yoast_head_json":{"title":"Vitor Roque was left without debuting in his first Spanish Super Cup","description":"Vitor Roque Was the most stood out absence in the FC Barcelona in the semifinal against Osasuna. The goal of Lewandowski and the so adjusted result until the discount gave reasons to Xavi to leave to the '9' to the end, leaving to the Brazilian without playing","robots":{"index":"index","follow":"follow","max-snippet":"max-snippet:-1","max-image-preview":"max-image-preview:large","max-video-preview":"max-video-preview:-1"},"canonical":"https:\/\/www.fcbarcelonanoticias.com\/en\/supercopa-of-spain\/vitor-roque-was-left-without-debuting-in-his-first-spanish-super-cup_299825_102.html","og_locale":"en_US","og_type":"article","og_title":"Vitor Roque was left without debuting in his first Spanish Super Cup","og_description":"Vitor Roque Was the most stood out absence in the FC Barcelona in the semifinal against Osasuna. The goal of Lewandowski and the so adjusted result until the discount gave reasons to Xavi to leave to the '9' to the end, leaving to the Brazilian without playing","og_url":"https:\/\/www.fcbarcelonanoticias.com\/en\/supercopa-of-spain\/vitor-roque-was-left-without-debuting-in-his-first-spanish-super-cup_299825_102.html","og_site_name":"EN - FC Barcelona Noticias","article_published_time":"2024-01-12T06:38:00+00:00","article_modified_time":"2024-01-12T07:12:00+00:00","og_image":[{"width":1300,"height":732,"url":"https:\/\/www.fcbarcelonanoticias.com\/en\/wp-content\/uploads\/sites\/2\/2024\/01\/vitor-roque-supercopa-1.jpeg","type":"image\/jpeg"}],"author":"Eduardo Mart\u00edn Santos","twitter_card":"summary_large_image","twitter_misc":{"Written by":"Eduardo Mart\u00edn Santos","Est. reading time":"2 minutes"},"schema":{"@context":"https:\/\/schema.org","@graph":[{"@type":"Article","@id":"https:\/\/www.fcbarcelonanoticias.com\/en\/supercopa-of-spain\/vitor-roque-was-left-without-debuting-in-his-first-spanish-super-cup_299825_102.html#article","isPartOf":{"@id":"https:\/\/www.fcbarcelonanoticias.com\/en\/supercopa-of-spain\/vitor-roque-was-left-without-debuting-in-his-first-spanish-super-cup_299825_102.html"},"author":{"name":"Eduardo Mart\u00edn Santos","@id":"https:\/\/www.fcbarcelonanoticias.com\/en\/#\/schema\/person\/4bdbc782ba6060d3f7005b61e97fb753"},"headline":"Vitor Roque was left without debuting in his first Spanish Super Cup","datePublished":"2024-01-12T06:38:00+00:00","dateModified":"2024-01-12T07:12:00+00:00","mainEntityOfPage":{"@id":"https:\/\/www.fcbarcelonanoticias.com\/en\/supercopa-of-spain\/vitor-roque-was-left-without-debuting-in-his-first-spanish-super-cup_299825_102.html"},"wordCount":394,"image":{"@id":"https:\/\/www.fcbarcelonanoticias.com\/en\/supercopa-of-spain\/vitor-roque-was-left-without-debuting-in-his-first-spanish-super-cup_299825_102.html#primaryimage"},"thumbnailUrl":"https:\/\/www.fcbarcelonanoticias.com\/en\/wp-content\/uploads\/sites\/2\/2024\/01\/vitor-roque-supercopa-1.jpeg","keywords":["Vitor Roque","Xavi Hern\u00e1ndez"],"articleSection":["Spanish Super Cup","Spanish Super Cup"],"inLanguage":"en-US"},{"@type":"WebPage","@id":"https:\/\/www.fcbarcelonanoticias.com\/en\/supercopa-of-spain\/vitor-roque-was-left-without-debuting-in-his-first-spanish-super-cup_299825_102.html","url":"https:\/\/www.fcbarcelonanoticias.com\/en\/supercopa-of-spain\/vitor-roque-was-left-without-debuting-in-his-first-spanish-super-cup_299825_102.html","name":"Vitor Roque was left without debuting in his first Spanish Super Cup","isPartOf":{"@id":"https:\/\/www.fcbarcelonanoticias.com\/en\/#website"},"primaryImageOfPage":{"@id":"https:\/\/www.fcbarcelonanoticias.com\/en\/supercopa-of-spain\/vitor-roque-was-left-without-debuting-in-his-first-spanish-super-cup_299825_102.html#primaryimage"},"image":{"@id":"https:\/\/www.fcbarcelonanoticias.com\/en\/supercopa-of-spain\/vitor-roque-was-left-without-debuting-in-his-first-spanish-super-cup_299825_102.html#primaryimage"},"thumbnailUrl":"https:\/\/www.fcbarcelonanoticias.com\/en\/wp-content\/uploads\/sites\/2\/2024\/01\/vitor-roque-supercopa-1.jpeg","datePublished":"2024-01-12T06:38:00+00:00","dateModified":"2024-01-12T07:12:00+00:00","author":{"@id":"https:\/\/www.fcbarcelonanoticias.com\/en\/#\/schema\/person\/4bdbc782ba6060d3f7005b61e97fb753"},"description":"Vitor Roque Was the most stood out absence in the FC Barcelona in the semifinal against Osasuna. The goal of Lewandowski and the so adjusted result until the discount gave reasons to Xavi to leave to the '9' to the end, leaving to the Brazilian without playing","breadcrumb":{"@id":"https:\/\/www.fcbarcelonanoticias.com\/en\/supercopa-of-spain\/vitor-roque-was-left-without-debuting-in-his-first-spanish-super-cup_299825_102.html#breadcrumb"},"inLanguage":"en-US","potentialAction":[{"@type":"ReadAction","target":["https:\/\/www.fcbarcelonanoticias.com\/en\/supercopa-of-spain\/vitor-roque-was-left-without-debuting-in-his-first-spanish-super-cup_299825_102.html"]}]},{"@type":"ImageObject","inLanguage":"en-US","@id":"https:\/\/www.fcbarcelonanoticias.com\/en\/supercopa-of-spain\/vitor-roque-was-left-without-debuting-in-his-first-spanish-super-cup_299825_102.html#primaryimage","url":"https:\/\/www.fcbarcelonanoticias.com\/en\/wp-content\/uploads\/sites\/2\/2024\/01\/vitor-roque-supercopa-1.jpeg","contentUrl":"https:\/\/www.fcbarcelonanoticias.com\/en\/wp-content\/uploads\/sites\/2\/2024\/01\/vitor-roque-supercopa-1.jpeg","width":1300,"height":732},{"@type":"BreadcrumbList","@id":"https:\/\/www.fcbarcelonanoticias.com\/en\/supercopa-of-spain\/vitor-roque-was-left-without-debuting-in-his-first-spanish-super-cup_299825_102.html#breadcrumb","itemListElement":[{"@type":"ListItem","position":1,"name":"Portada","item":"https:\/\/www.fcbarcelonanoticias.com\/en\/"},{"@type":"ListItem","position":2,"name":"Vitor Roque was left without debuting in his first Spanish Super Cup"}]},{"@type":"WebSite","@id":"https:\/\/www.fcbarcelonanoticias.com\/en\/#website","url":"https:\/\/www.fcbarcelonanoticias.com\/en\/","name":"EN - FC Barcelona Noticias","description":"","potentialAction":[{"@type":"SearchAction","target":{"@type":"EntryPoint","urlTemplate":"https:\/\/www.fcbarcelonanoticias.com\/en\/?s={search_term_string}"},"query-input":{"@type":"PropertyValueSpecification","valueRequired":true,"valueName":"search_term_string"}}],"inLanguage":"en-US"},{"@type":"Person","@id":"https:\/\/www.fcbarcelonanoticias.com\/en\/#\/schema\/person\/4bdbc782ba6060d3f7005b61e97fb753","name":"Eduardo Mart\u00edn Santos","image":{"@type":"ImageObject","inLanguage":"en-US","@id":"https:\/\/secure.gravatar.com\/avatar\/?s=96&d=mm&r=g","url":"https:\/\/secure.gravatar.com\/avatar\/?s=96&d=mm&r=g","contentUrl":"https:\/\/secure.gravatar.com\/avatar\/?s=96&d=mm&r=g","caption":"Eduardo Mart\u00edn Santos"},"url":"https:\/\/www.fcbarcelonanoticias.com\/en\/eduardo-martin_3_115.html"}]}},"_links":{"self":[{"href":"https:\/\/www.fcbarcelonanoticias.com\/en\/wp-json\/wp\/v2\/posts\/88359","targetHints":{"allow":["GET"]}}],"collection":[{"href":"https:\/\/www.fcbarcelonanoticias.com\/en\/wp-json\/wp\/v2\/posts"}],"about":[{"href":"https:\/\/www.fcbarcelonanoticias.com\/en\/wp-json\/wp\/v2\/types\/post"}],"author":[{"embeddable":true,"href":"https:\/\/www.fcbarcelonanoticias.com\/en\/wp-json\/wp\/v2\/users\/359"}],"replies":[{"embeddable":true,"href":"https:\/\/www.fcbarcelonanoticias.com\/en\/wp-json\/wp\/v2\/comments?post=88359"}],"version-history":[{"count":2,"href":"https:\/\/www.fcbarcelonanoticias.com\/en\/wp-json\/wp\/v2\/posts\/88359\/revisions"}],"predecessor-version":[{"id":88361,"href":"https:\/\/www.fcbarcelonanoticias.com\/en\/wp-json\/wp\/v2\/posts\/88359\/revisions\/88361"}],"wp:featuredmedia":[{"embeddable":true,"href":"https:\/\/www.fcbarcelonanoticias.com\/en\/wp-json\/wp\/v2\/media\/88366"}],"wp:attachment":[{"href":"https:\/\/www.fcbarcelonanoticias.com\/en\/wp-json\/wp\/v2\/media?parent=88359"}],"wp:term":[{"taxonomy":"category","embeddable":true,"href":"https:\/\/www.fcbarcelonanoticias.com\/en\/wp-json\/wp\/v2\/categories?post=88359"},{"taxonomy":"post_tag","embeddable":true,"href":"https:\/\/www.fcbarcelonanoticias.com\/en\/wp-json\/wp\/v2\/tags?post=88359"}],"curies":[{"name":"wp","href":"https:\/\/api.w.org\/{rel}","templated":true}]}}