{"id":88422,"date":"2024-07-12T22:26:00","date_gmt":"2024-07-12T20:26:00","guid":{"rendered":"https:\/\/weisetech.dev\/fc-barcelona-noticias\/en\/monumental-rajada-of-javier-thebes-against-florentino-perez-and-the-superliga_305387_102\/"},"modified":"2024-07-12T22:26:00","modified_gmt":"2024-07-12T20:26:00","slug":"monumental-rajada-of-javier-thebes-against-florentino-perez-and-the-superliga_305387_102","status":"publish","type":"post","link":"https:\/\/www.fcbarcelonanoticias.com\/en\/superliga\/monumental-rajada-of-javier-thebes-against-florentino-perez-and-the-superliga_305387_102.html","title":{"rendered":"Monumental &#8216;rajada&#8217; by Javier Tebas against Florentino P\u00e9rez and the Super League"},"content":{"rendered":"<h2 class=\"wp-block-heading\">Javier Tebas has once again revealed the bad relationship he has with Florentino P\u00e9rez. The president of LaLiga affirmed that his counterpart from Real Madrid is &#8220;bad for football&#8221;<\/h2>  \r\n<div class=\"article-addons\">\r\n    <a href=\"https:\/\/www.fcbarcelonanoticias.com\/en\/calendar-fc-barcelona.html\"\r\n       target=\"_self\"\r\n       title=\"Calendar of FC Barcelona\"\r\n       class=\"blue-gredient-btn\">\r\n       \r\n        Calendar of FC Barcelona    <\/a>\r\n<\/div>   <p><strong>Javier Thebes and Florentino P\u00e9rez are far to keep a cordial relation<\/strong>. <a data-external=\"0\" data-intl-links-en=\"https:\/\/www.fcbarcelonanoticias.com\/en\/laliga\/tebas-and-laliga-express-their-rejection-of-the-most-recent-ruling-on-the-european-super-league_303908_102.html\" data-intl-links-es=\"https:\/\/www.fcbarcelonanoticias.com\/laliga\/javier-tebas-laliga-expresan-su-rechazo-mas-reciente-sentencia-sobre-superliga-europea_303908_102.html\" href=\"https:\/\/www.fcbarcelonanoticias.com\/en\/laliga\/tebas-and-laliga-express-their-rejection-of-the-most-recent-ruling-on-the-european-super-league_303908_102.html\" rel=\"follow\" target=\"_self\" title=\"Javier Tebas y LaLiga expresan su rechazo a la m\u00e1s reciente sentencia sobre la Superliga Europea\">Both directors &#8216;bump&#8217; constantly with the decisions and opinions of the another<\/a>, and like this leave it know every time that have the opportunity. Now, it has been the president of LaLiga the one who has &#8216;atizado&#8217; to the maximum mandator of the Real Madrid in an interview conceded to the newspaper &#8216;SPORT&#8217;, where affirmed that P\u00e9rez is &#8220;bad for the football&#8221;.<\/p>  <p>&#8220;It is not that I have a personal obstinacy, <strong>but Florentino is bad for the football; for the European football, for the clubs, for other sports and for other questions<\/strong>. 26 countries have signed against of the model of the Superliga, but Spain no. And we have seen that a party of the opposition asked what goes to do the government to defend to the clubs that want to play the Superliga. This achieve it few in the world, that govern and opposition support a model that is against the clubs&#8221;, ensured Thebes.<\/p>  <p>Likewise, the president sustained that the Superliga will be still in foot while Florentino keep in the power. &#8220;I carry a lot of years in the football. For me, the Superliga is not a format of competition, but a concept arisen in 2002 with the G14 that promoted also Florentino P\u00e9rez. <strong>While Florentino was at the top of the Real Madrid, the Superliga is not died. It is something that occupies me and concerns me<\/strong>. Because it does not treat to argue a model of competition, the grave is the gobernanza. It said it Florentino in April of 2021 and repeats it in the assemblies; that comes to save the football, &#8216;do not concern you, in solidarity already will give you something of money&#8217;, as if we were in the feudal Europe and the vassal had to go to pay the diezmos to his gentleman&#8221;, manifested.<\/p>  <h2>The paper of the Bar\u00e7a in the Superliga<\/h2>  <p>Finally, Thebes revealed the reason by which the FC Barcelona no longer defends the project with so much intensity, affirming that &#8220;<strong>everything is fruit of the big institutional crisis that suffered the club. In his speech of resignation, Bartomeu says that it has left signed the papers of the Superliga<\/strong>. Afterwards, by biso\u00f1ez or by what was, those that came afterwards, as Ferran Reverter or the own Laporta, wanted to continue and be still in a wave that is not the correct. The football of today is very different to the that Laporta knew of his first stage like president&#8221;.<\/p>  <p>&#8220;<strong>If the Bar\u00e7a was in a normal economic situation, would not be in the Superliga. But with the Bar\u00e7a have a relation say that professional<\/strong>; at least no opone to all what do, that is something that find us with the Real Madrid. For the Madrid, all what do is bad. For the Real Madrid are very bad, are a disaster&#8221;, concluded.<\/p> ","protected":false},"excerpt":{"rendered":"<p>Javier Tebas has once again revealed the bad relationship he has with Florentino P\u00e9rez. The president of LaLiga affirmed that his counterpart from Real Madrid is &#8220;bad for football&#8221; Javier Thebes and Florentino P\u00e9rez are far to keep a cordial relation. Both directors &#8216;bump&#8217; constantly with the decisions and opinions of the another, and like [&hellip;]<\/p>\n","protected":false},"author":358,"featured_media":56896,"comment_status":"closed","ping_status":"open","sticky":false,"template":"","format":"standard","meta":{"_acf_changed":false,"inline_featured_image":false,"_nextfly_llmd_date_locked":false,"footnotes":""},"categories":[450,119],"tags":[177,99],"class_list":["post-88422","post","type-post","status-publish","format-standard","has-post-thumbnail","hentry","category-real-madrid-2","category-real-madrid","tag-florentino-perez","tag-javier-thebes"],"acf":[],"yoast_head":"<!-- This site is optimized with the Yoast SEO plugin v27.3 - https:\/\/yoast.com\/product\/yoast-seo-wordpress\/ -->\n<title>Monumental &#039;rajada&#039; of Javier Thebes against Florentino P\u00e9rez and the Superliga<\/title>\n<meta name=\"description\" content=\"Javier Thebes has gone back to leave in evidence the bad relation that is supported by Florentino P\u00e9rez. The president of LaLiga affirmed that his contraparte of the Real Madrid is &quot;bad for the football&quot;\" \/>\n<meta name=\"robots\" content=\"index, follow, max-snippet:-1, max-image-preview:large, max-video-preview:-1\" \/>\n<link rel=\"canonical\" href=\"https:\/\/www.fcbarcelonanoticias.com\/en\/superliga\/monumental-rajada-of-javier-thebes-against-florentino-perez-and-the-superliga_305387_102.html\" \/>\n<meta property=\"og:locale\" content=\"en_US\" \/>\n<meta property=\"og:type\" content=\"article\" \/>\n<meta property=\"og:title\" content=\"Monumental &#039;rajada&#039; of Javier Thebes against Florentino P\u00e9rez and the Superliga\" \/>\n<meta property=\"og:description\" content=\"Javier Thebes has gone back to leave in evidence the bad relation that is supported by Florentino P\u00e9rez. The president of LaLiga affirmed that his contraparte of the Real Madrid is &quot;bad for the football&quot;\" \/>\n<meta property=\"og:url\" content=\"https:\/\/www.fcbarcelonanoticias.com\/en\/superliga\/monumental-rajada-of-javier-thebes-against-florentino-perez-and-the-superliga_305387_102.html\" \/>\n<meta property=\"og:site_name\" content=\"EN - FC Barcelona Noticias\" \/>\n<meta property=\"article:published_time\" content=\"2024-07-12T20:26:00+00:00\" \/>\n<meta property=\"og:image\" content=\"https:\/\/www.fcbarcelonanoticias.com\/en\/wp-content\/uploads\/sites\/2\/2024\/02\/tebas-florentino-laliga.jpeg\" \/>\n\t<meta property=\"og:image:width\" content=\"1300\" \/>\n\t<meta property=\"og:image:height\" content=\"741\" \/>\n\t<meta property=\"og:image:type\" content=\"image\/jpeg\" \/>\n<meta name=\"author\" content=\"Juan Pablo Berdugo\" \/>\n<meta name=\"twitter:card\" content=\"summary_large_image\" \/>\n<meta name=\"twitter:label1\" content=\"Written by\" \/>\n\t<meta name=\"twitter:data1\" content=\"Juan Pablo Berdugo\" \/>\n\t<meta name=\"twitter:label2\" content=\"Est. reading time\" \/>\n\t<meta name=\"twitter:data2\" content=\"3 minutes\" \/>\n<script type=\"application\/ld+json\" class=\"yoast-schema-graph\">{\"@context\":\"https:\\\/\\\/schema.org\",\"@graph\":[{\"@type\":\"Article\",\"@id\":\"https:\\\/\\\/www.fcbarcelonanoticias.com\\\/en\\\/superliga\\\/monumental-rajada-of-javier-thebes-against-florentino-perez-and-the-superliga_305387_102.html#article\",\"isPartOf\":{\"@id\":\"https:\\\/\\\/www.fcbarcelonanoticias.com\\\/en\\\/superliga\\\/monumental-rajada-of-javier-thebes-against-florentino-perez-and-the-superliga_305387_102.html\"},\"author\":{\"name\":\"Juan Pablo Berdugo\",\"@id\":\"https:\\\/\\\/www.fcbarcelonanoticias.com\\\/en\\\/#\\\/schema\\\/person\\\/88d756918a0a1ae9fa593b5edddd1815\"},\"headline\":\"Monumental &#8216;rajada&#8217; by Javier Tebas against Florentino P\u00e9rez and the Super League\",\"datePublished\":\"2024-07-12T20:26:00+00:00\",\"mainEntityOfPage\":{\"@id\":\"https:\\\/\\\/www.fcbarcelonanoticias.com\\\/en\\\/superliga\\\/monumental-rajada-of-javier-thebes-against-florentino-perez-and-the-superliga_305387_102.html\"},\"wordCount\":530,\"image\":{\"@id\":\"https:\\\/\\\/www.fcbarcelonanoticias.com\\\/en\\\/superliga\\\/monumental-rajada-of-javier-thebes-against-florentino-perez-and-the-superliga_305387_102.html#primaryimage\"},\"thumbnailUrl\":\"https:\\\/\\\/www.fcbarcelonanoticias.com\\\/en\\\/wp-content\\\/uploads\\\/sites\\\/2\\\/2024\\\/02\\\/tebas-florentino-laliga.jpeg\",\"keywords\":[\"Florentino P\u00e9rez\",\"Javier Thebes\"],\"articleSection\":[\"Real Madrid\",\"Real Madrid\"],\"inLanguage\":\"en-US\"},{\"@type\":\"WebPage\",\"@id\":\"https:\\\/\\\/www.fcbarcelonanoticias.com\\\/en\\\/superliga\\\/monumental-rajada-of-javier-thebes-against-florentino-perez-and-the-superliga_305387_102.html\",\"url\":\"https:\\\/\\\/www.fcbarcelonanoticias.com\\\/en\\\/superliga\\\/monumental-rajada-of-javier-thebes-against-florentino-perez-and-the-superliga_305387_102.html\",\"name\":\"Monumental 'rajada' of Javier Thebes against Florentino P\u00e9rez and the Superliga\",\"isPartOf\":{\"@id\":\"https:\\\/\\\/www.fcbarcelonanoticias.com\\\/en\\\/#website\"},\"primaryImageOfPage\":{\"@id\":\"https:\\\/\\\/www.fcbarcelonanoticias.com\\\/en\\\/superliga\\\/monumental-rajada-of-javier-thebes-against-florentino-perez-and-the-superliga_305387_102.html#primaryimage\"},\"image\":{\"@id\":\"https:\\\/\\\/www.fcbarcelonanoticias.com\\\/en\\\/superliga\\\/monumental-rajada-of-javier-thebes-against-florentino-perez-and-the-superliga_305387_102.html#primaryimage\"},\"thumbnailUrl\":\"https:\\\/\\\/www.fcbarcelonanoticias.com\\\/en\\\/wp-content\\\/uploads\\\/sites\\\/2\\\/2024\\\/02\\\/tebas-florentino-laliga.jpeg\",\"datePublished\":\"2024-07-12T20:26:00+00:00\",\"author\":{\"@id\":\"https:\\\/\\\/www.fcbarcelonanoticias.com\\\/en\\\/#\\\/schema\\\/person\\\/88d756918a0a1ae9fa593b5edddd1815\"},\"description\":\"Javier Thebes has gone back to leave in evidence the bad relation that is supported by Florentino P\u00e9rez. The president of LaLiga affirmed that his contraparte of the Real Madrid is \\\"bad for the football\\\"\",\"breadcrumb\":{\"@id\":\"https:\\\/\\\/www.fcbarcelonanoticias.com\\\/en\\\/superliga\\\/monumental-rajada-of-javier-thebes-against-florentino-perez-and-the-superliga_305387_102.html#breadcrumb\"},\"inLanguage\":\"en-US\",\"potentialAction\":[{\"@type\":\"ReadAction\",\"target\":[\"https:\\\/\\\/www.fcbarcelonanoticias.com\\\/en\\\/superliga\\\/monumental-rajada-of-javier-thebes-against-florentino-perez-and-the-superliga_305387_102.html\"]}]},{\"@type\":\"ImageObject\",\"inLanguage\":\"en-US\",\"@id\":\"https:\\\/\\\/www.fcbarcelonanoticias.com\\\/en\\\/superliga\\\/monumental-rajada-of-javier-thebes-against-florentino-perez-and-the-superliga_305387_102.html#primaryimage\",\"url\":\"https:\\\/\\\/www.fcbarcelonanoticias.com\\\/en\\\/wp-content\\\/uploads\\\/sites\\\/2\\\/2024\\\/02\\\/tebas-florentino-laliga.jpeg\",\"contentUrl\":\"https:\\\/\\\/www.fcbarcelonanoticias.com\\\/en\\\/wp-content\\\/uploads\\\/sites\\\/2\\\/2024\\\/02\\\/tebas-florentino-laliga.jpeg\",\"width\":1300,\"height\":741},{\"@type\":\"BreadcrumbList\",\"@id\":\"https:\\\/\\\/www.fcbarcelonanoticias.com\\\/en\\\/superliga\\\/monumental-rajada-of-javier-thebes-against-florentino-perez-and-the-superliga_305387_102.html#breadcrumb\",\"itemListElement\":[{\"@type\":\"ListItem\",\"position\":1,\"name\":\"Portada\",\"item\":\"https:\\\/\\\/www.fcbarcelonanoticias.com\\\/en\\\/\"},{\"@type\":\"ListItem\",\"position\":2,\"name\":\"Monumental &#8216;rajada&#8217; by Javier Tebas against Florentino P\u00e9rez and the Super League\"}]},{\"@type\":\"WebSite\",\"@id\":\"https:\\\/\\\/www.fcbarcelonanoticias.com\\\/en\\\/#website\",\"url\":\"https:\\\/\\\/www.fcbarcelonanoticias.com\\\/en\\\/\",\"name\":\"EN - FC Barcelona Noticias\",\"description\":\"\",\"potentialAction\":[{\"@type\":\"SearchAction\",\"target\":{\"@type\":\"EntryPoint\",\"urlTemplate\":\"https:\\\/\\\/www.fcbarcelonanoticias.com\\\/en\\\/?s={search_term_string}\"},\"query-input\":{\"@type\":\"PropertyValueSpecification\",\"valueRequired\":true,\"valueName\":\"search_term_string\"}}],\"inLanguage\":\"en-US\"},{\"@type\":\"Person\",\"@id\":\"https:\\\/\\\/www.fcbarcelonanoticias.com\\\/en\\\/#\\\/schema\\\/person\\\/88d756918a0a1ae9fa593b5edddd1815\",\"name\":\"Juan Pablo Berdugo\",\"image\":{\"@type\":\"ImageObject\",\"inLanguage\":\"en-US\",\"@id\":\"https:\\\/\\\/secure.gravatar.com\\\/avatar\\\/?s=96&d=mm&r=g\",\"url\":\"https:\\\/\\\/secure.gravatar.com\\\/avatar\\\/?s=96&d=mm&r=g\",\"contentUrl\":\"https:\\\/\\\/secure.gravatar.com\\\/avatar\\\/?s=96&d=mm&r=g\",\"caption\":\"Juan Pablo Berdugo\"},\"description\":\"Juan Pablo Berdugo es graduado en Periodismo. Colabora con FCBN como especialista en informaci\u00f3n del primer equipo del FC Barcelona, f\u00fatbol internacional y mercado de fichajes. Destaca por su enfoque anal\u00edtico, su rigor informativo y su capacidad para detectar tendencias emergentes en el f\u00fatbol global.\",\"url\":\"https:\\\/\\\/www.fcbarcelonanoticias.com\\\/en\\\/fc-barcelona\\\/juan-pablo-berdugo_18_115.html\"}]}<\/script>\n<!-- \/ Yoast SEO plugin. -->","yoast_head_json":{"title":"Monumental 'rajada' of Javier Thebes against Florentino P\u00e9rez and the Superliga","description":"Javier Thebes has gone back to leave in evidence the bad relation that is supported by Florentino P\u00e9rez. The president of LaLiga affirmed that his contraparte of the Real Madrid is \"bad for the football\"","robots":{"index":"index","follow":"follow","max-snippet":"max-snippet:-1","max-image-preview":"max-image-preview:large","max-video-preview":"max-video-preview:-1"},"canonical":"https:\/\/www.fcbarcelonanoticias.com\/en\/superliga\/monumental-rajada-of-javier-thebes-against-florentino-perez-and-the-superliga_305387_102.html","og_locale":"en_US","og_type":"article","og_title":"Monumental 'rajada' of Javier Thebes against Florentino P\u00e9rez and the Superliga","og_description":"Javier Thebes has gone back to leave in evidence the bad relation that is supported by Florentino P\u00e9rez. The president of LaLiga affirmed that his contraparte of the Real Madrid is \"bad for the football\"","og_url":"https:\/\/www.fcbarcelonanoticias.com\/en\/superliga\/monumental-rajada-of-javier-thebes-against-florentino-perez-and-the-superliga_305387_102.html","og_site_name":"EN - FC Barcelona Noticias","article_published_time":"2024-07-12T20:26:00+00:00","og_image":[{"width":1300,"height":741,"url":"https:\/\/www.fcbarcelonanoticias.com\/en\/wp-content\/uploads\/sites\/2\/2024\/02\/tebas-florentino-laliga.jpeg","type":"image\/jpeg"}],"author":"Juan Pablo Berdugo","twitter_card":"summary_large_image","twitter_misc":{"Written by":"Juan Pablo Berdugo","Est. reading time":"3 minutes"},"schema":{"@context":"https:\/\/schema.org","@graph":[{"@type":"Article","@id":"https:\/\/www.fcbarcelonanoticias.com\/en\/superliga\/monumental-rajada-of-javier-thebes-against-florentino-perez-and-the-superliga_305387_102.html#article","isPartOf":{"@id":"https:\/\/www.fcbarcelonanoticias.com\/en\/superliga\/monumental-rajada-of-javier-thebes-against-florentino-perez-and-the-superliga_305387_102.html"},"author":{"name":"Juan Pablo Berdugo","@id":"https:\/\/www.fcbarcelonanoticias.com\/en\/#\/schema\/person\/88d756918a0a1ae9fa593b5edddd1815"},"headline":"Monumental &#8216;rajada&#8217; by Javier Tebas against Florentino P\u00e9rez and the Super League","datePublished":"2024-07-12T20:26:00+00:00","mainEntityOfPage":{"@id":"https:\/\/www.fcbarcelonanoticias.com\/en\/superliga\/monumental-rajada-of-javier-thebes-against-florentino-perez-and-the-superliga_305387_102.html"},"wordCount":530,"image":{"@id":"https:\/\/www.fcbarcelonanoticias.com\/en\/superliga\/monumental-rajada-of-javier-thebes-against-florentino-perez-and-the-superliga_305387_102.html#primaryimage"},"thumbnailUrl":"https:\/\/www.fcbarcelonanoticias.com\/en\/wp-content\/uploads\/sites\/2\/2024\/02\/tebas-florentino-laliga.jpeg","keywords":["Florentino P\u00e9rez","Javier Thebes"],"articleSection":["Real Madrid","Real Madrid"],"inLanguage":"en-US"},{"@type":"WebPage","@id":"https:\/\/www.fcbarcelonanoticias.com\/en\/superliga\/monumental-rajada-of-javier-thebes-against-florentino-perez-and-the-superliga_305387_102.html","url":"https:\/\/www.fcbarcelonanoticias.com\/en\/superliga\/monumental-rajada-of-javier-thebes-against-florentino-perez-and-the-superliga_305387_102.html","name":"Monumental 'rajada' of Javier Thebes against Florentino P\u00e9rez and the Superliga","isPartOf":{"@id":"https:\/\/www.fcbarcelonanoticias.com\/en\/#website"},"primaryImageOfPage":{"@id":"https:\/\/www.fcbarcelonanoticias.com\/en\/superliga\/monumental-rajada-of-javier-thebes-against-florentino-perez-and-the-superliga_305387_102.html#primaryimage"},"image":{"@id":"https:\/\/www.fcbarcelonanoticias.com\/en\/superliga\/monumental-rajada-of-javier-thebes-against-florentino-perez-and-the-superliga_305387_102.html#primaryimage"},"thumbnailUrl":"https:\/\/www.fcbarcelonanoticias.com\/en\/wp-content\/uploads\/sites\/2\/2024\/02\/tebas-florentino-laliga.jpeg","datePublished":"2024-07-12T20:26:00+00:00","author":{"@id":"https:\/\/www.fcbarcelonanoticias.com\/en\/#\/schema\/person\/88d756918a0a1ae9fa593b5edddd1815"},"description":"Javier Thebes has gone back to leave in evidence the bad relation that is supported by Florentino P\u00e9rez. The president of LaLiga affirmed that his contraparte of the Real Madrid is \"bad for the football\"","breadcrumb":{"@id":"https:\/\/www.fcbarcelonanoticias.com\/en\/superliga\/monumental-rajada-of-javier-thebes-against-florentino-perez-and-the-superliga_305387_102.html#breadcrumb"},"inLanguage":"en-US","potentialAction":[{"@type":"ReadAction","target":["https:\/\/www.fcbarcelonanoticias.com\/en\/superliga\/monumental-rajada-of-javier-thebes-against-florentino-perez-and-the-superliga_305387_102.html"]}]},{"@type":"ImageObject","inLanguage":"en-US","@id":"https:\/\/www.fcbarcelonanoticias.com\/en\/superliga\/monumental-rajada-of-javier-thebes-against-florentino-perez-and-the-superliga_305387_102.html#primaryimage","url":"https:\/\/www.fcbarcelonanoticias.com\/en\/wp-content\/uploads\/sites\/2\/2024\/02\/tebas-florentino-laliga.jpeg","contentUrl":"https:\/\/www.fcbarcelonanoticias.com\/en\/wp-content\/uploads\/sites\/2\/2024\/02\/tebas-florentino-laliga.jpeg","width":1300,"height":741},{"@type":"BreadcrumbList","@id":"https:\/\/www.fcbarcelonanoticias.com\/en\/superliga\/monumental-rajada-of-javier-thebes-against-florentino-perez-and-the-superliga_305387_102.html#breadcrumb","itemListElement":[{"@type":"ListItem","position":1,"name":"Portada","item":"https:\/\/www.fcbarcelonanoticias.com\/en\/"},{"@type":"ListItem","position":2,"name":"Monumental &#8216;rajada&#8217; by Javier Tebas against Florentino P\u00e9rez and the Super League"}]},{"@type":"WebSite","@id":"https:\/\/www.fcbarcelonanoticias.com\/en\/#website","url":"https:\/\/www.fcbarcelonanoticias.com\/en\/","name":"EN - FC Barcelona Noticias","description":"","potentialAction":[{"@type":"SearchAction","target":{"@type":"EntryPoint","urlTemplate":"https:\/\/www.fcbarcelonanoticias.com\/en\/?s={search_term_string}"},"query-input":{"@type":"PropertyValueSpecification","valueRequired":true,"valueName":"search_term_string"}}],"inLanguage":"en-US"},{"@type":"Person","@id":"https:\/\/www.fcbarcelonanoticias.com\/en\/#\/schema\/person\/88d756918a0a1ae9fa593b5edddd1815","name":"Juan Pablo Berdugo","image":{"@type":"ImageObject","inLanguage":"en-US","@id":"https:\/\/secure.gravatar.com\/avatar\/?s=96&d=mm&r=g","url":"https:\/\/secure.gravatar.com\/avatar\/?s=96&d=mm&r=g","contentUrl":"https:\/\/secure.gravatar.com\/avatar\/?s=96&d=mm&r=g","caption":"Juan Pablo Berdugo"},"description":"Juan Pablo Berdugo es graduado en Periodismo. Colabora con FCBN como especialista en informaci\u00f3n del primer equipo del FC Barcelona, f\u00fatbol internacional y mercado de fichajes. Destaca por su enfoque anal\u00edtico, su rigor informativo y su capacidad para detectar tendencias emergentes en el f\u00fatbol global.","url":"https:\/\/www.fcbarcelonanoticias.com\/en\/fc-barcelona\/juan-pablo-berdugo_18_115.html"}]}},"_links":{"self":[{"href":"https:\/\/www.fcbarcelonanoticias.com\/en\/wp-json\/wp\/v2\/posts\/88422","targetHints":{"allow":["GET"]}}],"collection":[{"href":"https:\/\/www.fcbarcelonanoticias.com\/en\/wp-json\/wp\/v2\/posts"}],"about":[{"href":"https:\/\/www.fcbarcelonanoticias.com\/en\/wp-json\/wp\/v2\/types\/post"}],"author":[{"embeddable":true,"href":"https:\/\/www.fcbarcelonanoticias.com\/en\/wp-json\/wp\/v2\/users\/358"}],"replies":[{"embeddable":true,"href":"https:\/\/www.fcbarcelonanoticias.com\/en\/wp-json\/wp\/v2\/comments?post=88422"}],"version-history":[{"count":1,"href":"https:\/\/www.fcbarcelonanoticias.com\/en\/wp-json\/wp\/v2\/posts\/88422\/revisions"}],"predecessor-version":[{"id":125875,"href":"https:\/\/www.fcbarcelonanoticias.com\/en\/wp-json\/wp\/v2\/posts\/88422\/revisions\/125875"}],"wp:featuredmedia":[{"embeddable":true,"href":"https:\/\/www.fcbarcelonanoticias.com\/en\/wp-json\/wp\/v2\/media\/56896"}],"wp:attachment":[{"href":"https:\/\/www.fcbarcelonanoticias.com\/en\/wp-json\/wp\/v2\/media?parent=88422"}],"wp:term":[{"taxonomy":"category","embeddable":true,"href":"https:\/\/www.fcbarcelonanoticias.com\/en\/wp-json\/wp\/v2\/categories?post=88422"},{"taxonomy":"post_tag","embeddable":true,"href":"https:\/\/www.fcbarcelonanoticias.com\/en\/wp-json\/wp\/v2\/tags?post=88422"}],"curies":[{"name":"wp","href":"https:\/\/api.w.org\/{rel}","templated":true}]}}