{"id":88461,"date":"2025-02-04T21:12:00","date_gmt":"2025-02-04T20:12:00","guid":{"rendered":"https:\/\/weisetech.dev\/fc-barcelona-noticias\/en\/an-old-acquaintance-reappears-on-fc-barcelona-list-to-strengthen-the-right-back-position_310610_102\/"},"modified":"2025-02-05T16:54:00","modified_gmt":"2025-02-05T15:54:00","slug":"an-old-acquaintance-reappears-on-fc-barcelona-list-to-strengthen-the-right-back-position_310610_102","status":"publish","type":"post","link":"https:\/\/www.fcbarcelonanoticias.com\/en\/transfers\/an-old-acquaintance-reappears-on-fc-barcelona-list-to-strengthen-the-right-back-position_310610_102.html","title":{"rendered":"An old acquaintance reappears on FC Barcelona&#8217;s list to strengthen the right-back position"},"content":{"rendered":"<h2 class=\"wp-block-heading\">Bar\u00e7a plans to strengthen the right-back position next summer. Therefore, the cul\u00e9s have reactivated their interest in Marc Pubill, who was on the radar a few months ago<\/h2>  \r\n<div class=\"article-addons\">\r\n    <a href=\"https:\/\/www.fcbarcelonanoticias.com\/en\/calendar-fc-barcelona.html\"\r\n       target=\"_self\"\r\n       title=\"Calendar of FC Barcelona\"\r\n       class=\"blue-gredient-btn\">\r\n       \r\n        Calendar of FC Barcelona    <\/a>\r\n<\/div>   <p>The <strong>FC Barcelona<\/strong> has marked the strengthening of the right-back position as one of the major priorities of the upcoming <a data-external=\"0\" data-intl-links-en=\"https:\/\/www.fcbarcelonanoticias.com\/en\/transfers\/transfers-the-most-striking-moves-of-the-winter-market-2024-25_310602_102.html\" data-intl-links-es=\"https:\/\/www.fcbarcelonanoticias.com\/fichajes\/fichajes-traspasos-mas-llamativos-este-mercado-invernal-2024-25_310602_102.html\" href=\"https:\/\/www.fcbarcelonanoticias.com\/en\/transfers\/transfers-the-most-striking-moves-of-the-winter-market-2024-25_310602_102.html\" rel=\"follow\" target=\"_self\" title=\"Transfers: The TOP transfers of the winter market 24-25\">transfer market<\/a>. <strong>Hansi Flick<\/strong> believes that his squad needs a new player in this position, where <strong>Jules Kound\u00e9<\/strong> has played practically all the matches and <strong>H\u00e9ctor Fort<\/strong> has not convinced as a replacement for the Frenchman, so the sports management is already considering several alternatives for the summer.<\/p>  <p>The azulgrana entity, back in the 1:1 rule after the sale of VIP seats at the <strong>Camp Nou<\/strong>, is preparing to make a significant financial effort in the summer window and, <a data-external=\"0\" data-intl-links-en=\"https:\/\/www.fcbarcelonanoticias.com\/en\/transfers\/fc-barcelona-reignites-interest-in-an-old-desire-for-the-right-back-position_310548_102.html\" data-intl-links-es=\"https:\/\/www.fcbarcelonanoticias.com\/fichajes\/fc-barcelona-reactiva-interes-en-viejo-deseo-lateral-derecho_310548_102.html\" href=\"https:\/\/www.fcbarcelonanoticias.com\/en\/transfers\/fc-barcelona-reignites-interest-in-an-old-desire-for-the-right-back-position_310548_102.html\" rel=\"follow\" target=\"_self\" title=\"FC Barcelona reignites interest in an old desire for the right-back position\">in addition to Vanderson<\/a>, they have once again set their sights on <strong>Marc Pubill<\/strong>, gold medalist with Spain at the <strong>2024 Paris Olympics<\/strong>, to bolster the right side of the defense.<\/p>  <h3>Pubill was already on Bar\u00e7a&#8217;s agenda<\/h3>  <p>The <strong>Almer\u00eda<\/strong> player is a familiar face for <strong>Bar\u00e7a<\/strong>, who were very close to signing him last summer on loan with an option to buy. However, the lack of salary cap prevented the operation from going through, but <strong>Deco<\/strong> and his staff have not lost track of him since then and he is one of the most favored options to act as a replacement for <strong>Kound\u00e9<\/strong>.<\/p>  <p>So far, the Catalans <strong>have only maintained contact with the environment of the under-21 international<\/strong> to have the upper hand and avoid him committing to another team, but in the coming months they could activate his signing.<\/p>  <p><strong>Pubill<\/strong>, for his part, is focused on getting promoted with <strong>Almer\u00eda<\/strong> and then making the big leap. The 21-year-old player has already given the blaugranas the green light in the summer and his agent has a very good relationship with the club, so, with almost certainty, his name will continue to gain traction in the offices of <strong>Spotify Camp Nou<\/strong> in the coming weeks.<\/p> ","protected":false},"excerpt":{"rendered":"<p>Bar\u00e7a plans to strengthen the right-back position next summer. Therefore, the cul\u00e9s have reactivated their interest in Marc Pubill, who was on the radar a few months ago The FC Barcelona has marked the strengthening of the right-back position as one of the major priorities of the upcoming transfer market. Hansi Flick believes that his [&hellip;]<\/p>\n","protected":false},"author":358,"featured_media":88467,"comment_status":"closed","ping_status":"open","sticky":false,"template":"","format":"standard","meta":{"_acf_changed":false,"inline_featured_image":false,"_nextfly_llmd_date_locked":false,"footnotes":""},"categories":[449,106],"tags":[],"class_list":["post-88461","post","type-post","status-publish","format-standard","has-post-thumbnail","hentry","category-transfers-2","category-transfers"],"acf":[],"yoast_head":"<!-- This site is optimized with the Yoast SEO plugin v27.3 - https:\/\/yoast.com\/product\/yoast-seo-wordpress\/ -->\n<title>An old acquaintance reappears on FC Barcelona&#039;s list to strengthen the right-back position<\/title>\n<meta name=\"description\" content=\"Bar\u00e7a plans to strengthen the right-back position next summer. Therefore, the cul\u00e9s have reactivated their interest in Marc Pubill, who was on the radar a few months ago\" \/>\n<meta name=\"robots\" content=\"index, follow, max-snippet:-1, max-image-preview:large, max-video-preview:-1\" \/>\n<link rel=\"canonical\" href=\"https:\/\/www.fcbarcelonanoticias.com\/en\/transfers\/an-old-acquaintance-reappears-on-fc-barcelona-list-to-strengthen-the-right-back-position_310610_102.html\" \/>\n<meta property=\"og:locale\" content=\"en_US\" \/>\n<meta property=\"og:type\" content=\"article\" \/>\n<meta property=\"og:title\" content=\"An old acquaintance reappears on FC Barcelona&#039;s list to strengthen the right-back position\" \/>\n<meta property=\"og:description\" content=\"Bar\u00e7a plans to strengthen the right-back position next summer. Therefore, the cul\u00e9s have reactivated their interest in Marc Pubill, who was on the radar a few months ago\" \/>\n<meta property=\"og:url\" content=\"https:\/\/www.fcbarcelonanoticias.com\/en\/transfers\/an-old-acquaintance-reappears-on-fc-barcelona-list-to-strengthen-the-right-back-position_310610_102.html\" \/>\n<meta property=\"og:site_name\" content=\"EN - FC Barcelona Noticias\" \/>\n<meta property=\"article:published_time\" content=\"2025-02-04T20:12:00+00:00\" \/>\n<meta property=\"article:modified_time\" content=\"2025-02-05T15:54:00+00:00\" \/>\n<meta property=\"og:image\" content=\"https:\/\/www.fcbarcelonanoticias.com\/en\/wp-content\/uploads\/sites\/2\/2025\/02\/france-v-spain-gold-medal-match-mens-football-olympic-games-paris-2024-day-14-2-1.webp\" \/>\n\t<meta property=\"og:image:width\" content=\"1200\" \/>\n\t<meta property=\"og:image:height\" content=\"675\" \/>\n\t<meta property=\"og:image:type\" content=\"image\/webp\" \/>\n<meta name=\"author\" content=\"Juan Pablo Berdugo\" \/>\n<meta name=\"twitter:card\" content=\"summary_large_image\" \/>\n<meta name=\"twitter:label1\" content=\"Written by\" \/>\n\t<meta name=\"twitter:data1\" content=\"Juan Pablo Berdugo\" \/>\n\t<meta name=\"twitter:label2\" content=\"Est. reading time\" \/>\n\t<meta name=\"twitter:data2\" content=\"2 minutes\" \/>\n<script type=\"application\/ld+json\" class=\"yoast-schema-graph\">{\"@context\":\"https:\\\/\\\/schema.org\",\"@graph\":[{\"@type\":\"Article\",\"@id\":\"https:\\\/\\\/www.fcbarcelonanoticias.com\\\/en\\\/transfers\\\/an-old-acquaintance-reappears-on-fc-barcelona-list-to-strengthen-the-right-back-position_310610_102.html#article\",\"isPartOf\":{\"@id\":\"https:\\\/\\\/www.fcbarcelonanoticias.com\\\/en\\\/transfers\\\/an-old-acquaintance-reappears-on-fc-barcelona-list-to-strengthen-the-right-back-position_310610_102.html\"},\"author\":{\"name\":\"Juan Pablo Berdugo\",\"@id\":\"https:\\\/\\\/www.fcbarcelonanoticias.com\\\/en\\\/#\\\/schema\\\/person\\\/88d756918a0a1ae9fa593b5edddd1815\"},\"headline\":\"An old acquaintance reappears on FC Barcelona&#8217;s list to strengthen the right-back position\",\"datePublished\":\"2025-02-04T20:12:00+00:00\",\"dateModified\":\"2025-02-05T15:54:00+00:00\",\"mainEntityOfPage\":{\"@id\":\"https:\\\/\\\/www.fcbarcelonanoticias.com\\\/en\\\/transfers\\\/an-old-acquaintance-reappears-on-fc-barcelona-list-to-strengthen-the-right-back-position_310610_102.html\"},\"wordCount\":351,\"image\":{\"@id\":\"https:\\\/\\\/www.fcbarcelonanoticias.com\\\/en\\\/transfers\\\/an-old-acquaintance-reappears-on-fc-barcelona-list-to-strengthen-the-right-back-position_310610_102.html#primaryimage\"},\"thumbnailUrl\":\"https:\\\/\\\/www.fcbarcelonanoticias.com\\\/en\\\/wp-content\\\/uploads\\\/sites\\\/2\\\/2025\\\/02\\\/france-v-spain-gold-medal-match-mens-football-olympic-games-paris-2024-day-14-2-1.webp\",\"articleSection\":[\"Transfers\",\"Transfers\"],\"inLanguage\":\"en-US\"},{\"@type\":\"WebPage\",\"@id\":\"https:\\\/\\\/www.fcbarcelonanoticias.com\\\/en\\\/transfers\\\/an-old-acquaintance-reappears-on-fc-barcelona-list-to-strengthen-the-right-back-position_310610_102.html\",\"url\":\"https:\\\/\\\/www.fcbarcelonanoticias.com\\\/en\\\/transfers\\\/an-old-acquaintance-reappears-on-fc-barcelona-list-to-strengthen-the-right-back-position_310610_102.html\",\"name\":\"An old acquaintance reappears on FC Barcelona's list to strengthen the right-back position\",\"isPartOf\":{\"@id\":\"https:\\\/\\\/www.fcbarcelonanoticias.com\\\/en\\\/#website\"},\"primaryImageOfPage\":{\"@id\":\"https:\\\/\\\/www.fcbarcelonanoticias.com\\\/en\\\/transfers\\\/an-old-acquaintance-reappears-on-fc-barcelona-list-to-strengthen-the-right-back-position_310610_102.html#primaryimage\"},\"image\":{\"@id\":\"https:\\\/\\\/www.fcbarcelonanoticias.com\\\/en\\\/transfers\\\/an-old-acquaintance-reappears-on-fc-barcelona-list-to-strengthen-the-right-back-position_310610_102.html#primaryimage\"},\"thumbnailUrl\":\"https:\\\/\\\/www.fcbarcelonanoticias.com\\\/en\\\/wp-content\\\/uploads\\\/sites\\\/2\\\/2025\\\/02\\\/france-v-spain-gold-medal-match-mens-football-olympic-games-paris-2024-day-14-2-1.webp\",\"datePublished\":\"2025-02-04T20:12:00+00:00\",\"dateModified\":\"2025-02-05T15:54:00+00:00\",\"author\":{\"@id\":\"https:\\\/\\\/www.fcbarcelonanoticias.com\\\/en\\\/#\\\/schema\\\/person\\\/88d756918a0a1ae9fa593b5edddd1815\"},\"description\":\"Bar\u00e7a plans to strengthen the right-back position next summer. Therefore, the cul\u00e9s have reactivated their interest in Marc Pubill, who was on the radar a few months ago\",\"breadcrumb\":{\"@id\":\"https:\\\/\\\/www.fcbarcelonanoticias.com\\\/en\\\/transfers\\\/an-old-acquaintance-reappears-on-fc-barcelona-list-to-strengthen-the-right-back-position_310610_102.html#breadcrumb\"},\"inLanguage\":\"en-US\",\"potentialAction\":[{\"@type\":\"ReadAction\",\"target\":[\"https:\\\/\\\/www.fcbarcelonanoticias.com\\\/en\\\/transfers\\\/an-old-acquaintance-reappears-on-fc-barcelona-list-to-strengthen-the-right-back-position_310610_102.html\"]}]},{\"@type\":\"ImageObject\",\"inLanguage\":\"en-US\",\"@id\":\"https:\\\/\\\/www.fcbarcelonanoticias.com\\\/en\\\/transfers\\\/an-old-acquaintance-reappears-on-fc-barcelona-list-to-strengthen-the-right-back-position_310610_102.html#primaryimage\",\"url\":\"https:\\\/\\\/www.fcbarcelonanoticias.com\\\/en\\\/wp-content\\\/uploads\\\/sites\\\/2\\\/2025\\\/02\\\/france-v-spain-gold-medal-match-mens-football-olympic-games-paris-2024-day-14-2-1.webp\",\"contentUrl\":\"https:\\\/\\\/www.fcbarcelonanoticias.com\\\/en\\\/wp-content\\\/uploads\\\/sites\\\/2\\\/2025\\\/02\\\/france-v-spain-gold-medal-match-mens-football-olympic-games-paris-2024-day-14-2-1.webp\",\"width\":1200,\"height\":675},{\"@type\":\"BreadcrumbList\",\"@id\":\"https:\\\/\\\/www.fcbarcelonanoticias.com\\\/en\\\/transfers\\\/an-old-acquaintance-reappears-on-fc-barcelona-list-to-strengthen-the-right-back-position_310610_102.html#breadcrumb\",\"itemListElement\":[{\"@type\":\"ListItem\",\"position\":1,\"name\":\"Portada\",\"item\":\"https:\\\/\\\/www.fcbarcelonanoticias.com\\\/en\\\/\"},{\"@type\":\"ListItem\",\"position\":2,\"name\":\"An old acquaintance reappears on FC Barcelona&#8217;s list to strengthen the right-back position\"}]},{\"@type\":\"WebSite\",\"@id\":\"https:\\\/\\\/www.fcbarcelonanoticias.com\\\/en\\\/#website\",\"url\":\"https:\\\/\\\/www.fcbarcelonanoticias.com\\\/en\\\/\",\"name\":\"EN - FC Barcelona Noticias\",\"description\":\"\",\"potentialAction\":[{\"@type\":\"SearchAction\",\"target\":{\"@type\":\"EntryPoint\",\"urlTemplate\":\"https:\\\/\\\/www.fcbarcelonanoticias.com\\\/en\\\/?s={search_term_string}\"},\"query-input\":{\"@type\":\"PropertyValueSpecification\",\"valueRequired\":true,\"valueName\":\"search_term_string\"}}],\"inLanguage\":\"en-US\"},{\"@type\":\"Person\",\"@id\":\"https:\\\/\\\/www.fcbarcelonanoticias.com\\\/en\\\/#\\\/schema\\\/person\\\/88d756918a0a1ae9fa593b5edddd1815\",\"name\":\"Juan Pablo Berdugo\",\"image\":{\"@type\":\"ImageObject\",\"inLanguage\":\"en-US\",\"@id\":\"https:\\\/\\\/secure.gravatar.com\\\/avatar\\\/?s=96&d=mm&r=g\",\"url\":\"https:\\\/\\\/secure.gravatar.com\\\/avatar\\\/?s=96&d=mm&r=g\",\"contentUrl\":\"https:\\\/\\\/secure.gravatar.com\\\/avatar\\\/?s=96&d=mm&r=g\",\"caption\":\"Juan Pablo Berdugo\"},\"description\":\"Juan Pablo Berdugo es graduado en Periodismo. Colabora con FCBN como especialista en informaci\u00f3n del primer equipo del FC Barcelona, f\u00fatbol internacional y mercado de fichajes. Destaca por su enfoque anal\u00edtico, su rigor informativo y su capacidad para detectar tendencias emergentes en el f\u00fatbol global.\",\"url\":\"https:\\\/\\\/www.fcbarcelonanoticias.com\\\/en\\\/fc-barcelona\\\/juan-pablo-berdugo_18_115.html\"}]}<\/script>\n<!-- \/ Yoast SEO plugin. -->","yoast_head_json":{"title":"An old acquaintance reappears on FC Barcelona's list to strengthen the right-back position","description":"Bar\u00e7a plans to strengthen the right-back position next summer. Therefore, the cul\u00e9s have reactivated their interest in Marc Pubill, who was on the radar a few months ago","robots":{"index":"index","follow":"follow","max-snippet":"max-snippet:-1","max-image-preview":"max-image-preview:large","max-video-preview":"max-video-preview:-1"},"canonical":"https:\/\/www.fcbarcelonanoticias.com\/en\/transfers\/an-old-acquaintance-reappears-on-fc-barcelona-list-to-strengthen-the-right-back-position_310610_102.html","og_locale":"en_US","og_type":"article","og_title":"An old acquaintance reappears on FC Barcelona's list to strengthen the right-back position","og_description":"Bar\u00e7a plans to strengthen the right-back position next summer. Therefore, the cul\u00e9s have reactivated their interest in Marc Pubill, who was on the radar a few months ago","og_url":"https:\/\/www.fcbarcelonanoticias.com\/en\/transfers\/an-old-acquaintance-reappears-on-fc-barcelona-list-to-strengthen-the-right-back-position_310610_102.html","og_site_name":"EN - FC Barcelona Noticias","article_published_time":"2025-02-04T20:12:00+00:00","article_modified_time":"2025-02-05T15:54:00+00:00","og_image":[{"width":1200,"height":675,"url":"https:\/\/www.fcbarcelonanoticias.com\/en\/wp-content\/uploads\/sites\/2\/2025\/02\/france-v-spain-gold-medal-match-mens-football-olympic-games-paris-2024-day-14-2-1.webp","type":"image\/webp"}],"author":"Juan Pablo Berdugo","twitter_card":"summary_large_image","twitter_misc":{"Written by":"Juan Pablo Berdugo","Est. reading time":"2 minutes"},"schema":{"@context":"https:\/\/schema.org","@graph":[{"@type":"Article","@id":"https:\/\/www.fcbarcelonanoticias.com\/en\/transfers\/an-old-acquaintance-reappears-on-fc-barcelona-list-to-strengthen-the-right-back-position_310610_102.html#article","isPartOf":{"@id":"https:\/\/www.fcbarcelonanoticias.com\/en\/transfers\/an-old-acquaintance-reappears-on-fc-barcelona-list-to-strengthen-the-right-back-position_310610_102.html"},"author":{"name":"Juan Pablo Berdugo","@id":"https:\/\/www.fcbarcelonanoticias.com\/en\/#\/schema\/person\/88d756918a0a1ae9fa593b5edddd1815"},"headline":"An old acquaintance reappears on FC Barcelona&#8217;s list to strengthen the right-back position","datePublished":"2025-02-04T20:12:00+00:00","dateModified":"2025-02-05T15:54:00+00:00","mainEntityOfPage":{"@id":"https:\/\/www.fcbarcelonanoticias.com\/en\/transfers\/an-old-acquaintance-reappears-on-fc-barcelona-list-to-strengthen-the-right-back-position_310610_102.html"},"wordCount":351,"image":{"@id":"https:\/\/www.fcbarcelonanoticias.com\/en\/transfers\/an-old-acquaintance-reappears-on-fc-barcelona-list-to-strengthen-the-right-back-position_310610_102.html#primaryimage"},"thumbnailUrl":"https:\/\/www.fcbarcelonanoticias.com\/en\/wp-content\/uploads\/sites\/2\/2025\/02\/france-v-spain-gold-medal-match-mens-football-olympic-games-paris-2024-day-14-2-1.webp","articleSection":["Transfers","Transfers"],"inLanguage":"en-US"},{"@type":"WebPage","@id":"https:\/\/www.fcbarcelonanoticias.com\/en\/transfers\/an-old-acquaintance-reappears-on-fc-barcelona-list-to-strengthen-the-right-back-position_310610_102.html","url":"https:\/\/www.fcbarcelonanoticias.com\/en\/transfers\/an-old-acquaintance-reappears-on-fc-barcelona-list-to-strengthen-the-right-back-position_310610_102.html","name":"An old acquaintance reappears on FC Barcelona's list to strengthen the right-back position","isPartOf":{"@id":"https:\/\/www.fcbarcelonanoticias.com\/en\/#website"},"primaryImageOfPage":{"@id":"https:\/\/www.fcbarcelonanoticias.com\/en\/transfers\/an-old-acquaintance-reappears-on-fc-barcelona-list-to-strengthen-the-right-back-position_310610_102.html#primaryimage"},"image":{"@id":"https:\/\/www.fcbarcelonanoticias.com\/en\/transfers\/an-old-acquaintance-reappears-on-fc-barcelona-list-to-strengthen-the-right-back-position_310610_102.html#primaryimage"},"thumbnailUrl":"https:\/\/www.fcbarcelonanoticias.com\/en\/wp-content\/uploads\/sites\/2\/2025\/02\/france-v-spain-gold-medal-match-mens-football-olympic-games-paris-2024-day-14-2-1.webp","datePublished":"2025-02-04T20:12:00+00:00","dateModified":"2025-02-05T15:54:00+00:00","author":{"@id":"https:\/\/www.fcbarcelonanoticias.com\/en\/#\/schema\/person\/88d756918a0a1ae9fa593b5edddd1815"},"description":"Bar\u00e7a plans to strengthen the right-back position next summer. Therefore, the cul\u00e9s have reactivated their interest in Marc Pubill, who was on the radar a few months ago","breadcrumb":{"@id":"https:\/\/www.fcbarcelonanoticias.com\/en\/transfers\/an-old-acquaintance-reappears-on-fc-barcelona-list-to-strengthen-the-right-back-position_310610_102.html#breadcrumb"},"inLanguage":"en-US","potentialAction":[{"@type":"ReadAction","target":["https:\/\/www.fcbarcelonanoticias.com\/en\/transfers\/an-old-acquaintance-reappears-on-fc-barcelona-list-to-strengthen-the-right-back-position_310610_102.html"]}]},{"@type":"ImageObject","inLanguage":"en-US","@id":"https:\/\/www.fcbarcelonanoticias.com\/en\/transfers\/an-old-acquaintance-reappears-on-fc-barcelona-list-to-strengthen-the-right-back-position_310610_102.html#primaryimage","url":"https:\/\/www.fcbarcelonanoticias.com\/en\/wp-content\/uploads\/sites\/2\/2025\/02\/france-v-spain-gold-medal-match-mens-football-olympic-games-paris-2024-day-14-2-1.webp","contentUrl":"https:\/\/www.fcbarcelonanoticias.com\/en\/wp-content\/uploads\/sites\/2\/2025\/02\/france-v-spain-gold-medal-match-mens-football-olympic-games-paris-2024-day-14-2-1.webp","width":1200,"height":675},{"@type":"BreadcrumbList","@id":"https:\/\/www.fcbarcelonanoticias.com\/en\/transfers\/an-old-acquaintance-reappears-on-fc-barcelona-list-to-strengthen-the-right-back-position_310610_102.html#breadcrumb","itemListElement":[{"@type":"ListItem","position":1,"name":"Portada","item":"https:\/\/www.fcbarcelonanoticias.com\/en\/"},{"@type":"ListItem","position":2,"name":"An old acquaintance reappears on FC Barcelona&#8217;s list to strengthen the right-back position"}]},{"@type":"WebSite","@id":"https:\/\/www.fcbarcelonanoticias.com\/en\/#website","url":"https:\/\/www.fcbarcelonanoticias.com\/en\/","name":"EN - FC Barcelona Noticias","description":"","potentialAction":[{"@type":"SearchAction","target":{"@type":"EntryPoint","urlTemplate":"https:\/\/www.fcbarcelonanoticias.com\/en\/?s={search_term_string}"},"query-input":{"@type":"PropertyValueSpecification","valueRequired":true,"valueName":"search_term_string"}}],"inLanguage":"en-US"},{"@type":"Person","@id":"https:\/\/www.fcbarcelonanoticias.com\/en\/#\/schema\/person\/88d756918a0a1ae9fa593b5edddd1815","name":"Juan Pablo Berdugo","image":{"@type":"ImageObject","inLanguage":"en-US","@id":"https:\/\/secure.gravatar.com\/avatar\/?s=96&d=mm&r=g","url":"https:\/\/secure.gravatar.com\/avatar\/?s=96&d=mm&r=g","contentUrl":"https:\/\/secure.gravatar.com\/avatar\/?s=96&d=mm&r=g","caption":"Juan Pablo Berdugo"},"description":"Juan Pablo Berdugo es graduado en Periodismo. Colabora con FCBN como especialista en informaci\u00f3n del primer equipo del FC Barcelona, f\u00fatbol internacional y mercado de fichajes. Destaca por su enfoque anal\u00edtico, su rigor informativo y su capacidad para detectar tendencias emergentes en el f\u00fatbol global.","url":"https:\/\/www.fcbarcelonanoticias.com\/en\/fc-barcelona\/juan-pablo-berdugo_18_115.html"}]}},"_links":{"self":[{"href":"https:\/\/www.fcbarcelonanoticias.com\/en\/wp-json\/wp\/v2\/posts\/88461","targetHints":{"allow":["GET"]}}],"collection":[{"href":"https:\/\/www.fcbarcelonanoticias.com\/en\/wp-json\/wp\/v2\/posts"}],"about":[{"href":"https:\/\/www.fcbarcelonanoticias.com\/en\/wp-json\/wp\/v2\/types\/post"}],"author":[{"embeddable":true,"href":"https:\/\/www.fcbarcelonanoticias.com\/en\/wp-json\/wp\/v2\/users\/358"}],"replies":[{"embeddable":true,"href":"https:\/\/www.fcbarcelonanoticias.com\/en\/wp-json\/wp\/v2\/comments?post=88461"}],"version-history":[{"count":1,"href":"https:\/\/www.fcbarcelonanoticias.com\/en\/wp-json\/wp\/v2\/posts\/88461\/revisions"}],"predecessor-version":[{"id":92299,"href":"https:\/\/www.fcbarcelonanoticias.com\/en\/wp-json\/wp\/v2\/posts\/88461\/revisions\/92299"}],"wp:featuredmedia":[{"embeddable":true,"href":"https:\/\/www.fcbarcelonanoticias.com\/en\/wp-json\/wp\/v2\/media\/88467"}],"wp:attachment":[{"href":"https:\/\/www.fcbarcelonanoticias.com\/en\/wp-json\/wp\/v2\/media?parent=88461"}],"wp:term":[{"taxonomy":"category","embeddable":true,"href":"https:\/\/www.fcbarcelonanoticias.com\/en\/wp-json\/wp\/v2\/categories?post=88461"},{"taxonomy":"post_tag","embeddable":true,"href":"https:\/\/www.fcbarcelonanoticias.com\/en\/wp-json\/wp\/v2\/tags?post=88461"}],"curies":[{"name":"wp","href":"https:\/\/api.w.org\/{rel}","templated":true}]}}