{"id":88661,"date":"2023-12-24T19:15:00","date_gmt":"2023-12-24T18:15:00","guid":{"rendered":"https:\/\/weisetech.dev\/fc-barcelona-noticias\/en\/the-evolution-of-barca-atletic-since-rafa-marquez-took-the-reins_299347_102\/"},"modified":"2023-12-24T19:15:00","modified_gmt":"2023-12-24T18:15:00","slug":"the-evolution-of-barca-atletic-since-rafa-marquez-took-the-reins_299347_102","status":"publish","type":"post","link":"https:\/\/www.fcbarcelonanoticias.com\/en\/the-evolution-of-barca-atletic-since-rafa-marquez-took-the-reins_299347_102.html","title":{"rendered":"The evolution of Bar\u00e7a Atl\u00e8tic since Rafa M\u00e1rquez took the reins"},"content":{"rendered":"<h2 class=\"wp-block-heading\">Rafa M\u00e1rquez&#8217;s Bar\u00e7a Atl\u00e8tic successfully closes the year 2023, showing notable evolution since the Mexican took control of the team last season. They are currently sixth classified and are very close to the promotion positions<\/h2>  \r\n<div class=\"article-addons\">\r\n    <a href=\"https:\/\/www.fcbarcelonanoticias.com\/en\/calendar-fc-barcelona.html\"\r\n       target=\"_self\"\r\n       title=\"Calendar of FC Barcelona\"\r\n       class=\"blue-gredient-btn\">\r\n       \r\n        Calendar of FC Barcelona    <\/a>\r\n<\/div>   <p><a data-external=\"0\" data-intl-links-en=\"https:\/\/www.fcbarcelonanoticias.com\/en\/fc-barcelona\/the-barca-would-not-doubt-in-betting-by-rafa-marquez-if-xavi-decided-not-following_299203_102.html\" data-intl-links-es=\"https:\/\/www.fcbarcelonanoticias.com\/fc-barcelona\/barca-no-dudaria-en-apostar-por-rafa-marquez-si-xavi-decidiera-no-seguir_299203_102.html\" href=\"https:\/\/www.fcbarcelonanoticias.com\/en\/fc-barcelona\/the-barca-would-not-doubt-in-betting-by-rafa-marquez-if-xavi-decided-not-following_299203_102.html\" rel=\"follow\" target=\"_self\" title=\"El Bar\u00e7a no dudar\u00eda en apostar por Rafa M\u00e1rquez si Xavi decidiera no seguir\">Rafa M\u00e1rquez has fulfilled with his work in the Bar\u00e7a Atl\u00e8tic<\/a>, <strong>closing the year 2023 with a worked sixth position that approaches it to the places of playoff of promotion.<\/strong> When comparing the figures of the team directed by the Mexican with the ones of his first year headed by the staff, observes a clear evolution, confirming that the &#8216;method M\u00e1rquez&#8217; is working of way stood out.<\/p>  <p>The blaugranas add 28 points, remaining to alone seven of the leader, the Celtic Fortune. Besides, the difference with the fifth qualifier, the N\u00e0stic of Tarragona, is of so alone 1 point, evidenciando that the team is firmly anchored in the high part of the competition. <strong>In comparison with the year happened in these same stages of the competition, the filial had 25 points, three less than in the actuality, and occupied the ninth place.<\/strong><\/p>  <p><strong>The remarkable is that the Bar\u00e7a Atl\u00e8tic has confronted more challenges this season that the previous. <\/strong>The group of competition is more complicated, and the team has confronted low constants, already was by injuries, cessions to the first team or<a data-external=\"0\" data-intl-links-en=\"https:\/\/www.fcbarcelonanoticias.com\/en\/international-football\/the-cule-noah-darvich-will-be-in-the-final-of-the-world-wide-sub-17_298520_102.html\" data-intl-links-es=\"https:\/\/www.fcbarcelonanoticias.com\/futbol-internacional\/cule-noah-darvich-estara-en-final-mundial-sub-17_298520_102.html\" href=\"https:\/\/www.fcbarcelonanoticias.com\/en\/international-football\/the-cule-noah-darvich-will-be-in-the-final-of-the-world-wide-sub-17_298520_102.html\" rel=\"follow\" target=\"_self\" title=\"El cul\u00e9 Noah Darvich estar\u00e1 en la final del Mundial Sub-17\"> the celebration of the World-wide Sub-17<\/a>, where a lot of players of the staff of M\u00e1rquez represented to his respective selections.<\/p>  <h2>The Mexican is learning a lot<\/h2>  <p>Regarding the tactical appearance, <strong>the &#8216;m\u00edster&#8217; has showed a clear evolution when consolidating a clear style of game and form a group of players merged and with big potential.<\/strong> They stand out the solid defensive block with players like Mika Faye, Mamadou Mbacke or Pau Cubars\u00ed, as well as the talentosos players of attack like Pau V\u00edctor or Alarc\u00f3n. It is crucial to signal that the one of Zamora of Hidalgo arrived to the benches of the filial blaugrana with little experience like trainer, and these first seasons are serving so that it develop his style and form to direct to the team, fulfilling fully with the expectations.<\/p>  <p>Nevertheless, the technician will have to consolidate the good performance of the first-half of the season <strong>and follow encouraging so that the team culminate successfully in the 2024, struggling by the promotion of category.<\/strong> The filial will go back to the activity on 3 January with the visit of unionistas to the Estadi Johan Cruyff, where will look for to add the first points of the year.<\/p> ","protected":false},"excerpt":{"rendered":"<p>Rafa M\u00e1rquez&#8217;s Bar\u00e7a Atl\u00e8tic successfully closes the year 2023, showing notable evolution since the Mexican took control of the team last season. They are currently sixth classified and are very close to the promotion positions Rafa M\u00e1rquez has fulfilled with his work in the Bar\u00e7a Atl\u00e8tic, closing the year 2023 with a worked sixth position [&hellip;]<\/p>\n","protected":false},"author":344,"featured_media":88672,"comment_status":"closed","ping_status":"open","sticky":false,"template":"","format":"standard","meta":{"_acf_changed":false,"inline_featured_image":false,"_nextfly_llmd_date_locked":false,"footnotes":""},"categories":[1],"tags":[181],"class_list":["post-88661","post","type-post","status-publish","format-standard","has-post-thumbnail","hentry","category-sin-categoria","tag-the-masia"],"acf":[],"yoast_head":"<!-- This site is optimized with the Yoast SEO plugin v27.3 - https:\/\/yoast.com\/product\/yoast-seo-wordpress\/ -->\n<title>The evolution of Bar\u00e7a Atl\u00e8tic since Rafa M\u00e1rquez took the reins<\/title>\n<meta name=\"description\" content=\"Rafa M\u00e1rquez&#039;s Bar\u00e7a Atl\u00e8tic successfully closes the year 2023, showing notable evolution since the Mexican took control of the team last season. They are currently sixth classified and are very close to the promotion positions\" \/>\n<meta name=\"robots\" content=\"index, follow, max-snippet:-1, max-image-preview:large, max-video-preview:-1\" \/>\n<link rel=\"canonical\" href=\"https:\/\/www.fcbarcelonanoticias.com\/en\/the-evolution-of-barca-atletic-since-rafa-marquez-took-the-reins_299347_102.html\" \/>\n<meta property=\"og:locale\" content=\"en_US\" \/>\n<meta property=\"og:type\" content=\"article\" \/>\n<meta property=\"og:title\" content=\"The evolution of Bar\u00e7a Atl\u00e8tic since Rafa M\u00e1rquez took the reins\" \/>\n<meta property=\"og:description\" content=\"Rafa M\u00e1rquez&#039;s Bar\u00e7a Atl\u00e8tic successfully closes the year 2023, showing notable evolution since the Mexican took control of the team last season. They are currently sixth classified and are very close to the promotion positions\" \/>\n<meta property=\"og:url\" content=\"https:\/\/www.fcbarcelonanoticias.com\/en\/the-evolution-of-barca-atletic-since-rafa-marquez-took-the-reins_299347_102.html\" \/>\n<meta property=\"og:site_name\" content=\"EN - FC Barcelona Noticias\" \/>\n<meta property=\"article:published_time\" content=\"2023-12-24T18:15:00+00:00\" \/>\n<meta property=\"og:image\" content=\"https:\/\/www.fcbarcelonanoticias.com\/en\/wp-content\/uploads\/sites\/2\/2023\/12\/fbl-mex-atlas-marquez-2.jpeg\" \/>\n\t<meta property=\"og:image:width\" content=\"1300\" \/>\n\t<meta property=\"og:image:height\" content=\"732\" \/>\n\t<meta property=\"og:image:type\" content=\"image\/jpeg\" \/>\n<meta name=\"author\" content=\"Ariel Molina\" \/>\n<meta name=\"twitter:card\" content=\"summary_large_image\" \/>\n<meta name=\"twitter:label1\" content=\"Written by\" \/>\n\t<meta name=\"twitter:data1\" content=\"Ariel Molina\" \/>\n\t<meta name=\"twitter:label2\" content=\"Est. reading time\" \/>\n\t<meta name=\"twitter:data2\" content=\"2 minutes\" \/>\n<script type=\"application\/ld+json\" class=\"yoast-schema-graph\">{\"@context\":\"https:\\\/\\\/schema.org\",\"@graph\":[{\"@type\":\"Article\",\"@id\":\"https:\\\/\\\/www.fcbarcelonanoticias.com\\\/en\\\/the-evolution-of-barca-atletic-since-rafa-marquez-took-the-reins_299347_102.html#article\",\"isPartOf\":{\"@id\":\"https:\\\/\\\/www.fcbarcelonanoticias.com\\\/en\\\/the-evolution-of-barca-atletic-since-rafa-marquez-took-the-reins_299347_102.html\"},\"author\":{\"name\":\"Ariel Molina\",\"@id\":\"https:\\\/\\\/www.fcbarcelonanoticias.com\\\/en\\\/#\\\/schema\\\/person\\\/e9820ca62b3ab5d344366c282da4bce7\"},\"headline\":\"The evolution of Bar\u00e7a Atl\u00e8tic since Rafa M\u00e1rquez took the reins\",\"datePublished\":\"2023-12-24T18:15:00+00:00\",\"mainEntityOfPage\":{\"@id\":\"https:\\\/\\\/www.fcbarcelonanoticias.com\\\/en\\\/the-evolution-of-barca-atletic-since-rafa-marquez-took-the-reins_299347_102.html\"},\"wordCount\":441,\"image\":{\"@id\":\"https:\\\/\\\/www.fcbarcelonanoticias.com\\\/en\\\/the-evolution-of-barca-atletic-since-rafa-marquez-took-the-reins_299347_102.html#primaryimage\"},\"thumbnailUrl\":\"https:\\\/\\\/www.fcbarcelonanoticias.com\\\/en\\\/wp-content\\\/uploads\\\/sites\\\/2\\\/2023\\\/12\\\/fbl-mex-atlas-marquez-2.jpeg\",\"keywords\":[\"The Masia\"],\"articleSection\":[\"Sin categor\u00eda\"],\"inLanguage\":\"en-US\"},{\"@type\":\"WebPage\",\"@id\":\"https:\\\/\\\/www.fcbarcelonanoticias.com\\\/en\\\/the-evolution-of-barca-atletic-since-rafa-marquez-took-the-reins_299347_102.html\",\"url\":\"https:\\\/\\\/www.fcbarcelonanoticias.com\\\/en\\\/the-evolution-of-barca-atletic-since-rafa-marquez-took-the-reins_299347_102.html\",\"name\":\"The evolution of Bar\u00e7a Atl\u00e8tic since Rafa M\u00e1rquez took the reins\",\"isPartOf\":{\"@id\":\"https:\\\/\\\/www.fcbarcelonanoticias.com\\\/en\\\/#website\"},\"primaryImageOfPage\":{\"@id\":\"https:\\\/\\\/www.fcbarcelonanoticias.com\\\/en\\\/the-evolution-of-barca-atletic-since-rafa-marquez-took-the-reins_299347_102.html#primaryimage\"},\"image\":{\"@id\":\"https:\\\/\\\/www.fcbarcelonanoticias.com\\\/en\\\/the-evolution-of-barca-atletic-since-rafa-marquez-took-the-reins_299347_102.html#primaryimage\"},\"thumbnailUrl\":\"https:\\\/\\\/www.fcbarcelonanoticias.com\\\/en\\\/wp-content\\\/uploads\\\/sites\\\/2\\\/2023\\\/12\\\/fbl-mex-atlas-marquez-2.jpeg\",\"datePublished\":\"2023-12-24T18:15:00+00:00\",\"author\":{\"@id\":\"https:\\\/\\\/www.fcbarcelonanoticias.com\\\/en\\\/#\\\/schema\\\/person\\\/e9820ca62b3ab5d344366c282da4bce7\"},\"description\":\"Rafa M\u00e1rquez's Bar\u00e7a Atl\u00e8tic successfully closes the year 2023, showing notable evolution since the Mexican took control of the team last season. They are currently sixth classified and are very close to the promotion positions\",\"breadcrumb\":{\"@id\":\"https:\\\/\\\/www.fcbarcelonanoticias.com\\\/en\\\/the-evolution-of-barca-atletic-since-rafa-marquez-took-the-reins_299347_102.html#breadcrumb\"},\"inLanguage\":\"en-US\",\"potentialAction\":[{\"@type\":\"ReadAction\",\"target\":[\"https:\\\/\\\/www.fcbarcelonanoticias.com\\\/en\\\/the-evolution-of-barca-atletic-since-rafa-marquez-took-the-reins_299347_102.html\"]}]},{\"@type\":\"ImageObject\",\"inLanguage\":\"en-US\",\"@id\":\"https:\\\/\\\/www.fcbarcelonanoticias.com\\\/en\\\/the-evolution-of-barca-atletic-since-rafa-marquez-took-the-reins_299347_102.html#primaryimage\",\"url\":\"https:\\\/\\\/www.fcbarcelonanoticias.com\\\/en\\\/wp-content\\\/uploads\\\/sites\\\/2\\\/2023\\\/12\\\/fbl-mex-atlas-marquez-2.jpeg\",\"contentUrl\":\"https:\\\/\\\/www.fcbarcelonanoticias.com\\\/en\\\/wp-content\\\/uploads\\\/sites\\\/2\\\/2023\\\/12\\\/fbl-mex-atlas-marquez-2.jpeg\",\"width\":1300,\"height\":732},{\"@type\":\"BreadcrumbList\",\"@id\":\"https:\\\/\\\/www.fcbarcelonanoticias.com\\\/en\\\/the-evolution-of-barca-atletic-since-rafa-marquez-took-the-reins_299347_102.html#breadcrumb\",\"itemListElement\":[{\"@type\":\"ListItem\",\"position\":1,\"name\":\"Portada\",\"item\":\"https:\\\/\\\/www.fcbarcelonanoticias.com\\\/en\\\/\"},{\"@type\":\"ListItem\",\"position\":2,\"name\":\"The evolution of Bar\u00e7a Atl\u00e8tic since Rafa M\u00e1rquez took the reins\"}]},{\"@type\":\"WebSite\",\"@id\":\"https:\\\/\\\/www.fcbarcelonanoticias.com\\\/en\\\/#website\",\"url\":\"https:\\\/\\\/www.fcbarcelonanoticias.com\\\/en\\\/\",\"name\":\"EN - FC Barcelona Noticias\",\"description\":\"\",\"potentialAction\":[{\"@type\":\"SearchAction\",\"target\":{\"@type\":\"EntryPoint\",\"urlTemplate\":\"https:\\\/\\\/www.fcbarcelonanoticias.com\\\/en\\\/?s={search_term_string}\"},\"query-input\":{\"@type\":\"PropertyValueSpecification\",\"valueRequired\":true,\"valueName\":\"search_term_string\"}}],\"inLanguage\":\"en-US\"},{\"@type\":\"Person\",\"@id\":\"https:\\\/\\\/www.fcbarcelonanoticias.com\\\/en\\\/#\\\/schema\\\/person\\\/e9820ca62b3ab5d344366c282da4bce7\",\"name\":\"Ariel Molina\",\"image\":{\"@type\":\"ImageObject\",\"inLanguage\":\"en-US\",\"@id\":\"https:\\\/\\\/secure.gravatar.com\\\/avatar\\\/?s=96&d=mm&r=g\",\"url\":\"https:\\\/\\\/secure.gravatar.com\\\/avatar\\\/?s=96&d=mm&r=g\",\"contentUrl\":\"https:\\\/\\\/secure.gravatar.com\\\/avatar\\\/?s=96&d=mm&r=g\",\"caption\":\"Ariel Molina\"},\"url\":\"https:\\\/\\\/www.fcbarcelonanoticias.com\\\/en\\\/fc-barcelona\\\/ariel-molina_24_115.html\"}]}<\/script>\n<!-- \/ Yoast SEO plugin. -->","yoast_head_json":{"title":"The evolution of Bar\u00e7a Atl\u00e8tic since Rafa M\u00e1rquez took the reins","description":"Rafa M\u00e1rquez's Bar\u00e7a Atl\u00e8tic successfully closes the year 2023, showing notable evolution since the Mexican took control of the team last season. They are currently sixth classified and are very close to the promotion positions","robots":{"index":"index","follow":"follow","max-snippet":"max-snippet:-1","max-image-preview":"max-image-preview:large","max-video-preview":"max-video-preview:-1"},"canonical":"https:\/\/www.fcbarcelonanoticias.com\/en\/the-evolution-of-barca-atletic-since-rafa-marquez-took-the-reins_299347_102.html","og_locale":"en_US","og_type":"article","og_title":"The evolution of Bar\u00e7a Atl\u00e8tic since Rafa M\u00e1rquez took the reins","og_description":"Rafa M\u00e1rquez's Bar\u00e7a Atl\u00e8tic successfully closes the year 2023, showing notable evolution since the Mexican took control of the team last season. They are currently sixth classified and are very close to the promotion positions","og_url":"https:\/\/www.fcbarcelonanoticias.com\/en\/the-evolution-of-barca-atletic-since-rafa-marquez-took-the-reins_299347_102.html","og_site_name":"EN - FC Barcelona Noticias","article_published_time":"2023-12-24T18:15:00+00:00","og_image":[{"width":1300,"height":732,"url":"https:\/\/www.fcbarcelonanoticias.com\/en\/wp-content\/uploads\/sites\/2\/2023\/12\/fbl-mex-atlas-marquez-2.jpeg","type":"image\/jpeg"}],"author":"Ariel Molina","twitter_card":"summary_large_image","twitter_misc":{"Written by":"Ariel Molina","Est. reading time":"2 minutes"},"schema":{"@context":"https:\/\/schema.org","@graph":[{"@type":"Article","@id":"https:\/\/www.fcbarcelonanoticias.com\/en\/the-evolution-of-barca-atletic-since-rafa-marquez-took-the-reins_299347_102.html#article","isPartOf":{"@id":"https:\/\/www.fcbarcelonanoticias.com\/en\/the-evolution-of-barca-atletic-since-rafa-marquez-took-the-reins_299347_102.html"},"author":{"name":"Ariel Molina","@id":"https:\/\/www.fcbarcelonanoticias.com\/en\/#\/schema\/person\/e9820ca62b3ab5d344366c282da4bce7"},"headline":"The evolution of Bar\u00e7a Atl\u00e8tic since Rafa M\u00e1rquez took the reins","datePublished":"2023-12-24T18:15:00+00:00","mainEntityOfPage":{"@id":"https:\/\/www.fcbarcelonanoticias.com\/en\/the-evolution-of-barca-atletic-since-rafa-marquez-took-the-reins_299347_102.html"},"wordCount":441,"image":{"@id":"https:\/\/www.fcbarcelonanoticias.com\/en\/the-evolution-of-barca-atletic-since-rafa-marquez-took-the-reins_299347_102.html#primaryimage"},"thumbnailUrl":"https:\/\/www.fcbarcelonanoticias.com\/en\/wp-content\/uploads\/sites\/2\/2023\/12\/fbl-mex-atlas-marquez-2.jpeg","keywords":["The Masia"],"articleSection":["Sin categor\u00eda"],"inLanguage":"en-US"},{"@type":"WebPage","@id":"https:\/\/www.fcbarcelonanoticias.com\/en\/the-evolution-of-barca-atletic-since-rafa-marquez-took-the-reins_299347_102.html","url":"https:\/\/www.fcbarcelonanoticias.com\/en\/the-evolution-of-barca-atletic-since-rafa-marquez-took-the-reins_299347_102.html","name":"The evolution of Bar\u00e7a Atl\u00e8tic since Rafa M\u00e1rquez took the reins","isPartOf":{"@id":"https:\/\/www.fcbarcelonanoticias.com\/en\/#website"},"primaryImageOfPage":{"@id":"https:\/\/www.fcbarcelonanoticias.com\/en\/the-evolution-of-barca-atletic-since-rafa-marquez-took-the-reins_299347_102.html#primaryimage"},"image":{"@id":"https:\/\/www.fcbarcelonanoticias.com\/en\/the-evolution-of-barca-atletic-since-rafa-marquez-took-the-reins_299347_102.html#primaryimage"},"thumbnailUrl":"https:\/\/www.fcbarcelonanoticias.com\/en\/wp-content\/uploads\/sites\/2\/2023\/12\/fbl-mex-atlas-marquez-2.jpeg","datePublished":"2023-12-24T18:15:00+00:00","author":{"@id":"https:\/\/www.fcbarcelonanoticias.com\/en\/#\/schema\/person\/e9820ca62b3ab5d344366c282da4bce7"},"description":"Rafa M\u00e1rquez's Bar\u00e7a Atl\u00e8tic successfully closes the year 2023, showing notable evolution since the Mexican took control of the team last season. They are currently sixth classified and are very close to the promotion positions","breadcrumb":{"@id":"https:\/\/www.fcbarcelonanoticias.com\/en\/the-evolution-of-barca-atletic-since-rafa-marquez-took-the-reins_299347_102.html#breadcrumb"},"inLanguage":"en-US","potentialAction":[{"@type":"ReadAction","target":["https:\/\/www.fcbarcelonanoticias.com\/en\/the-evolution-of-barca-atletic-since-rafa-marquez-took-the-reins_299347_102.html"]}]},{"@type":"ImageObject","inLanguage":"en-US","@id":"https:\/\/www.fcbarcelonanoticias.com\/en\/the-evolution-of-barca-atletic-since-rafa-marquez-took-the-reins_299347_102.html#primaryimage","url":"https:\/\/www.fcbarcelonanoticias.com\/en\/wp-content\/uploads\/sites\/2\/2023\/12\/fbl-mex-atlas-marquez-2.jpeg","contentUrl":"https:\/\/www.fcbarcelonanoticias.com\/en\/wp-content\/uploads\/sites\/2\/2023\/12\/fbl-mex-atlas-marquez-2.jpeg","width":1300,"height":732},{"@type":"BreadcrumbList","@id":"https:\/\/www.fcbarcelonanoticias.com\/en\/the-evolution-of-barca-atletic-since-rafa-marquez-took-the-reins_299347_102.html#breadcrumb","itemListElement":[{"@type":"ListItem","position":1,"name":"Portada","item":"https:\/\/www.fcbarcelonanoticias.com\/en\/"},{"@type":"ListItem","position":2,"name":"The evolution of Bar\u00e7a Atl\u00e8tic since Rafa M\u00e1rquez took the reins"}]},{"@type":"WebSite","@id":"https:\/\/www.fcbarcelonanoticias.com\/en\/#website","url":"https:\/\/www.fcbarcelonanoticias.com\/en\/","name":"EN - FC Barcelona Noticias","description":"","potentialAction":[{"@type":"SearchAction","target":{"@type":"EntryPoint","urlTemplate":"https:\/\/www.fcbarcelonanoticias.com\/en\/?s={search_term_string}"},"query-input":{"@type":"PropertyValueSpecification","valueRequired":true,"valueName":"search_term_string"}}],"inLanguage":"en-US"},{"@type":"Person","@id":"https:\/\/www.fcbarcelonanoticias.com\/en\/#\/schema\/person\/e9820ca62b3ab5d344366c282da4bce7","name":"Ariel Molina","image":{"@type":"ImageObject","inLanguage":"en-US","@id":"https:\/\/secure.gravatar.com\/avatar\/?s=96&d=mm&r=g","url":"https:\/\/secure.gravatar.com\/avatar\/?s=96&d=mm&r=g","contentUrl":"https:\/\/secure.gravatar.com\/avatar\/?s=96&d=mm&r=g","caption":"Ariel Molina"},"url":"https:\/\/www.fcbarcelonanoticias.com\/en\/fc-barcelona\/ariel-molina_24_115.html"}]}},"_links":{"self":[{"href":"https:\/\/www.fcbarcelonanoticias.com\/en\/wp-json\/wp\/v2\/posts\/88661","targetHints":{"allow":["GET"]}}],"collection":[{"href":"https:\/\/www.fcbarcelonanoticias.com\/en\/wp-json\/wp\/v2\/posts"}],"about":[{"href":"https:\/\/www.fcbarcelonanoticias.com\/en\/wp-json\/wp\/v2\/types\/post"}],"author":[{"embeddable":true,"href":"https:\/\/www.fcbarcelonanoticias.com\/en\/wp-json\/wp\/v2\/users\/344"}],"replies":[{"embeddable":true,"href":"https:\/\/www.fcbarcelonanoticias.com\/en\/wp-json\/wp\/v2\/comments?post=88661"}],"version-history":[{"count":2,"href":"https:\/\/www.fcbarcelonanoticias.com\/en\/wp-json\/wp\/v2\/posts\/88661\/revisions"}],"predecessor-version":[{"id":88663,"href":"https:\/\/www.fcbarcelonanoticias.com\/en\/wp-json\/wp\/v2\/posts\/88661\/revisions\/88663"}],"wp:featuredmedia":[{"embeddable":true,"href":"https:\/\/www.fcbarcelonanoticias.com\/en\/wp-json\/wp\/v2\/media\/88672"}],"wp:attachment":[{"href":"https:\/\/www.fcbarcelonanoticias.com\/en\/wp-json\/wp\/v2\/media?parent=88661"}],"wp:term":[{"taxonomy":"category","embeddable":true,"href":"https:\/\/www.fcbarcelonanoticias.com\/en\/wp-json\/wp\/v2\/categories?post=88661"},{"taxonomy":"post_tag","embeddable":true,"href":"https:\/\/www.fcbarcelonanoticias.com\/en\/wp-json\/wp\/v2\/tags?post=88661"}],"curies":[{"name":"wp","href":"https:\/\/api.w.org\/{rel}","templated":true}]}}