{"id":88846,"date":"2025-03-22T21:41:00","date_gmt":"2025-03-22T20:41:00","guid":{"rendered":"https:\/\/weisetech.dev\/fc-barcelona-noticias\/en\/andrei-ratiu-approaches-barcelona-confirmed-signing-or-rumor_311667_102\/"},"modified":"2025-03-22T21:41:00","modified_gmt":"2025-03-22T20:41:00","slug":"andrei-ratiu-approaches-barcelona-confirmed-signing-or-rumor_311667_102","status":"publish","type":"post","link":"https:\/\/www.fcbarcelonanoticias.com\/en\/transfers\/andrei-ratiu-approaches-barcelona-confirmed-signing-or-rumor_311667_102.html","title":{"rendered":"Andrei Ratiu approaches FC Barcelona: Possible signing or just a market rumor?"},"content":{"rendered":"<h2 class=\"wp-block-heading\">Andrei Ratiu: the new full-back for Bar\u00e7a? Discover the keys to his potential signing<\/h2>  \r\n<div class=\"article-addons\">\r\n    <a href=\"https:\/\/www.fcbarcelonanoticias.com\/en\/calendar-fc-barcelona.html\"\r\n       target=\"_self\"\r\n       title=\"Calendar of FC Barcelona\"\r\n       class=\"blue-gredient-btn\">\r\n       \r\n        Calendar of FC Barcelona    <\/a>\r\n<\/div>   <p>FC Barcelona has been closely monitoring Ratiu for months&nbsp;and <a data-external=\"0\" data-intl-links-en=\"https:\/\/www.fcbarcelonanoticias.com\/en\/transfers\/andrei-ratiu-one-of-the-alternatives-that-deco-likes-the-most-for-the-right-side-of-fc-barcelona_311182_102.html\" data-intl-links-es=\"https:\/\/www.fcbarcelonanoticias.com\/fichajes\/andrei-ratiu-alternativas-mas-gusta-deco-lateral-derecho-fc-barcelona_311182_102.html\" href=\"https:\/\/www.fcbarcelonanoticias.com\/en\/transfers\/andrei-ratiu-one-of-the-alternatives-that-deco-likes-the-most-for-the-right-side-of-fc-barcelona_311182_102.html\" rel=\"follow\" target=\"_self\" title=\"Deco has a new favorite: Discover Andrei Ra\u021biu from Rayo Vallecano!\">its sporting director, Deco, is a big admirer of the player<\/a>. Hansi Flick, for his part, has given his approval for the signing after evaluating his performance in the 2024-25 season. The Romanian has scored 2 goals and provided 3 assists in 27 matches (2,287 minutes) with Rayo Vallecano, becoming one of the best right-backs in LaLiga.<\/p>  <p>In addition to Bar\u00e7a, other teams like Napoli and Atl\u00e9tico de Madrid have also shown interest in Ratiu. However, <strong>the 26-year-old defender prioritizes waiting for a Bar\u00e7a offer<\/strong>, although he knows he would arrive in Catalonia to be the backup for Jules Kound\u00e9. The Frenchman initially seemed reluctant to stay fixed on the flank, but this season he has established himself on the right side.<\/p>  <h2>The Bar\u00e7a plan to sign Andrei Ratiu<\/h2>  <p>Ratiu has a release clause of 25 million euros, but Bar\u00e7a is looking to negotiate a lower price, possibly including the loan of a player like Pablo Torre. <a data-external=\"0\" data-intl-links-en=\"https:\/\/www.fcbarcelonanoticias.com\/en\/fc-barcelona\/unexpected-situation-of-pablo-torre-what-decisions-will-hansi-flick-make_311647_102.html\" data-intl-links-es=\"https:\/\/www.fcbarcelonanoticias.com\/fc-barcelona\/sorprendente-situacion-pablo-torre-que-planes-tiene-hansi-flick_311647_102.html\" href=\"https:\/\/www.fcbarcelonanoticias.com\/en\/fc-barcelona\/unexpected-situation-of-pablo-torre-what-decisions-will-hansi-flick-make_311647_102.html\" rel=\"follow\" target=\"_self\" title=\"The surprising situation of Pablo Torre: What plans does Hansi Flick have?\">The Cantabrian has hardly featured for Hansi Flick this 2025<\/a> and is one of the fixed discards for the next season.<\/p>  <p>Rayo, for its part, is firm in demanding the full release clause, although it could consider a reduction if a player is included in the operation. <strong>Andrei has a contract until 2028, which gives the Madrid team some leverage in negotiations<\/strong>.<\/p>  <p>The inclusion of a player as a bargaining chip could be a solution, but <strong>Rayo Vallecano and Villarreal, which owns 50% of the player&#8217;s rights, are firm in their financial demands for now<\/strong>. In any case, we will have to wait until summer to see if the Romanian is the best option for Bar\u00e7a regarding right-backs.<\/p>  <h2>The pros and cons of Ratiu&#8217;s potential signing for Bar\u00e7a<\/h2>  <p><strong>Advantages of Ratiu over other potential targets for the right flank:<\/strong><\/p>  <ul> <li> <strong>Experience in La Liga<\/strong>: Ratiu has previous experience in La Liga, which would facilitate his adaptation to Bar\u00e7a.<\/li> \t<li> <strong>Defensive consistency<\/strong>: He has proven to be solid against fast wingers like Vinicius or Raphinha.<\/li> \t<li> <strong>Offensive capability<\/strong>: In addition to his defensive solidity, Ratiu also contributes to the attack, which fits with Bar\u00e7a&#8217;s dynamic style.<\/li> <\/ul> <p><strong>Challenges in the competition for Ratiu<\/strong><\/p>  <ul> <li> <strong>Interest from other teams<\/strong>: Besides Bar\u00e7a, teams like Napoli, Atl\u00e9tico de Madrid, and Tottenham are also interested in Ratiu.<\/li> \t<li> <strong>Release clause<\/strong>: The 25 million euro clause is an obstacle for Bar\u00e7a, which is looking for creative financial maneuvers to lower the transfer fee.<\/li> <\/ul> <p>In summary, Ratiu offers a combination of experience, defensive consistency, and offensive capability that makes him attractive for Bar\u00e7a. However, the competition for his signing and the price of his release clause are significant challenges.<\/p> ","protected":false},"excerpt":{"rendered":"<p>Andrei Ratiu: the new full-back for Bar\u00e7a? Discover the keys to his potential signing FC Barcelona has been closely monitoring Ratiu for months&nbsp;and its sporting director, Deco, is a big admirer of the player. Hansi Flick, for his part, has given his approval for the signing after evaluating his performance in the 2024-25 season. The [&hellip;]<\/p>\n","protected":false},"author":347,"featured_media":88848,"comment_status":"closed","ping_status":"open","sticky":false,"template":"","format":"standard","meta":{"_acf_changed":false,"inline_featured_image":false,"_nextfly_llmd_date_locked":false,"footnotes":""},"categories":[106,449],"tags":[335],"class_list":["post-88846","post","type-post","status-publish","format-standard","has-post-thumbnail","hentry","category-transfers","category-transfers-2","tag-deco"],"acf":[],"yoast_head":"<!-- This site is optimized with the Yoast SEO plugin v27.3 - https:\/\/yoast.com\/product\/yoast-seo-wordpress\/ -->\n<title>Andrei Ratiu approaches Bar\u00e7a: Confirmed signing or rumor?<\/title>\n<meta name=\"description\" content=\"Andrei Ratiu: the new full-back for Bar\u00e7a? Discover the keys to his potential signing\" \/>\n<meta name=\"robots\" content=\"index, follow, max-snippet:-1, max-image-preview:large, max-video-preview:-1\" \/>\n<link rel=\"canonical\" href=\"https:\/\/www.fcbarcelonanoticias.com\/en\/transfers\/andrei-ratiu-approaches-barcelona-confirmed-signing-or-rumor_311667_102.html\" \/>\n<meta property=\"og:locale\" content=\"en_US\" \/>\n<meta property=\"og:type\" content=\"article\" \/>\n<meta property=\"og:title\" content=\"Andrei Ratiu approaches Bar\u00e7a: Confirmed signing or rumor?\" \/>\n<meta property=\"og:description\" content=\"Andrei Ratiu: the new full-back for Bar\u00e7a? Discover the keys to his potential signing\" \/>\n<meta property=\"og:url\" content=\"https:\/\/www.fcbarcelonanoticias.com\/en\/transfers\/andrei-ratiu-approaches-barcelona-confirmed-signing-or-rumor_311667_102.html\" \/>\n<meta property=\"og:site_name\" content=\"EN - FC Barcelona Noticias\" \/>\n<meta property=\"article:published_time\" content=\"2025-03-22T20:41:00+00:00\" \/>\n<meta property=\"og:image\" content=\"https:\/\/www.fcbarcelonanoticias.com\/en\/wp-content\/uploads\/sites\/2\/2025\/03\/andrei-ratiu-rayo-vallecano.webp\" \/>\n\t<meta property=\"og:image:width\" content=\"1200\" \/>\n\t<meta property=\"og:image:height\" content=\"675\" \/>\n\t<meta property=\"og:image:type\" content=\"image\/webp\" \/>\n<meta name=\"author\" content=\"Andr\u00e9s Quiroz\" \/>\n<meta name=\"twitter:card\" content=\"summary_large_image\" \/>\n<meta name=\"twitter:label1\" content=\"Written by\" \/>\n\t<meta name=\"twitter:data1\" content=\"Andr\u00e9s Quiroz\" \/>\n\t<meta name=\"twitter:label2\" content=\"Est. reading time\" \/>\n\t<meta name=\"twitter:data2\" content=\"2 minutes\" \/>\n<script type=\"application\/ld+json\" class=\"yoast-schema-graph\">{\"@context\":\"https:\\\/\\\/schema.org\",\"@graph\":[{\"@type\":\"Article\",\"@id\":\"https:\\\/\\\/www.fcbarcelonanoticias.com\\\/en\\\/transfers\\\/andrei-ratiu-approaches-barcelona-confirmed-signing-or-rumor_311667_102.html#article\",\"isPartOf\":{\"@id\":\"https:\\\/\\\/www.fcbarcelonanoticias.com\\\/en\\\/transfers\\\/andrei-ratiu-approaches-barcelona-confirmed-signing-or-rumor_311667_102.html\"},\"author\":{\"name\":\"Andr\u00e9s Quiroz\",\"@id\":\"https:\\\/\\\/www.fcbarcelonanoticias.com\\\/en\\\/#\\\/schema\\\/person\\\/c2cd9f6fa1af5c0d0eccd0fefa575c88\"},\"headline\":\"Andrei Ratiu approaches FC Barcelona: Possible signing or just a market rumor?\",\"datePublished\":\"2025-03-22T20:41:00+00:00\",\"mainEntityOfPage\":{\"@id\":\"https:\\\/\\\/www.fcbarcelonanoticias.com\\\/en\\\/transfers\\\/andrei-ratiu-approaches-barcelona-confirmed-signing-or-rumor_311667_102.html\"},\"wordCount\":478,\"image\":{\"@id\":\"https:\\\/\\\/www.fcbarcelonanoticias.com\\\/en\\\/transfers\\\/andrei-ratiu-approaches-barcelona-confirmed-signing-or-rumor_311667_102.html#primaryimage\"},\"thumbnailUrl\":\"https:\\\/\\\/www.fcbarcelonanoticias.com\\\/en\\\/wp-content\\\/uploads\\\/sites\\\/2\\\/2025\\\/03\\\/andrei-ratiu-rayo-vallecano.webp\",\"keywords\":[\"Deco\"],\"articleSection\":[\"Transfers\",\"Transfers\"],\"inLanguage\":\"en-US\"},{\"@type\":\"WebPage\",\"@id\":\"https:\\\/\\\/www.fcbarcelonanoticias.com\\\/en\\\/transfers\\\/andrei-ratiu-approaches-barcelona-confirmed-signing-or-rumor_311667_102.html\",\"url\":\"https:\\\/\\\/www.fcbarcelonanoticias.com\\\/en\\\/transfers\\\/andrei-ratiu-approaches-barcelona-confirmed-signing-or-rumor_311667_102.html\",\"name\":\"Andrei Ratiu approaches Bar\u00e7a: Confirmed signing or rumor?\",\"isPartOf\":{\"@id\":\"https:\\\/\\\/www.fcbarcelonanoticias.com\\\/en\\\/#website\"},\"primaryImageOfPage\":{\"@id\":\"https:\\\/\\\/www.fcbarcelonanoticias.com\\\/en\\\/transfers\\\/andrei-ratiu-approaches-barcelona-confirmed-signing-or-rumor_311667_102.html#primaryimage\"},\"image\":{\"@id\":\"https:\\\/\\\/www.fcbarcelonanoticias.com\\\/en\\\/transfers\\\/andrei-ratiu-approaches-barcelona-confirmed-signing-or-rumor_311667_102.html#primaryimage\"},\"thumbnailUrl\":\"https:\\\/\\\/www.fcbarcelonanoticias.com\\\/en\\\/wp-content\\\/uploads\\\/sites\\\/2\\\/2025\\\/03\\\/andrei-ratiu-rayo-vallecano.webp\",\"datePublished\":\"2025-03-22T20:41:00+00:00\",\"author\":{\"@id\":\"https:\\\/\\\/www.fcbarcelonanoticias.com\\\/en\\\/#\\\/schema\\\/person\\\/c2cd9f6fa1af5c0d0eccd0fefa575c88\"},\"description\":\"Andrei Ratiu: the new full-back for Bar\u00e7a? Discover the keys to his potential signing\",\"breadcrumb\":{\"@id\":\"https:\\\/\\\/www.fcbarcelonanoticias.com\\\/en\\\/transfers\\\/andrei-ratiu-approaches-barcelona-confirmed-signing-or-rumor_311667_102.html#breadcrumb\"},\"inLanguage\":\"en-US\",\"potentialAction\":[{\"@type\":\"ReadAction\",\"target\":[\"https:\\\/\\\/www.fcbarcelonanoticias.com\\\/en\\\/transfers\\\/andrei-ratiu-approaches-barcelona-confirmed-signing-or-rumor_311667_102.html\"]}]},{\"@type\":\"ImageObject\",\"inLanguage\":\"en-US\",\"@id\":\"https:\\\/\\\/www.fcbarcelonanoticias.com\\\/en\\\/transfers\\\/andrei-ratiu-approaches-barcelona-confirmed-signing-or-rumor_311667_102.html#primaryimage\",\"url\":\"https:\\\/\\\/www.fcbarcelonanoticias.com\\\/en\\\/wp-content\\\/uploads\\\/sites\\\/2\\\/2025\\\/03\\\/andrei-ratiu-rayo-vallecano.webp\",\"contentUrl\":\"https:\\\/\\\/www.fcbarcelonanoticias.com\\\/en\\\/wp-content\\\/uploads\\\/sites\\\/2\\\/2025\\\/03\\\/andrei-ratiu-rayo-vallecano.webp\",\"width\":1200,\"height\":675},{\"@type\":\"BreadcrumbList\",\"@id\":\"https:\\\/\\\/www.fcbarcelonanoticias.com\\\/en\\\/transfers\\\/andrei-ratiu-approaches-barcelona-confirmed-signing-or-rumor_311667_102.html#breadcrumb\",\"itemListElement\":[{\"@type\":\"ListItem\",\"position\":1,\"name\":\"Portada\",\"item\":\"https:\\\/\\\/www.fcbarcelonanoticias.com\\\/en\\\/\"},{\"@type\":\"ListItem\",\"position\":2,\"name\":\"Andrei Ratiu approaches FC Barcelona: Possible signing or just a market rumor?\"}]},{\"@type\":\"WebSite\",\"@id\":\"https:\\\/\\\/www.fcbarcelonanoticias.com\\\/en\\\/#website\",\"url\":\"https:\\\/\\\/www.fcbarcelonanoticias.com\\\/en\\\/\",\"name\":\"EN - FC Barcelona Noticias\",\"description\":\"\",\"potentialAction\":[{\"@type\":\"SearchAction\",\"target\":{\"@type\":\"EntryPoint\",\"urlTemplate\":\"https:\\\/\\\/www.fcbarcelonanoticias.com\\\/en\\\/?s={search_term_string}\"},\"query-input\":{\"@type\":\"PropertyValueSpecification\",\"valueRequired\":true,\"valueName\":\"search_term_string\"}}],\"inLanguage\":\"en-US\"},{\"@type\":\"Person\",\"@id\":\"https:\\\/\\\/www.fcbarcelonanoticias.com\\\/en\\\/#\\\/schema\\\/person\\\/c2cd9f6fa1af5c0d0eccd0fefa575c88\",\"name\":\"Andr\u00e9s Quiroz\",\"image\":{\"@type\":\"ImageObject\",\"inLanguage\":\"en-US\",\"@id\":\"https:\\\/\\\/secure.gravatar.com\\\/avatar\\\/?s=96&d=mm&r=g\",\"url\":\"https:\\\/\\\/secure.gravatar.com\\\/avatar\\\/?s=96&d=mm&r=g\",\"contentUrl\":\"https:\\\/\\\/secure.gravatar.com\\\/avatar\\\/?s=96&d=mm&r=g\",\"caption\":\"Andr\u00e9s Quiroz\"},\"description\":\"Licenciado en Periodismo por la Universidad de los Andes. Me encargo de analizar y compartir los contenidos m\u00e1s destacados de la\u00a0actualidad del F\u00fatbol Club Barcelona, Mercado de Fichajes y F\u00fatbol Internacional en FCBN. La informaci\u00f3n es poder, pero tambi\u00e9n conocimiento.\",\"url\":\"https:\\\/\\\/www.fcbarcelonanoticias.com\\\/en\\\/fc-barcelona\\\/andres-quiroz_17_115.html\"}]}<\/script>\n<!-- \/ Yoast SEO plugin. -->","yoast_head_json":{"title":"Andrei Ratiu approaches Bar\u00e7a: Confirmed signing or rumor?","description":"Andrei Ratiu: the new full-back for Bar\u00e7a? Discover the keys to his potential signing","robots":{"index":"index","follow":"follow","max-snippet":"max-snippet:-1","max-image-preview":"max-image-preview:large","max-video-preview":"max-video-preview:-1"},"canonical":"https:\/\/www.fcbarcelonanoticias.com\/en\/transfers\/andrei-ratiu-approaches-barcelona-confirmed-signing-or-rumor_311667_102.html","og_locale":"en_US","og_type":"article","og_title":"Andrei Ratiu approaches Bar\u00e7a: Confirmed signing or rumor?","og_description":"Andrei Ratiu: the new full-back for Bar\u00e7a? Discover the keys to his potential signing","og_url":"https:\/\/www.fcbarcelonanoticias.com\/en\/transfers\/andrei-ratiu-approaches-barcelona-confirmed-signing-or-rumor_311667_102.html","og_site_name":"EN - FC Barcelona Noticias","article_published_time":"2025-03-22T20:41:00+00:00","og_image":[{"width":1200,"height":675,"url":"https:\/\/www.fcbarcelonanoticias.com\/en\/wp-content\/uploads\/sites\/2\/2025\/03\/andrei-ratiu-rayo-vallecano.webp","type":"image\/webp"}],"author":"Andr\u00e9s Quiroz","twitter_card":"summary_large_image","twitter_misc":{"Written by":"Andr\u00e9s Quiroz","Est. reading time":"2 minutes"},"schema":{"@context":"https:\/\/schema.org","@graph":[{"@type":"Article","@id":"https:\/\/www.fcbarcelonanoticias.com\/en\/transfers\/andrei-ratiu-approaches-barcelona-confirmed-signing-or-rumor_311667_102.html#article","isPartOf":{"@id":"https:\/\/www.fcbarcelonanoticias.com\/en\/transfers\/andrei-ratiu-approaches-barcelona-confirmed-signing-or-rumor_311667_102.html"},"author":{"name":"Andr\u00e9s Quiroz","@id":"https:\/\/www.fcbarcelonanoticias.com\/en\/#\/schema\/person\/c2cd9f6fa1af5c0d0eccd0fefa575c88"},"headline":"Andrei Ratiu approaches FC Barcelona: Possible signing or just a market rumor?","datePublished":"2025-03-22T20:41:00+00:00","mainEntityOfPage":{"@id":"https:\/\/www.fcbarcelonanoticias.com\/en\/transfers\/andrei-ratiu-approaches-barcelona-confirmed-signing-or-rumor_311667_102.html"},"wordCount":478,"image":{"@id":"https:\/\/www.fcbarcelonanoticias.com\/en\/transfers\/andrei-ratiu-approaches-barcelona-confirmed-signing-or-rumor_311667_102.html#primaryimage"},"thumbnailUrl":"https:\/\/www.fcbarcelonanoticias.com\/en\/wp-content\/uploads\/sites\/2\/2025\/03\/andrei-ratiu-rayo-vallecano.webp","keywords":["Deco"],"articleSection":["Transfers","Transfers"],"inLanguage":"en-US"},{"@type":"WebPage","@id":"https:\/\/www.fcbarcelonanoticias.com\/en\/transfers\/andrei-ratiu-approaches-barcelona-confirmed-signing-or-rumor_311667_102.html","url":"https:\/\/www.fcbarcelonanoticias.com\/en\/transfers\/andrei-ratiu-approaches-barcelona-confirmed-signing-or-rumor_311667_102.html","name":"Andrei Ratiu approaches Bar\u00e7a: Confirmed signing or rumor?","isPartOf":{"@id":"https:\/\/www.fcbarcelonanoticias.com\/en\/#website"},"primaryImageOfPage":{"@id":"https:\/\/www.fcbarcelonanoticias.com\/en\/transfers\/andrei-ratiu-approaches-barcelona-confirmed-signing-or-rumor_311667_102.html#primaryimage"},"image":{"@id":"https:\/\/www.fcbarcelonanoticias.com\/en\/transfers\/andrei-ratiu-approaches-barcelona-confirmed-signing-or-rumor_311667_102.html#primaryimage"},"thumbnailUrl":"https:\/\/www.fcbarcelonanoticias.com\/en\/wp-content\/uploads\/sites\/2\/2025\/03\/andrei-ratiu-rayo-vallecano.webp","datePublished":"2025-03-22T20:41:00+00:00","author":{"@id":"https:\/\/www.fcbarcelonanoticias.com\/en\/#\/schema\/person\/c2cd9f6fa1af5c0d0eccd0fefa575c88"},"description":"Andrei Ratiu: the new full-back for Bar\u00e7a? Discover the keys to his potential signing","breadcrumb":{"@id":"https:\/\/www.fcbarcelonanoticias.com\/en\/transfers\/andrei-ratiu-approaches-barcelona-confirmed-signing-or-rumor_311667_102.html#breadcrumb"},"inLanguage":"en-US","potentialAction":[{"@type":"ReadAction","target":["https:\/\/www.fcbarcelonanoticias.com\/en\/transfers\/andrei-ratiu-approaches-barcelona-confirmed-signing-or-rumor_311667_102.html"]}]},{"@type":"ImageObject","inLanguage":"en-US","@id":"https:\/\/www.fcbarcelonanoticias.com\/en\/transfers\/andrei-ratiu-approaches-barcelona-confirmed-signing-or-rumor_311667_102.html#primaryimage","url":"https:\/\/www.fcbarcelonanoticias.com\/en\/wp-content\/uploads\/sites\/2\/2025\/03\/andrei-ratiu-rayo-vallecano.webp","contentUrl":"https:\/\/www.fcbarcelonanoticias.com\/en\/wp-content\/uploads\/sites\/2\/2025\/03\/andrei-ratiu-rayo-vallecano.webp","width":1200,"height":675},{"@type":"BreadcrumbList","@id":"https:\/\/www.fcbarcelonanoticias.com\/en\/transfers\/andrei-ratiu-approaches-barcelona-confirmed-signing-or-rumor_311667_102.html#breadcrumb","itemListElement":[{"@type":"ListItem","position":1,"name":"Portada","item":"https:\/\/www.fcbarcelonanoticias.com\/en\/"},{"@type":"ListItem","position":2,"name":"Andrei Ratiu approaches FC Barcelona: Possible signing or just a market rumor?"}]},{"@type":"WebSite","@id":"https:\/\/www.fcbarcelonanoticias.com\/en\/#website","url":"https:\/\/www.fcbarcelonanoticias.com\/en\/","name":"EN - FC Barcelona Noticias","description":"","potentialAction":[{"@type":"SearchAction","target":{"@type":"EntryPoint","urlTemplate":"https:\/\/www.fcbarcelonanoticias.com\/en\/?s={search_term_string}"},"query-input":{"@type":"PropertyValueSpecification","valueRequired":true,"valueName":"search_term_string"}}],"inLanguage":"en-US"},{"@type":"Person","@id":"https:\/\/www.fcbarcelonanoticias.com\/en\/#\/schema\/person\/c2cd9f6fa1af5c0d0eccd0fefa575c88","name":"Andr\u00e9s Quiroz","image":{"@type":"ImageObject","inLanguage":"en-US","@id":"https:\/\/secure.gravatar.com\/avatar\/?s=96&d=mm&r=g","url":"https:\/\/secure.gravatar.com\/avatar\/?s=96&d=mm&r=g","contentUrl":"https:\/\/secure.gravatar.com\/avatar\/?s=96&d=mm&r=g","caption":"Andr\u00e9s Quiroz"},"description":"Licenciado en Periodismo por la Universidad de los Andes. Me encargo de analizar y compartir los contenidos m\u00e1s destacados de la\u00a0actualidad del F\u00fatbol Club Barcelona, Mercado de Fichajes y F\u00fatbol Internacional en FCBN. La informaci\u00f3n es poder, pero tambi\u00e9n conocimiento.","url":"https:\/\/www.fcbarcelonanoticias.com\/en\/fc-barcelona\/andres-quiroz_17_115.html"}]}},"_links":{"self":[{"href":"https:\/\/www.fcbarcelonanoticias.com\/en\/wp-json\/wp\/v2\/posts\/88846","targetHints":{"allow":["GET"]}}],"collection":[{"href":"https:\/\/www.fcbarcelonanoticias.com\/en\/wp-json\/wp\/v2\/posts"}],"about":[{"href":"https:\/\/www.fcbarcelonanoticias.com\/en\/wp-json\/wp\/v2\/types\/post"}],"author":[{"embeddable":true,"href":"https:\/\/www.fcbarcelonanoticias.com\/en\/wp-json\/wp\/v2\/users\/347"}],"replies":[{"embeddable":true,"href":"https:\/\/www.fcbarcelonanoticias.com\/en\/wp-json\/wp\/v2\/comments?post=88846"}],"version-history":[{"count":1,"href":"https:\/\/www.fcbarcelonanoticias.com\/en\/wp-json\/wp\/v2\/posts\/88846\/revisions"}],"predecessor-version":[{"id":92362,"href":"https:\/\/www.fcbarcelonanoticias.com\/en\/wp-json\/wp\/v2\/posts\/88846\/revisions\/92362"}],"wp:featuredmedia":[{"embeddable":true,"href":"https:\/\/www.fcbarcelonanoticias.com\/en\/wp-json\/wp\/v2\/media\/88848"}],"wp:attachment":[{"href":"https:\/\/www.fcbarcelonanoticias.com\/en\/wp-json\/wp\/v2\/media?parent=88846"}],"wp:term":[{"taxonomy":"category","embeddable":true,"href":"https:\/\/www.fcbarcelonanoticias.com\/en\/wp-json\/wp\/v2\/categories?post=88846"},{"taxonomy":"post_tag","embeddable":true,"href":"https:\/\/www.fcbarcelonanoticias.com\/en\/wp-json\/wp\/v2\/tags?post=88846"}],"curies":[{"name":"wp","href":"https:\/\/api.w.org\/{rel}","templated":true}]}}