{"id":89110,"date":"2022-07-02T01:18:00","date_gmt":"2022-07-01T23:18:00","guid":{"rendered":"https:\/\/weisetech.dev\/fc-barcelona-noticias\/en\/200-million-sign-es-plan-market-barcelona_281800_102\/"},"modified":"2022-07-02T10:24:00","modified_gmt":"2022-07-02T08:24:00","slug":"200-million-sign-es-plan-market-barcelona_281800_102","status":"publish","type":"post","link":"https:\/\/www.fcbarcelonanoticias.com\/en\/transfers\/200-million-sign-es-plan-market-barcelona_281800_102.html","title":{"rendered":"200 million to sign: This is Bar\u00e7a&#8217;s market plan"},"content":{"rendered":"<h2 class=\"wp-block-heading\">FC Barcelona will have around 200 million euros available to reinforce its squad for the 2022-2023 season and at the Spotify Camp Nou they have a very defined roadmap<\/h2>  \r\n<div class=\"article-addons\">\r\n    <a href=\"https:\/\/www.fcbarcelonanoticias.com\/en\/calendar-fc-barcelona.html\"\r\n       target=\"_self\"\r\n       title=\"Calendar of FC Barcelona\"\r\n       class=\"blue-gredient-btn\">\r\n       \r\n        Calendar of FC Barcelona    <\/a>\r\n<\/div>   <p><strong>This month of July is decisive for the <a data-external=\"0\" data-intl-links-en=\"https:\/\/www.fcbarcelonanoticias.com\/en\/fc-barcelona\" data-intl-links-es=\"https:\/\/www.fcbarcelonanoticias.com\/fc-barcelona\" href=\"https:\/\/www.fcbarcelonanoticias.com\/en\/football-soccer\/fc-barcelona.html\" rel=\"follow\" target=\"_self\" title=\"FC Barcelona\">FC Barcelona<\/a>.<\/strong> After selling 10% of the television rights by the next 25 years at a rate of 207,5 million euros to finish the exercise 2021-22 with profits, from the dispatches of the Barcelona club prepare to give a hit in the market of signings and will have to disposal an important figure to complete the mission to reinforce the staff with the players that has asked Xavi Hern\u00e1ndez.<\/p>  <p>Of agreement to the information of &#8216;RAC1&#8217;, the intencion of the Bar\u00e7a is to sell in the next two weeks -before it initiate turns it by United States- <strong>15% remaining of the television rights by 400 millions <\/strong>to complete an injection of a total 600 &#8216;kilos&#8217; to the arks of the club, whereas they will not attack immediately the sales of BLM or Bar\u00e7a Studios. These operations will leave to the Barcelona with 200M to invest in the market of signings, that already has initiated this 1 July.<\/p>  <p>Mateu Alemany, director of the area of football of the Bar\u00e7a and the one who is carrying all the operations in the market, already is conscious of how much will have to disposal to invest and now works in the leaf of route of the cul\u00e9s in the market, in which there are a few proper names. <strong>Robert Lewandowski, Raphinha and Jules Kound\u00e9 are the big priorities<\/strong> and will suppose a very important outlay, but from the club work in the incorporation of <strong>Marcos Alonso and C\u00e9sar Azpilicueta,<\/strong> in two operations &#8216;low cost&#8217;, in addition to the free signings of <strong>Frack Kessi\u00e9 and Andreas Christensen. <\/strong><\/p>  <p>The next two weeks aim to be keys to resolve all the folders of the possible signings of the Bar\u00e7a, that will not be simple. In the case of Lewandowski, follow waiting for that the Bayern want to yield to sell it.<strong> The Barcelona sent a proposal of 40 million fixed euros more five in variables<\/strong> and was refused, but this Friday informed that they will not present a new and that trust that the Bavarians will finish yielding.<\/p>  <p>The Polish attacker is the big priority of Xavi Hern\u00e1ndez. In case that recale in the Spotify Camp Nou, will turn into the big leader of the Barcelona forward. The staff technical trusts that it will be the piece faltante so that the team recover the fault of goal that has had in the last season, from the exit of Leo Messi.<strong> Lewandowski Comes to annotate 50 goals with the Bayern<\/strong> in the 21-22 and is the best antidote to the drought goleadora of the Catalans.<\/p>  <h3>The rest of the operations of the Bar\u00e7a<\/h3>  <p>In the club also see important the signing of Raphinha, the one who <a data-external=\"0\" data-intl-links-en=\"https:\/\/www.fcbarcelonanoticias.com\/en\/transfers\/dembele-raphinha-compatible-in-barcelona-xavi_281798_102.html\" data-intl-links-es=\"https:\/\/www.fcbarcelonanoticias.com\/fichajes\/dembele-raphinha-compatibles-en-barcelona-xavi_281798_102.html\" href=\"https:\/\/www.fcbarcelonanoticias.com\/en\/transfers\/dembele-raphinha-compatible-in-barcelona-xavi_281798_102.html\" rel=\"follow\" target=\"_self\" title=\"Demb\u00e9l\u00e9 y Raphinha, compatibles en el Bar\u00e7a de Xavi\">would be compatible with Ousmane Demb\u00e9l\u00e9<\/a> in case that the French finish remaining. In the last hours has desvelado that have sent an offer to the Leeds United that <strong>round the 55 million fixed euros more five in variables<\/strong>, but the English picture insists in traspasarlo to Chelsea, that has presented a better proposal.<\/p>  <p>Jules Kound\u00e9, on the other hand, are still in &#8216;stand by&#8217; and the Bar\u00e7a expects to offer only 45 million euros by him. The Seville still has not given answer and will turn into one of the big &#8216;serials&#8217; of this summer. In another situation, quite different, are Marcos Alonso and C\u00e9sar Azpilicueta, those who are expecting that<strong> they give them green light from the Stamford Bridge<\/strong> to be able to fichar by the Barcelona group.<\/p> ","protected":false},"excerpt":{"rendered":"<p>FC Barcelona will have around 200 million euros available to reinforce its squad for the 2022-2023 season and at the Spotify Camp Nou they have a very defined roadmap This month of July is decisive for the FC Barcelona. After selling 10% of the television rights by the next 25 years at a rate of [&hellip;]<\/p>\n","protected":false},"author":352,"featured_media":377,"comment_status":"closed","ping_status":"open","sticky":false,"template":"","format":"standard","meta":{"_acf_changed":false,"inline_featured_image":false,"_nextfly_llmd_date_locked":false,"footnotes":""},"categories":[449,106],"tags":[158],"class_list":["post-89110","post","type-post","status-publish","format-standard","has-post-thumbnail","hentry","category-transfers-2","category-transfers","tag-joan-laporta"],"acf":[],"yoast_head":"<!-- This site is optimized with the Yoast SEO plugin v27.3 - https:\/\/yoast.com\/product\/yoast-seo-wordpress\/ -->\n<title>200 millions for fichar: Like this it is the plan of market of the Bar\u00e7a<\/title>\n<meta name=\"description\" content=\"The FC Barcelona will have to disposal around 200 million euros to reinforce his staff of face to the season 2022-2023 and in the Spotify Camp Nou...\" \/>\n<meta name=\"robots\" content=\"index, follow, max-snippet:-1, max-image-preview:large, max-video-preview:-1\" \/>\n<link rel=\"canonical\" href=\"https:\/\/www.fcbarcelonanoticias.com\/en\/transfers\/200-million-sign-es-plan-market-barcelona_281800_102.html\" \/>\n<meta property=\"og:locale\" content=\"en_US\" \/>\n<meta property=\"og:type\" content=\"article\" \/>\n<meta property=\"og:title\" content=\"200 millions for fichar: Like this it is the plan of market of the Bar\u00e7a\" \/>\n<meta property=\"og:description\" content=\"The FC Barcelona will have to disposal around 200 million euros to reinforce his staff of face to the season 2022-2023 and in the Spotify Camp Nou...\" \/>\n<meta property=\"og:url\" content=\"https:\/\/www.fcbarcelonanoticias.com\/en\/transfers\/200-million-sign-es-plan-market-barcelona_281800_102.html\" \/>\n<meta property=\"og:site_name\" content=\"EN - FC Barcelona Noticias\" \/>\n<meta property=\"article:published_time\" content=\"2022-07-01T23:18:00+00:00\" \/>\n<meta property=\"article:modified_time\" content=\"2022-07-02T08:24:00+00:00\" \/>\n<meta property=\"og:image\" content=\"https:\/\/www.fcbarcelonanoticias.com\/en\/wp-content\/uploads\/sites\/2\/2022\/10\/joan-laporta-presidente-del-fc-barcelona.jpeg\" \/>\n\t<meta property=\"og:image:width\" content=\"1200\" \/>\n\t<meta property=\"og:image:height\" content=\"675\" \/>\n\t<meta property=\"og:image:type\" content=\"image\/jpeg\" \/>\n<meta name=\"author\" content=\"Paola Guevara\" \/>\n<meta name=\"twitter:card\" content=\"summary_large_image\" \/>\n<meta name=\"twitter:label1\" content=\"Written by\" \/>\n\t<meta name=\"twitter:data1\" content=\"Paola Guevara\" \/>\n\t<meta name=\"twitter:label2\" content=\"Est. reading time\" \/>\n\t<meta name=\"twitter:data2\" content=\"3 minutes\" \/>\n<script type=\"application\/ld+json\" class=\"yoast-schema-graph\">{\"@context\":\"https:\\\/\\\/schema.org\",\"@graph\":[{\"@type\":\"Article\",\"@id\":\"https:\\\/\\\/www.fcbarcelonanoticias.com\\\/en\\\/transfers\\\/200-million-sign-es-plan-market-barcelona_281800_102.html#article\",\"isPartOf\":{\"@id\":\"https:\\\/\\\/www.fcbarcelonanoticias.com\\\/en\\\/transfers\\\/200-million-sign-es-plan-market-barcelona_281800_102.html\"},\"author\":{\"name\":\"Paola Guevara\",\"@id\":\"https:\\\/\\\/www.fcbarcelonanoticias.com\\\/en\\\/#\\\/schema\\\/person\\\/3b408513ee236e64c3043ec901f019ee\"},\"headline\":\"200 million to sign: This is Bar\u00e7a&#8217;s market plan\",\"datePublished\":\"2022-07-01T23:18:00+00:00\",\"dateModified\":\"2022-07-02T08:24:00+00:00\",\"mainEntityOfPage\":{\"@id\":\"https:\\\/\\\/www.fcbarcelonanoticias.com\\\/en\\\/transfers\\\/200-million-sign-es-plan-market-barcelona_281800_102.html\"},\"wordCount\":625,\"image\":{\"@id\":\"https:\\\/\\\/www.fcbarcelonanoticias.com\\\/en\\\/transfers\\\/200-million-sign-es-plan-market-barcelona_281800_102.html#primaryimage\"},\"thumbnailUrl\":\"https:\\\/\\\/www.fcbarcelonanoticias.com\\\/en\\\/wp-content\\\/uploads\\\/sites\\\/2\\\/2022\\\/10\\\/joan-laporta-presidente-del-fc-barcelona.jpeg\",\"keywords\":[\"Joan Laporta\"],\"articleSection\":[\"Transfers\",\"Transfers\"],\"inLanguage\":\"en-US\"},{\"@type\":\"WebPage\",\"@id\":\"https:\\\/\\\/www.fcbarcelonanoticias.com\\\/en\\\/transfers\\\/200-million-sign-es-plan-market-barcelona_281800_102.html\",\"url\":\"https:\\\/\\\/www.fcbarcelonanoticias.com\\\/en\\\/transfers\\\/200-million-sign-es-plan-market-barcelona_281800_102.html\",\"name\":\"200 millions for fichar: Like this it is the plan of market of the Bar\u00e7a\",\"isPartOf\":{\"@id\":\"https:\\\/\\\/www.fcbarcelonanoticias.com\\\/en\\\/#website\"},\"primaryImageOfPage\":{\"@id\":\"https:\\\/\\\/www.fcbarcelonanoticias.com\\\/en\\\/transfers\\\/200-million-sign-es-plan-market-barcelona_281800_102.html#primaryimage\"},\"image\":{\"@id\":\"https:\\\/\\\/www.fcbarcelonanoticias.com\\\/en\\\/transfers\\\/200-million-sign-es-plan-market-barcelona_281800_102.html#primaryimage\"},\"thumbnailUrl\":\"https:\\\/\\\/www.fcbarcelonanoticias.com\\\/en\\\/wp-content\\\/uploads\\\/sites\\\/2\\\/2022\\\/10\\\/joan-laporta-presidente-del-fc-barcelona.jpeg\",\"datePublished\":\"2022-07-01T23:18:00+00:00\",\"dateModified\":\"2022-07-02T08:24:00+00:00\",\"author\":{\"@id\":\"https:\\\/\\\/www.fcbarcelonanoticias.com\\\/en\\\/#\\\/schema\\\/person\\\/3b408513ee236e64c3043ec901f019ee\"},\"description\":\"The FC Barcelona will have to disposal around 200 million euros to reinforce his staff of face to the season 2022-2023 and in the Spotify Camp Nou...\",\"breadcrumb\":{\"@id\":\"https:\\\/\\\/www.fcbarcelonanoticias.com\\\/en\\\/transfers\\\/200-million-sign-es-plan-market-barcelona_281800_102.html#breadcrumb\"},\"inLanguage\":\"en-US\",\"potentialAction\":[{\"@type\":\"ReadAction\",\"target\":[\"https:\\\/\\\/www.fcbarcelonanoticias.com\\\/en\\\/transfers\\\/200-million-sign-es-plan-market-barcelona_281800_102.html\"]}]},{\"@type\":\"ImageObject\",\"inLanguage\":\"en-US\",\"@id\":\"https:\\\/\\\/www.fcbarcelonanoticias.com\\\/en\\\/transfers\\\/200-million-sign-es-plan-market-barcelona_281800_102.html#primaryimage\",\"url\":\"https:\\\/\\\/www.fcbarcelonanoticias.com\\\/en\\\/wp-content\\\/uploads\\\/sites\\\/2\\\/2022\\\/10\\\/joan-laporta-presidente-del-fc-barcelona.jpeg\",\"contentUrl\":\"https:\\\/\\\/www.fcbarcelonanoticias.com\\\/en\\\/wp-content\\\/uploads\\\/sites\\\/2\\\/2022\\\/10\\\/joan-laporta-presidente-del-fc-barcelona.jpeg\",\"width\":1200,\"height\":675},{\"@type\":\"BreadcrumbList\",\"@id\":\"https:\\\/\\\/www.fcbarcelonanoticias.com\\\/en\\\/transfers\\\/200-million-sign-es-plan-market-barcelona_281800_102.html#breadcrumb\",\"itemListElement\":[{\"@type\":\"ListItem\",\"position\":1,\"name\":\"Portada\",\"item\":\"https:\\\/\\\/www.fcbarcelonanoticias.com\\\/en\\\/\"},{\"@type\":\"ListItem\",\"position\":2,\"name\":\"200 million to sign: This is Bar\u00e7a&#8217;s market plan\"}]},{\"@type\":\"WebSite\",\"@id\":\"https:\\\/\\\/www.fcbarcelonanoticias.com\\\/en\\\/#website\",\"url\":\"https:\\\/\\\/www.fcbarcelonanoticias.com\\\/en\\\/\",\"name\":\"EN - FC Barcelona Noticias\",\"description\":\"\",\"potentialAction\":[{\"@type\":\"SearchAction\",\"target\":{\"@type\":\"EntryPoint\",\"urlTemplate\":\"https:\\\/\\\/www.fcbarcelonanoticias.com\\\/en\\\/?s={search_term_string}\"},\"query-input\":{\"@type\":\"PropertyValueSpecification\",\"valueRequired\":true,\"valueName\":\"search_term_string\"}}],\"inLanguage\":\"en-US\"},{\"@type\":\"Person\",\"@id\":\"https:\\\/\\\/www.fcbarcelonanoticias.com\\\/en\\\/#\\\/schema\\\/person\\\/3b408513ee236e64c3043ec901f019ee\",\"name\":\"Paola Guevara\",\"image\":{\"@type\":\"ImageObject\",\"inLanguage\":\"en-US\",\"@id\":\"https:\\\/\\\/secure.gravatar.com\\\/avatar\\\/?s=96&d=mm&r=g\",\"url\":\"https:\\\/\\\/secure.gravatar.com\\\/avatar\\\/?s=96&d=mm&r=g\",\"contentUrl\":\"https:\\\/\\\/secure.gravatar.com\\\/avatar\\\/?s=96&d=mm&r=g\",\"caption\":\"Paola Guevara\"},\"url\":\"https:\\\/\\\/www.fcbarcelonanoticias.com\\\/en\\\/fc-barcelona\\\/paola-guevara_9_115.html\"}]}<\/script>\n<!-- \/ Yoast SEO plugin. -->","yoast_head_json":{"title":"200 millions for fichar: Like this it is the plan of market of the Bar\u00e7a","description":"The FC Barcelona will have to disposal around 200 million euros to reinforce his staff of face to the season 2022-2023 and in the Spotify Camp Nou...","robots":{"index":"index","follow":"follow","max-snippet":"max-snippet:-1","max-image-preview":"max-image-preview:large","max-video-preview":"max-video-preview:-1"},"canonical":"https:\/\/www.fcbarcelonanoticias.com\/en\/transfers\/200-million-sign-es-plan-market-barcelona_281800_102.html","og_locale":"en_US","og_type":"article","og_title":"200 millions for fichar: Like this it is the plan of market of the Bar\u00e7a","og_description":"The FC Barcelona will have to disposal around 200 million euros to reinforce his staff of face to the season 2022-2023 and in the Spotify Camp Nou...","og_url":"https:\/\/www.fcbarcelonanoticias.com\/en\/transfers\/200-million-sign-es-plan-market-barcelona_281800_102.html","og_site_name":"EN - FC Barcelona Noticias","article_published_time":"2022-07-01T23:18:00+00:00","article_modified_time":"2022-07-02T08:24:00+00:00","og_image":[{"width":1200,"height":675,"url":"https:\/\/www.fcbarcelonanoticias.com\/en\/wp-content\/uploads\/sites\/2\/2022\/10\/joan-laporta-presidente-del-fc-barcelona.jpeg","type":"image\/jpeg"}],"author":"Paola Guevara","twitter_card":"summary_large_image","twitter_misc":{"Written by":"Paola Guevara","Est. reading time":"3 minutes"},"schema":{"@context":"https:\/\/schema.org","@graph":[{"@type":"Article","@id":"https:\/\/www.fcbarcelonanoticias.com\/en\/transfers\/200-million-sign-es-plan-market-barcelona_281800_102.html#article","isPartOf":{"@id":"https:\/\/www.fcbarcelonanoticias.com\/en\/transfers\/200-million-sign-es-plan-market-barcelona_281800_102.html"},"author":{"name":"Paola Guevara","@id":"https:\/\/www.fcbarcelonanoticias.com\/en\/#\/schema\/person\/3b408513ee236e64c3043ec901f019ee"},"headline":"200 million to sign: This is Bar\u00e7a&#8217;s market plan","datePublished":"2022-07-01T23:18:00+00:00","dateModified":"2022-07-02T08:24:00+00:00","mainEntityOfPage":{"@id":"https:\/\/www.fcbarcelonanoticias.com\/en\/transfers\/200-million-sign-es-plan-market-barcelona_281800_102.html"},"wordCount":625,"image":{"@id":"https:\/\/www.fcbarcelonanoticias.com\/en\/transfers\/200-million-sign-es-plan-market-barcelona_281800_102.html#primaryimage"},"thumbnailUrl":"https:\/\/www.fcbarcelonanoticias.com\/en\/wp-content\/uploads\/sites\/2\/2022\/10\/joan-laporta-presidente-del-fc-barcelona.jpeg","keywords":["Joan Laporta"],"articleSection":["Transfers","Transfers"],"inLanguage":"en-US"},{"@type":"WebPage","@id":"https:\/\/www.fcbarcelonanoticias.com\/en\/transfers\/200-million-sign-es-plan-market-barcelona_281800_102.html","url":"https:\/\/www.fcbarcelonanoticias.com\/en\/transfers\/200-million-sign-es-plan-market-barcelona_281800_102.html","name":"200 millions for fichar: Like this it is the plan of market of the Bar\u00e7a","isPartOf":{"@id":"https:\/\/www.fcbarcelonanoticias.com\/en\/#website"},"primaryImageOfPage":{"@id":"https:\/\/www.fcbarcelonanoticias.com\/en\/transfers\/200-million-sign-es-plan-market-barcelona_281800_102.html#primaryimage"},"image":{"@id":"https:\/\/www.fcbarcelonanoticias.com\/en\/transfers\/200-million-sign-es-plan-market-barcelona_281800_102.html#primaryimage"},"thumbnailUrl":"https:\/\/www.fcbarcelonanoticias.com\/en\/wp-content\/uploads\/sites\/2\/2022\/10\/joan-laporta-presidente-del-fc-barcelona.jpeg","datePublished":"2022-07-01T23:18:00+00:00","dateModified":"2022-07-02T08:24:00+00:00","author":{"@id":"https:\/\/www.fcbarcelonanoticias.com\/en\/#\/schema\/person\/3b408513ee236e64c3043ec901f019ee"},"description":"The FC Barcelona will have to disposal around 200 million euros to reinforce his staff of face to the season 2022-2023 and in the Spotify Camp Nou...","breadcrumb":{"@id":"https:\/\/www.fcbarcelonanoticias.com\/en\/transfers\/200-million-sign-es-plan-market-barcelona_281800_102.html#breadcrumb"},"inLanguage":"en-US","potentialAction":[{"@type":"ReadAction","target":["https:\/\/www.fcbarcelonanoticias.com\/en\/transfers\/200-million-sign-es-plan-market-barcelona_281800_102.html"]}]},{"@type":"ImageObject","inLanguage":"en-US","@id":"https:\/\/www.fcbarcelonanoticias.com\/en\/transfers\/200-million-sign-es-plan-market-barcelona_281800_102.html#primaryimage","url":"https:\/\/www.fcbarcelonanoticias.com\/en\/wp-content\/uploads\/sites\/2\/2022\/10\/joan-laporta-presidente-del-fc-barcelona.jpeg","contentUrl":"https:\/\/www.fcbarcelonanoticias.com\/en\/wp-content\/uploads\/sites\/2\/2022\/10\/joan-laporta-presidente-del-fc-barcelona.jpeg","width":1200,"height":675},{"@type":"BreadcrumbList","@id":"https:\/\/www.fcbarcelonanoticias.com\/en\/transfers\/200-million-sign-es-plan-market-barcelona_281800_102.html#breadcrumb","itemListElement":[{"@type":"ListItem","position":1,"name":"Portada","item":"https:\/\/www.fcbarcelonanoticias.com\/en\/"},{"@type":"ListItem","position":2,"name":"200 million to sign: This is Bar\u00e7a&#8217;s market plan"}]},{"@type":"WebSite","@id":"https:\/\/www.fcbarcelonanoticias.com\/en\/#website","url":"https:\/\/www.fcbarcelonanoticias.com\/en\/","name":"EN - FC Barcelona Noticias","description":"","potentialAction":[{"@type":"SearchAction","target":{"@type":"EntryPoint","urlTemplate":"https:\/\/www.fcbarcelonanoticias.com\/en\/?s={search_term_string}"},"query-input":{"@type":"PropertyValueSpecification","valueRequired":true,"valueName":"search_term_string"}}],"inLanguage":"en-US"},{"@type":"Person","@id":"https:\/\/www.fcbarcelonanoticias.com\/en\/#\/schema\/person\/3b408513ee236e64c3043ec901f019ee","name":"Paola Guevara","image":{"@type":"ImageObject","inLanguage":"en-US","@id":"https:\/\/secure.gravatar.com\/avatar\/?s=96&d=mm&r=g","url":"https:\/\/secure.gravatar.com\/avatar\/?s=96&d=mm&r=g","contentUrl":"https:\/\/secure.gravatar.com\/avatar\/?s=96&d=mm&r=g","caption":"Paola Guevara"},"url":"https:\/\/www.fcbarcelonanoticias.com\/en\/fc-barcelona\/paola-guevara_9_115.html"}]}},"_links":{"self":[{"href":"https:\/\/www.fcbarcelonanoticias.com\/en\/wp-json\/wp\/v2\/posts\/89110","targetHints":{"allow":["GET"]}}],"collection":[{"href":"https:\/\/www.fcbarcelonanoticias.com\/en\/wp-json\/wp\/v2\/posts"}],"about":[{"href":"https:\/\/www.fcbarcelonanoticias.com\/en\/wp-json\/wp\/v2\/types\/post"}],"author":[{"embeddable":true,"href":"https:\/\/www.fcbarcelonanoticias.com\/en\/wp-json\/wp\/v2\/users\/352"}],"replies":[{"embeddable":true,"href":"https:\/\/www.fcbarcelonanoticias.com\/en\/wp-json\/wp\/v2\/comments?post=89110"}],"version-history":[{"count":1,"href":"https:\/\/www.fcbarcelonanoticias.com\/en\/wp-json\/wp\/v2\/posts\/89110\/revisions"}],"predecessor-version":[{"id":89111,"href":"https:\/\/www.fcbarcelonanoticias.com\/en\/wp-json\/wp\/v2\/posts\/89110\/revisions\/89111"}],"wp:featuredmedia":[{"embeddable":true,"href":"https:\/\/www.fcbarcelonanoticias.com\/en\/wp-json\/wp\/v2\/media\/377"}],"wp:attachment":[{"href":"https:\/\/www.fcbarcelonanoticias.com\/en\/wp-json\/wp\/v2\/media?parent=89110"}],"wp:term":[{"taxonomy":"category","embeddable":true,"href":"https:\/\/www.fcbarcelonanoticias.com\/en\/wp-json\/wp\/v2\/categories?post=89110"},{"taxonomy":"post_tag","embeddable":true,"href":"https:\/\/www.fcbarcelonanoticias.com\/en\/wp-json\/wp\/v2\/tags?post=89110"}],"curies":[{"name":"wp","href":"https:\/\/api.w.org\/{rel}","templated":true}]}}