{"id":89700,"date":"2023-08-22T18:34:00","date_gmt":"2023-08-22T16:34:00","guid":{"rendered":"https:\/\/weisetech.dev\/fc-barcelona-noticias\/en\/barca-thought-of-kudus-as-solution-to-dembele-departure-to-psg_295371_102\/"},"modified":"2023-08-22T18:36:00","modified_gmt":"2023-08-22T16:36:00","slug":"barca-thought-of-kudus-as-solution-to-dembele-departure-to-psg_295371_102","status":"publish","type":"post","link":"https:\/\/www.fcbarcelonanoticias.com\/en\/transfers\/barca-thought-of-kudus-as-solution-to-dembele-departure-to-psg_295371_102.html","title":{"rendered":"Bar\u00e7a thought of Kudus as a solution to Demb\u00e9l\u00e9&#8217;s departure to PSG"},"content":{"rendered":"<h2 class=\"wp-block-heading\">Mohammed Kudus is excelling in the Eredivisie with Ajax, which has captured the attention of several of the big European clubs, including Barcelona.  The Catalan club tried to sign him, but has not yet been able to do so due to differences in the negotiations with the Dutch team<\/h2>  \r\n<div class=\"article-addons\">\r\n    <a href=\"https:\/\/www.fcbarcelonanoticias.com\/en\/calendar-fc-barcelona.html\"\r\n       target=\"_self\"\r\n       title=\"Calendar of FC Barcelona\"\r\n       class=\"blue-gredient-btn\">\r\n       \r\n        Calendar of FC Barcelona    <\/a>\r\n<\/div>   <p>The FC Barcelona after <a data-external=\"0\" data-intl-links-en=\"https:\/\/www.fcbarcelonanoticias.com\/en\/transfers\/official-figures-transfer-ousmane-dembele-psg_295041_102.html\" data-intl-links-es=\"https:\/\/www.fcbarcelonanoticias.com\/fichajes\/cifras-oficiales-traspaso-ousmane-dembele-psg_295041_102.html\" href=\"https:\/\/www.fcbarcelonanoticias.com\/en\/transfers\/official-figures-transfer-ousmane-dembele-psg_295041_102.html\" rel=\"follow\" target=\"_self\" title=\"Las cifras oficiales del traspaso de Ousmane Demb\u00e9l\u00e9 al PSG\">the course of Ousmane Demb\u00e9l\u00e9 to the PSG<\/a>, although it does not suffer from of players that can cover the position of right extreme, <strong>if it throws in fault to a footballer with similar characteristics to the ones of the &#8216;Mosquito&#8217;<\/strong>: desparpajo, dribbling, desborde, rebeld\u00eda and stop you to explain. <strong>Ez Abde<\/strong> And <strong>Lamine Yamal<\/strong> offer like similar profiles, but before exploring these options, the Bar\u00e7a tried to shovel this absence with a talent ghan\u00e9s to the service of one of the Dutch teams with more history.<\/p>  <p>From the Barcelona sportive direction considered convenient tackle the services of <strong>Mohammed Kudus<\/strong>, extreme of the Ajax, by his remarkable physical power and explosividad, arriving to tantear even an economic agreement, which did not arrive to good term. <strong>The combined of the City Condal<\/strong> <strong>offered a payment postponed or a cession with option to purchase,<\/strong> but the Dutch kept intransigentes regarding the price of traspaso of the player, which stipulated in 40 million euros.<\/p>  <h2>Kudus Is one of the big names of the Eredivisie<\/h2>  <p>The one of Accra is one of the attractions of the Eredivisie. His good left-handed and remarkable desborde have done him hoard the reflectors in the cast of Maurice Stejin, strengthening in an eleven headline in which the past campaign <strong>knew to appear in 42 meetings, converting 18 targets and awarding seven assistances<\/strong>. Several clubs of the Premier League have asked after he, but any has made a proposal in concrete.<\/p>  <p><strong>The Bar\u00e7a, as it aims the half &#8216;SPORT&#8217;, still keeps contacts with the surroundings of the player <\/strong>and is likely that, if it does not go out this summer, was still in the radar cul\u00e9 for a future operation. It is necessary to remember that so much the Ajax like the FC Barcelona keep very good relations. In fact, they have made several operations in the last years. From Low Countries understand that <strong>Mohammed Kudus could fit perfectly in the diagram of Xavi Hern\u00e1ndez<\/strong>, since so much the Dutch like the Catalans handle practically the same structure of game.<\/p>  <h2>Mohammed Kudus could recalar in the FC Barcelona in a future<\/h2>  <p>The institution chaired by Joan Laporta has very clear that only can make a bet in offensive, <strong>because of his limited margin of manoeuvre in what to &#8216;fair play&#8217; financial respecta<\/strong>, by what the name that seems that <a data-external=\"0\" data-intl-links-en=\"https:\/\/www.fcbarcelonanoticias.com\/en\/transfers\/barca-changes-opinion-go-for-joao-felix-this-summer_295360_102.html\" data-intl-links-es=\"https:\/\/www.fcbarcelonanoticias.com\/fichajes\/barca-cambia-opinion-ira-por-joao-felix-este-verano_295360_102.html\" href=\"https:\/\/www.fcbarcelonanoticias.com\/en\/transfers\/barca-changes-opinion-go-for-joao-felix-this-summer_295360_102.html\" rel=\"follow\" target=\"_self\" title=\"El Bar\u00e7a 'cambia' de opini\u00f3n e ir\u00e1 a por Joao F\u00e9lix este verano\">it will land yielded in the Catalan capital will be Joao F\u00e9lix<\/a>. The name of the ghan\u00e9s seems to have remained like a bet to future by part of the Barcelona club, but at all has descartado still. For now, the extreme keeps in the rows of the &#8216;Ajacieden&#8217;, group with which already has contested two meetings in the 2023\/2024 and already carries a goal and an assistance.<\/p> ","protected":false},"excerpt":{"rendered":"<p>Mohammed Kudus is excelling in the Eredivisie with Ajax, which has captured the attention of several of the big European clubs, including Barcelona. The Catalan club tried to sign him, but has not yet been able to do so due to differences in the negotiations with the Dutch team The FC Barcelona after the course [&hellip;]<\/p>\n","protected":false},"author":355,"featured_media":89706,"comment_status":"closed","ping_status":"open","sticky":false,"template":"","format":"standard","meta":{"_acf_changed":false,"inline_featured_image":false,"_nextfly_llmd_date_locked":false,"footnotes":""},"categories":[106,449],"tags":[213],"class_list":["post-89700","post","type-post","status-publish","format-standard","has-post-thumbnail","hentry","category-transfers","category-transfers-2","tag-ajax"],"acf":[],"yoast_head":"<!-- This site is optimized with the Yoast SEO plugin v27.3 - https:\/\/yoast.com\/product\/yoast-seo-wordpress\/ -->\n<title>Bar\u00e7a thought of Kudus as a solution to Demb\u00e9l\u00e9&#039;s departure to PSG<\/title>\n<meta name=\"description\" content=\"Mohammed Kudus is excelling in the Eredivisie with Ajax, which has captured the attention of several of the big European clubs, including Barcelona. The Catalan club tried to sign him, but has not yet been able to do so due to differences in the negotiations with the Dutch team\" \/>\n<meta name=\"robots\" content=\"index, follow, max-snippet:-1, max-image-preview:large, max-video-preview:-1\" \/>\n<link rel=\"canonical\" href=\"https:\/\/www.fcbarcelonanoticias.com\/en\/transfers\/barca-thought-of-kudus-as-solution-to-dembele-departure-to-psg_295371_102.html\" \/>\n<meta property=\"og:locale\" content=\"en_US\" \/>\n<meta property=\"og:type\" content=\"article\" \/>\n<meta property=\"og:title\" content=\"Bar\u00e7a thought of Kudus as a solution to Demb\u00e9l\u00e9&#039;s departure to PSG\" \/>\n<meta property=\"og:description\" content=\"Mohammed Kudus is excelling in the Eredivisie with Ajax, which has captured the attention of several of the big European clubs, including Barcelona. The Catalan club tried to sign him, but has not yet been able to do so due to differences in the negotiations with the Dutch team\" \/>\n<meta property=\"og:url\" content=\"https:\/\/www.fcbarcelonanoticias.com\/en\/transfers\/barca-thought-of-kudus-as-solution-to-dembele-departure-to-psg_295371_102.html\" \/>\n<meta property=\"og:site_name\" content=\"EN - FC Barcelona Noticias\" \/>\n<meta property=\"article:published_time\" content=\"2023-08-22T16:34:00+00:00\" \/>\n<meta property=\"article:modified_time\" content=\"2023-08-22T16:36:00+00:00\" \/>\n<meta property=\"og:image\" content=\"https:\/\/www.fcbarcelonanoticias.com\/en\/wp-content\/uploads\/sites\/2\/2023\/08\/mohammed-kudus-en-partido-con-el-ajax.png\" \/>\n\t<meta property=\"og:image:width\" content=\"1300\" \/>\n\t<meta property=\"og:image:height\" content=\"732\" \/>\n\t<meta property=\"og:image:type\" content=\"image\/png\" \/>\n<meta name=\"author\" content=\"Kevin G\u00f3mez\" \/>\n<meta name=\"twitter:card\" content=\"summary_large_image\" \/>\n<meta name=\"twitter:label1\" content=\"Written by\" \/>\n\t<meta name=\"twitter:data1\" content=\"Kevin G\u00f3mez\" \/>\n\t<meta name=\"twitter:label2\" content=\"Est. reading time\" \/>\n\t<meta name=\"twitter:data2\" content=\"3 minutes\" \/>\n<script type=\"application\/ld+json\" class=\"yoast-schema-graph\">{\"@context\":\"https:\\\/\\\/schema.org\",\"@graph\":[{\"@type\":\"Article\",\"@id\":\"https:\\\/\\\/www.fcbarcelonanoticias.com\\\/en\\\/transfers\\\/barca-thought-of-kudus-as-solution-to-dembele-departure-to-psg_295371_102.html#article\",\"isPartOf\":{\"@id\":\"https:\\\/\\\/www.fcbarcelonanoticias.com\\\/en\\\/transfers\\\/barca-thought-of-kudus-as-solution-to-dembele-departure-to-psg_295371_102.html\"},\"author\":{\"name\":\"Kevin G\u00f3mez\",\"@id\":\"https:\\\/\\\/www.fcbarcelonanoticias.com\\\/en\\\/#\\\/schema\\\/person\\\/991443f134df9a64c6874f96ff984c9d\"},\"headline\":\"Bar\u00e7a thought of Kudus as a solution to Demb\u00e9l\u00e9&#8217;s departure to PSG\",\"datePublished\":\"2023-08-22T16:34:00+00:00\",\"dateModified\":\"2023-08-22T16:36:00+00:00\",\"mainEntityOfPage\":{\"@id\":\"https:\\\/\\\/www.fcbarcelonanoticias.com\\\/en\\\/transfers\\\/barca-thought-of-kudus-as-solution-to-dembele-departure-to-psg_295371_102.html\"},\"wordCount\":530,\"image\":{\"@id\":\"https:\\\/\\\/www.fcbarcelonanoticias.com\\\/en\\\/transfers\\\/barca-thought-of-kudus-as-solution-to-dembele-departure-to-psg_295371_102.html#primaryimage\"},\"thumbnailUrl\":\"https:\\\/\\\/www.fcbarcelonanoticias.com\\\/en\\\/wp-content\\\/uploads\\\/sites\\\/2\\\/2023\\\/08\\\/mohammed-kudus-en-partido-con-el-ajax.png\",\"keywords\":[\"Ajax\"],\"articleSection\":[\"Transfers\",\"Transfers\"],\"inLanguage\":\"en-US\"},{\"@type\":\"WebPage\",\"@id\":\"https:\\\/\\\/www.fcbarcelonanoticias.com\\\/en\\\/transfers\\\/barca-thought-of-kudus-as-solution-to-dembele-departure-to-psg_295371_102.html\",\"url\":\"https:\\\/\\\/www.fcbarcelonanoticias.com\\\/en\\\/transfers\\\/barca-thought-of-kudus-as-solution-to-dembele-departure-to-psg_295371_102.html\",\"name\":\"Bar\u00e7a thought of Kudus as a solution to Demb\u00e9l\u00e9's departure to PSG\",\"isPartOf\":{\"@id\":\"https:\\\/\\\/www.fcbarcelonanoticias.com\\\/en\\\/#website\"},\"primaryImageOfPage\":{\"@id\":\"https:\\\/\\\/www.fcbarcelonanoticias.com\\\/en\\\/transfers\\\/barca-thought-of-kudus-as-solution-to-dembele-departure-to-psg_295371_102.html#primaryimage\"},\"image\":{\"@id\":\"https:\\\/\\\/www.fcbarcelonanoticias.com\\\/en\\\/transfers\\\/barca-thought-of-kudus-as-solution-to-dembele-departure-to-psg_295371_102.html#primaryimage\"},\"thumbnailUrl\":\"https:\\\/\\\/www.fcbarcelonanoticias.com\\\/en\\\/wp-content\\\/uploads\\\/sites\\\/2\\\/2023\\\/08\\\/mohammed-kudus-en-partido-con-el-ajax.png\",\"datePublished\":\"2023-08-22T16:34:00+00:00\",\"dateModified\":\"2023-08-22T16:36:00+00:00\",\"author\":{\"@id\":\"https:\\\/\\\/www.fcbarcelonanoticias.com\\\/en\\\/#\\\/schema\\\/person\\\/991443f134df9a64c6874f96ff984c9d\"},\"description\":\"Mohammed Kudus is excelling in the Eredivisie with Ajax, which has captured the attention of several of the big European clubs, including Barcelona. The Catalan club tried to sign him, but has not yet been able to do so due to differences in the negotiations with the Dutch team\",\"breadcrumb\":{\"@id\":\"https:\\\/\\\/www.fcbarcelonanoticias.com\\\/en\\\/transfers\\\/barca-thought-of-kudus-as-solution-to-dembele-departure-to-psg_295371_102.html#breadcrumb\"},\"inLanguage\":\"en-US\",\"potentialAction\":[{\"@type\":\"ReadAction\",\"target\":[\"https:\\\/\\\/www.fcbarcelonanoticias.com\\\/en\\\/transfers\\\/barca-thought-of-kudus-as-solution-to-dembele-departure-to-psg_295371_102.html\"]}]},{\"@type\":\"ImageObject\",\"inLanguage\":\"en-US\",\"@id\":\"https:\\\/\\\/www.fcbarcelonanoticias.com\\\/en\\\/transfers\\\/barca-thought-of-kudus-as-solution-to-dembele-departure-to-psg_295371_102.html#primaryimage\",\"url\":\"https:\\\/\\\/www.fcbarcelonanoticias.com\\\/en\\\/wp-content\\\/uploads\\\/sites\\\/2\\\/2023\\\/08\\\/mohammed-kudus-en-partido-con-el-ajax.png\",\"contentUrl\":\"https:\\\/\\\/www.fcbarcelonanoticias.com\\\/en\\\/wp-content\\\/uploads\\\/sites\\\/2\\\/2023\\\/08\\\/mohammed-kudus-en-partido-con-el-ajax.png\",\"width\":1300,\"height\":732},{\"@type\":\"BreadcrumbList\",\"@id\":\"https:\\\/\\\/www.fcbarcelonanoticias.com\\\/en\\\/transfers\\\/barca-thought-of-kudus-as-solution-to-dembele-departure-to-psg_295371_102.html#breadcrumb\",\"itemListElement\":[{\"@type\":\"ListItem\",\"position\":1,\"name\":\"Portada\",\"item\":\"https:\\\/\\\/www.fcbarcelonanoticias.com\\\/en\\\/\"},{\"@type\":\"ListItem\",\"position\":2,\"name\":\"Bar\u00e7a thought of Kudus as a solution to Demb\u00e9l\u00e9&#8217;s departure to PSG\"}]},{\"@type\":\"WebSite\",\"@id\":\"https:\\\/\\\/www.fcbarcelonanoticias.com\\\/en\\\/#website\",\"url\":\"https:\\\/\\\/www.fcbarcelonanoticias.com\\\/en\\\/\",\"name\":\"EN - FC Barcelona Noticias\",\"description\":\"\",\"potentialAction\":[{\"@type\":\"SearchAction\",\"target\":{\"@type\":\"EntryPoint\",\"urlTemplate\":\"https:\\\/\\\/www.fcbarcelonanoticias.com\\\/en\\\/?s={search_term_string}\"},\"query-input\":{\"@type\":\"PropertyValueSpecification\",\"valueRequired\":true,\"valueName\":\"search_term_string\"}}],\"inLanguage\":\"en-US\"},{\"@type\":\"Person\",\"@id\":\"https:\\\/\\\/www.fcbarcelonanoticias.com\\\/en\\\/#\\\/schema\\\/person\\\/991443f134df9a64c6874f96ff984c9d\",\"name\":\"Kevin G\u00f3mez\",\"image\":{\"@type\":\"ImageObject\",\"inLanguage\":\"en-US\",\"@id\":\"https:\\\/\\\/secure.gravatar.com\\\/avatar\\\/?s=96&d=mm&r=g\",\"url\":\"https:\\\/\\\/secure.gravatar.com\\\/avatar\\\/?s=96&d=mm&r=g\",\"contentUrl\":\"https:\\\/\\\/secure.gravatar.com\\\/avatar\\\/?s=96&d=mm&r=g\",\"caption\":\"Kevin G\u00f3mez\"},\"description\":\"Licenciado\u00a0en Periodismo y Comunicaci\u00f3n Audiovisual. Redactor en FCBN responsable de cubrir toda\u00a0la informaci\u00f3n del FC Barcelona y las principales competiciones de\u00a0f\u00fatbol.\",\"url\":\"https:\\\/\\\/www.fcbarcelonanoticias.com\\\/en\\\/jugadores\\\/kevin-gomez_23_115.html\"}]}<\/script>\n<!-- \/ Yoast SEO plugin. -->","yoast_head_json":{"title":"Bar\u00e7a thought of Kudus as a solution to Demb\u00e9l\u00e9's departure to PSG","description":"Mohammed Kudus is excelling in the Eredivisie with Ajax, which has captured the attention of several of the big European clubs, including Barcelona. The Catalan club tried to sign him, but has not yet been able to do so due to differences in the negotiations with the Dutch team","robots":{"index":"index","follow":"follow","max-snippet":"max-snippet:-1","max-image-preview":"max-image-preview:large","max-video-preview":"max-video-preview:-1"},"canonical":"https:\/\/www.fcbarcelonanoticias.com\/en\/transfers\/barca-thought-of-kudus-as-solution-to-dembele-departure-to-psg_295371_102.html","og_locale":"en_US","og_type":"article","og_title":"Bar\u00e7a thought of Kudus as a solution to Demb\u00e9l\u00e9's departure to PSG","og_description":"Mohammed Kudus is excelling in the Eredivisie with Ajax, which has captured the attention of several of the big European clubs, including Barcelona. The Catalan club tried to sign him, but has not yet been able to do so due to differences in the negotiations with the Dutch team","og_url":"https:\/\/www.fcbarcelonanoticias.com\/en\/transfers\/barca-thought-of-kudus-as-solution-to-dembele-departure-to-psg_295371_102.html","og_site_name":"EN - FC Barcelona Noticias","article_published_time":"2023-08-22T16:34:00+00:00","article_modified_time":"2023-08-22T16:36:00+00:00","og_image":[{"width":1300,"height":732,"url":"https:\/\/www.fcbarcelonanoticias.com\/en\/wp-content\/uploads\/sites\/2\/2023\/08\/mohammed-kudus-en-partido-con-el-ajax.png","type":"image\/png"}],"author":"Kevin G\u00f3mez","twitter_card":"summary_large_image","twitter_misc":{"Written by":"Kevin G\u00f3mez","Est. reading time":"3 minutes"},"schema":{"@context":"https:\/\/schema.org","@graph":[{"@type":"Article","@id":"https:\/\/www.fcbarcelonanoticias.com\/en\/transfers\/barca-thought-of-kudus-as-solution-to-dembele-departure-to-psg_295371_102.html#article","isPartOf":{"@id":"https:\/\/www.fcbarcelonanoticias.com\/en\/transfers\/barca-thought-of-kudus-as-solution-to-dembele-departure-to-psg_295371_102.html"},"author":{"name":"Kevin G\u00f3mez","@id":"https:\/\/www.fcbarcelonanoticias.com\/en\/#\/schema\/person\/991443f134df9a64c6874f96ff984c9d"},"headline":"Bar\u00e7a thought of Kudus as a solution to Demb\u00e9l\u00e9&#8217;s departure to PSG","datePublished":"2023-08-22T16:34:00+00:00","dateModified":"2023-08-22T16:36:00+00:00","mainEntityOfPage":{"@id":"https:\/\/www.fcbarcelonanoticias.com\/en\/transfers\/barca-thought-of-kudus-as-solution-to-dembele-departure-to-psg_295371_102.html"},"wordCount":530,"image":{"@id":"https:\/\/www.fcbarcelonanoticias.com\/en\/transfers\/barca-thought-of-kudus-as-solution-to-dembele-departure-to-psg_295371_102.html#primaryimage"},"thumbnailUrl":"https:\/\/www.fcbarcelonanoticias.com\/en\/wp-content\/uploads\/sites\/2\/2023\/08\/mohammed-kudus-en-partido-con-el-ajax.png","keywords":["Ajax"],"articleSection":["Transfers","Transfers"],"inLanguage":"en-US"},{"@type":"WebPage","@id":"https:\/\/www.fcbarcelonanoticias.com\/en\/transfers\/barca-thought-of-kudus-as-solution-to-dembele-departure-to-psg_295371_102.html","url":"https:\/\/www.fcbarcelonanoticias.com\/en\/transfers\/barca-thought-of-kudus-as-solution-to-dembele-departure-to-psg_295371_102.html","name":"Bar\u00e7a thought of Kudus as a solution to Demb\u00e9l\u00e9's departure to PSG","isPartOf":{"@id":"https:\/\/www.fcbarcelonanoticias.com\/en\/#website"},"primaryImageOfPage":{"@id":"https:\/\/www.fcbarcelonanoticias.com\/en\/transfers\/barca-thought-of-kudus-as-solution-to-dembele-departure-to-psg_295371_102.html#primaryimage"},"image":{"@id":"https:\/\/www.fcbarcelonanoticias.com\/en\/transfers\/barca-thought-of-kudus-as-solution-to-dembele-departure-to-psg_295371_102.html#primaryimage"},"thumbnailUrl":"https:\/\/www.fcbarcelonanoticias.com\/en\/wp-content\/uploads\/sites\/2\/2023\/08\/mohammed-kudus-en-partido-con-el-ajax.png","datePublished":"2023-08-22T16:34:00+00:00","dateModified":"2023-08-22T16:36:00+00:00","author":{"@id":"https:\/\/www.fcbarcelonanoticias.com\/en\/#\/schema\/person\/991443f134df9a64c6874f96ff984c9d"},"description":"Mohammed Kudus is excelling in the Eredivisie with Ajax, which has captured the attention of several of the big European clubs, including Barcelona. The Catalan club tried to sign him, but has not yet been able to do so due to differences in the negotiations with the Dutch team","breadcrumb":{"@id":"https:\/\/www.fcbarcelonanoticias.com\/en\/transfers\/barca-thought-of-kudus-as-solution-to-dembele-departure-to-psg_295371_102.html#breadcrumb"},"inLanguage":"en-US","potentialAction":[{"@type":"ReadAction","target":["https:\/\/www.fcbarcelonanoticias.com\/en\/transfers\/barca-thought-of-kudus-as-solution-to-dembele-departure-to-psg_295371_102.html"]}]},{"@type":"ImageObject","inLanguage":"en-US","@id":"https:\/\/www.fcbarcelonanoticias.com\/en\/transfers\/barca-thought-of-kudus-as-solution-to-dembele-departure-to-psg_295371_102.html#primaryimage","url":"https:\/\/www.fcbarcelonanoticias.com\/en\/wp-content\/uploads\/sites\/2\/2023\/08\/mohammed-kudus-en-partido-con-el-ajax.png","contentUrl":"https:\/\/www.fcbarcelonanoticias.com\/en\/wp-content\/uploads\/sites\/2\/2023\/08\/mohammed-kudus-en-partido-con-el-ajax.png","width":1300,"height":732},{"@type":"BreadcrumbList","@id":"https:\/\/www.fcbarcelonanoticias.com\/en\/transfers\/barca-thought-of-kudus-as-solution-to-dembele-departure-to-psg_295371_102.html#breadcrumb","itemListElement":[{"@type":"ListItem","position":1,"name":"Portada","item":"https:\/\/www.fcbarcelonanoticias.com\/en\/"},{"@type":"ListItem","position":2,"name":"Bar\u00e7a thought of Kudus as a solution to Demb\u00e9l\u00e9&#8217;s departure to PSG"}]},{"@type":"WebSite","@id":"https:\/\/www.fcbarcelonanoticias.com\/en\/#website","url":"https:\/\/www.fcbarcelonanoticias.com\/en\/","name":"EN - FC Barcelona Noticias","description":"","potentialAction":[{"@type":"SearchAction","target":{"@type":"EntryPoint","urlTemplate":"https:\/\/www.fcbarcelonanoticias.com\/en\/?s={search_term_string}"},"query-input":{"@type":"PropertyValueSpecification","valueRequired":true,"valueName":"search_term_string"}}],"inLanguage":"en-US"},{"@type":"Person","@id":"https:\/\/www.fcbarcelonanoticias.com\/en\/#\/schema\/person\/991443f134df9a64c6874f96ff984c9d","name":"Kevin G\u00f3mez","image":{"@type":"ImageObject","inLanguage":"en-US","@id":"https:\/\/secure.gravatar.com\/avatar\/?s=96&d=mm&r=g","url":"https:\/\/secure.gravatar.com\/avatar\/?s=96&d=mm&r=g","contentUrl":"https:\/\/secure.gravatar.com\/avatar\/?s=96&d=mm&r=g","caption":"Kevin G\u00f3mez"},"description":"Licenciado\u00a0en Periodismo y Comunicaci\u00f3n Audiovisual. Redactor en FCBN responsable de cubrir toda\u00a0la informaci\u00f3n del FC Barcelona y las principales competiciones de\u00a0f\u00fatbol.","url":"https:\/\/www.fcbarcelonanoticias.com\/en\/jugadores\/kevin-gomez_23_115.html"}]}},"_links":{"self":[{"href":"https:\/\/www.fcbarcelonanoticias.com\/en\/wp-json\/wp\/v2\/posts\/89700","targetHints":{"allow":["GET"]}}],"collection":[{"href":"https:\/\/www.fcbarcelonanoticias.com\/en\/wp-json\/wp\/v2\/posts"}],"about":[{"href":"https:\/\/www.fcbarcelonanoticias.com\/en\/wp-json\/wp\/v2\/types\/post"}],"author":[{"embeddable":true,"href":"https:\/\/www.fcbarcelonanoticias.com\/en\/wp-json\/wp\/v2\/users\/355"}],"replies":[{"embeddable":true,"href":"https:\/\/www.fcbarcelonanoticias.com\/en\/wp-json\/wp\/v2\/comments?post=89700"}],"version-history":[{"count":1,"href":"https:\/\/www.fcbarcelonanoticias.com\/en\/wp-json\/wp\/v2\/posts\/89700\/revisions"}],"predecessor-version":[{"id":91731,"href":"https:\/\/www.fcbarcelonanoticias.com\/en\/wp-json\/wp\/v2\/posts\/89700\/revisions\/91731"}],"wp:featuredmedia":[{"embeddable":true,"href":"https:\/\/www.fcbarcelonanoticias.com\/en\/wp-json\/wp\/v2\/media\/89706"}],"wp:attachment":[{"href":"https:\/\/www.fcbarcelonanoticias.com\/en\/wp-json\/wp\/v2\/media?parent=89700"}],"wp:term":[{"taxonomy":"category","embeddable":true,"href":"https:\/\/www.fcbarcelonanoticias.com\/en\/wp-json\/wp\/v2\/categories?post=89700"},{"taxonomy":"post_tag","embeddable":true,"href":"https:\/\/www.fcbarcelonanoticias.com\/en\/wp-json\/wp\/v2\/tags?post=89700"}],"curies":[{"name":"wp","href":"https:\/\/api.w.org\/{rel}","templated":true}]}}