{"id":89735,"date":"2024-04-30T11:44:00","date_gmt":"2024-04-30T09:44:00","guid":{"rendered":"https:\/\/weisetech.dev\/fc-barcelona-noticias\/en\/arda-guler-reveals-some-of-the-reasons-why-she-chose-madrid-over-barca_303089_102\/"},"modified":"2024-04-30T11:44:00","modified_gmt":"2024-04-30T09:44:00","slug":"arda-guler-reveals-some-of-the-reasons-why-she-chose-madrid-over-barca_303089_102","status":"publish","type":"post","link":"https:\/\/www.fcbarcelonanoticias.com\/en\/transfers\/arda-guler-reveals-some-of-the-reasons-why-she-chose-madrid-over-barca_303089_102.html","title":{"rendered":"Arda G\u00fcler reveals some of the reasons why she chose Madrid over Bar\u00e7a"},"content":{"rendered":"<h2 class=\"wp-block-heading\">Arda G\u00fcler is beginning to stand out with Madrid after a disappointing season and has taken the opportunity to give details about her signing for the white team last summer<\/h2>  \r\n<div class=\"article-addons\">\r\n    <a href=\"https:\/\/www.fcbarcelonanoticias.com\/en\/calendar-fc-barcelona.html\"\r\n       target=\"_self\"\r\n       title=\"Calendar of FC Barcelona\"\r\n       class=\"blue-gredient-btn\">\r\n       \r\n        Calendar of FC Barcelona    <\/a>\r\n<\/div>   <p><strong>Burn G\u00fcler at last is &#8216;showing&#8217; the head in the Real Madrid in a first season that was resulting a big fiasco for him<\/strong>. After losing all the months of competition of the 2023 by fault of the injuries, the Turkish recovered for the beginning of the 2024 with win to show his quality. Unfortunately for him, Carlo Ancelotti grieve has given him minutes since and his first titularity in this League finished postponing until the past weekend against the Real Sociedad.<\/p>  <p>In Donosti, thinking in that the merengues have LaLiga almost won and that the gone of &#8216;semis&#8217; in front of the Bayern was to the &#8216;fall&#8217;, the Italian trainer bet by an eleven full of acting, as for example the ex of the Fenerbahce. <strong><a data-external=\"0\" data-intl-links-en=\"https:\/\/www.fcbarcelonanoticias.com\/en\/laliga\/burn-guler-signals-the-way-to-the-real-madrid-in-worked-victory-against-the-real-sociedad-0-1_302989_102.html\" data-intl-links-es=\"https:\/\/www.fcbarcelonanoticias.com\/laliga\/arda-guler-lidera-madrid-lleno-suplentes-supera-real-sociedad-sin-pegada-0-1_302989_102.html\" href=\"https:\/\/www.fcbarcelonanoticias.com\/en\/laliga\/burn-guler-signals-the-way-to-the-real-madrid-in-worked-victory-against-the-real-sociedad-0-1_302989_102.html\" rel=\"follow\" target=\"_self\" title=\"Arda G\u00fcler lidera a un Madrid lleno de suplentes que supera a una Real Sociedad sin 'pegada' (0-1)\">The young promise no desaprovech\u00f3 the opportunity and went the MVP of the madridistas<\/a><\/strong>, marking the goal of the victory, his second of the course, and leaving details of a lot of quality. A hit in the table of the of Ankara to show him to his m\u00edster that deserves play more in what it subtracts of campaign.<\/p>  <h2>G\u00fcler Gave details of why accepted the offer of the Madrid<\/h2>  <p>Days after the meeting, Burn has spoken with &#8216;KAFA Sports&#8217;, a half of his country, and has sincerado on several key appearances of what went his signing by the Madrid. It is necessary to remember that the FC Barcelona had very advanced his signing and that the merengues finish winning the bidding in the last moment. The player has recognised that his family asked him to the ones of Concha Spine that paid more than what cost his clause, something that resulted fundamental for his final election. &#8220;<strong>The one who paid \u20ac17,5m could buy me. With my family ask him to the Madrid that paid a bit more. They understood it and they agreed<\/strong>&#8220;, it stood out.<\/p>  <p>In this sense, G\u00fcler also recognised how convinced him the madridistas so that it accepted his proposal and refused the one of the Bar\u00e7a, leaving clear that from boy has felt charm by the Madrilenian picture. &#8220;<strong>They convinced me offering a project on a long-term basis and ensuring me that it would be the heir of Modric<\/strong>. I had dreamed with playing in the Real Madrid from boy&#8221;, ensured.<\/p>  <h2>G\u00fcler Has a good relation with Ancelotti in spite of everything<\/h2>  <p>Finally, <strong><a data-external=\"0\" data-intl-links-en=\"https:\/\/www.fcbarcelonanoticias.com\/en\/real-madrid\/ancelotti-puts-an-end-to-the-soap-opera-regarding-the-departure-of-arda-guler-from-real-madrid_302996_102.html\" data-intl-links-es=\"https:\/\/www.fcbarcelonanoticias.com\/real-madrid\/ancelotti-pone-fin-culebron-sobre-salida-arda-guler-real-madrid_302996_102.html\" href=\"https:\/\/www.fcbarcelonanoticias.com\/en\/real-madrid\/ancelotti-puts-an-end-to-the-soap-opera-regarding-the-departure-of-arda-guler-from-real-madrid_302996_102.html\" rel=\"follow\" target=\"_self\" title=\"Ancelotti pone fin al 'culebr\u00f3n' sobre la salida de Arda G\u00fcler del Real Madrid\">the Turkish admitted that has a good relation with Ancelotti in spite of the little that has played<\/a><\/strong> and desvel\u00f3 that refused to remain in Turkey another campaign because his aim was to show his level in the elite. &#8220;The trainer speaks constantly on his plans, prepares me and is in constant communication&#8221;, said on the one hand. &#8220;It could have me remained in the Fernerbah\u00e7e a year more, but wanted to show to the world what a Turkish youngster could do in Europe, expect to follow showing&#8221;, concluded.<\/p> ","protected":false},"excerpt":{"rendered":"<p>Arda G\u00fcler is beginning to stand out with Madrid after a disappointing season and has taken the opportunity to give details about her signing for the white team last summer Burn G\u00fcler at last is &#8216;showing&#8217; the head in the Real Madrid in a first season that was resulting a big fiasco for him. After [&hellip;]<\/p>\n","protected":false},"author":359,"featured_media":89743,"comment_status":"closed","ping_status":"open","sticky":false,"template":"","format":"standard","meta":{"_acf_changed":false,"inline_featured_image":false,"_nextfly_llmd_date_locked":false,"footnotes":""},"categories":[106,449],"tags":[],"class_list":["post-89735","post","type-post","status-publish","format-standard","has-post-thumbnail","hentry","category-transfers","category-transfers-2"],"acf":[],"yoast_head":"<!-- This site is optimized with the Yoast SEO plugin v27.3 - https:\/\/yoast.com\/product\/yoast-seo-wordpress\/ -->\n<title>Arda G\u00fcler reveals some of the reasons why she chose Madrid over Bar\u00e7a<\/title>\n<meta name=\"description\" content=\"Burn G\u00fcler is beginning to stand out with the Madrid after a disappointing season and has taken advantage of to give details on his signing by the white picture of the past summer\" \/>\n<meta name=\"robots\" content=\"index, follow, max-snippet:-1, max-image-preview:large, max-video-preview:-1\" \/>\n<link rel=\"canonical\" href=\"https:\/\/www.fcbarcelonanoticias.com\/en\/transfers\/arda-guler-reveals-some-of-the-reasons-why-she-chose-madrid-over-barca_303089_102.html\" \/>\n<meta property=\"og:locale\" content=\"en_US\" \/>\n<meta property=\"og:type\" content=\"article\" \/>\n<meta property=\"og:title\" content=\"Arda G\u00fcler reveals some of the reasons why she chose Madrid over Bar\u00e7a\" \/>\n<meta property=\"og:description\" content=\"Burn G\u00fcler is beginning to stand out with the Madrid after a disappointing season and has taken advantage of to give details on his signing by the white picture of the past summer\" \/>\n<meta property=\"og:url\" content=\"https:\/\/www.fcbarcelonanoticias.com\/en\/transfers\/arda-guler-reveals-some-of-the-reasons-why-she-chose-madrid-over-barca_303089_102.html\" \/>\n<meta property=\"og:site_name\" content=\"EN - FC Barcelona Noticias\" \/>\n<meta property=\"article:published_time\" content=\"2024-04-30T09:44:00+00:00\" \/>\n<meta property=\"og:image\" content=\"https:\/\/www.fcbarcelonanoticias.com\/en\/wp-content\/uploads\/sites\/2\/2024\/04\/arda-guler-real.jpeg\" \/>\n\t<meta property=\"og:image:width\" content=\"1300\" \/>\n\t<meta property=\"og:image:height\" content=\"732\" \/>\n\t<meta property=\"og:image:type\" content=\"image\/jpeg\" \/>\n<meta name=\"author\" content=\"Eduardo Mart\u00edn Santos\" \/>\n<meta name=\"twitter:card\" content=\"summary_large_image\" \/>\n<meta name=\"twitter:label1\" content=\"Written by\" \/>\n\t<meta name=\"twitter:data1\" content=\"Eduardo Mart\u00edn Santos\" \/>\n\t<meta name=\"twitter:label2\" content=\"Est. reading time\" \/>\n\t<meta name=\"twitter:data2\" content=\"3 minutes\" \/>\n<script type=\"application\/ld+json\" class=\"yoast-schema-graph\">{\"@context\":\"https:\\\/\\\/schema.org\",\"@graph\":[{\"@type\":\"Article\",\"@id\":\"https:\\\/\\\/www.fcbarcelonanoticias.com\\\/en\\\/transfers\\\/arda-guler-reveals-some-of-the-reasons-why-she-chose-madrid-over-barca_303089_102.html#article\",\"isPartOf\":{\"@id\":\"https:\\\/\\\/www.fcbarcelonanoticias.com\\\/en\\\/transfers\\\/arda-guler-reveals-some-of-the-reasons-why-she-chose-madrid-over-barca_303089_102.html\"},\"author\":{\"name\":\"Eduardo Mart\u00edn Santos\",\"@id\":\"https:\\\/\\\/www.fcbarcelonanoticias.com\\\/en\\\/#\\\/schema\\\/person\\\/4bdbc782ba6060d3f7005b61e97fb753\"},\"headline\":\"Arda G\u00fcler reveals some of the reasons why she chose Madrid over Bar\u00e7a\",\"datePublished\":\"2024-04-30T09:44:00+00:00\",\"mainEntityOfPage\":{\"@id\":\"https:\\\/\\\/www.fcbarcelonanoticias.com\\\/en\\\/transfers\\\/arda-guler-reveals-some-of-the-reasons-why-she-chose-madrid-over-barca_303089_102.html\"},\"wordCount\":533,\"image\":{\"@id\":\"https:\\\/\\\/www.fcbarcelonanoticias.com\\\/en\\\/transfers\\\/arda-guler-reveals-some-of-the-reasons-why-she-chose-madrid-over-barca_303089_102.html#primaryimage\"},\"thumbnailUrl\":\"https:\\\/\\\/www.fcbarcelonanoticias.com\\\/en\\\/wp-content\\\/uploads\\\/sites\\\/2\\\/2024\\\/04\\\/arda-guler-real.jpeg\",\"articleSection\":[\"Transfers\",\"Transfers\"],\"inLanguage\":\"en-US\"},{\"@type\":\"WebPage\",\"@id\":\"https:\\\/\\\/www.fcbarcelonanoticias.com\\\/en\\\/transfers\\\/arda-guler-reveals-some-of-the-reasons-why-she-chose-madrid-over-barca_303089_102.html\",\"url\":\"https:\\\/\\\/www.fcbarcelonanoticias.com\\\/en\\\/transfers\\\/arda-guler-reveals-some-of-the-reasons-why-she-chose-madrid-over-barca_303089_102.html\",\"name\":\"Arda G\u00fcler reveals some of the reasons why she chose Madrid over Bar\u00e7a\",\"isPartOf\":{\"@id\":\"https:\\\/\\\/www.fcbarcelonanoticias.com\\\/en\\\/#website\"},\"primaryImageOfPage\":{\"@id\":\"https:\\\/\\\/www.fcbarcelonanoticias.com\\\/en\\\/transfers\\\/arda-guler-reveals-some-of-the-reasons-why-she-chose-madrid-over-barca_303089_102.html#primaryimage\"},\"image\":{\"@id\":\"https:\\\/\\\/www.fcbarcelonanoticias.com\\\/en\\\/transfers\\\/arda-guler-reveals-some-of-the-reasons-why-she-chose-madrid-over-barca_303089_102.html#primaryimage\"},\"thumbnailUrl\":\"https:\\\/\\\/www.fcbarcelonanoticias.com\\\/en\\\/wp-content\\\/uploads\\\/sites\\\/2\\\/2024\\\/04\\\/arda-guler-real.jpeg\",\"datePublished\":\"2024-04-30T09:44:00+00:00\",\"author\":{\"@id\":\"https:\\\/\\\/www.fcbarcelonanoticias.com\\\/en\\\/#\\\/schema\\\/person\\\/4bdbc782ba6060d3f7005b61e97fb753\"},\"description\":\"Burn G\u00fcler is beginning to stand out with the Madrid after a disappointing season and has taken advantage of to give details on his signing by the white picture of the past summer\",\"breadcrumb\":{\"@id\":\"https:\\\/\\\/www.fcbarcelonanoticias.com\\\/en\\\/transfers\\\/arda-guler-reveals-some-of-the-reasons-why-she-chose-madrid-over-barca_303089_102.html#breadcrumb\"},\"inLanguage\":\"en-US\",\"potentialAction\":[{\"@type\":\"ReadAction\",\"target\":[\"https:\\\/\\\/www.fcbarcelonanoticias.com\\\/en\\\/transfers\\\/arda-guler-reveals-some-of-the-reasons-why-she-chose-madrid-over-barca_303089_102.html\"]}]},{\"@type\":\"ImageObject\",\"inLanguage\":\"en-US\",\"@id\":\"https:\\\/\\\/www.fcbarcelonanoticias.com\\\/en\\\/transfers\\\/arda-guler-reveals-some-of-the-reasons-why-she-chose-madrid-over-barca_303089_102.html#primaryimage\",\"url\":\"https:\\\/\\\/www.fcbarcelonanoticias.com\\\/en\\\/wp-content\\\/uploads\\\/sites\\\/2\\\/2024\\\/04\\\/arda-guler-real.jpeg\",\"contentUrl\":\"https:\\\/\\\/www.fcbarcelonanoticias.com\\\/en\\\/wp-content\\\/uploads\\\/sites\\\/2\\\/2024\\\/04\\\/arda-guler-real.jpeg\",\"width\":1300,\"height\":732},{\"@type\":\"BreadcrumbList\",\"@id\":\"https:\\\/\\\/www.fcbarcelonanoticias.com\\\/en\\\/transfers\\\/arda-guler-reveals-some-of-the-reasons-why-she-chose-madrid-over-barca_303089_102.html#breadcrumb\",\"itemListElement\":[{\"@type\":\"ListItem\",\"position\":1,\"name\":\"Portada\",\"item\":\"https:\\\/\\\/www.fcbarcelonanoticias.com\\\/en\\\/\"},{\"@type\":\"ListItem\",\"position\":2,\"name\":\"Arda G\u00fcler reveals some of the reasons why she chose Madrid over Bar\u00e7a\"}]},{\"@type\":\"WebSite\",\"@id\":\"https:\\\/\\\/www.fcbarcelonanoticias.com\\\/en\\\/#website\",\"url\":\"https:\\\/\\\/www.fcbarcelonanoticias.com\\\/en\\\/\",\"name\":\"EN - FC Barcelona Noticias\",\"description\":\"\",\"potentialAction\":[{\"@type\":\"SearchAction\",\"target\":{\"@type\":\"EntryPoint\",\"urlTemplate\":\"https:\\\/\\\/www.fcbarcelonanoticias.com\\\/en\\\/?s={search_term_string}\"},\"query-input\":{\"@type\":\"PropertyValueSpecification\",\"valueRequired\":true,\"valueName\":\"search_term_string\"}}],\"inLanguage\":\"en-US\"},{\"@type\":\"Person\",\"@id\":\"https:\\\/\\\/www.fcbarcelonanoticias.com\\\/en\\\/#\\\/schema\\\/person\\\/4bdbc782ba6060d3f7005b61e97fb753\",\"name\":\"Eduardo Mart\u00edn Santos\",\"image\":{\"@type\":\"ImageObject\",\"inLanguage\":\"en-US\",\"@id\":\"https:\\\/\\\/secure.gravatar.com\\\/avatar\\\/?s=96&d=mm&r=g\",\"url\":\"https:\\\/\\\/secure.gravatar.com\\\/avatar\\\/?s=96&d=mm&r=g\",\"contentUrl\":\"https:\\\/\\\/secure.gravatar.com\\\/avatar\\\/?s=96&d=mm&r=g\",\"caption\":\"Eduardo Mart\u00edn Santos\"},\"url\":\"https:\\\/\\\/www.fcbarcelonanoticias.com\\\/en\\\/eduardo-martin_3_115.html\"}]}<\/script>\n<!-- \/ Yoast SEO plugin. -->","yoast_head_json":{"title":"Arda G\u00fcler reveals some of the reasons why she chose Madrid over Bar\u00e7a","description":"Burn G\u00fcler is beginning to stand out with the Madrid after a disappointing season and has taken advantage of to give details on his signing by the white picture of the past summer","robots":{"index":"index","follow":"follow","max-snippet":"max-snippet:-1","max-image-preview":"max-image-preview:large","max-video-preview":"max-video-preview:-1"},"canonical":"https:\/\/www.fcbarcelonanoticias.com\/en\/transfers\/arda-guler-reveals-some-of-the-reasons-why-she-chose-madrid-over-barca_303089_102.html","og_locale":"en_US","og_type":"article","og_title":"Arda G\u00fcler reveals some of the reasons why she chose Madrid over Bar\u00e7a","og_description":"Burn G\u00fcler is beginning to stand out with the Madrid after a disappointing season and has taken advantage of to give details on his signing by the white picture of the past summer","og_url":"https:\/\/www.fcbarcelonanoticias.com\/en\/transfers\/arda-guler-reveals-some-of-the-reasons-why-she-chose-madrid-over-barca_303089_102.html","og_site_name":"EN - FC Barcelona Noticias","article_published_time":"2024-04-30T09:44:00+00:00","og_image":[{"width":1300,"height":732,"url":"https:\/\/www.fcbarcelonanoticias.com\/en\/wp-content\/uploads\/sites\/2\/2024\/04\/arda-guler-real.jpeg","type":"image\/jpeg"}],"author":"Eduardo Mart\u00edn Santos","twitter_card":"summary_large_image","twitter_misc":{"Written by":"Eduardo Mart\u00edn Santos","Est. reading time":"3 minutes"},"schema":{"@context":"https:\/\/schema.org","@graph":[{"@type":"Article","@id":"https:\/\/www.fcbarcelonanoticias.com\/en\/transfers\/arda-guler-reveals-some-of-the-reasons-why-she-chose-madrid-over-barca_303089_102.html#article","isPartOf":{"@id":"https:\/\/www.fcbarcelonanoticias.com\/en\/transfers\/arda-guler-reveals-some-of-the-reasons-why-she-chose-madrid-over-barca_303089_102.html"},"author":{"name":"Eduardo Mart\u00edn Santos","@id":"https:\/\/www.fcbarcelonanoticias.com\/en\/#\/schema\/person\/4bdbc782ba6060d3f7005b61e97fb753"},"headline":"Arda G\u00fcler reveals some of the reasons why she chose Madrid over Bar\u00e7a","datePublished":"2024-04-30T09:44:00+00:00","mainEntityOfPage":{"@id":"https:\/\/www.fcbarcelonanoticias.com\/en\/transfers\/arda-guler-reveals-some-of-the-reasons-why-she-chose-madrid-over-barca_303089_102.html"},"wordCount":533,"image":{"@id":"https:\/\/www.fcbarcelonanoticias.com\/en\/transfers\/arda-guler-reveals-some-of-the-reasons-why-she-chose-madrid-over-barca_303089_102.html#primaryimage"},"thumbnailUrl":"https:\/\/www.fcbarcelonanoticias.com\/en\/wp-content\/uploads\/sites\/2\/2024\/04\/arda-guler-real.jpeg","articleSection":["Transfers","Transfers"],"inLanguage":"en-US"},{"@type":"WebPage","@id":"https:\/\/www.fcbarcelonanoticias.com\/en\/transfers\/arda-guler-reveals-some-of-the-reasons-why-she-chose-madrid-over-barca_303089_102.html","url":"https:\/\/www.fcbarcelonanoticias.com\/en\/transfers\/arda-guler-reveals-some-of-the-reasons-why-she-chose-madrid-over-barca_303089_102.html","name":"Arda G\u00fcler reveals some of the reasons why she chose Madrid over Bar\u00e7a","isPartOf":{"@id":"https:\/\/www.fcbarcelonanoticias.com\/en\/#website"},"primaryImageOfPage":{"@id":"https:\/\/www.fcbarcelonanoticias.com\/en\/transfers\/arda-guler-reveals-some-of-the-reasons-why-she-chose-madrid-over-barca_303089_102.html#primaryimage"},"image":{"@id":"https:\/\/www.fcbarcelonanoticias.com\/en\/transfers\/arda-guler-reveals-some-of-the-reasons-why-she-chose-madrid-over-barca_303089_102.html#primaryimage"},"thumbnailUrl":"https:\/\/www.fcbarcelonanoticias.com\/en\/wp-content\/uploads\/sites\/2\/2024\/04\/arda-guler-real.jpeg","datePublished":"2024-04-30T09:44:00+00:00","author":{"@id":"https:\/\/www.fcbarcelonanoticias.com\/en\/#\/schema\/person\/4bdbc782ba6060d3f7005b61e97fb753"},"description":"Burn G\u00fcler is beginning to stand out with the Madrid after a disappointing season and has taken advantage of to give details on his signing by the white picture of the past summer","breadcrumb":{"@id":"https:\/\/www.fcbarcelonanoticias.com\/en\/transfers\/arda-guler-reveals-some-of-the-reasons-why-she-chose-madrid-over-barca_303089_102.html#breadcrumb"},"inLanguage":"en-US","potentialAction":[{"@type":"ReadAction","target":["https:\/\/www.fcbarcelonanoticias.com\/en\/transfers\/arda-guler-reveals-some-of-the-reasons-why-she-chose-madrid-over-barca_303089_102.html"]}]},{"@type":"ImageObject","inLanguage":"en-US","@id":"https:\/\/www.fcbarcelonanoticias.com\/en\/transfers\/arda-guler-reveals-some-of-the-reasons-why-she-chose-madrid-over-barca_303089_102.html#primaryimage","url":"https:\/\/www.fcbarcelonanoticias.com\/en\/wp-content\/uploads\/sites\/2\/2024\/04\/arda-guler-real.jpeg","contentUrl":"https:\/\/www.fcbarcelonanoticias.com\/en\/wp-content\/uploads\/sites\/2\/2024\/04\/arda-guler-real.jpeg","width":1300,"height":732},{"@type":"BreadcrumbList","@id":"https:\/\/www.fcbarcelonanoticias.com\/en\/transfers\/arda-guler-reveals-some-of-the-reasons-why-she-chose-madrid-over-barca_303089_102.html#breadcrumb","itemListElement":[{"@type":"ListItem","position":1,"name":"Portada","item":"https:\/\/www.fcbarcelonanoticias.com\/en\/"},{"@type":"ListItem","position":2,"name":"Arda G\u00fcler reveals some of the reasons why she chose Madrid over Bar\u00e7a"}]},{"@type":"WebSite","@id":"https:\/\/www.fcbarcelonanoticias.com\/en\/#website","url":"https:\/\/www.fcbarcelonanoticias.com\/en\/","name":"EN - FC Barcelona Noticias","description":"","potentialAction":[{"@type":"SearchAction","target":{"@type":"EntryPoint","urlTemplate":"https:\/\/www.fcbarcelonanoticias.com\/en\/?s={search_term_string}"},"query-input":{"@type":"PropertyValueSpecification","valueRequired":true,"valueName":"search_term_string"}}],"inLanguage":"en-US"},{"@type":"Person","@id":"https:\/\/www.fcbarcelonanoticias.com\/en\/#\/schema\/person\/4bdbc782ba6060d3f7005b61e97fb753","name":"Eduardo Mart\u00edn Santos","image":{"@type":"ImageObject","inLanguage":"en-US","@id":"https:\/\/secure.gravatar.com\/avatar\/?s=96&d=mm&r=g","url":"https:\/\/secure.gravatar.com\/avatar\/?s=96&d=mm&r=g","contentUrl":"https:\/\/secure.gravatar.com\/avatar\/?s=96&d=mm&r=g","caption":"Eduardo Mart\u00edn Santos"},"url":"https:\/\/www.fcbarcelonanoticias.com\/en\/eduardo-martin_3_115.html"}]}},"_links":{"self":[{"href":"https:\/\/www.fcbarcelonanoticias.com\/en\/wp-json\/wp\/v2\/posts\/89735","targetHints":{"allow":["GET"]}}],"collection":[{"href":"https:\/\/www.fcbarcelonanoticias.com\/en\/wp-json\/wp\/v2\/posts"}],"about":[{"href":"https:\/\/www.fcbarcelonanoticias.com\/en\/wp-json\/wp\/v2\/types\/post"}],"author":[{"embeddable":true,"href":"https:\/\/www.fcbarcelonanoticias.com\/en\/wp-json\/wp\/v2\/users\/359"}],"replies":[{"embeddable":true,"href":"https:\/\/www.fcbarcelonanoticias.com\/en\/wp-json\/wp\/v2\/comments?post=89735"}],"version-history":[{"count":1,"href":"https:\/\/www.fcbarcelonanoticias.com\/en\/wp-json\/wp\/v2\/posts\/89735\/revisions"}],"predecessor-version":[{"id":92721,"href":"https:\/\/www.fcbarcelonanoticias.com\/en\/wp-json\/wp\/v2\/posts\/89735\/revisions\/92721"}],"wp:featuredmedia":[{"embeddable":true,"href":"https:\/\/www.fcbarcelonanoticias.com\/en\/wp-json\/wp\/v2\/media\/89743"}],"wp:attachment":[{"href":"https:\/\/www.fcbarcelonanoticias.com\/en\/wp-json\/wp\/v2\/media?parent=89735"}],"wp:term":[{"taxonomy":"category","embeddable":true,"href":"https:\/\/www.fcbarcelonanoticias.com\/en\/wp-json\/wp\/v2\/categories?post=89735"},{"taxonomy":"post_tag","embeddable":true,"href":"https:\/\/www.fcbarcelonanoticias.com\/en\/wp-json\/wp\/v2\/tags?post=89735"}],"curies":[{"name":"wp","href":"https:\/\/api.w.org\/{rel}","templated":true}]}}