{"id":89807,"date":"2025-12-28T02:45:00","date_gmt":"2025-12-28T01:45:00","guid":{"rendered":"https:\/\/weisetech.dev\/fc-barcelona-noticias\/en\/barca-sets-sights-on-marcos-senesi-bournemouth-center-back_315633_102\/"},"modified":"2025-12-28T02:45:00","modified_gmt":"2025-12-28T01:45:00","slug":"barca-sets-sights-on-marcos-senesi-bournemouth-center-back_315633_102","status":"publish","type":"post","link":"https:\/\/www.fcbarcelonanoticias.com\/en\/transfers\/barca-sets-sights-on-marcos-senesi-bournemouth-center-back_315633_102.html","title":{"rendered":"Marcos Senesi: Bar\u00e7a could join the bidding for the Argentine center-back"},"content":{"rendered":"<h2 class=\"wp-block-heading\">Marcos Senesi is one of the bargains that next summer&#8217;s transfer window can offer in terms of center-backs. The Argentine defender&#8217;s contract with Bournemouth ends in June and he is on the radar of several big clubs<\/h2>  \r\n<div class=\"article-addons\">\r\n    <a href=\"https:\/\/www.fcbarcelonanoticias.com\/en\/calendar-fc-barcelona.html\"\r\n       target=\"_self\"\r\n       title=\"Calendar of FC Barcelona\"\r\n       class=\"blue-gredient-btn\">\r\n       \r\n        Calendar of FC Barcelona    <\/a>\r\n<\/div>   <p><strong>Marcos Senesi<\/strong> is one of the center-backs whose contract expires in 2026 and is rumored to be a possible reinforcement for several European giants, including <strong>Juventus <\/strong>and <strong>FC Barcelona<\/strong>. The Argentine is a key player at English club <strong>Bournemouth<\/strong>, which he joined in 2022 from <strong>Feyenoord<\/strong> for 15 million euros.<\/p>  <p>The defender, who came up through the San Lorenzo de Almagro academy, arrived in Holland in 2019 and played <strong>a total of 116 games for the Rotterdam team<\/strong>, scoring 9 goals and providing 7 assists. After his move to the Premier League, he established himself as a reliable center-back in build-up play and formidable in aerial duels.<\/p>  <p>With Bournemouth, he has accumulated <strong>6 goals and 8 assists in 107 appearances<\/strong>. This season, he started in 16 of 17 matches (1,445 minutes) with <strong>Andoni Iraola<\/strong>&#8216;s team, contributing 3 assists for a team that occupies 15th place in the Premier League with 22 points.<\/p>  <h2>Bar\u00e7a could sign Marcos Senesi for &#8216;zero cost&#8217; next summer<\/h2>  <p>At the moment, there are no ongoing negotiations between Senesi and the &#8216;cherries&#8217; board to renew his contract. The Argentine international knows he will be able to negotiate an extra bonus for signing as a free agent, in addition to improving the salary he currently receives in England (<strong>3 million gross per year<\/strong>).<\/p>  <p>In this regard, Bar\u00e7a could sign the player from Concordia at &#8216;zero cost&#8217;, a key factor in the search for reinforcements for the Blaugrana team in recent markets. The Catalan board plans to spend a significant amount next summer on a &#8216;9&#8217; if, ultimately, <a data-external=\"0\" data-intl-links-en=\"https:\/\/www.fcbarcelonanoticias.com\/en\/transfers\/lewandowski-reveals-the-key-to-his-future-at-barcelona_315623_102.html\" data-intl-links-es=\"https:\/\/www.fcbarcelonanoticias.com\/fichajes\/lewandowski-desvela-clave-sobre-su-futuro-barcelona_315623_102.html\" href=\"https:\/\/www.fcbarcelonanoticias.com\/en\/transfers\/lewandowski-reveals-the-key-to-his-future-at-barcelona_315623_102.html\" rel=\"follow\" target=\"_self\" title=\"Lewandowski desvela la clave sobre su futuro en Barcelona\">Robert Lewandowski<\/a> ends up leaving in June.<\/p>  <p>Regarding center-backs, the option to bring in a reinforcement in January is still open, although nothing is defined at the moment. The long-term absence of Andreas Christensen could open the door for a signing in the next transfer window, but the coaching staff does not yet see the arrival of another defender clearly.<\/p>  <p>First, because Hansi Flick has Ronald Araujo as a &#8216;reinforcement&#8217; for the second half of the season, once the Uruguayan returns to training next week. Furthermore, the squad has enough replacements for the center-back position, including Gerard Mart\u00edn and Jules Kound\u00e9 himself.<\/p>  <h2>Juventus and other European giants also want Senesi<\/h2>  <p>In the case of Marcos Senesi, Barcelona knows it will face a lot of competition in the summer if it finally decides to enter the bidding for the 28-year-old defender. In Italy, <strong>Juventus<\/strong> is very interested in his signing, as the constant injuries of Federico Gatti and Daniele Rugani raise many doubts for the future.<\/p>  <p>In LaLiga, besides Bar\u00e7a, **Atl\u00e9tico de Madrid** is strongly rumored as a possible destination for the Bournemouth defender. Diego Simeone would be willing to add Senesi to the &#8216;Colchonero&#8217; squad as a replacement for the experienced Jos\u00e9 Mar\u00eda Gim\u00e9nez, whose physical problems also create uncertainty at the club.<\/p> ","protected":false},"excerpt":{"rendered":"<p>Marcos Senesi is one of the bargains that next summer&#8217;s transfer window can offer in terms of center-backs. The Argentine defender&#8217;s contract with Bournemouth ends in June and he is on the radar of several big clubs Marcos Senesi is one of the center-backs whose contract expires in 2026 and is rumored to be a [&hellip;]<\/p>\n","protected":false},"author":347,"featured_media":91716,"comment_status":"closed","ping_status":"open","sticky":false,"template":"","format":"standard","meta":{"_acf_changed":false,"inline_featured_image":false,"_nextfly_llmd_date_locked":false,"footnotes":""},"categories":[449,106],"tags":[261],"class_list":["post-89807","post","type-post","status-publish","format-standard","has-post-thumbnail","hentry","category-transfers-2","category-transfers","tag-football-transfer-rumors"],"acf":[],"yoast_head":"<!-- This site is optimized with the Yoast SEO plugin v27.3 - https:\/\/yoast.com\/product\/yoast-seo-wordpress\/ -->\n<title>Bar\u00e7a sets sights on Marcos Senesi, Bournemouth center-back<\/title>\n<meta name=\"description\" content=\"Marcos Senesi&#039;s contract with Bournemouth expires in June, and Bar\u00e7a, along with other European giants, are keeping an eye on his future\" \/>\n<meta name=\"robots\" content=\"index, follow, max-snippet:-1, max-image-preview:large, max-video-preview:-1\" \/>\n<link rel=\"canonical\" href=\"https:\/\/www.fcbarcelonanoticias.com\/en\/transfers\/barca-sets-sights-on-marcos-senesi-bournemouth-center-back_315633_102.html\" \/>\n<meta property=\"og:locale\" content=\"en_US\" \/>\n<meta property=\"og:type\" content=\"article\" \/>\n<meta property=\"og:title\" content=\"Bar\u00e7a sets sights on Marcos Senesi, Bournemouth center-back\" \/>\n<meta property=\"og:description\" content=\"Marcos Senesi&#039;s contract with Bournemouth expires in June, and Bar\u00e7a, along with other European giants, are keeping an eye on his future\" \/>\n<meta property=\"og:url\" content=\"https:\/\/www.fcbarcelonanoticias.com\/en\/transfers\/barca-sets-sights-on-marcos-senesi-bournemouth-center-back_315633_102.html\" \/>\n<meta property=\"og:site_name\" content=\"EN - FC Barcelona Noticias\" \/>\n<meta property=\"article:published_time\" content=\"2025-12-28T01:45:00+00:00\" \/>\n<meta property=\"og:image\" content=\"https:\/\/www.fcbarcelonanoticias.com\/en\/wp-content\/uploads\/sites\/2\/2025\/12\/marcos-senesi-bournemouth-25-26-2.jpeg\" \/>\n\t<meta property=\"og:image:width\" content=\"1300\" \/>\n\t<meta property=\"og:image:height\" content=\"732\" \/>\n\t<meta property=\"og:image:type\" content=\"image\/jpeg\" \/>\n<meta name=\"author\" content=\"Andr\u00e9s Quiroz\" \/>\n<meta name=\"twitter:card\" content=\"summary_large_image\" \/>\n<meta name=\"twitter:label1\" content=\"Written by\" \/>\n\t<meta name=\"twitter:data1\" content=\"Andr\u00e9s Quiroz\" \/>\n\t<meta name=\"twitter:label2\" content=\"Est. reading time\" \/>\n\t<meta name=\"twitter:data2\" content=\"3 minutes\" \/>\n<script type=\"application\/ld+json\" class=\"yoast-schema-graph\">{\"@context\":\"https:\\\/\\\/schema.org\",\"@graph\":[{\"@type\":\"Article\",\"@id\":\"https:\\\/\\\/www.fcbarcelonanoticias.com\\\/en\\\/transfers\\\/barca-sets-sights-on-marcos-senesi-bournemouth-center-back_315633_102.html#article\",\"isPartOf\":{\"@id\":\"https:\\\/\\\/www.fcbarcelonanoticias.com\\\/en\\\/transfers\\\/barca-sets-sights-on-marcos-senesi-bournemouth-center-back_315633_102.html\"},\"author\":{\"name\":\"Andr\u00e9s Quiroz\",\"@id\":\"https:\\\/\\\/www.fcbarcelonanoticias.com\\\/en\\\/#\\\/schema\\\/person\\\/c2cd9f6fa1af5c0d0eccd0fefa575c88\"},\"headline\":\"Marcos Senesi: Bar\u00e7a could join the bidding for the Argentine center-back\",\"datePublished\":\"2025-12-28T01:45:00+00:00\",\"mainEntityOfPage\":{\"@id\":\"https:\\\/\\\/www.fcbarcelonanoticias.com\\\/en\\\/transfers\\\/barca-sets-sights-on-marcos-senesi-bournemouth-center-back_315633_102.html\"},\"wordCount\":514,\"image\":{\"@id\":\"https:\\\/\\\/www.fcbarcelonanoticias.com\\\/en\\\/transfers\\\/barca-sets-sights-on-marcos-senesi-bournemouth-center-back_315633_102.html#primaryimage\"},\"thumbnailUrl\":\"https:\\\/\\\/www.fcbarcelonanoticias.com\\\/en\\\/wp-content\\\/uploads\\\/sites\\\/2\\\/2025\\\/12\\\/marcos-senesi-bournemouth-25-26-2.jpeg\",\"keywords\":[\"Transfer Rumors\"],\"articleSection\":[\"Transfers\",\"Transfers\"],\"inLanguage\":\"en-US\"},{\"@type\":\"WebPage\",\"@id\":\"https:\\\/\\\/www.fcbarcelonanoticias.com\\\/en\\\/transfers\\\/barca-sets-sights-on-marcos-senesi-bournemouth-center-back_315633_102.html\",\"url\":\"https:\\\/\\\/www.fcbarcelonanoticias.com\\\/en\\\/transfers\\\/barca-sets-sights-on-marcos-senesi-bournemouth-center-back_315633_102.html\",\"name\":\"Bar\u00e7a sets sights on Marcos Senesi, Bournemouth center-back\",\"isPartOf\":{\"@id\":\"https:\\\/\\\/www.fcbarcelonanoticias.com\\\/en\\\/#website\"},\"primaryImageOfPage\":{\"@id\":\"https:\\\/\\\/www.fcbarcelonanoticias.com\\\/en\\\/transfers\\\/barca-sets-sights-on-marcos-senesi-bournemouth-center-back_315633_102.html#primaryimage\"},\"image\":{\"@id\":\"https:\\\/\\\/www.fcbarcelonanoticias.com\\\/en\\\/transfers\\\/barca-sets-sights-on-marcos-senesi-bournemouth-center-back_315633_102.html#primaryimage\"},\"thumbnailUrl\":\"https:\\\/\\\/www.fcbarcelonanoticias.com\\\/en\\\/wp-content\\\/uploads\\\/sites\\\/2\\\/2025\\\/12\\\/marcos-senesi-bournemouth-25-26-2.jpeg\",\"datePublished\":\"2025-12-28T01:45:00+00:00\",\"author\":{\"@id\":\"https:\\\/\\\/www.fcbarcelonanoticias.com\\\/en\\\/#\\\/schema\\\/person\\\/c2cd9f6fa1af5c0d0eccd0fefa575c88\"},\"description\":\"Marcos Senesi's contract with Bournemouth expires in June, and Bar\u00e7a, along with other European giants, are keeping an eye on his future\",\"breadcrumb\":{\"@id\":\"https:\\\/\\\/www.fcbarcelonanoticias.com\\\/en\\\/transfers\\\/barca-sets-sights-on-marcos-senesi-bournemouth-center-back_315633_102.html#breadcrumb\"},\"inLanguage\":\"en-US\",\"potentialAction\":[{\"@type\":\"ReadAction\",\"target\":[\"https:\\\/\\\/www.fcbarcelonanoticias.com\\\/en\\\/transfers\\\/barca-sets-sights-on-marcos-senesi-bournemouth-center-back_315633_102.html\"]}]},{\"@type\":\"ImageObject\",\"inLanguage\":\"en-US\",\"@id\":\"https:\\\/\\\/www.fcbarcelonanoticias.com\\\/en\\\/transfers\\\/barca-sets-sights-on-marcos-senesi-bournemouth-center-back_315633_102.html#primaryimage\",\"url\":\"https:\\\/\\\/www.fcbarcelonanoticias.com\\\/en\\\/wp-content\\\/uploads\\\/sites\\\/2\\\/2025\\\/12\\\/marcos-senesi-bournemouth-25-26-2.jpeg\",\"contentUrl\":\"https:\\\/\\\/www.fcbarcelonanoticias.com\\\/en\\\/wp-content\\\/uploads\\\/sites\\\/2\\\/2025\\\/12\\\/marcos-senesi-bournemouth-25-26-2.jpeg\",\"width\":1300,\"height\":732},{\"@type\":\"BreadcrumbList\",\"@id\":\"https:\\\/\\\/www.fcbarcelonanoticias.com\\\/en\\\/transfers\\\/barca-sets-sights-on-marcos-senesi-bournemouth-center-back_315633_102.html#breadcrumb\",\"itemListElement\":[{\"@type\":\"ListItem\",\"position\":1,\"name\":\"Portada\",\"item\":\"https:\\\/\\\/www.fcbarcelonanoticias.com\\\/en\\\/\"},{\"@type\":\"ListItem\",\"position\":2,\"name\":\"Marcos Senesi: Bar\u00e7a could join the bidding for the Argentine center-back\"}]},{\"@type\":\"WebSite\",\"@id\":\"https:\\\/\\\/www.fcbarcelonanoticias.com\\\/en\\\/#website\",\"url\":\"https:\\\/\\\/www.fcbarcelonanoticias.com\\\/en\\\/\",\"name\":\"EN - FC Barcelona Noticias\",\"description\":\"\",\"potentialAction\":[{\"@type\":\"SearchAction\",\"target\":{\"@type\":\"EntryPoint\",\"urlTemplate\":\"https:\\\/\\\/www.fcbarcelonanoticias.com\\\/en\\\/?s={search_term_string}\"},\"query-input\":{\"@type\":\"PropertyValueSpecification\",\"valueRequired\":true,\"valueName\":\"search_term_string\"}}],\"inLanguage\":\"en-US\"},{\"@type\":\"Person\",\"@id\":\"https:\\\/\\\/www.fcbarcelonanoticias.com\\\/en\\\/#\\\/schema\\\/person\\\/c2cd9f6fa1af5c0d0eccd0fefa575c88\",\"name\":\"Andr\u00e9s Quiroz\",\"image\":{\"@type\":\"ImageObject\",\"inLanguage\":\"en-US\",\"@id\":\"https:\\\/\\\/secure.gravatar.com\\\/avatar\\\/?s=96&d=mm&r=g\",\"url\":\"https:\\\/\\\/secure.gravatar.com\\\/avatar\\\/?s=96&d=mm&r=g\",\"contentUrl\":\"https:\\\/\\\/secure.gravatar.com\\\/avatar\\\/?s=96&d=mm&r=g\",\"caption\":\"Andr\u00e9s Quiroz\"},\"description\":\"Licenciado en Periodismo por la Universidad de los Andes. Me encargo de analizar y compartir los contenidos m\u00e1s destacados de la\u00a0actualidad del F\u00fatbol Club Barcelona, Mercado de Fichajes y F\u00fatbol Internacional en FCBN. La informaci\u00f3n es poder, pero tambi\u00e9n conocimiento.\",\"url\":\"https:\\\/\\\/www.fcbarcelonanoticias.com\\\/en\\\/fc-barcelona\\\/andres-quiroz_17_115.html\"}]}<\/script>\n<!-- \/ Yoast SEO plugin. -->","yoast_head_json":{"title":"Bar\u00e7a sets sights on Marcos Senesi, Bournemouth center-back","description":"Marcos Senesi's contract with Bournemouth expires in June, and Bar\u00e7a, along with other European giants, are keeping an eye on his future","robots":{"index":"index","follow":"follow","max-snippet":"max-snippet:-1","max-image-preview":"max-image-preview:large","max-video-preview":"max-video-preview:-1"},"canonical":"https:\/\/www.fcbarcelonanoticias.com\/en\/transfers\/barca-sets-sights-on-marcos-senesi-bournemouth-center-back_315633_102.html","og_locale":"en_US","og_type":"article","og_title":"Bar\u00e7a sets sights on Marcos Senesi, Bournemouth center-back","og_description":"Marcos Senesi's contract with Bournemouth expires in June, and Bar\u00e7a, along with other European giants, are keeping an eye on his future","og_url":"https:\/\/www.fcbarcelonanoticias.com\/en\/transfers\/barca-sets-sights-on-marcos-senesi-bournemouth-center-back_315633_102.html","og_site_name":"EN - FC Barcelona Noticias","article_published_time":"2025-12-28T01:45:00+00:00","og_image":[{"width":1300,"height":732,"url":"https:\/\/www.fcbarcelonanoticias.com\/en\/wp-content\/uploads\/sites\/2\/2025\/12\/marcos-senesi-bournemouth-25-26-2.jpeg","type":"image\/jpeg"}],"author":"Andr\u00e9s Quiroz","twitter_card":"summary_large_image","twitter_misc":{"Written by":"Andr\u00e9s Quiroz","Est. reading time":"3 minutes"},"schema":{"@context":"https:\/\/schema.org","@graph":[{"@type":"Article","@id":"https:\/\/www.fcbarcelonanoticias.com\/en\/transfers\/barca-sets-sights-on-marcos-senesi-bournemouth-center-back_315633_102.html#article","isPartOf":{"@id":"https:\/\/www.fcbarcelonanoticias.com\/en\/transfers\/barca-sets-sights-on-marcos-senesi-bournemouth-center-back_315633_102.html"},"author":{"name":"Andr\u00e9s Quiroz","@id":"https:\/\/www.fcbarcelonanoticias.com\/en\/#\/schema\/person\/c2cd9f6fa1af5c0d0eccd0fefa575c88"},"headline":"Marcos Senesi: Bar\u00e7a could join the bidding for the Argentine center-back","datePublished":"2025-12-28T01:45:00+00:00","mainEntityOfPage":{"@id":"https:\/\/www.fcbarcelonanoticias.com\/en\/transfers\/barca-sets-sights-on-marcos-senesi-bournemouth-center-back_315633_102.html"},"wordCount":514,"image":{"@id":"https:\/\/www.fcbarcelonanoticias.com\/en\/transfers\/barca-sets-sights-on-marcos-senesi-bournemouth-center-back_315633_102.html#primaryimage"},"thumbnailUrl":"https:\/\/www.fcbarcelonanoticias.com\/en\/wp-content\/uploads\/sites\/2\/2025\/12\/marcos-senesi-bournemouth-25-26-2.jpeg","keywords":["Transfer Rumors"],"articleSection":["Transfers","Transfers"],"inLanguage":"en-US"},{"@type":"WebPage","@id":"https:\/\/www.fcbarcelonanoticias.com\/en\/transfers\/barca-sets-sights-on-marcos-senesi-bournemouth-center-back_315633_102.html","url":"https:\/\/www.fcbarcelonanoticias.com\/en\/transfers\/barca-sets-sights-on-marcos-senesi-bournemouth-center-back_315633_102.html","name":"Bar\u00e7a sets sights on Marcos Senesi, Bournemouth center-back","isPartOf":{"@id":"https:\/\/www.fcbarcelonanoticias.com\/en\/#website"},"primaryImageOfPage":{"@id":"https:\/\/www.fcbarcelonanoticias.com\/en\/transfers\/barca-sets-sights-on-marcos-senesi-bournemouth-center-back_315633_102.html#primaryimage"},"image":{"@id":"https:\/\/www.fcbarcelonanoticias.com\/en\/transfers\/barca-sets-sights-on-marcos-senesi-bournemouth-center-back_315633_102.html#primaryimage"},"thumbnailUrl":"https:\/\/www.fcbarcelonanoticias.com\/en\/wp-content\/uploads\/sites\/2\/2025\/12\/marcos-senesi-bournemouth-25-26-2.jpeg","datePublished":"2025-12-28T01:45:00+00:00","author":{"@id":"https:\/\/www.fcbarcelonanoticias.com\/en\/#\/schema\/person\/c2cd9f6fa1af5c0d0eccd0fefa575c88"},"description":"Marcos Senesi's contract with Bournemouth expires in June, and Bar\u00e7a, along with other European giants, are keeping an eye on his future","breadcrumb":{"@id":"https:\/\/www.fcbarcelonanoticias.com\/en\/transfers\/barca-sets-sights-on-marcos-senesi-bournemouth-center-back_315633_102.html#breadcrumb"},"inLanguage":"en-US","potentialAction":[{"@type":"ReadAction","target":["https:\/\/www.fcbarcelonanoticias.com\/en\/transfers\/barca-sets-sights-on-marcos-senesi-bournemouth-center-back_315633_102.html"]}]},{"@type":"ImageObject","inLanguage":"en-US","@id":"https:\/\/www.fcbarcelonanoticias.com\/en\/transfers\/barca-sets-sights-on-marcos-senesi-bournemouth-center-back_315633_102.html#primaryimage","url":"https:\/\/www.fcbarcelonanoticias.com\/en\/wp-content\/uploads\/sites\/2\/2025\/12\/marcos-senesi-bournemouth-25-26-2.jpeg","contentUrl":"https:\/\/www.fcbarcelonanoticias.com\/en\/wp-content\/uploads\/sites\/2\/2025\/12\/marcos-senesi-bournemouth-25-26-2.jpeg","width":1300,"height":732},{"@type":"BreadcrumbList","@id":"https:\/\/www.fcbarcelonanoticias.com\/en\/transfers\/barca-sets-sights-on-marcos-senesi-bournemouth-center-back_315633_102.html#breadcrumb","itemListElement":[{"@type":"ListItem","position":1,"name":"Portada","item":"https:\/\/www.fcbarcelonanoticias.com\/en\/"},{"@type":"ListItem","position":2,"name":"Marcos Senesi: Bar\u00e7a could join the bidding for the Argentine center-back"}]},{"@type":"WebSite","@id":"https:\/\/www.fcbarcelonanoticias.com\/en\/#website","url":"https:\/\/www.fcbarcelonanoticias.com\/en\/","name":"EN - FC Barcelona Noticias","description":"","potentialAction":[{"@type":"SearchAction","target":{"@type":"EntryPoint","urlTemplate":"https:\/\/www.fcbarcelonanoticias.com\/en\/?s={search_term_string}"},"query-input":{"@type":"PropertyValueSpecification","valueRequired":true,"valueName":"search_term_string"}}],"inLanguage":"en-US"},{"@type":"Person","@id":"https:\/\/www.fcbarcelonanoticias.com\/en\/#\/schema\/person\/c2cd9f6fa1af5c0d0eccd0fefa575c88","name":"Andr\u00e9s Quiroz","image":{"@type":"ImageObject","inLanguage":"en-US","@id":"https:\/\/secure.gravatar.com\/avatar\/?s=96&d=mm&r=g","url":"https:\/\/secure.gravatar.com\/avatar\/?s=96&d=mm&r=g","contentUrl":"https:\/\/secure.gravatar.com\/avatar\/?s=96&d=mm&r=g","caption":"Andr\u00e9s Quiroz"},"description":"Licenciado en Periodismo por la Universidad de los Andes. Me encargo de analizar y compartir los contenidos m\u00e1s destacados de la\u00a0actualidad del F\u00fatbol Club Barcelona, Mercado de Fichajes y F\u00fatbol Internacional en FCBN. La informaci\u00f3n es poder, pero tambi\u00e9n conocimiento.","url":"https:\/\/www.fcbarcelonanoticias.com\/en\/fc-barcelona\/andres-quiroz_17_115.html"}]}},"_links":{"self":[{"href":"https:\/\/www.fcbarcelonanoticias.com\/en\/wp-json\/wp\/v2\/posts\/89807","targetHints":{"allow":["GET"]}}],"collection":[{"href":"https:\/\/www.fcbarcelonanoticias.com\/en\/wp-json\/wp\/v2\/posts"}],"about":[{"href":"https:\/\/www.fcbarcelonanoticias.com\/en\/wp-json\/wp\/v2\/types\/post"}],"author":[{"embeddable":true,"href":"https:\/\/www.fcbarcelonanoticias.com\/en\/wp-json\/wp\/v2\/users\/347"}],"replies":[{"embeddable":true,"href":"https:\/\/www.fcbarcelonanoticias.com\/en\/wp-json\/wp\/v2\/comments?post=89807"}],"version-history":[{"count":1,"href":"https:\/\/www.fcbarcelonanoticias.com\/en\/wp-json\/wp\/v2\/posts\/89807\/revisions"}],"predecessor-version":[{"id":91714,"href":"https:\/\/www.fcbarcelonanoticias.com\/en\/wp-json\/wp\/v2\/posts\/89807\/revisions\/91714"}],"wp:featuredmedia":[{"embeddable":true,"href":"https:\/\/www.fcbarcelonanoticias.com\/en\/wp-json\/wp\/v2\/media\/91716"}],"wp:attachment":[{"href":"https:\/\/www.fcbarcelonanoticias.com\/en\/wp-json\/wp\/v2\/media?parent=89807"}],"wp:term":[{"taxonomy":"category","embeddable":true,"href":"https:\/\/www.fcbarcelonanoticias.com\/en\/wp-json\/wp\/v2\/categories?post=89807"},{"taxonomy":"post_tag","embeddable":true,"href":"https:\/\/www.fcbarcelonanoticias.com\/en\/wp-json\/wp\/v2\/tags?post=89807"}],"curies":[{"name":"wp","href":"https:\/\/api.w.org\/{rel}","templated":true}]}}