{"id":9004,"date":"2023-03-15T17:38:00","date_gmt":"2023-03-15T16:38:00","guid":{"rendered":"https:\/\/weisetech.dev\/fc-barcelona-noticias\/en\/accusations-possible-consequences-that-could-happen-to-barcelona-due-to-negreira-case_290559_102\/"},"modified":"2023-03-15T21:08:00","modified_gmt":"2023-03-15T20:08:00","slug":"accusations-possible-consequences-that-could-happen-to-barcelona-due-to-negreira-case_290559_102","status":"publish","type":"post","link":"https:\/\/www.fcbarcelonanoticias.com\/en\/club\/accusations-possible-consequences-that-could-happen-to-barcelona-due-to-negreira-case_290559_102.html","title":{"rendered":"Accusations and possible consequences, what could happen to Bar\u00e7a due to the &#8216;Negreira Case&#8217;?"},"content":{"rendered":"<h2 class=\"wp-block-heading\">FC Barcelona has been involved in the &#8216;Negreira Case&#8217; in 2023 and it seems that it is not something that is going to come out of in the short term. The Prosecutor&#8217;s Office has already denounced the club for alleged corruption and the judge has admitted the complaint, so there will be a trial to clarify the situation. At &#8216;FCBN&#8217; we wanted to try to clarify what the cul\u00e9 squad is accused of and what could happen if they were found guilty<\/h2>  \r\n<div class=\"article-addons\">\r\n    <a href=\"https:\/\/www.fcbarcelonanoticias.com\/en\/fc-barcelona\/calendar-fc-barcelona.html\"\r\n       target=\"_self\"\r\n       title=\"Calendar of FC Barcelona\"\r\n       class=\"blue-gredient-btn\">\r\n       \r\n        Calendar of FC Barcelona    <\/a>\r\n<\/div>   <p><strong>The &#8216;Case Negreira&#8217; has turned into the big nightmare of the FC Barcelona in this 2023<\/strong>. In February, the &#8216;Chain BE&#8217; spread the first informations on the payment of 1,3 million euros of the group barcelonista to the company of Jos\u00e9 Mar\u00eda Enr\u00edquez Negreira, ex\u00e1rbitro and exvicepresidente of the Technical Committee of Referees between 1994 and 2018. From this moment have not left to go out new data that have finished deriving in the complaint of the Fiscal\u00eda of Barcelona to the club like legal person and to several ex-presidents and exdirectivos, between which find Josep Maria Bartomeu and Sandro Rosell.<\/p>  <p>A lot of media, fans and <strong><a avergonzado=\"\" data-external=\"0\" data-intl-links-en=\"https:\/\/www.fcbarcelonanoticias.com\/en\/laliga\/tebas-applauds-madrid-and-charges-against-laporta-again-i-feel-ashamed_290508_102.html\" data-intl-links-es=\"https:\/\/www.fcbarcelonanoticias.com\/laliga\/tebas-aplaude-madrid-vuelve-cargar-contra-laporta-me-siento-avergonzado_290508_102.html\" href=\"https:\/\/www.fcbarcelonanoticias.com\/en\/fc-barcelona\/laliga\/tebas-applauds-madrid-and-charges-against-laporta-again-i-feel-ashamed_290508_102.html\" me=\"\" rel=\"follow\" siento=\"\" target=\"_self\" title=\"Tebas aplaude al Madrid y vuelve a cargar contra Laporta: \">even the own Javier Thebes, that does not leave to speak on the case<\/a><\/strong>, <strong>are taking advantage of this querella for difamar to the Bar\u00e7a<\/strong>. The reality, although to some weigh them, is that the Barcelona entity is innocent until it show the contrary. It is a very complex subject that it is necessary to treat with a lot of caution for no &#8216;mark&#8217; the image of the club. In &#8216;FCBN&#8217; want to try explain in detail what is happening and the possible consequences that could have everything for the Barcelona, now that <strong><a data-external=\"0\" data-intl-links-en=\"https:\/\/www.fcbarcelonanoticias.com\/en\/club\/official-court-barcelona-admits-complaint-prosecutor-against-barca_290550_102.html\" data-intl-links-es=\"https:\/\/www.fcbarcelonanoticias.com\/club\/oficial-juzgado-barcelona-admite-denuncia-fiscalia-contra-barca_290550_102.html\" href=\"https:\/\/www.fcbarcelonanoticias.com\/en\/club\/oficial-juzgado-barcelona-admite-denuncia-fiscalia-contra-barca_290550_102.html\" rel=\"follow\" target=\"_self\" title=\"OFICIAL: El juzgado de Barcelona admite la denuncia de la Fiscal\u00eda contra el Bar\u00e7a\">the jueza has admitted to formality the complaint<\/a><\/strong>.<\/p>  <h2>The complaint of the Fiscal\u00eda against the Bar\u00e7a<\/h2>  <p>The first that it is necessary to clear is of what accuses exactly to the Catalan group, according to the querella of the Fiscal\u00eda. &#8220;<strong>The Bar\u00e7a reached and kept a verbal agreement strictly confidential with the reported Enr\u00edquez Negreira<\/strong>, so that, in his quality of vice-president of the CTA and in return of money, made tending performances to favour to the Barcelona in the taking of decisions of the referees in the parties that contested the Club, and like this in the results of the competitions; referees whose designation for each party of the Spanish competitions officials of state field and professional carry out in the breast of the CTA&#8221;, says the complaint, that finalises <strong>ensuring that there are indications of crime continued of corruption between individuals in the field deportiv<\/strong>or, crime continued of disloyal administration and crime continued of falsity in mercantile document&#8221;, by part of the entity in general and of Bartomeu, Rosell and the exdirectivos \u00d2scar Grau and Albert Soler in particular.<\/p>  <div class=\"media media-image\" data-ck-asset-wrapper=\"\"> <div class=\"media-item\"> <img loading=\"lazy\" decoding=\"async\" alt=\"Bartomeu, en el palco del Camp Nou contra la Real Sociedad\" data-id=\"1199465\" data-resize=\"null\" height=\"800\" src=\"https:\/\/www.fcbarcelonanoticias.com\/en\/uploads\/s1\/11\/99\/46\/5\/bartomeu-gritos-dimision.jpeg\" title=\"Bartomeu, en el palco del Camp Nou contra la Real Sociedad\" width=\"1200\"><div class=\"media-title\">&nbsp;<\/div> <\/div> <\/div>  <p>This same week has known that <strong><a data-external=\"0\" data-intl-links-en=\"https:\/\/www.fcbarcelonanoticias.com\/en\/fc-barcelona\/anti-corruption-take-charge-negreira-case-barca_290526_102.html\" data-intl-links-es=\"https:\/\/www.fcbarcelonanoticias.com\/fc-barcelona\/anticorrupcion-se-hara-cargo-caso-negreira-denuncia-contra-barca_290526_102.html\" href=\"https:\/\/www.fcbarcelonanoticias.com\/en\/fc-barcelona\/fc-barcelona\/anti-corruption-take-charge-negreira-case-barca_290526_102.html\" rel=\"follow\" target=\"_self\" title=\"Anticorrupci\u00f3n se har\u00e1 cargo del 'Caso Negreira' tras la denuncia contra el Bar\u00e7a\">the Fiscal\u00eda Anticorrupci\u00f3n goes to commission of all the case<\/a> from now, by what all earns even more dimension<\/strong> if it fits. But going in to value in detail of what accuses to the FC Barcelona, fits to highlight that the crime appears in the article 286 bis 3 of the Penal Code, that prays the following: &#8220;it Punishes the facts when the purpose that pursues with these behaviours is to predetermine or alter of deliberate and fraudulent way the result of a professional sportive competition. In this case, what punishes are the sobornos that, to this end, are carried out by the following active subjects: members or collaborators of sportive entities, sporty, referees or judges&#8221;.<\/p>  <p>Therefore, this would be of what accuses to the Bar\u00e7a and is by what would be punished in case that in the trial showed that the 7,3 million euros paid to the company of Negreira between 2001 and 2018, had like destination influence in the arbitrations to the cul\u00e9s of favourable form. Nevertheless, <strong>at present this follows very far to test in spite of the insistence of the anti barcelonistas<\/strong>.<\/p>  <h2>Consequences in Spain if the Bar\u00e7a lost the trial<\/h2>  <p>But, what would happen in case that the Fiscal\u00eda achieve solid proofs that show in front of a judge this presumptive case of corruption? In this hypothetical reality <strong>the Barcelona could be fined of conclusive form, the same that occurred in 2016 by the trial by the signing of Neymar Jr<\/strong>. In this occasion, the blaugrana had to pay a fine of 5,5 millions by fiscal crimes and can that in this the economic punishment was quite greater.<\/p>  <div class=\"media media-image\" data-ck-asset-wrapper=\"\"> <div class=\"media-item\"> <img loading=\"lazy\" decoding=\"async\" alt=\"Rosell, Bartomey y Neymar en un juzgado\" data-id=\"1356783\" data-resize=\"null\" height=\"743\" src=\"https:\/\/www.fcbarcelonanoticias.com\/en\/uploads\/s1\/13\/56\/78\/3\/juicio-neymar-barca.jpeg\" title=\"Rosell, Bartomey y Neymar en un juzgado\" width=\"1300\"><div class=\"media-title\">&nbsp;<\/div> <\/div> <\/div>  <p>Unfortunately for all those that are wishing to see to the FC Barcelona fall, in this supposition, further of the fine, the club would not receive any another punishment to sportive level in Spain. <strong>The crime has prescribed, by what could not have administrative descent<\/strong>, neither could suspend the activities of the entity, neither neither there would be sanction of points or meetings in the national competitions.<\/p>  <h2>The UEFA could leave to the Bar\u00e7a without playing Champions a year<\/h2>  <p>But in Europe himself could be another &#8216;sing&#8217; in case that the UEFA decide to take measures after having accepted the judge the complaint against the picture barcelonista. If the maximum organism of the European football decided that the implication of the cul\u00e9s in this case of corruption is sufficient to damage to the Champions League like competition, <strong>legally could leave was to the Bar\u00e7a of the tournament during the next campaign<\/strong>, until all solve for well or for bad.<\/p>  <p>The articles 4.02 and 4.03 are key in this supposition and say the following: &#8220;If, on the base of all the circumstances and the available information to the UEFA, the UEFA concludes to his whole satisfaction that a club has been direct and\/or indirectly involved from the entrance in force of the article 50 (3) of the Statutes of the UEFA, that is to say, of 27 April 2007, in any activity headed to fix or influence in the result of a party to national or international level, <strong>the UEFA will declare that said club will not be able to participate in the competition. This inelegibilidad is effective only for a season of football<\/strong>&#8220;.<\/p>  <p>Likewise, these articles leave clear that <strong>the organism directed by Ceferin can decide this without expecting a firm sentence<\/strong>: &#8220;When taking his decision, the UEFA can trust, but is not forced by a decision of a national sportive organism or international, referee&#8217;s court or a state court. The UEFA can abstain to declare that a club can not participate in the competition if the UEFA is satisfied of the impact of the decision adopted in relation with the same circumstances in fact by a national sportive organism or international, referee&#8217;s court or state court already has had the effect to avoid that the club participate in a competition of clubs of the UEFA&#8221;.<\/p>  <div class=\"media media-image\" data-ck-asset-wrapper=\"\"> <div class=\"media-item\"> <img loading=\"lazy\" decoding=\"async\" alt=\"Ceferin y Laporta en la final de la Champions femenina\" data-id=\"1321301\" data-resize=\"null\" height=\"739\" src=\"https:\/\/www.fcbarcelonanoticias.com\/en\/uploads\/s1\/13\/21\/30\/1\/ceferin-y-laporta.jpeg\" title=\"Ceferin y Laporta en la final de la Champions femenina\" width=\"1300\"><div class=\"media-title\">&nbsp;<\/div> <\/div> <\/div>  <h2>The UEFA seems by the work to expect a resolution<\/h2>  <p>Luckily, in the newspaper &#8216;ACE&#8217; have ensured recently that <strong>the UEFA goes to expect to see if the Spanish justice shows clear evidences of the supposed culpability of the FC Barcelona before taking measures<\/strong>. The maximum organism of the European football is in direct contact with the Real Spanish Federation to be to the so much of everything , as it admitted Andreu Camps, general secretary of the RFEF. It fits to say that the term to be able to act that would have would be until 1 July, by what in the City Condal will not be able to relax of the all until then.<\/p>  <p>Besides, <strong>in the Catalan picture have to have very in account what go occurring with the Juventus of Tur\u00edn<\/strong>. For the moment, the ones of Ceferin would have asked already the documents of the investigations to the &#8216;bianconeri&#8217; by plusval\u00edas fictitious in his signings, that already has involved him to the team a sanction of 15 points and to his hard leaders punishments. Although this is a very distinct case to the of the Barcelona, in the Camp Nou would have to have an eye put in what it decide to do the UEFA here, since if it left to the Juve out of Europe, the things could put very ugly for the cul\u00e9s.<\/p>  <p>It is necessary to remember the precedents of the UEFA in alike cases to the of the FC Barcelona in which the European organism himself finish going in to sanction. For example, <strong>it does some years left without playing in European competitions during two years (2013-2015) to the Fenerbah\u00e7e and to the Besiktas for having altered several parties<\/strong> in Turkey. In concrete, the UEFA sanctioned to the ones of yellow and black even before having a firm sentence, by what the group barcelonista himself runs danger.<\/p>  <h2>The FIFA does not go to &#8216;wet&#8217; by the moment<\/h2>  <p>By against, <strong>the FIFA does not seem that it go to &#8216;wet&#8217; in east wrap, by what in this sense the Bar\u00e7a can be something calmer<\/strong>. In his Disciplinary Code, the organism directed by Gianni Infantino leaves clear that in these subjects &#8220;the confederations, federations and other sportive organisations are responsible to investigate, process and sanction the behaviours kept in his respective jurisdictions&#8221;.<\/p>  <div class=\"media media-image\" data-ck-asset-wrapper=\"\"> <div class=\"media-item\"> <img loading=\"lazy\" decoding=\"async\" alt=\"Gianni Infantino, presidente de la FIFA\" data-id=\"1297361\" data-resize=\"null\" height=\"730\" src=\"https:\/\/www.fcbarcelonanoticias.com\/en\/uploads\/s1\/12\/97\/36\/1\/infantino-mundial-sorteo.jpeg\" title=\"Gianni Infantino, presidente de la FIFA\" width=\"1300\"><div class=\"media-title\">&nbsp;<\/div> <\/div> <\/div>  <p>But the same that it is necessary to highlight this, also is necessary to confirm that from the FIFA save a &#8216;ace&#8217; under the sleeve to act. &#8220;<strong>The judicial organs of the FIFA reserve the right to investigate, process and sanction the grave infringements, in particular the cases of doping, manipulation of parties and racism<\/strong>, that recaigan in the field of application of this code and in the jurisdiction of the confederations, federations or other sportive organs, if they consider it adapted in a determinate case and if it has not undertaken a formal investigation in the corresponding confederation, federation or sportive organism in a term of 90 days from the moment in which the FIFA have proof of the infringement, or in case that the confederation, federation or sportive organism agree with the FIFA empower to this to occupy of the case&#8221;, prays the Code.<\/p>  <h2>The Bar\u00e7a is innocent until it show the contrary<\/h2>  <p>From this 15 March, date in which the jueza Silvia L\u00f3pez has admitted to formality the complaint, the &#8216;Case Negreira&#8217; already is officially a worry for the FC Barcelona, that goes to defend his innocence to the end. In fact, the cul\u00e9s will be innocent of all the indictments until the Fiscal\u00eda show the contrary. And the reality is that <strong>it goes to be very difficult to show that the money paid by the Bar\u00e7a for real was to influence in the referees<\/strong>.<\/p>  <p>In the club have left very clear whenever they hired the services of Negreira to have referee&#8217;s reports and also like services of observers. Already they have appeared the two first reports, but is for seeing if they appear more and especially what say all the witnesses and accused when it begin the process. From inside the Barcelona even have ensured that <strong><a data-external=\"0\" data-intl-links-en=\"https:\/\/www.fcbarcelonanoticias.com\/en\/fc-barcelona\/laporta-right-hand-tranquility-negreira_290518_102.html\" data-intl-links-es=\"https:\/\/www.fcbarcelonanoticias.com\/fc-barcelona\/mano-derecha-laporta-muestra-tranquilidad-absoluta-con-caso-negreira_290518_102.html\" href=\"https:\/\/www.fcbarcelonanoticias.com\/en\/fc-barcelona\/fc-barcelona\/laporta-right-hand-tranquility-negreira_290518_102.html\" rel=\"follow\" target=\"_self\" title=\"La mano derecha de Laporta muestra tranquilidad absoluta con el 'Caso Negreira'\">regarding &#8216;take care&#8217; the relation with the referees, could have involved a lot of more teams<\/a><\/strong>, by what in the weeks to come and months could appear more information especially this.<\/p>  <h2>The triumphs of the Bar\u00e7a are &#8216;intocables&#8217;<\/h2>  <p>Whatever happens of here to that it finish all this hell, <strong>the barcelonismo has to follow defending the honorabilidad of his club and, especially, of all his triumphs<\/strong>. The Bar\u00e7a of Pep Guardiola, the &#8216;sextete&#8217; led by Leo Messi, Xavi Hern\u00e1ndez or Andr\u00e9s Iniesta, or the one of Luis Enrique, with the MSN compound by Messi, Neymar Jr and Luis Su\u00e1rez, are two of the best teams of the history of the football and can not tolerate that it doubt of his victories. These groups won for being the best and those that better played and this is something that the history can show.<\/p> ","protected":false},"excerpt":{"rendered":"<p>FC Barcelona has been involved in the &#8216;Negreira Case&#8217; in 2023 and it seems that it is not something that is going to come out of in the short term. The Prosecutor&#8217;s Office has already denounced the club for alleged corruption and the judge has admitted the complaint, so there will be a trial to [&hellip;]<\/p>\n","protected":false},"author":359,"featured_media":0,"comment_status":"closed","ping_status":"open","sticky":false,"template":"","format":"standard","meta":{"_acf_changed":false,"inline_featured_image":false,"_nextfly_llmd_date_locked":false,"footnotes":""},"categories":[111],"tags":[270],"class_list":["post-9004","post","type-post","status-publish","format-standard","hentry","category-fc-barcelona","tag-case-negreira"],"acf":[],"yoast_head":"<!-- This site is optimized with the Yoast SEO plugin v27.3 - https:\/\/yoast.com\/product\/yoast-seo-wordpress\/ -->\n<title>Accusations and possible consequences, what could happen to Bar\u00e7a due to the &#039;Negreira Case&#039;?<\/title>\n<meta name=\"description\" content=\"The FC Barcelona has seen wrapped by the &#039;Case Negreira&#039; in this 2023 and seems that it is not something of what go to go out in the short term. The Fiscal\u00eda already has reported to the club by presumptive corruption and the jueza has admitted the querella, by what there will be trial for esclarecer the situation. In &#039;FCBN&#039; h...\" \/>\n<meta name=\"robots\" content=\"index, follow, max-snippet:-1, max-image-preview:large, max-video-preview:-1\" \/>\n<link rel=\"canonical\" href=\"https:\/\/www.fcbarcelonanoticias.com\/en\/club\/accusations-possible-consequences-that-could-happen-to-barcelona-due-to-negreira-case_290559_102.html\" \/>\n<meta property=\"og:locale\" content=\"en_US\" \/>\n<meta property=\"og:type\" content=\"article\" \/>\n<meta property=\"og:title\" content=\"Accusations and possible consequences, what could happen to Bar\u00e7a due to the &#039;Negreira Case&#039;?\" \/>\n<meta property=\"og:description\" content=\"The FC Barcelona has seen wrapped by the &#039;Case Negreira&#039; in this 2023 and seems that it is not something of what go to go out in the short term. The Fiscal\u00eda already has reported to the club by presumptive corruption and the jueza has admitted the querella, by what there will be trial for esclarecer the situation. In &#039;FCBN&#039; h...\" \/>\n<meta property=\"og:url\" content=\"https:\/\/www.fcbarcelonanoticias.com\/en\/club\/accusations-possible-consequences-that-could-happen-to-barcelona-due-to-negreira-case_290559_102.html\" \/>\n<meta property=\"og:site_name\" content=\"EN - FC Barcelona Noticias\" \/>\n<meta property=\"article:published_time\" content=\"2023-03-15T16:38:00+00:00\" \/>\n<meta property=\"article:modified_time\" content=\"2023-03-15T20:08:00+00:00\" \/>\n<meta property=\"og:image\" content=\"https:\/\/www.www.fcbarcelonanoticias.com\/en\/uploads\/s1\/11\/99\/46\/5\/bartomeu-gritos-dimision.jpeg\" \/>\n<meta name=\"author\" content=\"Eduardo Mart\u00edn Santos\" \/>\n<meta name=\"twitter:card\" content=\"summary_large_image\" \/>\n<meta name=\"twitter:label1\" content=\"Written by\" \/>\n\t<meta name=\"twitter:data1\" content=\"Eduardo Mart\u00edn Santos\" \/>\n\t<meta name=\"twitter:label2\" content=\"Est. reading time\" \/>\n\t<meta name=\"twitter:data2\" content=\"10 minutes\" \/>\n<script type=\"application\/ld+json\" class=\"yoast-schema-graph\">{\"@context\":\"https:\\\/\\\/schema.org\",\"@graph\":[{\"@type\":\"Article\",\"@id\":\"https:\\\/\\\/www.fcbarcelonanoticias.com\\\/en\\\/club\\\/accusations-possible-consequences-that-could-happen-to-barcelona-due-to-negreira-case_290559_102.html#article\",\"isPartOf\":{\"@id\":\"https:\\\/\\\/www.fcbarcelonanoticias.com\\\/en\\\/club\\\/accusations-possible-consequences-that-could-happen-to-barcelona-due-to-negreira-case_290559_102.html\"},\"author\":{\"name\":\"Eduardo Mart\u00edn Santos\",\"@id\":\"https:\\\/\\\/www.fcbarcelonanoticias.com\\\/en\\\/#\\\/schema\\\/person\\\/4bdbc782ba6060d3f7005b61e97fb753\"},\"headline\":\"Accusations and possible consequences, what could happen to Bar\u00e7a due to the &#8216;Negreira Case&#8217;?\",\"datePublished\":\"2023-03-15T16:38:00+00:00\",\"dateModified\":\"2023-03-15T20:08:00+00:00\",\"mainEntityOfPage\":{\"@id\":\"https:\\\/\\\/www.fcbarcelonanoticias.com\\\/en\\\/club\\\/accusations-possible-consequences-that-could-happen-to-barcelona-due-to-negreira-case_290559_102.html\"},\"wordCount\":1994,\"image\":{\"@id\":\"https:\\\/\\\/www.fcbarcelonanoticias.com\\\/en\\\/club\\\/accusations-possible-consequences-that-could-happen-to-barcelona-due-to-negreira-case_290559_102.html#primaryimage\"},\"thumbnailUrl\":\"https:\\\/\\\/www.fcbarcelonanoticias.com\\\/en\\\/uploads\\\/s1\\\/11\\\/99\\\/46\\\/5\\\/bartomeu-gritos-dimision.jpeg\",\"keywords\":[\"Case Negreira\"],\"articleSection\":[\"FC Barcelona\"],\"inLanguage\":\"en-US\"},{\"@type\":\"WebPage\",\"@id\":\"https:\\\/\\\/www.fcbarcelonanoticias.com\\\/en\\\/club\\\/accusations-possible-consequences-that-could-happen-to-barcelona-due-to-negreira-case_290559_102.html\",\"url\":\"https:\\\/\\\/www.fcbarcelonanoticias.com\\\/en\\\/club\\\/accusations-possible-consequences-that-could-happen-to-barcelona-due-to-negreira-case_290559_102.html\",\"name\":\"Accusations and possible consequences, what could happen to Bar\u00e7a due to the 'Negreira Case'?\",\"isPartOf\":{\"@id\":\"https:\\\/\\\/www.fcbarcelonanoticias.com\\\/en\\\/#website\"},\"primaryImageOfPage\":{\"@id\":\"https:\\\/\\\/www.fcbarcelonanoticias.com\\\/en\\\/club\\\/accusations-possible-consequences-that-could-happen-to-barcelona-due-to-negreira-case_290559_102.html#primaryimage\"},\"image\":{\"@id\":\"https:\\\/\\\/www.fcbarcelonanoticias.com\\\/en\\\/club\\\/accusations-possible-consequences-that-could-happen-to-barcelona-due-to-negreira-case_290559_102.html#primaryimage\"},\"thumbnailUrl\":\"https:\\\/\\\/www.fcbarcelonanoticias.com\\\/en\\\/uploads\\\/s1\\\/11\\\/99\\\/46\\\/5\\\/bartomeu-gritos-dimision.jpeg\",\"datePublished\":\"2023-03-15T16:38:00+00:00\",\"dateModified\":\"2023-03-15T20:08:00+00:00\",\"author\":{\"@id\":\"https:\\\/\\\/www.fcbarcelonanoticias.com\\\/en\\\/#\\\/schema\\\/person\\\/4bdbc782ba6060d3f7005b61e97fb753\"},\"description\":\"The FC Barcelona has seen wrapped by the 'Case Negreira' in this 2023 and seems that it is not something of what go to go out in the short term. The Fiscal\u00eda already has reported to the club by presumptive corruption and the jueza has admitted the querella, by what there will be trial for esclarecer the situation. In 'FCBN' h...\",\"breadcrumb\":{\"@id\":\"https:\\\/\\\/www.fcbarcelonanoticias.com\\\/en\\\/club\\\/accusations-possible-consequences-that-could-happen-to-barcelona-due-to-negreira-case_290559_102.html#breadcrumb\"},\"inLanguage\":\"en-US\",\"potentialAction\":[{\"@type\":\"ReadAction\",\"target\":[\"https:\\\/\\\/www.fcbarcelonanoticias.com\\\/en\\\/club\\\/accusations-possible-consequences-that-could-happen-to-barcelona-due-to-negreira-case_290559_102.html\"]}]},{\"@type\":\"ImageObject\",\"inLanguage\":\"en-US\",\"@id\":\"https:\\\/\\\/www.fcbarcelonanoticias.com\\\/en\\\/club\\\/accusations-possible-consequences-that-could-happen-to-barcelona-due-to-negreira-case_290559_102.html#primaryimage\",\"url\":\"https:\\\/\\\/www.fcbarcelonanoticias.com\\\/en\\\/uploads\\\/s1\\\/11\\\/99\\\/46\\\/5\\\/bartomeu-gritos-dimision.jpeg\",\"contentUrl\":\"https:\\\/\\\/www.fcbarcelonanoticias.com\\\/en\\\/uploads\\\/s1\\\/11\\\/99\\\/46\\\/5\\\/bartomeu-gritos-dimision.jpeg\"},{\"@type\":\"BreadcrumbList\",\"@id\":\"https:\\\/\\\/www.fcbarcelonanoticias.com\\\/en\\\/club\\\/accusations-possible-consequences-that-could-happen-to-barcelona-due-to-negreira-case_290559_102.html#breadcrumb\",\"itemListElement\":[{\"@type\":\"ListItem\",\"position\":1,\"name\":\"Portada\",\"item\":\"https:\\\/\\\/www.fcbarcelonanoticias.com\\\/en\\\/\"},{\"@type\":\"ListItem\",\"position\":2,\"name\":\"Accusations and possible consequences, what could happen to Bar\u00e7a due to the &#8216;Negreira Case&#8217;?\"}]},{\"@type\":\"WebSite\",\"@id\":\"https:\\\/\\\/www.fcbarcelonanoticias.com\\\/en\\\/#website\",\"url\":\"https:\\\/\\\/www.fcbarcelonanoticias.com\\\/en\\\/\",\"name\":\"EN - FC Barcelona Noticias\",\"description\":\"\",\"potentialAction\":[{\"@type\":\"SearchAction\",\"target\":{\"@type\":\"EntryPoint\",\"urlTemplate\":\"https:\\\/\\\/www.fcbarcelonanoticias.com\\\/en\\\/?s={search_term_string}\"},\"query-input\":{\"@type\":\"PropertyValueSpecification\",\"valueRequired\":true,\"valueName\":\"search_term_string\"}}],\"inLanguage\":\"en-US\"},{\"@type\":\"Person\",\"@id\":\"https:\\\/\\\/www.fcbarcelonanoticias.com\\\/en\\\/#\\\/schema\\\/person\\\/4bdbc782ba6060d3f7005b61e97fb753\",\"name\":\"Eduardo Mart\u00edn Santos\",\"image\":{\"@type\":\"ImageObject\",\"inLanguage\":\"en-US\",\"@id\":\"https:\\\/\\\/secure.gravatar.com\\\/avatar\\\/?s=96&d=mm&r=g\",\"url\":\"https:\\\/\\\/secure.gravatar.com\\\/avatar\\\/?s=96&d=mm&r=g\",\"contentUrl\":\"https:\\\/\\\/secure.gravatar.com\\\/avatar\\\/?s=96&d=mm&r=g\",\"caption\":\"Eduardo Mart\u00edn Santos\"},\"url\":\"https:\\\/\\\/www.fcbarcelonanoticias.com\\\/en\\\/eduardo-martin_3_115.html\"}]}<\/script>\n<!-- \/ Yoast SEO plugin. -->","yoast_head_json":{"title":"Accusations and possible consequences, what could happen to Bar\u00e7a due to the 'Negreira Case'?","description":"The FC Barcelona has seen wrapped by the 'Case Negreira' in this 2023 and seems that it is not something of what go to go out in the short term. The Fiscal\u00eda already has reported to the club by presumptive corruption and the jueza has admitted the querella, by what there will be trial for esclarecer the situation. In 'FCBN' h...","robots":{"index":"index","follow":"follow","max-snippet":"max-snippet:-1","max-image-preview":"max-image-preview:large","max-video-preview":"max-video-preview:-1"},"canonical":"https:\/\/www.fcbarcelonanoticias.com\/en\/club\/accusations-possible-consequences-that-could-happen-to-barcelona-due-to-negreira-case_290559_102.html","og_locale":"en_US","og_type":"article","og_title":"Accusations and possible consequences, what could happen to Bar\u00e7a due to the 'Negreira Case'?","og_description":"The FC Barcelona has seen wrapped by the 'Case Negreira' in this 2023 and seems that it is not something of what go to go out in the short term. The Fiscal\u00eda already has reported to the club by presumptive corruption and the jueza has admitted the querella, by what there will be trial for esclarecer the situation. In 'FCBN' h...","og_url":"https:\/\/www.fcbarcelonanoticias.com\/en\/club\/accusations-possible-consequences-that-could-happen-to-barcelona-due-to-negreira-case_290559_102.html","og_site_name":"EN - FC Barcelona Noticias","article_published_time":"2023-03-15T16:38:00+00:00","article_modified_time":"2023-03-15T20:08:00+00:00","og_image":[{"url":"https:\/\/www.www.fcbarcelonanoticias.com\/en\/uploads\/s1\/11\/99\/46\/5\/bartomeu-gritos-dimision.jpeg","type":"","width":"","height":""}],"author":"Eduardo Mart\u00edn Santos","twitter_card":"summary_large_image","twitter_misc":{"Written by":"Eduardo Mart\u00edn Santos","Est. reading time":"10 minutes"},"schema":{"@context":"https:\/\/schema.org","@graph":[{"@type":"Article","@id":"https:\/\/www.fcbarcelonanoticias.com\/en\/club\/accusations-possible-consequences-that-could-happen-to-barcelona-due-to-negreira-case_290559_102.html#article","isPartOf":{"@id":"https:\/\/www.fcbarcelonanoticias.com\/en\/club\/accusations-possible-consequences-that-could-happen-to-barcelona-due-to-negreira-case_290559_102.html"},"author":{"name":"Eduardo Mart\u00edn Santos","@id":"https:\/\/www.fcbarcelonanoticias.com\/en\/#\/schema\/person\/4bdbc782ba6060d3f7005b61e97fb753"},"headline":"Accusations and possible consequences, what could happen to Bar\u00e7a due to the &#8216;Negreira Case&#8217;?","datePublished":"2023-03-15T16:38:00+00:00","dateModified":"2023-03-15T20:08:00+00:00","mainEntityOfPage":{"@id":"https:\/\/www.fcbarcelonanoticias.com\/en\/club\/accusations-possible-consequences-that-could-happen-to-barcelona-due-to-negreira-case_290559_102.html"},"wordCount":1994,"image":{"@id":"https:\/\/www.fcbarcelonanoticias.com\/en\/club\/accusations-possible-consequences-that-could-happen-to-barcelona-due-to-negreira-case_290559_102.html#primaryimage"},"thumbnailUrl":"https:\/\/www.fcbarcelonanoticias.com\/en\/uploads\/s1\/11\/99\/46\/5\/bartomeu-gritos-dimision.jpeg","keywords":["Case Negreira"],"articleSection":["FC Barcelona"],"inLanguage":"en-US"},{"@type":"WebPage","@id":"https:\/\/www.fcbarcelonanoticias.com\/en\/club\/accusations-possible-consequences-that-could-happen-to-barcelona-due-to-negreira-case_290559_102.html","url":"https:\/\/www.fcbarcelonanoticias.com\/en\/club\/accusations-possible-consequences-that-could-happen-to-barcelona-due-to-negreira-case_290559_102.html","name":"Accusations and possible consequences, what could happen to Bar\u00e7a due to the 'Negreira Case'?","isPartOf":{"@id":"https:\/\/www.fcbarcelonanoticias.com\/en\/#website"},"primaryImageOfPage":{"@id":"https:\/\/www.fcbarcelonanoticias.com\/en\/club\/accusations-possible-consequences-that-could-happen-to-barcelona-due-to-negreira-case_290559_102.html#primaryimage"},"image":{"@id":"https:\/\/www.fcbarcelonanoticias.com\/en\/club\/accusations-possible-consequences-that-could-happen-to-barcelona-due-to-negreira-case_290559_102.html#primaryimage"},"thumbnailUrl":"https:\/\/www.fcbarcelonanoticias.com\/en\/uploads\/s1\/11\/99\/46\/5\/bartomeu-gritos-dimision.jpeg","datePublished":"2023-03-15T16:38:00+00:00","dateModified":"2023-03-15T20:08:00+00:00","author":{"@id":"https:\/\/www.fcbarcelonanoticias.com\/en\/#\/schema\/person\/4bdbc782ba6060d3f7005b61e97fb753"},"description":"The FC Barcelona has seen wrapped by the 'Case Negreira' in this 2023 and seems that it is not something of what go to go out in the short term. The Fiscal\u00eda already has reported to the club by presumptive corruption and the jueza has admitted the querella, by what there will be trial for esclarecer the situation. In 'FCBN' h...","breadcrumb":{"@id":"https:\/\/www.fcbarcelonanoticias.com\/en\/club\/accusations-possible-consequences-that-could-happen-to-barcelona-due-to-negreira-case_290559_102.html#breadcrumb"},"inLanguage":"en-US","potentialAction":[{"@type":"ReadAction","target":["https:\/\/www.fcbarcelonanoticias.com\/en\/club\/accusations-possible-consequences-that-could-happen-to-barcelona-due-to-negreira-case_290559_102.html"]}]},{"@type":"ImageObject","inLanguage":"en-US","@id":"https:\/\/www.fcbarcelonanoticias.com\/en\/club\/accusations-possible-consequences-that-could-happen-to-barcelona-due-to-negreira-case_290559_102.html#primaryimage","url":"https:\/\/www.fcbarcelonanoticias.com\/en\/uploads\/s1\/11\/99\/46\/5\/bartomeu-gritos-dimision.jpeg","contentUrl":"https:\/\/www.fcbarcelonanoticias.com\/en\/uploads\/s1\/11\/99\/46\/5\/bartomeu-gritos-dimision.jpeg"},{"@type":"BreadcrumbList","@id":"https:\/\/www.fcbarcelonanoticias.com\/en\/club\/accusations-possible-consequences-that-could-happen-to-barcelona-due-to-negreira-case_290559_102.html#breadcrumb","itemListElement":[{"@type":"ListItem","position":1,"name":"Portada","item":"https:\/\/www.fcbarcelonanoticias.com\/en\/"},{"@type":"ListItem","position":2,"name":"Accusations and possible consequences, what could happen to Bar\u00e7a due to the &#8216;Negreira Case&#8217;?"}]},{"@type":"WebSite","@id":"https:\/\/www.fcbarcelonanoticias.com\/en\/#website","url":"https:\/\/www.fcbarcelonanoticias.com\/en\/","name":"EN - FC Barcelona Noticias","description":"","potentialAction":[{"@type":"SearchAction","target":{"@type":"EntryPoint","urlTemplate":"https:\/\/www.fcbarcelonanoticias.com\/en\/?s={search_term_string}"},"query-input":{"@type":"PropertyValueSpecification","valueRequired":true,"valueName":"search_term_string"}}],"inLanguage":"en-US"},{"@type":"Person","@id":"https:\/\/www.fcbarcelonanoticias.com\/en\/#\/schema\/person\/4bdbc782ba6060d3f7005b61e97fb753","name":"Eduardo Mart\u00edn Santos","image":{"@type":"ImageObject","inLanguage":"en-US","@id":"https:\/\/secure.gravatar.com\/avatar\/?s=96&d=mm&r=g","url":"https:\/\/secure.gravatar.com\/avatar\/?s=96&d=mm&r=g","contentUrl":"https:\/\/secure.gravatar.com\/avatar\/?s=96&d=mm&r=g","caption":"Eduardo Mart\u00edn Santos"},"url":"https:\/\/www.fcbarcelonanoticias.com\/en\/eduardo-martin_3_115.html"}]}},"_links":{"self":[{"href":"https:\/\/www.fcbarcelonanoticias.com\/en\/wp-json\/wp\/v2\/posts\/9004","targetHints":{"allow":["GET"]}}],"collection":[{"href":"https:\/\/www.fcbarcelonanoticias.com\/en\/wp-json\/wp\/v2\/posts"}],"about":[{"href":"https:\/\/www.fcbarcelonanoticias.com\/en\/wp-json\/wp\/v2\/types\/post"}],"author":[{"embeddable":true,"href":"https:\/\/www.fcbarcelonanoticias.com\/en\/wp-json\/wp\/v2\/users\/359"}],"replies":[{"embeddable":true,"href":"https:\/\/www.fcbarcelonanoticias.com\/en\/wp-json\/wp\/v2\/comments?post=9004"}],"version-history":[{"count":1,"href":"https:\/\/www.fcbarcelonanoticias.com\/en\/wp-json\/wp\/v2\/posts\/9004\/revisions"}],"predecessor-version":[{"id":10029,"href":"https:\/\/www.fcbarcelonanoticias.com\/en\/wp-json\/wp\/v2\/posts\/9004\/revisions\/10029"}],"wp:attachment":[{"href":"https:\/\/www.fcbarcelonanoticias.com\/en\/wp-json\/wp\/v2\/media?parent=9004"}],"wp:term":[{"taxonomy":"category","embeddable":true,"href":"https:\/\/www.fcbarcelonanoticias.com\/en\/wp-json\/wp\/v2\/categories?post=9004"},{"taxonomy":"post_tag","embeddable":true,"href":"https:\/\/www.fcbarcelonanoticias.com\/en\/wp-json\/wp\/v2\/tags?post=9004"}],"curies":[{"name":"wp","href":"https:\/\/api.w.org\/{rel}","templated":true}]}}