{"id":90124,"date":"2023-03-15T13:20:00","date_gmt":"2023-03-15T12:20:00","guid":{"rendered":"https:\/\/weisetech.dev\/fc-barcelona-noticias\/en\/barca-will-azpilicueta-aubameyang_290549_102\/"},"modified":"2023-03-15T13:36:00","modified_gmt":"2023-03-15T12:36:00","slug":"barca-will-azpilicueta-aubameyang_290549_102","status":"publish","type":"post","link":"https:\/\/www.fcbarcelonanoticias.com\/en\/transfers\/barca-will-azpilicueta-aubameyang_290549_102.html","title":{"rendered":"Bar\u00e7a will have to &#8216;shot&#8217; the signing of Azpilicueta and the return of Aubameyang"},"content":{"rendered":"<h2 class=\"wp-block-heading\">C\u00e9sar Azpilicueta and Pierre-Emerick Aubameyang could be on Chelsea&#8217;s list of departures for the summer market. The Gabonese wants to return, while with the Navarrese the conditions would be different<\/h2>  \r\n<div class=\"article-addons\">\r\n    <a href=\"https:\/\/www.fcbarcelonanoticias.com\/en\/calendar-fc-barcelona.html\"\r\n       target=\"_self\"\r\n       title=\"Calendar of FC Barcelona\"\r\n       class=\"blue-gredient-btn\">\r\n       \r\n        Calendar of FC Barcelona    <\/a>\r\n<\/div>   <p>After adding to his rows a significant quantity of signings during the past wintry market,<strong> Chelsea presents <a data-external=\"0\" data-intl-links-en=\"https:\/\/www.fcbarcelonanoticias.com\/en\/transfers\/the-five-players-that-chelsea-could-sell-and-would-fit-in-the-barca_290494_102.html\" data-intl-links-es=\"https:\/\/www.fcbarcelonanoticias.com\/fichajes\/cinco-jugadores-chelsea-podria-vender-encajarian-en-barca_290494_102.html\" href=\"https:\/\/www.fcbarcelonanoticias.com\/en\/transfers\/the-five-players-that-chelsea-could-sell-and-would-fit-in-the-barca_290494_102.html\" rel=\"follow\" target=\"_self\" title=\"Los cinco jugadores que el Chelsea podr\u00eda vender y encajar\u00edan en el Bar\u00e7a\">a serious case of &#8216;overbooking&#8217;<\/a> that would carry them to go out of varied of his effective<\/strong> during the market estival of transfers. Between these possible exits appear two names that already have been very near of the FC Barcelona and this movement could suppose the definite step.<\/p>  <h2>&#8216;Azpi&#8217; Keeps on being an option?<\/h2>  <p>On the one hand, it appears the case of C\u00e9sar Azpilicueta.<strong> The carrilero right-handed already was in the orbit of the Barcelona team during the past window estival<\/strong>, but finally would finish signing his renewal with the team londinense, trusted that his continuity would be ensured in the sportive project that then headed Thomas Tuchel. Even so, the bad results achieved by the German would twist the situation radically.<\/p>  <p>However, this desplante of the navarro to the Barcelona team during the past summer would not have seated him at all well to the Catalan entity, especially after Xavi Hern\u00e1ndez had him like one of his main options to occupy the right-handed lane. Now, l<strong>to situation could be very distinct, treating of a player that for then will explain 34 years of age<\/strong>, but the need also could tighten to the Bar\u00e7a.<\/p>  <h2>The &#8216;case Auba&#8217;<\/h2>  <p>The incorporations of the market of summer had to Pierre-Emerick Aubameyang like one of the big marginados. After adding to his effective rows of attack like Mykhaylo Mudryk or Joao F\u00e9lix, <strong>the gabon\u00e9s would finish being excluded of the list of Graham Potter to contest the League of Champions<\/strong>, what carried to the attacker to think in a change of airs that would have again like destination to the City Condal.<\/p>  <p>The exit of Memphis Depay in winter would open him the possibility to do with a square; in fact, <strong>still it keeps the contact with the m\u00edster and his disposal to go back continue intact<\/strong> even being conscious that his role would limit to be the spare of Robert Lewandowsk. But the Bar\u00e7a will have to hurry, since teams like Valencia or the Athletic of Madrid also follow him closely.<\/p> ","protected":false},"excerpt":{"rendered":"<p>C\u00e9sar Azpilicueta and Pierre-Emerick Aubameyang could be on Chelsea&#8217;s list of departures for the summer market. The Gabonese wants to return, while with the Navarrese the conditions would be different After adding to his rows a significant quantity of signings during the past wintry market, Chelsea presents a serious case of &#8216;overbooking&#8217; that would carry [&hellip;]<\/p>\n","protected":false},"author":363,"featured_media":37282,"comment_status":"closed","ping_status":"open","sticky":false,"template":"","format":"standard","meta":{"_acf_changed":false,"inline_featured_image":false,"_nextfly_llmd_date_locked":false,"footnotes":""},"categories":[449,106],"tags":[230,161],"class_list":["post-90124","post","type-post","status-publish","format-standard","has-post-thumbnail","hentry","category-transfers-2","category-transfers","tag-aubameyang","tag-chelsea"],"acf":[],"yoast_head":"<!-- This site is optimized with the Yoast SEO plugin v27.3 - https:\/\/yoast.com\/product\/yoast-seo-wordpress\/ -->\n<title>The Bar\u00e7a will have to &#039;shot&#039; the signing of Azpilicueta and the turn of Aubameyang<\/title>\n<meta name=\"description\" content=\"C\u00e9sar Azpilicueta and Pierre-Emerick Aubameyang could be in the list of exits of Chelsea for the market estival. The gabon\u00e9s wants to go back, whereas with the navarro the conditions would be distinct\" \/>\n<meta name=\"robots\" content=\"index, follow, max-snippet:-1, max-image-preview:large, max-video-preview:-1\" \/>\n<link rel=\"canonical\" href=\"https:\/\/www.fcbarcelonanoticias.com\/en\/transfers\/barca-will-azpilicueta-aubameyang_290549_102.html\" \/>\n<meta property=\"og:locale\" content=\"en_US\" \/>\n<meta property=\"og:type\" content=\"article\" \/>\n<meta property=\"og:title\" content=\"The Bar\u00e7a will have to &#039;shot&#039; the signing of Azpilicueta and the turn of Aubameyang\" \/>\n<meta property=\"og:description\" content=\"C\u00e9sar Azpilicueta and Pierre-Emerick Aubameyang could be in the list of exits of Chelsea for the market estival. The gabon\u00e9s wants to go back, whereas with the navarro the conditions would be distinct\" \/>\n<meta property=\"og:url\" content=\"https:\/\/www.fcbarcelonanoticias.com\/en\/transfers\/barca-will-azpilicueta-aubameyang_290549_102.html\" \/>\n<meta property=\"og:site_name\" content=\"EN - FC Barcelona Noticias\" \/>\n<meta property=\"article:published_time\" content=\"2023-03-15T12:20:00+00:00\" \/>\n<meta property=\"article:modified_time\" content=\"2023-03-15T12:36:00+00:00\" \/>\n<meta property=\"og:image\" content=\"https:\/\/www.fcbarcelonanoticias.com\/en\/wp-content\/uploads\/sites\/2\/2024\/11\/proyecto-nuevo-5.jpeg\" \/>\n\t<meta property=\"og:image:width\" content=\"1250\" \/>\n\t<meta property=\"og:image:height\" content=\"750\" \/>\n\t<meta property=\"og:image:type\" content=\"image\/jpeg\" \/>\n<meta name=\"author\" content=\"Claudio Betancourt\" \/>\n<meta name=\"twitter:card\" content=\"summary_large_image\" \/>\n<meta name=\"twitter:label1\" content=\"Written by\" \/>\n\t<meta name=\"twitter:data1\" content=\"Claudio Betancourt\" \/>\n\t<meta name=\"twitter:label2\" content=\"Est. reading time\" \/>\n\t<meta name=\"twitter:data2\" content=\"2 minutes\" \/>\n<script type=\"application\/ld+json\" class=\"yoast-schema-graph\">{\"@context\":\"https:\\\/\\\/schema.org\",\"@graph\":[{\"@type\":\"Article\",\"@id\":\"https:\\\/\\\/www.fcbarcelonanoticias.com\\\/en\\\/transfers\\\/barca-will-azpilicueta-aubameyang_290549_102.html#article\",\"isPartOf\":{\"@id\":\"https:\\\/\\\/www.fcbarcelonanoticias.com\\\/en\\\/transfers\\\/barca-will-azpilicueta-aubameyang_290549_102.html\"},\"author\":{\"name\":\"Claudio Betancourt\",\"@id\":\"https:\\\/\\\/www.fcbarcelonanoticias.com\\\/en\\\/#\\\/schema\\\/person\\\/76c77917e39f918eb1604c571055386e\"},\"headline\":\"Bar\u00e7a will have to &#8216;shot&#8217; the signing of Azpilicueta and the return of Aubameyang\",\"datePublished\":\"2023-03-15T12:20:00+00:00\",\"dateModified\":\"2023-03-15T12:36:00+00:00\",\"mainEntityOfPage\":{\"@id\":\"https:\\\/\\\/www.fcbarcelonanoticias.com\\\/en\\\/transfers\\\/barca-will-azpilicueta-aubameyang_290549_102.html\"},\"wordCount\":409,\"image\":{\"@id\":\"https:\\\/\\\/www.fcbarcelonanoticias.com\\\/en\\\/transfers\\\/barca-will-azpilicueta-aubameyang_290549_102.html#primaryimage\"},\"thumbnailUrl\":\"https:\\\/\\\/www.fcbarcelonanoticias.com\\\/en\\\/wp-content\\\/uploads\\\/sites\\\/2\\\/2024\\\/11\\\/proyecto-nuevo-5.jpeg\",\"keywords\":[\"Aubameyang\",\"Chelsea\"],\"articleSection\":[\"Transfers\",\"Transfers\"],\"inLanguage\":\"en-US\"},{\"@type\":\"WebPage\",\"@id\":\"https:\\\/\\\/www.fcbarcelonanoticias.com\\\/en\\\/transfers\\\/barca-will-azpilicueta-aubameyang_290549_102.html\",\"url\":\"https:\\\/\\\/www.fcbarcelonanoticias.com\\\/en\\\/transfers\\\/barca-will-azpilicueta-aubameyang_290549_102.html\",\"name\":\"The Bar\u00e7a will have to 'shot' the signing of Azpilicueta and the turn of Aubameyang\",\"isPartOf\":{\"@id\":\"https:\\\/\\\/www.fcbarcelonanoticias.com\\\/en\\\/#website\"},\"primaryImageOfPage\":{\"@id\":\"https:\\\/\\\/www.fcbarcelonanoticias.com\\\/en\\\/transfers\\\/barca-will-azpilicueta-aubameyang_290549_102.html#primaryimage\"},\"image\":{\"@id\":\"https:\\\/\\\/www.fcbarcelonanoticias.com\\\/en\\\/transfers\\\/barca-will-azpilicueta-aubameyang_290549_102.html#primaryimage\"},\"thumbnailUrl\":\"https:\\\/\\\/www.fcbarcelonanoticias.com\\\/en\\\/wp-content\\\/uploads\\\/sites\\\/2\\\/2024\\\/11\\\/proyecto-nuevo-5.jpeg\",\"datePublished\":\"2023-03-15T12:20:00+00:00\",\"dateModified\":\"2023-03-15T12:36:00+00:00\",\"author\":{\"@id\":\"https:\\\/\\\/www.fcbarcelonanoticias.com\\\/en\\\/#\\\/schema\\\/person\\\/76c77917e39f918eb1604c571055386e\"},\"description\":\"C\u00e9sar Azpilicueta and Pierre-Emerick Aubameyang could be in the list of exits of Chelsea for the market estival. The gabon\u00e9s wants to go back, whereas with the navarro the conditions would be distinct\",\"breadcrumb\":{\"@id\":\"https:\\\/\\\/www.fcbarcelonanoticias.com\\\/en\\\/transfers\\\/barca-will-azpilicueta-aubameyang_290549_102.html#breadcrumb\"},\"inLanguage\":\"en-US\",\"potentialAction\":[{\"@type\":\"ReadAction\",\"target\":[\"https:\\\/\\\/www.fcbarcelonanoticias.com\\\/en\\\/transfers\\\/barca-will-azpilicueta-aubameyang_290549_102.html\"]}]},{\"@type\":\"ImageObject\",\"inLanguage\":\"en-US\",\"@id\":\"https:\\\/\\\/www.fcbarcelonanoticias.com\\\/en\\\/transfers\\\/barca-will-azpilicueta-aubameyang_290549_102.html#primaryimage\",\"url\":\"https:\\\/\\\/www.fcbarcelonanoticias.com\\\/en\\\/wp-content\\\/uploads\\\/sites\\\/2\\\/2024\\\/11\\\/proyecto-nuevo-5.jpeg\",\"contentUrl\":\"https:\\\/\\\/www.fcbarcelonanoticias.com\\\/en\\\/wp-content\\\/uploads\\\/sites\\\/2\\\/2024\\\/11\\\/proyecto-nuevo-5.jpeg\",\"width\":1250,\"height\":750},{\"@type\":\"BreadcrumbList\",\"@id\":\"https:\\\/\\\/www.fcbarcelonanoticias.com\\\/en\\\/transfers\\\/barca-will-azpilicueta-aubameyang_290549_102.html#breadcrumb\",\"itemListElement\":[{\"@type\":\"ListItem\",\"position\":1,\"name\":\"Portada\",\"item\":\"https:\\\/\\\/www.fcbarcelonanoticias.com\\\/en\\\/\"},{\"@type\":\"ListItem\",\"position\":2,\"name\":\"Bar\u00e7a will have to &#8216;shot&#8217; the signing of Azpilicueta and the return of Aubameyang\"}]},{\"@type\":\"WebSite\",\"@id\":\"https:\\\/\\\/www.fcbarcelonanoticias.com\\\/en\\\/#website\",\"url\":\"https:\\\/\\\/www.fcbarcelonanoticias.com\\\/en\\\/\",\"name\":\"EN - FC Barcelona Noticias\",\"description\":\"\",\"potentialAction\":[{\"@type\":\"SearchAction\",\"target\":{\"@type\":\"EntryPoint\",\"urlTemplate\":\"https:\\\/\\\/www.fcbarcelonanoticias.com\\\/en\\\/?s={search_term_string}\"},\"query-input\":{\"@type\":\"PropertyValueSpecification\",\"valueRequired\":true,\"valueName\":\"search_term_string\"}}],\"inLanguage\":\"en-US\"},{\"@type\":\"Person\",\"@id\":\"https:\\\/\\\/www.fcbarcelonanoticias.com\\\/en\\\/#\\\/schema\\\/person\\\/76c77917e39f918eb1604c571055386e\",\"name\":\"Claudio Betancourt\",\"image\":{\"@type\":\"ImageObject\",\"inLanguage\":\"en-US\",\"@id\":\"https:\\\/\\\/secure.gravatar.com\\\/avatar\\\/?s=96&d=mm&r=g\",\"url\":\"https:\\\/\\\/secure.gravatar.com\\\/avatar\\\/?s=96&d=mm&r=g\",\"contentUrl\":\"https:\\\/\\\/secure.gravatar.com\\\/avatar\\\/?s=96&d=mm&r=g\",\"caption\":\"Claudio Betancourt\"},\"url\":\"https:\\\/\\\/www.fcbarcelonanoticias.com\\\/en\\\/claudio-betancourt_14_115.html\"}]}<\/script>\n<!-- \/ Yoast SEO plugin. -->","yoast_head_json":{"title":"The Bar\u00e7a will have to 'shot' the signing of Azpilicueta and the turn of Aubameyang","description":"C\u00e9sar Azpilicueta and Pierre-Emerick Aubameyang could be in the list of exits of Chelsea for the market estival. The gabon\u00e9s wants to go back, whereas with the navarro the conditions would be distinct","robots":{"index":"index","follow":"follow","max-snippet":"max-snippet:-1","max-image-preview":"max-image-preview:large","max-video-preview":"max-video-preview:-1"},"canonical":"https:\/\/www.fcbarcelonanoticias.com\/en\/transfers\/barca-will-azpilicueta-aubameyang_290549_102.html","og_locale":"en_US","og_type":"article","og_title":"The Bar\u00e7a will have to 'shot' the signing of Azpilicueta and the turn of Aubameyang","og_description":"C\u00e9sar Azpilicueta and Pierre-Emerick Aubameyang could be in the list of exits of Chelsea for the market estival. The gabon\u00e9s wants to go back, whereas with the navarro the conditions would be distinct","og_url":"https:\/\/www.fcbarcelonanoticias.com\/en\/transfers\/barca-will-azpilicueta-aubameyang_290549_102.html","og_site_name":"EN - FC Barcelona Noticias","article_published_time":"2023-03-15T12:20:00+00:00","article_modified_time":"2023-03-15T12:36:00+00:00","og_image":[{"width":1250,"height":750,"url":"https:\/\/www.fcbarcelonanoticias.com\/en\/wp-content\/uploads\/sites\/2\/2024\/11\/proyecto-nuevo-5.jpeg","type":"image\/jpeg"}],"author":"Claudio Betancourt","twitter_card":"summary_large_image","twitter_misc":{"Written by":"Claudio Betancourt","Est. reading time":"2 minutes"},"schema":{"@context":"https:\/\/schema.org","@graph":[{"@type":"Article","@id":"https:\/\/www.fcbarcelonanoticias.com\/en\/transfers\/barca-will-azpilicueta-aubameyang_290549_102.html#article","isPartOf":{"@id":"https:\/\/www.fcbarcelonanoticias.com\/en\/transfers\/barca-will-azpilicueta-aubameyang_290549_102.html"},"author":{"name":"Claudio Betancourt","@id":"https:\/\/www.fcbarcelonanoticias.com\/en\/#\/schema\/person\/76c77917e39f918eb1604c571055386e"},"headline":"Bar\u00e7a will have to &#8216;shot&#8217; the signing of Azpilicueta and the return of Aubameyang","datePublished":"2023-03-15T12:20:00+00:00","dateModified":"2023-03-15T12:36:00+00:00","mainEntityOfPage":{"@id":"https:\/\/www.fcbarcelonanoticias.com\/en\/transfers\/barca-will-azpilicueta-aubameyang_290549_102.html"},"wordCount":409,"image":{"@id":"https:\/\/www.fcbarcelonanoticias.com\/en\/transfers\/barca-will-azpilicueta-aubameyang_290549_102.html#primaryimage"},"thumbnailUrl":"https:\/\/www.fcbarcelonanoticias.com\/en\/wp-content\/uploads\/sites\/2\/2024\/11\/proyecto-nuevo-5.jpeg","keywords":["Aubameyang","Chelsea"],"articleSection":["Transfers","Transfers"],"inLanguage":"en-US"},{"@type":"WebPage","@id":"https:\/\/www.fcbarcelonanoticias.com\/en\/transfers\/barca-will-azpilicueta-aubameyang_290549_102.html","url":"https:\/\/www.fcbarcelonanoticias.com\/en\/transfers\/barca-will-azpilicueta-aubameyang_290549_102.html","name":"The Bar\u00e7a will have to 'shot' the signing of Azpilicueta and the turn of Aubameyang","isPartOf":{"@id":"https:\/\/www.fcbarcelonanoticias.com\/en\/#website"},"primaryImageOfPage":{"@id":"https:\/\/www.fcbarcelonanoticias.com\/en\/transfers\/barca-will-azpilicueta-aubameyang_290549_102.html#primaryimage"},"image":{"@id":"https:\/\/www.fcbarcelonanoticias.com\/en\/transfers\/barca-will-azpilicueta-aubameyang_290549_102.html#primaryimage"},"thumbnailUrl":"https:\/\/www.fcbarcelonanoticias.com\/en\/wp-content\/uploads\/sites\/2\/2024\/11\/proyecto-nuevo-5.jpeg","datePublished":"2023-03-15T12:20:00+00:00","dateModified":"2023-03-15T12:36:00+00:00","author":{"@id":"https:\/\/www.fcbarcelonanoticias.com\/en\/#\/schema\/person\/76c77917e39f918eb1604c571055386e"},"description":"C\u00e9sar Azpilicueta and Pierre-Emerick Aubameyang could be in the list of exits of Chelsea for the market estival. The gabon\u00e9s wants to go back, whereas with the navarro the conditions would be distinct","breadcrumb":{"@id":"https:\/\/www.fcbarcelonanoticias.com\/en\/transfers\/barca-will-azpilicueta-aubameyang_290549_102.html#breadcrumb"},"inLanguage":"en-US","potentialAction":[{"@type":"ReadAction","target":["https:\/\/www.fcbarcelonanoticias.com\/en\/transfers\/barca-will-azpilicueta-aubameyang_290549_102.html"]}]},{"@type":"ImageObject","inLanguage":"en-US","@id":"https:\/\/www.fcbarcelonanoticias.com\/en\/transfers\/barca-will-azpilicueta-aubameyang_290549_102.html#primaryimage","url":"https:\/\/www.fcbarcelonanoticias.com\/en\/wp-content\/uploads\/sites\/2\/2024\/11\/proyecto-nuevo-5.jpeg","contentUrl":"https:\/\/www.fcbarcelonanoticias.com\/en\/wp-content\/uploads\/sites\/2\/2024\/11\/proyecto-nuevo-5.jpeg","width":1250,"height":750},{"@type":"BreadcrumbList","@id":"https:\/\/www.fcbarcelonanoticias.com\/en\/transfers\/barca-will-azpilicueta-aubameyang_290549_102.html#breadcrumb","itemListElement":[{"@type":"ListItem","position":1,"name":"Portada","item":"https:\/\/www.fcbarcelonanoticias.com\/en\/"},{"@type":"ListItem","position":2,"name":"Bar\u00e7a will have to &#8216;shot&#8217; the signing of Azpilicueta and the return of Aubameyang"}]},{"@type":"WebSite","@id":"https:\/\/www.fcbarcelonanoticias.com\/en\/#website","url":"https:\/\/www.fcbarcelonanoticias.com\/en\/","name":"EN - FC Barcelona Noticias","description":"","potentialAction":[{"@type":"SearchAction","target":{"@type":"EntryPoint","urlTemplate":"https:\/\/www.fcbarcelonanoticias.com\/en\/?s={search_term_string}"},"query-input":{"@type":"PropertyValueSpecification","valueRequired":true,"valueName":"search_term_string"}}],"inLanguage":"en-US"},{"@type":"Person","@id":"https:\/\/www.fcbarcelonanoticias.com\/en\/#\/schema\/person\/76c77917e39f918eb1604c571055386e","name":"Claudio Betancourt","image":{"@type":"ImageObject","inLanguage":"en-US","@id":"https:\/\/secure.gravatar.com\/avatar\/?s=96&d=mm&r=g","url":"https:\/\/secure.gravatar.com\/avatar\/?s=96&d=mm&r=g","contentUrl":"https:\/\/secure.gravatar.com\/avatar\/?s=96&d=mm&r=g","caption":"Claudio Betancourt"},"url":"https:\/\/www.fcbarcelonanoticias.com\/en\/claudio-betancourt_14_115.html"}]}},"_links":{"self":[{"href":"https:\/\/www.fcbarcelonanoticias.com\/en\/wp-json\/wp\/v2\/posts\/90124","targetHints":{"allow":["GET"]}}],"collection":[{"href":"https:\/\/www.fcbarcelonanoticias.com\/en\/wp-json\/wp\/v2\/posts"}],"about":[{"href":"https:\/\/www.fcbarcelonanoticias.com\/en\/wp-json\/wp\/v2\/types\/post"}],"author":[{"embeddable":true,"href":"https:\/\/www.fcbarcelonanoticias.com\/en\/wp-json\/wp\/v2\/users\/363"}],"replies":[{"embeddable":true,"href":"https:\/\/www.fcbarcelonanoticias.com\/en\/wp-json\/wp\/v2\/comments?post=90124"}],"version-history":[{"count":1,"href":"https:\/\/www.fcbarcelonanoticias.com\/en\/wp-json\/wp\/v2\/posts\/90124\/revisions"}],"predecessor-version":[{"id":90125,"href":"https:\/\/www.fcbarcelonanoticias.com\/en\/wp-json\/wp\/v2\/posts\/90124\/revisions\/90125"}],"wp:featuredmedia":[{"embeddable":true,"href":"https:\/\/www.fcbarcelonanoticias.com\/en\/wp-json\/wp\/v2\/media\/37282"}],"wp:attachment":[{"href":"https:\/\/www.fcbarcelonanoticias.com\/en\/wp-json\/wp\/v2\/media?parent=90124"}],"wp:term":[{"taxonomy":"category","embeddable":true,"href":"https:\/\/www.fcbarcelonanoticias.com\/en\/wp-json\/wp\/v2\/categories?post=90124"},{"taxonomy":"post_tag","embeddable":true,"href":"https:\/\/www.fcbarcelonanoticias.com\/en\/wp-json\/wp\/v2\/tags?post=90124"}],"curies":[{"name":"wp","href":"https:\/\/api.w.org\/{rel}","templated":true}]}}