{"id":90310,"date":"2020-08-02T00:36:00","date_gmt":"2020-08-01T22:36:00","guid":{"rendered":"https:\/\/weisetech.dev\/fc-barcelona-noticias\/en\/barcas-first-contact-with-hansi-flick-on-behalf-joan-laporta_300447_102\/"},"modified":"2020-08-02T02:03:00","modified_gmt":"2020-08-02T00:03:00","slug":"barca-would-have-already-decided-when-how-will-first-offer-for-eric-garcia-will-be_259618_102","status":"publish","type":"post","link":"https:\/\/www.fcbarcelonanoticias.com\/en\/transfers\/barca-would-have-already-decided-when-how-will-first-offer-for-eric-garcia-will-be_259618_102.html","title":{"rendered":"Bar\u00e7a would have already decided when and how its first offer for Eric Garcia will be"},"content":{"rendered":"<h2 class=\"wp-block-heading\">Bar\u00e7a has made Eric Garcia its favorite signing for the defense, and it will have to negotiate with Manchester City. The catalans would have already decided when and how their first offer will be<\/h2>  \r\n<div class=\"article-addons\">\r\n    <a href=\"https:\/\/www.fcbarcelonanoticias.com\/en\/calendar-fc-barcelona.html\"\r\n       target=\"_self\"\r\n       title=\"Calendar of FC Barcelona\"\r\n       class=\"blue-gredient-btn\">\r\n       \r\n        Calendar of FC Barcelona    <\/a>\r\n<\/div>   <p><strong>The FC Barcelona has selected to several candidates to reinforce his defence, and <a data-external=\"0\" data-intl-links-en=\"https:\/\/www.fcbarcelonanoticias.com\/en\/transfers\/key-moment-details-last-offensive-barcelona-for-eric-garcia_259499_102.html\" data-intl-links-es=\"https:\/\/www.fcbarcelonanoticias.com\/fichajes\/momento-clave-detalles-ultima-ofensiva-barcelona-por-eric-garcia_259499_102.html\" href=\"https:\/\/www.fcbarcelonanoticias.com\/en\/transfers\/key-moment-details-last-offensive-barcelona-for-eric-garcia_259499_102.html\" rel=\"follow\" target=\"_self\" title=\"Momento clave: Los detalles de la \u00faltima ofensiva del Bar\u00e7a por Eric Garcia\">Eric Garcia is the favourite<\/a><\/strong>. The ex of the Masia is the one who is better planted between the central youngsters that could mudarse to the City Condal, where look for to a player that accompany to Cl\u00e9ment Lenglet and Ronald Ara\u00fajo in a future no very far and that have capacity to relieve to half term to Gerard Hammered and immediately to Samuel Umtiti.<\/p>  <p>The last informations aim to<strong> that the cul\u00e9s already would have decided when will launch to by the defender, and would not be before the denouement of <a data-external=\"0\" data-intl-links-en=\"https:\/\/www.fcbarcelonanoticias.com\/en\/champions-league\" data-intl-links-es=\"https:\/\/www.fcbarcelonanoticias.com\/champions-league\" href=\"https:\/\/www.fcbarcelonanoticias.com\/en\/football\/champions-league.html\" rel=\"follow\" target=\"_self\" title=\"Champions League\">the Champions League<\/a><\/strong>. In the last months there have been contacts and will follow them having with his surroundings and with <strong>the Manchester City<\/strong>, but the respect commands because both groups are centred in putting in the final stages of Lisbon and first have to surpass to Napoli and Real Madrid.<\/p>  <p><strong>The price of the traspaso is a more complicated question, because it is subject to diverse factors<\/strong>. In the first place, it will be determinant the posture of the Catalan, that has to decide if it prefers to dress again of Barcelona or renew an agreement that expires in 2021 with the &#8216;sky blues&#8217;. If it decants by this last alternative the way will be fenced in until further notice, but if it convinces him the project barcelonista could play in favour.<\/p>  <p><strong>Also it is necessary to take into account two recent precedents of the &#8216;citizen&#8217;<\/strong>, although they do not occupy the same place. By<strong> Leroy San\u00e9 <\/strong>asked near of 80 million euros, but after the crisis of the coronavirus tightened to leave to the Bayern of Munich by around 50. This same figure, and even 60 &#8216;kilos&#8217;, demanded them the Valency by <strong>Ferran Torres<\/strong>, but the one of Foios landed in the Etihad Stadium by 25+12. The requirements have gone down practically to the half, and it is necessary to take into account that <strong>both are also young with some links that finalised in 2021<\/strong>.<\/p>  <p>According to the experts of &#8216;Transfermarkt&#8217;, his value of market is of 16 millions, by <strong>what the fork could situate in 10 and 30 millions whenever it do not decide to return to the Bar\u00e7a free<\/strong>. In the Camp Nou will throw to a side and the English will do it to the contrary, by what will touch to expect to a pact that could include some variable clauses. If all opted for expecting a year more, the mudanza would be to cost zero.<\/p>  <h3>The City wants to include to Sergi Roberto in the deal<\/h3>  <p><strong>The City knows that it does not find in the best position to negotiate, but if it accepts to yield with Eric Garcia pretends to include to <a data-external=\"0\" data-intl-links-en=\"https:\/\/www.fcbarcelonanoticias.com\/en\/tags\/sergi-roberto\" data-intl-links-es=\"https:\/\/www.fcbarcelonanoticias.com\/tags\/sergi-roberto\" href=\"https:\/\/www.fcbarcelonanoticias.com\/en\/tags\/sergi-roberto.html\" rel=\"follow\" target=\"_self\" title=\"Sergi Roberto\">Sergi Roberto<\/a> <\/strong>in the deal. The group that directs Pep Guardiola has not surrendered in the extension of the central, but if this said that &#8216;no&#8217; and forced the conversation with the Bar\u00e7a, the &#8216;sky blues&#8217; would try to take out advantage. After descartar to N\u00e9lson Semedo because the pact does not convince to all the involved, the one of Santpedor has planted the sight on a polyvalent midfield player to the that already enjoyed in his stage in the bench barcelonista.<\/p> ","protected":false},"excerpt":{"rendered":"<p>Bar\u00e7a has made Eric Garcia its favorite signing for the defense, and it will have to negotiate with Manchester City. The catalans would have already decided when and how their first offer will be The FC Barcelona has selected to several candidates to reinforce his defence, and Eric Garcia is the favourite. The ex of [&hellip;]<\/p>\n","protected":false},"author":392,"featured_media":90323,"comment_status":"closed","ping_status":"open","sticky":false,"template":"","format":"standard","meta":{"_acf_changed":false,"inline_featured_image":false,"_nextfly_llmd_date_locked":false,"footnotes":""},"categories":[106,449],"tags":[97],"class_list":["post-90310","post","type-post","status-publish","format-standard","has-post-thumbnail","hentry","category-transfers","category-transfers-2","tag-manchester-city"],"acf":[],"yoast_head":"<!-- This site is optimized with the Yoast SEO plugin v27.3 - https:\/\/yoast.com\/product\/yoast-seo-wordpress\/ -->\n<title>Bar\u00e7a would have already decided when and how its first offer for Eric Garcia will be<\/title>\n<meta name=\"description\" content=\"The Bar\u00e7a has converted to Eric Garc\u00eda in his favourite signing for the defence, and will have to negotiate with the Manchester City. The Catalans already would have decided...\" \/>\n<meta name=\"robots\" content=\"index, follow, max-snippet:-1, max-image-preview:large, max-video-preview:-1\" \/>\n<link rel=\"canonical\" href=\"https:\/\/www.fcbarcelonanoticias.com\/en\/transfers\/barca-would-have-already-decided-when-how-will-first-offer-for-eric-garcia-will-be_259618_102.html\" \/>\n<meta property=\"og:locale\" content=\"en_US\" \/>\n<meta property=\"og:type\" content=\"article\" \/>\n<meta property=\"og:title\" content=\"Bar\u00e7a would have already decided when and how its first offer for Eric Garcia will be\" \/>\n<meta property=\"og:description\" content=\"The Bar\u00e7a has converted to Eric Garc\u00eda in his favourite signing for the defence, and will have to negotiate with the Manchester City. The Catalans already would have decided...\" \/>\n<meta property=\"og:url\" content=\"https:\/\/www.fcbarcelonanoticias.com\/en\/transfers\/barca-would-have-already-decided-when-how-will-first-offer-for-eric-garcia-will-be_259618_102.html\" \/>\n<meta property=\"og:site_name\" content=\"EN - FC Barcelona Noticias\" \/>\n<meta property=\"article:published_time\" content=\"2020-08-01T22:36:00+00:00\" \/>\n<meta property=\"article:modified_time\" content=\"2020-08-02T00:03:00+00:00\" \/>\n<meta property=\"og:image\" content=\"https:\/\/www.fcbarcelonanoticias.com\/en\/wp-content\/uploads\/sites\/2\/2020\/08\/ericgarcia-manchestercity4.jpeg\" \/>\n\t<meta property=\"og:image:width\" content=\"1200\" \/>\n\t<meta property=\"og:image:height\" content=\"675\" \/>\n\t<meta property=\"og:image:type\" content=\"image\/jpeg\" \/>\n<meta name=\"author\" content=\"user_4048\" \/>\n<meta name=\"twitter:card\" content=\"summary_large_image\" \/>\n<meta name=\"twitter:label1\" content=\"Written by\" \/>\n\t<meta name=\"twitter:data1\" content=\"user_4048\" \/>\n\t<meta name=\"twitter:label2\" content=\"Est. reading time\" \/>\n\t<meta name=\"twitter:data2\" content=\"3 minutes\" \/>\n<script type=\"application\/ld+json\" class=\"yoast-schema-graph\">{\"@context\":\"https:\\\/\\\/schema.org\",\"@graph\":[{\"@type\":\"Article\",\"@id\":\"https:\\\/\\\/www.fcbarcelonanoticias.com\\\/en\\\/transfers\\\/barca-would-have-already-decided-when-how-will-first-offer-for-eric-garcia-will-be_259618_102.html#article\",\"isPartOf\":{\"@id\":\"https:\\\/\\\/www.fcbarcelonanoticias.com\\\/en\\\/transfers\\\/barca-would-have-already-decided-when-how-will-first-offer-for-eric-garcia-will-be_259618_102.html\"},\"author\":{\"name\":\"user_4048\",\"@id\":\"https:\\\/\\\/www.fcbarcelonanoticias.com\\\/en\\\/#\\\/schema\\\/person\\\/fcdad55cab72b8d0e106d75506783b6d\"},\"headline\":\"Bar\u00e7a would have already decided when and how its first offer for Eric Garcia will be\",\"datePublished\":\"2020-08-01T22:36:00+00:00\",\"dateModified\":\"2020-08-02T00:03:00+00:00\",\"mainEntityOfPage\":{\"@id\":\"https:\\\/\\\/www.fcbarcelonanoticias.com\\\/en\\\/transfers\\\/barca-would-have-already-decided-when-how-will-first-offer-for-eric-garcia-will-be_259618_102.html\"},\"wordCount\":595,\"image\":{\"@id\":\"https:\\\/\\\/www.fcbarcelonanoticias.com\\\/en\\\/transfers\\\/barca-would-have-already-decided-when-how-will-first-offer-for-eric-garcia-will-be_259618_102.html#primaryimage\"},\"thumbnailUrl\":\"https:\\\/\\\/www.fcbarcelonanoticias.com\\\/en\\\/wp-content\\\/uploads\\\/sites\\\/2\\\/2020\\\/08\\\/ericgarcia-manchestercity4.jpeg\",\"keywords\":[\"Manchester City\"],\"articleSection\":[\"Transfers\",\"Transfers\"],\"inLanguage\":\"en-US\"},{\"@type\":\"WebPage\",\"@id\":\"https:\\\/\\\/www.fcbarcelonanoticias.com\\\/en\\\/transfers\\\/barca-would-have-already-decided-when-how-will-first-offer-for-eric-garcia-will-be_259618_102.html\",\"url\":\"https:\\\/\\\/www.fcbarcelonanoticias.com\\\/en\\\/transfers\\\/barca-would-have-already-decided-when-how-will-first-offer-for-eric-garcia-will-be_259618_102.html\",\"name\":\"Bar\u00e7a would have already decided when and how its first offer for Eric Garcia will be\",\"isPartOf\":{\"@id\":\"https:\\\/\\\/www.fcbarcelonanoticias.com\\\/en\\\/#website\"},\"primaryImageOfPage\":{\"@id\":\"https:\\\/\\\/www.fcbarcelonanoticias.com\\\/en\\\/transfers\\\/barca-would-have-already-decided-when-how-will-first-offer-for-eric-garcia-will-be_259618_102.html#primaryimage\"},\"image\":{\"@id\":\"https:\\\/\\\/www.fcbarcelonanoticias.com\\\/en\\\/transfers\\\/barca-would-have-already-decided-when-how-will-first-offer-for-eric-garcia-will-be_259618_102.html#primaryimage\"},\"thumbnailUrl\":\"https:\\\/\\\/www.fcbarcelonanoticias.com\\\/en\\\/wp-content\\\/uploads\\\/sites\\\/2\\\/2020\\\/08\\\/ericgarcia-manchestercity4.jpeg\",\"datePublished\":\"2020-08-01T22:36:00+00:00\",\"dateModified\":\"2020-08-02T00:03:00+00:00\",\"author\":{\"@id\":\"https:\\\/\\\/www.fcbarcelonanoticias.com\\\/en\\\/#\\\/schema\\\/person\\\/fcdad55cab72b8d0e106d75506783b6d\"},\"description\":\"The Bar\u00e7a has converted to Eric Garc\u00eda in his favourite signing for the defence, and will have to negotiate with the Manchester City. The Catalans already would have decided...\",\"breadcrumb\":{\"@id\":\"https:\\\/\\\/www.fcbarcelonanoticias.com\\\/en\\\/transfers\\\/barca-would-have-already-decided-when-how-will-first-offer-for-eric-garcia-will-be_259618_102.html#breadcrumb\"},\"inLanguage\":\"en-US\",\"potentialAction\":[{\"@type\":\"ReadAction\",\"target\":[\"https:\\\/\\\/www.fcbarcelonanoticias.com\\\/en\\\/transfers\\\/barca-would-have-already-decided-when-how-will-first-offer-for-eric-garcia-will-be_259618_102.html\"]}]},{\"@type\":\"ImageObject\",\"inLanguage\":\"en-US\",\"@id\":\"https:\\\/\\\/www.fcbarcelonanoticias.com\\\/en\\\/transfers\\\/barca-would-have-already-decided-when-how-will-first-offer-for-eric-garcia-will-be_259618_102.html#primaryimage\",\"url\":\"https:\\\/\\\/www.fcbarcelonanoticias.com\\\/en\\\/wp-content\\\/uploads\\\/sites\\\/2\\\/2020\\\/08\\\/ericgarcia-manchestercity4.jpeg\",\"contentUrl\":\"https:\\\/\\\/www.fcbarcelonanoticias.com\\\/en\\\/wp-content\\\/uploads\\\/sites\\\/2\\\/2020\\\/08\\\/ericgarcia-manchestercity4.jpeg\",\"width\":1200,\"height\":675},{\"@type\":\"BreadcrumbList\",\"@id\":\"https:\\\/\\\/www.fcbarcelonanoticias.com\\\/en\\\/transfers\\\/barca-would-have-already-decided-when-how-will-first-offer-for-eric-garcia-will-be_259618_102.html#breadcrumb\",\"itemListElement\":[{\"@type\":\"ListItem\",\"position\":1,\"name\":\"Portada\",\"item\":\"https:\\\/\\\/www.fcbarcelonanoticias.com\\\/en\\\/\"},{\"@type\":\"ListItem\",\"position\":2,\"name\":\"Bar\u00e7a would have already decided when and how its first offer for Eric Garcia will be\"}]},{\"@type\":\"WebSite\",\"@id\":\"https:\\\/\\\/www.fcbarcelonanoticias.com\\\/en\\\/#website\",\"url\":\"https:\\\/\\\/www.fcbarcelonanoticias.com\\\/en\\\/\",\"name\":\"EN - FC Barcelona Noticias\",\"description\":\"\",\"potentialAction\":[{\"@type\":\"SearchAction\",\"target\":{\"@type\":\"EntryPoint\",\"urlTemplate\":\"https:\\\/\\\/www.fcbarcelonanoticias.com\\\/en\\\/?s={search_term_string}\"},\"query-input\":{\"@type\":\"PropertyValueSpecification\",\"valueRequired\":true,\"valueName\":\"search_term_string\"}}],\"inLanguage\":\"en-US\"},{\"@type\":\"Person\",\"@id\":\"https:\\\/\\\/www.fcbarcelonanoticias.com\\\/en\\\/#\\\/schema\\\/person\\\/fcdad55cab72b8d0e106d75506783b6d\",\"name\":\"user_4048\",\"image\":{\"@type\":\"ImageObject\",\"inLanguage\":\"en-US\",\"@id\":\"https:\\\/\\\/secure.gravatar.com\\\/avatar\\\/?s=96&d=mm&r=g\",\"url\":\"https:\\\/\\\/secure.gravatar.com\\\/avatar\\\/?s=96&d=mm&r=g\",\"contentUrl\":\"https:\\\/\\\/secure.gravatar.com\\\/avatar\\\/?s=96&d=mm&r=g\",\"caption\":\"user_4048\"},\"url\":\"https:\\\/\\\/www.fcbarcelonanoticias.com\\\/en\\\/user_4048.html\"}]}<\/script>\n<!-- \/ Yoast SEO plugin. -->","yoast_head_json":{"title":"Bar\u00e7a would have already decided when and how its first offer for Eric Garcia will be","description":"The Bar\u00e7a has converted to Eric Garc\u00eda in his favourite signing for the defence, and will have to negotiate with the Manchester City. The Catalans already would have decided...","robots":{"index":"index","follow":"follow","max-snippet":"max-snippet:-1","max-image-preview":"max-image-preview:large","max-video-preview":"max-video-preview:-1"},"canonical":"https:\/\/www.fcbarcelonanoticias.com\/en\/transfers\/barca-would-have-already-decided-when-how-will-first-offer-for-eric-garcia-will-be_259618_102.html","og_locale":"en_US","og_type":"article","og_title":"Bar\u00e7a would have already decided when and how its first offer for Eric Garcia will be","og_description":"The Bar\u00e7a has converted to Eric Garc\u00eda in his favourite signing for the defence, and will have to negotiate with the Manchester City. The Catalans already would have decided...","og_url":"https:\/\/www.fcbarcelonanoticias.com\/en\/transfers\/barca-would-have-already-decided-when-how-will-first-offer-for-eric-garcia-will-be_259618_102.html","og_site_name":"EN - FC Barcelona Noticias","article_published_time":"2020-08-01T22:36:00+00:00","article_modified_time":"2020-08-02T00:03:00+00:00","og_image":[{"width":1200,"height":675,"url":"https:\/\/www.fcbarcelonanoticias.com\/en\/wp-content\/uploads\/sites\/2\/2020\/08\/ericgarcia-manchestercity4.jpeg","type":"image\/jpeg"}],"author":"user_4048","twitter_card":"summary_large_image","twitter_misc":{"Written by":"user_4048","Est. reading time":"3 minutes"},"schema":{"@context":"https:\/\/schema.org","@graph":[{"@type":"Article","@id":"https:\/\/www.fcbarcelonanoticias.com\/en\/transfers\/barca-would-have-already-decided-when-how-will-first-offer-for-eric-garcia-will-be_259618_102.html#article","isPartOf":{"@id":"https:\/\/www.fcbarcelonanoticias.com\/en\/transfers\/barca-would-have-already-decided-when-how-will-first-offer-for-eric-garcia-will-be_259618_102.html"},"author":{"name":"user_4048","@id":"https:\/\/www.fcbarcelonanoticias.com\/en\/#\/schema\/person\/fcdad55cab72b8d0e106d75506783b6d"},"headline":"Bar\u00e7a would have already decided when and how its first offer for Eric Garcia will be","datePublished":"2020-08-01T22:36:00+00:00","dateModified":"2020-08-02T00:03:00+00:00","mainEntityOfPage":{"@id":"https:\/\/www.fcbarcelonanoticias.com\/en\/transfers\/barca-would-have-already-decided-when-how-will-first-offer-for-eric-garcia-will-be_259618_102.html"},"wordCount":595,"image":{"@id":"https:\/\/www.fcbarcelonanoticias.com\/en\/transfers\/barca-would-have-already-decided-when-how-will-first-offer-for-eric-garcia-will-be_259618_102.html#primaryimage"},"thumbnailUrl":"https:\/\/www.fcbarcelonanoticias.com\/en\/wp-content\/uploads\/sites\/2\/2020\/08\/ericgarcia-manchestercity4.jpeg","keywords":["Manchester City"],"articleSection":["Transfers","Transfers"],"inLanguage":"en-US"},{"@type":"WebPage","@id":"https:\/\/www.fcbarcelonanoticias.com\/en\/transfers\/barca-would-have-already-decided-when-how-will-first-offer-for-eric-garcia-will-be_259618_102.html","url":"https:\/\/www.fcbarcelonanoticias.com\/en\/transfers\/barca-would-have-already-decided-when-how-will-first-offer-for-eric-garcia-will-be_259618_102.html","name":"Bar\u00e7a would have already decided when and how its first offer for Eric Garcia will be","isPartOf":{"@id":"https:\/\/www.fcbarcelonanoticias.com\/en\/#website"},"primaryImageOfPage":{"@id":"https:\/\/www.fcbarcelonanoticias.com\/en\/transfers\/barca-would-have-already-decided-when-how-will-first-offer-for-eric-garcia-will-be_259618_102.html#primaryimage"},"image":{"@id":"https:\/\/www.fcbarcelonanoticias.com\/en\/transfers\/barca-would-have-already-decided-when-how-will-first-offer-for-eric-garcia-will-be_259618_102.html#primaryimage"},"thumbnailUrl":"https:\/\/www.fcbarcelonanoticias.com\/en\/wp-content\/uploads\/sites\/2\/2020\/08\/ericgarcia-manchestercity4.jpeg","datePublished":"2020-08-01T22:36:00+00:00","dateModified":"2020-08-02T00:03:00+00:00","author":{"@id":"https:\/\/www.fcbarcelonanoticias.com\/en\/#\/schema\/person\/fcdad55cab72b8d0e106d75506783b6d"},"description":"The Bar\u00e7a has converted to Eric Garc\u00eda in his favourite signing for the defence, and will have to negotiate with the Manchester City. The Catalans already would have decided...","breadcrumb":{"@id":"https:\/\/www.fcbarcelonanoticias.com\/en\/transfers\/barca-would-have-already-decided-when-how-will-first-offer-for-eric-garcia-will-be_259618_102.html#breadcrumb"},"inLanguage":"en-US","potentialAction":[{"@type":"ReadAction","target":["https:\/\/www.fcbarcelonanoticias.com\/en\/transfers\/barca-would-have-already-decided-when-how-will-first-offer-for-eric-garcia-will-be_259618_102.html"]}]},{"@type":"ImageObject","inLanguage":"en-US","@id":"https:\/\/www.fcbarcelonanoticias.com\/en\/transfers\/barca-would-have-already-decided-when-how-will-first-offer-for-eric-garcia-will-be_259618_102.html#primaryimage","url":"https:\/\/www.fcbarcelonanoticias.com\/en\/wp-content\/uploads\/sites\/2\/2020\/08\/ericgarcia-manchestercity4.jpeg","contentUrl":"https:\/\/www.fcbarcelonanoticias.com\/en\/wp-content\/uploads\/sites\/2\/2020\/08\/ericgarcia-manchestercity4.jpeg","width":1200,"height":675},{"@type":"BreadcrumbList","@id":"https:\/\/www.fcbarcelonanoticias.com\/en\/transfers\/barca-would-have-already-decided-when-how-will-first-offer-for-eric-garcia-will-be_259618_102.html#breadcrumb","itemListElement":[{"@type":"ListItem","position":1,"name":"Portada","item":"https:\/\/www.fcbarcelonanoticias.com\/en\/"},{"@type":"ListItem","position":2,"name":"Bar\u00e7a would have already decided when and how its first offer for Eric Garcia will be"}]},{"@type":"WebSite","@id":"https:\/\/www.fcbarcelonanoticias.com\/en\/#website","url":"https:\/\/www.fcbarcelonanoticias.com\/en\/","name":"EN - FC Barcelona Noticias","description":"","potentialAction":[{"@type":"SearchAction","target":{"@type":"EntryPoint","urlTemplate":"https:\/\/www.fcbarcelonanoticias.com\/en\/?s={search_term_string}"},"query-input":{"@type":"PropertyValueSpecification","valueRequired":true,"valueName":"search_term_string"}}],"inLanguage":"en-US"},{"@type":"Person","@id":"https:\/\/www.fcbarcelonanoticias.com\/en\/#\/schema\/person\/fcdad55cab72b8d0e106d75506783b6d","name":"user_4048","image":{"@type":"ImageObject","inLanguage":"en-US","@id":"https:\/\/secure.gravatar.com\/avatar\/?s=96&d=mm&r=g","url":"https:\/\/secure.gravatar.com\/avatar\/?s=96&d=mm&r=g","contentUrl":"https:\/\/secure.gravatar.com\/avatar\/?s=96&d=mm&r=g","caption":"user_4048"},"url":"https:\/\/www.fcbarcelonanoticias.com\/en\/user_4048.html"}]}},"_links":{"self":[{"href":"https:\/\/www.fcbarcelonanoticias.com\/en\/wp-json\/wp\/v2\/posts\/90310","targetHints":{"allow":["GET"]}}],"collection":[{"href":"https:\/\/www.fcbarcelonanoticias.com\/en\/wp-json\/wp\/v2\/posts"}],"about":[{"href":"https:\/\/www.fcbarcelonanoticias.com\/en\/wp-json\/wp\/v2\/types\/post"}],"author":[{"embeddable":true,"href":"https:\/\/www.fcbarcelonanoticias.com\/en\/wp-json\/wp\/v2\/users\/392"}],"replies":[{"embeddable":true,"href":"https:\/\/www.fcbarcelonanoticias.com\/en\/wp-json\/wp\/v2\/comments?post=90310"}],"version-history":[{"count":1,"href":"https:\/\/www.fcbarcelonanoticias.com\/en\/wp-json\/wp\/v2\/posts\/90310\/revisions"}],"predecessor-version":[{"id":90316,"href":"https:\/\/www.fcbarcelonanoticias.com\/en\/wp-json\/wp\/v2\/posts\/90310\/revisions\/90316"}],"wp:featuredmedia":[{"embeddable":true,"href":"https:\/\/www.fcbarcelonanoticias.com\/en\/wp-json\/wp\/v2\/media\/90323"}],"wp:attachment":[{"href":"https:\/\/www.fcbarcelonanoticias.com\/en\/wp-json\/wp\/v2\/media?parent=90310"}],"wp:term":[{"taxonomy":"category","embeddable":true,"href":"https:\/\/www.fcbarcelonanoticias.com\/en\/wp-json\/wp\/v2\/categories?post=90310"},{"taxonomy":"post_tag","embeddable":true,"href":"https:\/\/www.fcbarcelonanoticias.com\/en\/wp-json\/wp\/v2\/tags?post=90310"}],"curies":[{"name":"wp","href":"https:\/\/api.w.org\/{rel}","templated":true}]}}