{"id":90360,"date":"2023-08-10T17:08:00","date_gmt":"2023-08-10T15:08:00","guid":{"rendered":"https:\/\/weisetech.dev\/fc-barcelona-noticias\/en\/barca-would-have-already-proposal-in-mind-for-the-signing-of-neymar_294989_102\/"},"modified":"2023-08-10T21:21:00","modified_gmt":"2023-08-10T19:21:00","slug":"barca-would-have-already-proposal-in-mind-for-the-signing-of-neymar_294989_102","status":"publish","type":"post","link":"https:\/\/www.fcbarcelonanoticias.com\/en\/transfers\/barca-would-have-already-proposal-in-mind-for-the-signing-of-neymar_294989_102.html","title":{"rendered":"Bar\u00e7a would already have a proposal in mind for the signing of Neymar"},"content":{"rendered":"<h2 class=\"wp-block-heading\">The future of Neymar is far of Paris and already the player tries to find a solution to abandon the club Frenchman. Of equal way the Bar\u00e7a still looks for the best way of how proceed in his possible signing<\/h2>  \r\n<div class=\"article-addons\">\r\n    <a href=\"https:\/\/www.fcbarcelonanoticias.com\/en\/calendar-fc-barcelona.html\"\r\n       target=\"_self\"\r\n       title=\"Calendar of FC Barcelona\"\r\n       class=\"blue-gredient-btn\">\r\n       \r\n        Calendar of FC Barcelona    <\/a>\r\n<\/div>   <p>Where it will play Neymar the next season begins to be one of the big subjects of interest of the final month of the market of signings. In France already signalled that the Paris Saint-Germain communicated to the Brazilian that do not have he for the next campaign <strong>and the possibility that it go back to the FC Barcelona is on the table,<\/strong> at least to be studied by the managers of fichar in the team cul\u00e9.<\/p>  <p>As we already explain this Wednesday, <a data-external=\"0\" data-intl-links-en=\"https:\/\/www.fcbarcelonanoticias.com\/en\/transfers\/the-possible-signing-of-neymar-by-barca-follows-generating-debate-between-laporta-and-xavi_294969_102.html\" data-intl-links-es=\"https:\/\/www.fcbarcelonanoticias.com\/fichajes\/posible-fichaje-neymar-por-barca-sigue-generando-debate-entre-laporta-xavi_294969_102.html\" href=\"https:\/\/www.fcbarcelonanoticias.com\/en\/transfers\/the-possible-signing-of-neymar-by-barca-follows-generating-debate-between-laporta-and-xavi_294969_102.html\" rel=\"follow\" target=\"_self\" title=\"El posible fichaje de Neymar por el Bar\u00e7a sigue generando debate entre Laporta y Xavi\">in the Bar\u00e7a follows existing variety of opinions<\/a> on his possible signing, since from the managerial see it with good eyes by his can medi\u00e1tico and talent futbol\u00edstico but the technical Xavi Hern\u00e1ndez does not want to break the order that there is in the changing room. <strong>Besides, the &#8217;10&#8217; also would suppose to break his new system with four mediocampistas in a lot of parties or subtract him minutes to a Raphinha that already is &#8216;free&#8217; without the presence of Demb\u00e9l\u00e9.<\/strong><\/p>  <p>With this stage to the day of today, &#8216;The Independent&#8217; has aimed from United Kingdom that <strong>the Catalans would be had to offer a cession with obligation of purchase to concretise the return of the Brazilian<\/strong>. The information also aims that the Parisian club could leave it go out <a data-external=\"0\" data-intl-links-en=\"https:\/\/www.fcbarcelonanoticias.com\/en\/transfers\/the-psg-fixed-rank-of-price-to-accept-the-exit-of-neymar-this-summer_294919_102.html\" data-intl-links-es=\"https:\/\/www.fcbarcelonanoticias.com\/fichajes\/psg-fija-rango-precio-aceptar-salida-neymar-este-verano_294919_102.html\" href=\"https:\/\/www.fcbarcelonanoticias.com\/en\/transfers\/the-psg-fixed-rank-of-price-to-accept-the-exit-of-neymar-this-summer_294919_102.html\" rel=\"follow\" target=\"_self\" title=\"El PSG fija un rango de precio para aceptar la salida de Neymar este verano\">by some 60 million euros<\/a>, although these would include in the exercise of the 2024-25 for the Catalan team.<\/p>  <p>Although right now it seems very far an agreement with this formula, the reality of the PSG of not following paying the high index card of the player and the need of the own Neymar to feel important could vary a lot the stage that exists. <strong>Already regarding the economic himself remains clear that the Bar\u00e7a would back a possible effort in new commercial agreements that would arrive if the forward saw again of Barcelona.<\/strong><\/p>  <h2>The wish of Neymar could be vital for the possible operation<\/h2>  <p>What yes remains clear is that the footballer of 31 years sees with good eyes return to the Bar\u00e7a, by what the PSG understands that that would be the best option, when being the only that to the day of today convinces to Ney. <strong>Under this context the Frenchmen could be flexible in the negotiation, <\/strong>even if they need also the help of some team of Saudi Arabia that can fichar to the ex cul\u00e9 and allow him remain yielded a season in the City Condal, knowing that also the MLS dreams with carrying to the forward.<\/p>  <blockquote class=\"twitter-tweet\"> <p dir=\"ltr\" lang=\"en\">Understand both Neymar Jr and Paris Saint-Germain plough working to find the best solution to part ways this summer, ace soon ace possible \ud83d\udea8\ud83d\udd34\ud83d\udd35\ud83c\udde7\ud83c\uddf7 <a href=\"https:\/\/twitter.com\/en\/hashtag\/PSG?src=hash&amp;ref_src=twsrc%5Etfw\">#PSG<\/a><br><br> Both sides working for Neymar to leave.<br><br> Neymar Have proposals from To the Hilal and MLS. Bar\u00e7a have to decides whether if want to try. <a href=\"https:\/\/t.co\/en\/ORZtzUCe4F\">pic.twitter.com\/orztzuce4f<\/a><\/p> \u2014 Fabrizio Romano (@FabrizioRomano) <a href=\"https:\/\/twitter.com\/en\/FabrizioRomano\/status\/1689645916020760578?ref_src=twsrc%5Etfw\">August 10, 2023<\/a> <\/blockquote> ","protected":false},"excerpt":{"rendered":"<p>The future of Neymar is far of Paris and already the player tries to find a solution to abandon the club Frenchman. Of equal way the Bar\u00e7a still looks for the best way of how proceed in his possible signing Where it will play Neymar the next season begins to be one of the big [&hellip;]<\/p>\n","protected":false},"author":345,"featured_media":90369,"comment_status":"closed","ping_status":"open","sticky":false,"template":"","format":"standard","meta":{"_acf_changed":false,"inline_featured_image":false,"_nextfly_llmd_date_locked":false,"footnotes":""},"categories":[106,449],"tags":[158,143,88,48],"class_list":["post-90360","post","type-post","status-publish","format-standard","has-post-thumbnail","hentry","category-transfers","category-transfers-2","tag-joan-laporta","tag-neymar-jr","tag-paris-saint-germain","tag-xavi-hernandez"],"acf":[],"yoast_head":"<!-- This site is optimized with the Yoast SEO plugin v27.3 - https:\/\/yoast.com\/product\/yoast-seo-wordpress\/ -->\n<title>Bar\u00e7a would already have a proposal in mind for the signing of Neymar<\/title>\n<meta name=\"description\" content=\"The future of Neymar is far of Paris and already the player tries to find a solution to abandon the club Frenchman. Of equal way the Bar\u00e7a still looks for the best way of how proceed in his possible signing\" \/>\n<meta name=\"robots\" content=\"index, follow, max-snippet:-1, max-image-preview:large, max-video-preview:-1\" \/>\n<link rel=\"canonical\" href=\"https:\/\/www.fcbarcelonanoticias.com\/en\/transfers\/barca-would-have-already-proposal-in-mind-for-the-signing-of-neymar_294989_102.html\" \/>\n<meta property=\"og:locale\" content=\"en_US\" \/>\n<meta property=\"og:type\" content=\"article\" \/>\n<meta property=\"og:title\" content=\"Bar\u00e7a would already have a proposal in mind for the signing of Neymar\" \/>\n<meta property=\"og:description\" content=\"The future of Neymar is far of Paris and already the player tries to find a solution to abandon the club Frenchman. Of equal way the Bar\u00e7a still looks for the best way of how proceed in his possible signing\" \/>\n<meta property=\"og:url\" content=\"https:\/\/www.fcbarcelonanoticias.com\/en\/transfers\/barca-would-have-already-proposal-in-mind-for-the-signing-of-neymar_294989_102.html\" \/>\n<meta property=\"og:site_name\" content=\"EN - FC Barcelona Noticias\" \/>\n<meta property=\"article:published_time\" content=\"2023-08-10T15:08:00+00:00\" \/>\n<meta property=\"article:modified_time\" content=\"2023-08-10T19:21:00+00:00\" \/>\n<meta property=\"og:image\" content=\"https:\/\/www.fcbarcelonanoticias.com\/en\/wp-content\/uploads\/sites\/2\/2023\/08\/neymar-brasil-psg.jpeg\" \/>\n\t<meta property=\"og:image:width\" content=\"1500\" \/>\n\t<meta property=\"og:image:height\" content=\"951\" \/>\n\t<meta property=\"og:image:type\" content=\"image\/jpeg\" \/>\n<meta name=\"author\" content=\"Carlos Montenegro\" \/>\n<meta name=\"twitter:card\" content=\"summary_large_image\" \/>\n<meta name=\"twitter:label1\" content=\"Written by\" \/>\n\t<meta name=\"twitter:data1\" content=\"Carlos Montenegro\" \/>\n\t<meta name=\"twitter:label2\" content=\"Est. reading time\" \/>\n\t<meta name=\"twitter:data2\" content=\"3 minutes\" \/>\n<script type=\"application\/ld+json\" class=\"yoast-schema-graph\">{\"@context\":\"https:\\\/\\\/schema.org\",\"@graph\":[{\"@type\":\"Article\",\"@id\":\"https:\\\/\\\/www.fcbarcelonanoticias.com\\\/en\\\/transfers\\\/barca-would-have-already-proposal-in-mind-for-the-signing-of-neymar_294989_102.html#article\",\"isPartOf\":{\"@id\":\"https:\\\/\\\/www.fcbarcelonanoticias.com\\\/en\\\/transfers\\\/barca-would-have-already-proposal-in-mind-for-the-signing-of-neymar_294989_102.html\"},\"author\":{\"name\":\"Carlos Montenegro\",\"@id\":\"https:\\\/\\\/www.fcbarcelonanoticias.com\\\/en\\\/#\\\/schema\\\/person\\\/aa1d038709c262cb247e240f6b39bbf5\"},\"headline\":\"Bar\u00e7a would already have a proposal in mind for the signing of Neymar\",\"datePublished\":\"2023-08-10T15:08:00+00:00\",\"dateModified\":\"2023-08-10T19:21:00+00:00\",\"mainEntityOfPage\":{\"@id\":\"https:\\\/\\\/www.fcbarcelonanoticias.com\\\/en\\\/transfers\\\/barca-would-have-already-proposal-in-mind-for-the-signing-of-neymar_294989_102.html\"},\"wordCount\":534,\"image\":{\"@id\":\"https:\\\/\\\/www.fcbarcelonanoticias.com\\\/en\\\/transfers\\\/barca-would-have-already-proposal-in-mind-for-the-signing-of-neymar_294989_102.html#primaryimage\"},\"thumbnailUrl\":\"https:\\\/\\\/www.fcbarcelonanoticias.com\\\/en\\\/wp-content\\\/uploads\\\/sites\\\/2\\\/2023\\\/08\\\/neymar-brasil-psg.jpeg\",\"keywords\":[\"Joan Laporta\",\"Neymar Jr\",\"Paris Saint-Germain\",\"Xavi Hern\u00e1ndez\"],\"articleSection\":[\"Transfers\",\"Transfers\"],\"inLanguage\":\"en-US\"},{\"@type\":\"WebPage\",\"@id\":\"https:\\\/\\\/www.fcbarcelonanoticias.com\\\/en\\\/transfers\\\/barca-would-have-already-proposal-in-mind-for-the-signing-of-neymar_294989_102.html\",\"url\":\"https:\\\/\\\/www.fcbarcelonanoticias.com\\\/en\\\/transfers\\\/barca-would-have-already-proposal-in-mind-for-the-signing-of-neymar_294989_102.html\",\"name\":\"Bar\u00e7a would already have a proposal in mind for the signing of Neymar\",\"isPartOf\":{\"@id\":\"https:\\\/\\\/www.fcbarcelonanoticias.com\\\/en\\\/#website\"},\"primaryImageOfPage\":{\"@id\":\"https:\\\/\\\/www.fcbarcelonanoticias.com\\\/en\\\/transfers\\\/barca-would-have-already-proposal-in-mind-for-the-signing-of-neymar_294989_102.html#primaryimage\"},\"image\":{\"@id\":\"https:\\\/\\\/www.fcbarcelonanoticias.com\\\/en\\\/transfers\\\/barca-would-have-already-proposal-in-mind-for-the-signing-of-neymar_294989_102.html#primaryimage\"},\"thumbnailUrl\":\"https:\\\/\\\/www.fcbarcelonanoticias.com\\\/en\\\/wp-content\\\/uploads\\\/sites\\\/2\\\/2023\\\/08\\\/neymar-brasil-psg.jpeg\",\"datePublished\":\"2023-08-10T15:08:00+00:00\",\"dateModified\":\"2023-08-10T19:21:00+00:00\",\"author\":{\"@id\":\"https:\\\/\\\/www.fcbarcelonanoticias.com\\\/en\\\/#\\\/schema\\\/person\\\/aa1d038709c262cb247e240f6b39bbf5\"},\"description\":\"The future of Neymar is far of Paris and already the player tries to find a solution to abandon the club Frenchman. Of equal way the Bar\u00e7a still looks for the best way of how proceed in his possible signing\",\"breadcrumb\":{\"@id\":\"https:\\\/\\\/www.fcbarcelonanoticias.com\\\/en\\\/transfers\\\/barca-would-have-already-proposal-in-mind-for-the-signing-of-neymar_294989_102.html#breadcrumb\"},\"inLanguage\":\"en-US\",\"potentialAction\":[{\"@type\":\"ReadAction\",\"target\":[\"https:\\\/\\\/www.fcbarcelonanoticias.com\\\/en\\\/transfers\\\/barca-would-have-already-proposal-in-mind-for-the-signing-of-neymar_294989_102.html\"]}]},{\"@type\":\"ImageObject\",\"inLanguage\":\"en-US\",\"@id\":\"https:\\\/\\\/www.fcbarcelonanoticias.com\\\/en\\\/transfers\\\/barca-would-have-already-proposal-in-mind-for-the-signing-of-neymar_294989_102.html#primaryimage\",\"url\":\"https:\\\/\\\/www.fcbarcelonanoticias.com\\\/en\\\/wp-content\\\/uploads\\\/sites\\\/2\\\/2023\\\/08\\\/neymar-brasil-psg.jpeg\",\"contentUrl\":\"https:\\\/\\\/www.fcbarcelonanoticias.com\\\/en\\\/wp-content\\\/uploads\\\/sites\\\/2\\\/2023\\\/08\\\/neymar-brasil-psg.jpeg\",\"width\":1500,\"height\":951},{\"@type\":\"BreadcrumbList\",\"@id\":\"https:\\\/\\\/www.fcbarcelonanoticias.com\\\/en\\\/transfers\\\/barca-would-have-already-proposal-in-mind-for-the-signing-of-neymar_294989_102.html#breadcrumb\",\"itemListElement\":[{\"@type\":\"ListItem\",\"position\":1,\"name\":\"Portada\",\"item\":\"https:\\\/\\\/www.fcbarcelonanoticias.com\\\/en\\\/\"},{\"@type\":\"ListItem\",\"position\":2,\"name\":\"Bar\u00e7a would already have a proposal in mind for the signing of Neymar\"}]},{\"@type\":\"WebSite\",\"@id\":\"https:\\\/\\\/www.fcbarcelonanoticias.com\\\/en\\\/#website\",\"url\":\"https:\\\/\\\/www.fcbarcelonanoticias.com\\\/en\\\/\",\"name\":\"EN - FC Barcelona Noticias\",\"description\":\"\",\"potentialAction\":[{\"@type\":\"SearchAction\",\"target\":{\"@type\":\"EntryPoint\",\"urlTemplate\":\"https:\\\/\\\/www.fcbarcelonanoticias.com\\\/en\\\/?s={search_term_string}\"},\"query-input\":{\"@type\":\"PropertyValueSpecification\",\"valueRequired\":true,\"valueName\":\"search_term_string\"}}],\"inLanguage\":\"en-US\"},{\"@type\":\"Person\",\"@id\":\"https:\\\/\\\/www.fcbarcelonanoticias.com\\\/en\\\/#\\\/schema\\\/person\\\/aa1d038709c262cb247e240f6b39bbf5\",\"name\":\"Carlos Montenegro\",\"image\":{\"@type\":\"ImageObject\",\"inLanguage\":\"en-US\",\"@id\":\"https:\\\/\\\/secure.gravatar.com\\\/avatar\\\/?s=96&d=mm&r=g\",\"url\":\"https:\\\/\\\/secure.gravatar.com\\\/avatar\\\/?s=96&d=mm&r=g\",\"contentUrl\":\"https:\\\/\\\/secure.gravatar.com\\\/avatar\\\/?s=96&d=mm&r=g\",\"caption\":\"Carlos Montenegro\"},\"url\":\"https:\\\/\\\/www.fcbarcelonanoticias.com\\\/en\\\/carlos-montenegro_20_115.html\"}]}<\/script>\n<!-- \/ Yoast SEO plugin. -->","yoast_head_json":{"title":"Bar\u00e7a would already have a proposal in mind for the signing of Neymar","description":"The future of Neymar is far of Paris and already the player tries to find a solution to abandon the club Frenchman. Of equal way the Bar\u00e7a still looks for the best way of how proceed in his possible signing","robots":{"index":"index","follow":"follow","max-snippet":"max-snippet:-1","max-image-preview":"max-image-preview:large","max-video-preview":"max-video-preview:-1"},"canonical":"https:\/\/www.fcbarcelonanoticias.com\/en\/transfers\/barca-would-have-already-proposal-in-mind-for-the-signing-of-neymar_294989_102.html","og_locale":"en_US","og_type":"article","og_title":"Bar\u00e7a would already have a proposal in mind for the signing of Neymar","og_description":"The future of Neymar is far of Paris and already the player tries to find a solution to abandon the club Frenchman. Of equal way the Bar\u00e7a still looks for the best way of how proceed in his possible signing","og_url":"https:\/\/www.fcbarcelonanoticias.com\/en\/transfers\/barca-would-have-already-proposal-in-mind-for-the-signing-of-neymar_294989_102.html","og_site_name":"EN - FC Barcelona Noticias","article_published_time":"2023-08-10T15:08:00+00:00","article_modified_time":"2023-08-10T19:21:00+00:00","og_image":[{"width":1500,"height":951,"url":"https:\/\/www.fcbarcelonanoticias.com\/en\/wp-content\/uploads\/sites\/2\/2023\/08\/neymar-brasil-psg.jpeg","type":"image\/jpeg"}],"author":"Carlos Montenegro","twitter_card":"summary_large_image","twitter_misc":{"Written by":"Carlos Montenegro","Est. reading time":"3 minutes"},"schema":{"@context":"https:\/\/schema.org","@graph":[{"@type":"Article","@id":"https:\/\/www.fcbarcelonanoticias.com\/en\/transfers\/barca-would-have-already-proposal-in-mind-for-the-signing-of-neymar_294989_102.html#article","isPartOf":{"@id":"https:\/\/www.fcbarcelonanoticias.com\/en\/transfers\/barca-would-have-already-proposal-in-mind-for-the-signing-of-neymar_294989_102.html"},"author":{"name":"Carlos Montenegro","@id":"https:\/\/www.fcbarcelonanoticias.com\/en\/#\/schema\/person\/aa1d038709c262cb247e240f6b39bbf5"},"headline":"Bar\u00e7a would already have a proposal in mind for the signing of Neymar","datePublished":"2023-08-10T15:08:00+00:00","dateModified":"2023-08-10T19:21:00+00:00","mainEntityOfPage":{"@id":"https:\/\/www.fcbarcelonanoticias.com\/en\/transfers\/barca-would-have-already-proposal-in-mind-for-the-signing-of-neymar_294989_102.html"},"wordCount":534,"image":{"@id":"https:\/\/www.fcbarcelonanoticias.com\/en\/transfers\/barca-would-have-already-proposal-in-mind-for-the-signing-of-neymar_294989_102.html#primaryimage"},"thumbnailUrl":"https:\/\/www.fcbarcelonanoticias.com\/en\/wp-content\/uploads\/sites\/2\/2023\/08\/neymar-brasil-psg.jpeg","keywords":["Joan Laporta","Neymar Jr","Paris Saint-Germain","Xavi Hern\u00e1ndez"],"articleSection":["Transfers","Transfers"],"inLanguage":"en-US"},{"@type":"WebPage","@id":"https:\/\/www.fcbarcelonanoticias.com\/en\/transfers\/barca-would-have-already-proposal-in-mind-for-the-signing-of-neymar_294989_102.html","url":"https:\/\/www.fcbarcelonanoticias.com\/en\/transfers\/barca-would-have-already-proposal-in-mind-for-the-signing-of-neymar_294989_102.html","name":"Bar\u00e7a would already have a proposal in mind for the signing of Neymar","isPartOf":{"@id":"https:\/\/www.fcbarcelonanoticias.com\/en\/#website"},"primaryImageOfPage":{"@id":"https:\/\/www.fcbarcelonanoticias.com\/en\/transfers\/barca-would-have-already-proposal-in-mind-for-the-signing-of-neymar_294989_102.html#primaryimage"},"image":{"@id":"https:\/\/www.fcbarcelonanoticias.com\/en\/transfers\/barca-would-have-already-proposal-in-mind-for-the-signing-of-neymar_294989_102.html#primaryimage"},"thumbnailUrl":"https:\/\/www.fcbarcelonanoticias.com\/en\/wp-content\/uploads\/sites\/2\/2023\/08\/neymar-brasil-psg.jpeg","datePublished":"2023-08-10T15:08:00+00:00","dateModified":"2023-08-10T19:21:00+00:00","author":{"@id":"https:\/\/www.fcbarcelonanoticias.com\/en\/#\/schema\/person\/aa1d038709c262cb247e240f6b39bbf5"},"description":"The future of Neymar is far of Paris and already the player tries to find a solution to abandon the club Frenchman. Of equal way the Bar\u00e7a still looks for the best way of how proceed in his possible signing","breadcrumb":{"@id":"https:\/\/www.fcbarcelonanoticias.com\/en\/transfers\/barca-would-have-already-proposal-in-mind-for-the-signing-of-neymar_294989_102.html#breadcrumb"},"inLanguage":"en-US","potentialAction":[{"@type":"ReadAction","target":["https:\/\/www.fcbarcelonanoticias.com\/en\/transfers\/barca-would-have-already-proposal-in-mind-for-the-signing-of-neymar_294989_102.html"]}]},{"@type":"ImageObject","inLanguage":"en-US","@id":"https:\/\/www.fcbarcelonanoticias.com\/en\/transfers\/barca-would-have-already-proposal-in-mind-for-the-signing-of-neymar_294989_102.html#primaryimage","url":"https:\/\/www.fcbarcelonanoticias.com\/en\/wp-content\/uploads\/sites\/2\/2023\/08\/neymar-brasil-psg.jpeg","contentUrl":"https:\/\/www.fcbarcelonanoticias.com\/en\/wp-content\/uploads\/sites\/2\/2023\/08\/neymar-brasil-psg.jpeg","width":1500,"height":951},{"@type":"BreadcrumbList","@id":"https:\/\/www.fcbarcelonanoticias.com\/en\/transfers\/barca-would-have-already-proposal-in-mind-for-the-signing-of-neymar_294989_102.html#breadcrumb","itemListElement":[{"@type":"ListItem","position":1,"name":"Portada","item":"https:\/\/www.fcbarcelonanoticias.com\/en\/"},{"@type":"ListItem","position":2,"name":"Bar\u00e7a would already have a proposal in mind for the signing of Neymar"}]},{"@type":"WebSite","@id":"https:\/\/www.fcbarcelonanoticias.com\/en\/#website","url":"https:\/\/www.fcbarcelonanoticias.com\/en\/","name":"EN - FC Barcelona Noticias","description":"","potentialAction":[{"@type":"SearchAction","target":{"@type":"EntryPoint","urlTemplate":"https:\/\/www.fcbarcelonanoticias.com\/en\/?s={search_term_string}"},"query-input":{"@type":"PropertyValueSpecification","valueRequired":true,"valueName":"search_term_string"}}],"inLanguage":"en-US"},{"@type":"Person","@id":"https:\/\/www.fcbarcelonanoticias.com\/en\/#\/schema\/person\/aa1d038709c262cb247e240f6b39bbf5","name":"Carlos Montenegro","image":{"@type":"ImageObject","inLanguage":"en-US","@id":"https:\/\/secure.gravatar.com\/avatar\/?s=96&d=mm&r=g","url":"https:\/\/secure.gravatar.com\/avatar\/?s=96&d=mm&r=g","contentUrl":"https:\/\/secure.gravatar.com\/avatar\/?s=96&d=mm&r=g","caption":"Carlos Montenegro"},"url":"https:\/\/www.fcbarcelonanoticias.com\/en\/carlos-montenegro_20_115.html"}]}},"_links":{"self":[{"href":"https:\/\/www.fcbarcelonanoticias.com\/en\/wp-json\/wp\/v2\/posts\/90360","targetHints":{"allow":["GET"]}}],"collection":[{"href":"https:\/\/www.fcbarcelonanoticias.com\/en\/wp-json\/wp\/v2\/posts"}],"about":[{"href":"https:\/\/www.fcbarcelonanoticias.com\/en\/wp-json\/wp\/v2\/types\/post"}],"author":[{"embeddable":true,"href":"https:\/\/www.fcbarcelonanoticias.com\/en\/wp-json\/wp\/v2\/users\/345"}],"replies":[{"embeddable":true,"href":"https:\/\/www.fcbarcelonanoticias.com\/en\/wp-json\/wp\/v2\/comments?post=90360"}],"version-history":[{"count":1,"href":"https:\/\/www.fcbarcelonanoticias.com\/en\/wp-json\/wp\/v2\/posts\/90360\/revisions"}],"predecessor-version":[{"id":124800,"href":"https:\/\/www.fcbarcelonanoticias.com\/en\/wp-json\/wp\/v2\/posts\/90360\/revisions\/124800"}],"wp:featuredmedia":[{"embeddable":true,"href":"https:\/\/www.fcbarcelonanoticias.com\/en\/wp-json\/wp\/v2\/media\/90369"}],"wp:attachment":[{"href":"https:\/\/www.fcbarcelonanoticias.com\/en\/wp-json\/wp\/v2\/media?parent=90360"}],"wp:term":[{"taxonomy":"category","embeddable":true,"href":"https:\/\/www.fcbarcelonanoticias.com\/en\/wp-json\/wp\/v2\/categories?post=90360"},{"taxonomy":"post_tag","embeddable":true,"href":"https:\/\/www.fcbarcelonanoticias.com\/en\/wp-json\/wp\/v2\/tags?post=90360"}],"curies":[{"name":"wp","href":"https:\/\/api.w.org\/{rel}","templated":true}]}}