{"id":90589,"date":"2025-06-25T04:08:00","date_gmt":"2025-06-25T02:08:00","guid":{"rendered":"https:\/\/weisetech.dev\/fc-barcelona-noticias\/en\/atletico-crisis-brings-julian-alvarez-closer-to-barca_313226_102\/"},"modified":"2026-04-16T09:27:01","modified_gmt":"2026-04-16T07:27:01","slug":"atletico-crisis-brings-julian-alvarez-closer-to-barca_313226_102","status":"publish","type":"post","link":"https:\/\/www.fcbarcelonanoticias.com\/en\/transfers\/atletico-crisis-brings-julian-alvarez-closer-to-barca_313226_102.html","title":{"rendered":"Atl\u00e9tico&#8217;s crisis brings Juli\u00e1n \u00c1lvarez closer to Bar\u00e7a"},"content":{"rendered":"<h2 class=\"wp-block-heading\">Juli\u00e1n \u00c1lvarez seems determined to leave Atl\u00e9tico de Madrid as soon as possible. The early elimination from the Club World Cup deepened the &#8216;colchonera&#8217; crisis after a season without titles<\/h2>  \r\n<div class=\"article-addons\">\r\n    <a href=\"https:\/\/www.fcbarcelonanoticias.com\/en\/calendar-fc-barcelona.html\"\r\n       target=\"_self\"\r\n       title=\"Calendar of FC Barcelona\"\r\n       class=\"blue-gredient-btn\">\r\n       \r\n        Calendar of FC Barcelona    <\/a>\r\n<\/div>   <p><a data-external=\"0\" data-intl-links-en=\"https:\/\/www.fcbarcelonanoticias.com\/en\/tags\/atletico-de-madrid\" data-intl-links-es=\"https:\/\/www.fcbarcelonanoticias.com\/tags\/atletico-de-madrid\" href=\"https:\/\/www.fcbarcelonanoticias.com\/en\/tags\/atletico-de-madrid.html\" rel=\"follow\" target=\"_self\" title=\"Atl\u00e9tico de Madrid\">Atl\u00e9tico de Madrid<\/a> confirmed their bad moment with an early elimination in the <a data-external=\"0\" data-intl-links-en=\"https:\/\/www.fcbarcelonanoticias.com\/en\/football\/club-world-cup\" data-intl-links-es=\"https:\/\/www.fcbarcelonanoticias.com\/futbol\/mundial-de-clubes\" href=\"https:\/\/www.fcbarcelonanoticias.com\/en\/football\/club-world-cup.html\" rel=\"follow\" target=\"_self\" title=\"Club World Cup\">Club World Cup<\/a>. Diego Simeone&#8217;s team closed the 24\/25 season without competing for anything in the last two months of the season and, in the United States, they also failed to reverse their crisis of results.<\/p>  <p><strong>The tough defeat against PSG (4-0) sealed the &#8216;colchonera&#8217; fate in the World Cup<\/strong>, making the victories against Seattle Sounders (1-3) and Botafogo (1-0) insufficient. After the World Cup fiasco, the &#8216;rojiblanca&#8217; squad has gone on vacation, with many doubts regarding the planning for the 25\/26 season.<\/p>  <div class=\"cke-element cke-element--102\"><section class=\"c-related-article\"><figure class=\"c-image__fig\"><a href=\"https:\/\/www.fcbarcelonanoticias.com\/futbol\/mundial-de-clubes\/atletico-1-0-botafogo-decepcion-colchonera-en-mundial_313204_102.html\" title=\"Atl\u00e9tico 1 0 Botafogo decepci\u00f3n colchonera en el Mundial\" class=\"c-image__imglink\"><picture><img decoding=\"async\" src=\"https:\/\/www.fcbarcelonanoticias.com\/wp-content\/uploads\/sites\/2\/2025\/06\/fcbn-479e2a8e4b851b8d9b13374cabe7952e.jpeg\" alt=\"Atl\u00e9tico 1 0 Botafogo decepci\u00f3n colchonera en el Mundial\" title=\"Atl\u00e9tico 1 0 Botafogo decepci\u00f3n colchonera en el Mundial\" class=\"c-image__img\" width=\"1200\" height=\"675\" loading=\"lazy\"><\/picture><\/a>     <\/figure><div class=\"c-related-article__wrapper\">         <p class=\"c-related-article__avantitle\">Related<\/p>         <h4 class=\"c-related-article__title\">             <a href=\"https:\/\/www.fcbarcelonanoticias.com\/futbol\/mundial-de-clubes\/atletico-1-0-botafogo-decepcion-colchonera-en-mundial_313204_102.html\" title=\"Atl\u00e9tico 1-0 Botafogo: colchonera heartbreak in Club WC\" class=\"c-related-article__link\">                 Atl\u00e9tico 1-0 Botafogo: colchonera heartbreak in Club WC             <\/a>         <\/h4>     <\/div> <\/section><\/div>  <p>One of the most affected players after the elimination was <strong>Juli\u00e1n \u00c1lvarez<\/strong>. The Argentine arrived last summer as the star reinforcement of a team that aspired, at least, to fight for LaLiga and finally was left empty-handed. Against Botafogo, he provided the assist for the only goal of &#8216;Aleti&#8217;.<\/p>  <p>Now, the 25-year-old striker is beginning to seriously question his continuity in the &#8216;rojiblanco&#8217; team. Although he still has five more years of contract, if Simeone does not guarantee him a winning project, he could force his early departure, with <a data-external=\"0\" data-intl-links-en=\"https:\/\/www.fcbarcelonanoticias.com\/en\/fc-barcelona\" data-intl-links-es=\"https:\/\/www.fcbarcelonanoticias.com\/fc-barcelona\" href=\"https:\/\/www.fcbarcelonanoticias.com\/en\/football-soccer\/fc-barcelona.html\" rel=\"follow\" target=\"_self\" title=\"FC Barcelona\">FC Barcelona<\/a> being one of the most feasible destinations for his future.<\/p>  <h2>Juli\u00e1n \u00c1lvarez&#8217;s winning streak breaks &#8216;thanks&#8217; to Atl\u00e9tico<\/h2>  <p>Since his debut with the first team of River Plate in 2018, the Argentine striker boasts an enviable record, winning practically everything at club level and making a full international with his national team between 2021 and 2024.<\/p>  <p>The &#8216;Spider&#8217; has already won two Copa Am\u00e9ricas, a Finalissima and a World Cup with the Albiceleste. <strong>In addition, with River and Manchester City, he only failed to lift at least one official trophy in 2020<\/strong>, a year marked by the covid-19 pandemic.&nbsp;<\/p>  <p><strong>Juli\u00e1n&#8217;s streak (he won a dozen trophies between 2018 and 2024)<\/strong>, however, has come to an end with Atl\u00e9tico de Madrid, after saying goodbye to the four titles (Liga, Copa, Supercopa and Champions) in play in March and, in addition, consummating the &#8216;colchonero&#8217; failure in the Club World Cup.<\/p>  <p><strong>For the 25\/26 season, the outlook does not look too favorable in the &#8216;rojiblanco&#8217; team<\/strong>, understanding that Bar\u00e7a and Real Madrid will reinforce their squads to regain all the domestic titles in the course that begins next August.<\/p>  <h2>Julian \u00c1lvarez is clear: he must leave Atl\u00e9tico as soon as possible<\/h2>  <p>Hence, Juli\u00e1n and his environment contemplate an early departure from Atl\u00e9tico, with whom he signed until 2030. <strong>The one from Calch\u00edn is a born winner and will not resist another year without titles in Madrid<\/strong>, especially when it comes to a key season, prior to a new World Cup.<\/p>  <p>\u00c1lvarez, yes, <strong>will hardly leave &#8216;Aleti&#8217; for less than 100 million euros<\/strong>, since his clause is 500 &#8216;kilos&#8217; and his current value already reaches 100 M\u20ac. Will Bar\u00e7a be able to amortize his signing in the summer of 2026?<\/p>  <p>The signing of another &#8216;9&#8217; will be an absolute priority for the azulgrana team once the departure of <a data-external=\"0\" data-intl-links-en=\"https:\/\/www.fcbarcelonanoticias.com\/en\/tags\/robert-lewandowski\" data-intl-links-es=\"https:\/\/www.fcbarcelonanoticias.com\/tags\/robert-lewandowski\" href=\"https:\/\/www.fcbarcelonanoticias.com\/en\/player\/robert-lewandowski.html\" rel=\"follow\" target=\"_self\" title=\"Robert Lewandowski - \u00faltimas noticias del '9' del Bar\u00e7a\">Robert Lewandowski<\/a> is finalized. The Pole, yes, will continue to be a starter at the beginning of the 25\/26 season, with <a data-external=\"0\" data-intl-links-en=\"https:\/\/www.fcbarcelonanoticias.com\/en\/tags\/ferran-torres\" data-intl-links-es=\"https:\/\/www.fcbarcelonanoticias.com\/tags\/ferran-torres\" href=\"https:\/\/www.fcbarcelonanoticias.com\/en\/player\/ferran-torres.html\" rel=\"follow\" target=\"_self\" title=\"Ferran Torres - \u00faltimas noticias del delantero del Bar\u00e7a\">Ferran Torres<\/a> waiting for his opportunity on the bench.<\/p>  <p>This year, however, the club does not plan to amortize a signing of that magnitude. After signing <a data-external=\"0\" data-intl-links-en=\"https:\/\/www.fcbarcelonanoticias.com\/en\/tags\/nico-williams\" data-intl-links-es=\"https:\/\/www.fcbarcelonanoticias.com\/tags\/nico-williams\" href=\"https:\/\/www.fcbarcelonanoticias.com\/en\/tags\/nico-williams.html\" rel=\"follow\" target=\"_self\" title=\"Nico Williams - toda la actualidad del extremo vasco\">Nico Williams<\/a>, the board only contemplates a couple more incorporations, probably to reinforce the defense.<\/p>  <div class=\"cke-element cke-element--102\"><section class=\"c-related-article\"><figure class=\"c-image__fig\"><a href=\"https:\/\/www.fcbarcelonanoticias.com\/fichajes\/julian-alvarez-prioriza-barcelona-y-quiere-salir-del-atletico-2025_312738_102.html\" title=\"julian alvarez fc barcelona\" class=\"c-image__imglink\"><picture><img decoding=\"async\" src=\"https:\/\/www.fcbarcelonanoticias.com\/wp-content\/uploads\/sites\/2\/2025\/06\/fcbn-617ea6f9c7aacb30b4ca4a4625d0a065.jpeg\" alt=\"julian alvarez fc barcelona\" title=\"julian alvarez fc barcelona\" class=\"c-image__img\" width=\"1200\" height=\"675\" loading=\"lazy\"><\/picture><\/a>     <\/figure><div class=\"c-related-article__wrapper\">         <p class=\"c-related-article__avantitle\">Related<\/p>         <h4 class=\"c-related-article__title\">             <a href=\"https:\/\/www.fcbarcelonanoticias.com\/fichajes\/julian-alvarez-prioriza-barcelona-y-quiere-salir-del-atletico-2025_312738_102.html\" title=\"Juli\u00e1n \u00c1lvarez wants to leave Atl\u00e9tico and prioritizes signing for Bar\u00e7a\" class=\"c-related-article__link\">                 Juli\u00e1n \u00c1lvarez wants to leave Atl\u00e9tico and prioritizes signing for Bar\u00e7a             <\/a>         <\/h4>     <\/div> <\/section><\/div>  <ul> <li>\ud83d\udc49 Don&#8217;t miss the latest news from the <a data-external=\"0\" data-intl-links-en=\"https:\/\/www.fcbarcelonanoticias.com\/en\/transfers\" data-intl-links-es=\"https:\/\/www.fcbarcelonanoticias.com\/fichajes\" href=\"https:\/\/www.fcbarcelonanoticias.com\/en\/fc-barcelona\/transfers.html\" rel=\"follow\" target=\"_self\" title=\"Fichajes\">FC Barcelona 2025 transfer market<\/a> at FCBN!<\/li> <\/ul> <p><strong><u>FOLLOW US ON OUR SOCIAL NETWORKS:<\/u><\/strong><\/p>  <ol> <li> <strong>INSTAGRAM:&nbsp;<\/strong><a data-external=\"1\" href=\"https:\/\/www.instagram.com\/en\/fcbarcelonanoticias_com?utm_source=ig_web_button_share_sheet&amp;igsh=M2ZxMGZmeGhsbGd3\" rel=\"nofollow\" target=\"_blank\" title=\"@fcbarcelonanoticias_com\">@fcbarcelonanoticias_com<\/a> <\/li> \t<li> <strong>X (TWITTER):&nbsp;<\/strong><a data-external=\"1\" href=\"https:\/\/x.com\/en\/FCBNOTICIAS\" rel=\"nofollow\" target=\"_blank\" title=\"@FCBNOTICIAS\">@FCBNOTICIAS<\/a> <\/li> \t<li> <strong>THREADS:&nbsp;<\/strong><a data-external=\"1\" href=\"https:\/\/www.threads.com\/en\/@fcbarcelonanoticias_com\" rel=\"nofollow\" target=\"_blank\" title=\"@fcbarcelonanoticias_com\">@fcbarcelonanoticias_com<\/a> <\/li> <\/ol> ","protected":false},"excerpt":{"rendered":"<p>Juli\u00e1n \u00c1lvarez seems determined to leave Atl\u00e9tico de Madrid as soon as possible. The early elimination from the Club World Cup deepened the &#8216;colchonera&#8217; crisis after a season without titles Atl\u00e9tico de Madrid confirmed their bad moment with an early elimination in the Club World Cup. Diego Simeone&#8217;s team closed the 24\/25 season without competing [&hellip;]<\/p>\n","protected":false},"author":347,"featured_media":90598,"comment_status":"closed","ping_status":"open","sticky":false,"template":"","format":"standard","meta":{"_acf_changed":false,"inline_featured_image":false,"_nextfly_llmd_date_locked":false,"footnotes":""},"categories":[106,449],"tags":[59,261],"class_list":["post-90589","post","type-post","status-publish","format-standard","has-post-thumbnail","hentry","category-transfers","category-transfers-2","tag-atletico-de-madrid","tag-football-transfer-rumors"],"acf":[],"yoast_head":"<!-- This site is optimized with the Yoast SEO plugin v27.3 - https:\/\/yoast.com\/product\/yoast-seo-wordpress\/ -->\n<title>Atl\u00e9tico&#039;s crisis brings Juli\u00e1n \u00c1lvarez closer to Bar\u00e7a<\/title>\n<meta name=\"description\" content=\"Juli\u00e1n \u00c1lvarez seems determined to leave Atl\u00e9tico as soon as possible. The &#039;colchoneros&#039; have not managed to build a winning team despite the signing of the 9\" \/>\n<meta name=\"robots\" content=\"index, follow, max-snippet:-1, max-image-preview:large, max-video-preview:-1\" \/>\n<link rel=\"canonical\" href=\"https:\/\/www.fcbarcelonanoticias.com\/en\/transfers\/atletico-crisis-brings-julian-alvarez-closer-to-barca_313226_102.html\" \/>\n<meta property=\"og:locale\" content=\"en_US\" \/>\n<meta property=\"og:type\" content=\"article\" \/>\n<meta property=\"og:title\" content=\"Atl\u00e9tico&#039;s crisis brings Juli\u00e1n \u00c1lvarez closer to Bar\u00e7a\" \/>\n<meta property=\"og:description\" content=\"Juli\u00e1n \u00c1lvarez seems determined to leave Atl\u00e9tico as soon as possible. The &#039;colchoneros&#039; have not managed to build a winning team despite the signing of the 9\" \/>\n<meta property=\"og:url\" content=\"https:\/\/www.fcbarcelonanoticias.com\/en\/transfers\/atletico-crisis-brings-julian-alvarez-closer-to-barca_313226_102.html\" \/>\n<meta property=\"og:site_name\" content=\"EN - FC Barcelona Noticias\" \/>\n<meta property=\"article:published_time\" content=\"2025-06-25T02:08:00+00:00\" \/>\n<meta property=\"article:modified_time\" content=\"2026-04-16T07:27:01+00:00\" \/>\n<meta property=\"og:image\" content=\"https:\/\/www.fcbarcelonanoticias.com\/en\/wp-content\/uploads\/sites\/2\/2025\/06\/julian-alvarez-atletico-madrid-1.jpeg\" \/>\n\t<meta property=\"og:image:width\" content=\"1200\" \/>\n\t<meta property=\"og:image:height\" content=\"675\" \/>\n\t<meta property=\"og:image:type\" content=\"image\/jpeg\" \/>\n<meta name=\"author\" content=\"Andr\u00e9s Quiroz\" \/>\n<meta name=\"twitter:card\" content=\"summary_large_image\" \/>\n<meta name=\"twitter:label1\" content=\"Written by\" \/>\n\t<meta name=\"twitter:data1\" content=\"Andr\u00e9s Quiroz\" \/>\n\t<meta name=\"twitter:label2\" content=\"Est. reading time\" \/>\n\t<meta name=\"twitter:data2\" content=\"3 minutes\" \/>\n<script type=\"application\/ld+json\" class=\"yoast-schema-graph\">{\"@context\":\"https:\\\/\\\/schema.org\",\"@graph\":[{\"@type\":\"Article\",\"@id\":\"https:\\\/\\\/www.fcbarcelonanoticias.com\\\/en\\\/transfers\\\/atletico-crisis-brings-julian-alvarez-closer-to-barca_313226_102.html#article\",\"isPartOf\":{\"@id\":\"https:\\\/\\\/www.fcbarcelonanoticias.com\\\/en\\\/transfers\\\/atletico-crisis-brings-julian-alvarez-closer-to-barca_313226_102.html\"},\"author\":{\"name\":\"Andr\u00e9s Quiroz\",\"@id\":\"https:\\\/\\\/www.fcbarcelonanoticias.com\\\/en\\\/#\\\/schema\\\/person\\\/c2cd9f6fa1af5c0d0eccd0fefa575c88\"},\"headline\":\"Atl\u00e9tico&#8217;s crisis brings Juli\u00e1n \u00c1lvarez closer to Bar\u00e7a\",\"datePublished\":\"2025-06-25T02:08:00+00:00\",\"dateModified\":\"2026-04-16T07:27:01+00:00\",\"mainEntityOfPage\":{\"@id\":\"https:\\\/\\\/www.fcbarcelonanoticias.com\\\/en\\\/transfers\\\/atletico-crisis-brings-julian-alvarez-closer-to-barca_313226_102.html\"},\"wordCount\":655,\"image\":{\"@id\":\"https:\\\/\\\/www.fcbarcelonanoticias.com\\\/en\\\/transfers\\\/atletico-crisis-brings-julian-alvarez-closer-to-barca_313226_102.html#primaryimage\"},\"thumbnailUrl\":\"https:\\\/\\\/www.fcbarcelonanoticias.com\\\/en\\\/wp-content\\\/uploads\\\/sites\\\/2\\\/2025\\\/06\\\/julian-alvarez-atletico-madrid-1.jpeg\",\"keywords\":[\"Atl\u00e9tico de Madrid\",\"Transfer Rumors\"],\"articleSection\":[\"Transfers\",\"Transfers\"],\"inLanguage\":\"en-US\"},{\"@type\":\"WebPage\",\"@id\":\"https:\\\/\\\/www.fcbarcelonanoticias.com\\\/en\\\/transfers\\\/atletico-crisis-brings-julian-alvarez-closer-to-barca_313226_102.html\",\"url\":\"https:\\\/\\\/www.fcbarcelonanoticias.com\\\/en\\\/transfers\\\/atletico-crisis-brings-julian-alvarez-closer-to-barca_313226_102.html\",\"name\":\"Atl\u00e9tico's crisis brings Juli\u00e1n \u00c1lvarez closer to Bar\u00e7a\",\"isPartOf\":{\"@id\":\"https:\\\/\\\/www.fcbarcelonanoticias.com\\\/en\\\/#website\"},\"primaryImageOfPage\":{\"@id\":\"https:\\\/\\\/www.fcbarcelonanoticias.com\\\/en\\\/transfers\\\/atletico-crisis-brings-julian-alvarez-closer-to-barca_313226_102.html#primaryimage\"},\"image\":{\"@id\":\"https:\\\/\\\/www.fcbarcelonanoticias.com\\\/en\\\/transfers\\\/atletico-crisis-brings-julian-alvarez-closer-to-barca_313226_102.html#primaryimage\"},\"thumbnailUrl\":\"https:\\\/\\\/www.fcbarcelonanoticias.com\\\/en\\\/wp-content\\\/uploads\\\/sites\\\/2\\\/2025\\\/06\\\/julian-alvarez-atletico-madrid-1.jpeg\",\"datePublished\":\"2025-06-25T02:08:00+00:00\",\"dateModified\":\"2026-04-16T07:27:01+00:00\",\"author\":{\"@id\":\"https:\\\/\\\/www.fcbarcelonanoticias.com\\\/en\\\/#\\\/schema\\\/person\\\/c2cd9f6fa1af5c0d0eccd0fefa575c88\"},\"description\":\"Juli\u00e1n \u00c1lvarez seems determined to leave Atl\u00e9tico as soon as possible. The 'colchoneros' have not managed to build a winning team despite the signing of the 9\",\"breadcrumb\":{\"@id\":\"https:\\\/\\\/www.fcbarcelonanoticias.com\\\/en\\\/transfers\\\/atletico-crisis-brings-julian-alvarez-closer-to-barca_313226_102.html#breadcrumb\"},\"inLanguage\":\"en-US\",\"potentialAction\":[{\"@type\":\"ReadAction\",\"target\":[\"https:\\\/\\\/www.fcbarcelonanoticias.com\\\/en\\\/transfers\\\/atletico-crisis-brings-julian-alvarez-closer-to-barca_313226_102.html\"]}]},{\"@type\":\"ImageObject\",\"inLanguage\":\"en-US\",\"@id\":\"https:\\\/\\\/www.fcbarcelonanoticias.com\\\/en\\\/transfers\\\/atletico-crisis-brings-julian-alvarez-closer-to-barca_313226_102.html#primaryimage\",\"url\":\"https:\\\/\\\/www.fcbarcelonanoticias.com\\\/en\\\/wp-content\\\/uploads\\\/sites\\\/2\\\/2025\\\/06\\\/julian-alvarez-atletico-madrid-1.jpeg\",\"contentUrl\":\"https:\\\/\\\/www.fcbarcelonanoticias.com\\\/en\\\/wp-content\\\/uploads\\\/sites\\\/2\\\/2025\\\/06\\\/julian-alvarez-atletico-madrid-1.jpeg\",\"width\":1200,\"height\":675},{\"@type\":\"BreadcrumbList\",\"@id\":\"https:\\\/\\\/www.fcbarcelonanoticias.com\\\/en\\\/transfers\\\/atletico-crisis-brings-julian-alvarez-closer-to-barca_313226_102.html#breadcrumb\",\"itemListElement\":[{\"@type\":\"ListItem\",\"position\":1,\"name\":\"Portada\",\"item\":\"https:\\\/\\\/www.fcbarcelonanoticias.com\\\/en\\\/\"},{\"@type\":\"ListItem\",\"position\":2,\"name\":\"Atl\u00e9tico&#8217;s crisis brings Juli\u00e1n \u00c1lvarez closer to Bar\u00e7a\"}]},{\"@type\":\"WebSite\",\"@id\":\"https:\\\/\\\/www.fcbarcelonanoticias.com\\\/en\\\/#website\",\"url\":\"https:\\\/\\\/www.fcbarcelonanoticias.com\\\/en\\\/\",\"name\":\"EN - FC Barcelona Noticias\",\"description\":\"\",\"potentialAction\":[{\"@type\":\"SearchAction\",\"target\":{\"@type\":\"EntryPoint\",\"urlTemplate\":\"https:\\\/\\\/www.fcbarcelonanoticias.com\\\/en\\\/?s={search_term_string}\"},\"query-input\":{\"@type\":\"PropertyValueSpecification\",\"valueRequired\":true,\"valueName\":\"search_term_string\"}}],\"inLanguage\":\"en-US\"},{\"@type\":\"Person\",\"@id\":\"https:\\\/\\\/www.fcbarcelonanoticias.com\\\/en\\\/#\\\/schema\\\/person\\\/c2cd9f6fa1af5c0d0eccd0fefa575c88\",\"name\":\"Andr\u00e9s Quiroz\",\"image\":{\"@type\":\"ImageObject\",\"inLanguage\":\"en-US\",\"@id\":\"https:\\\/\\\/secure.gravatar.com\\\/avatar\\\/?s=96&d=mm&r=g\",\"url\":\"https:\\\/\\\/secure.gravatar.com\\\/avatar\\\/?s=96&d=mm&r=g\",\"contentUrl\":\"https:\\\/\\\/secure.gravatar.com\\\/avatar\\\/?s=96&d=mm&r=g\",\"caption\":\"Andr\u00e9s Quiroz\"},\"description\":\"Licenciado en Periodismo por la Universidad de los Andes. Me encargo de analizar y compartir los contenidos m\u00e1s destacados de la\u00a0actualidad del F\u00fatbol Club Barcelona, Mercado de Fichajes y F\u00fatbol Internacional en FCBN. La informaci\u00f3n es poder, pero tambi\u00e9n conocimiento.\",\"url\":\"https:\\\/\\\/www.fcbarcelonanoticias.com\\\/en\\\/fc-barcelona\\\/andres-quiroz_17_115.html\"}]}<\/script>\n<!-- \/ Yoast SEO plugin. -->","yoast_head_json":{"title":"Atl\u00e9tico's crisis brings Juli\u00e1n \u00c1lvarez closer to Bar\u00e7a","description":"Juli\u00e1n \u00c1lvarez seems determined to leave Atl\u00e9tico as soon as possible. The 'colchoneros' have not managed to build a winning team despite the signing of the 9","robots":{"index":"index","follow":"follow","max-snippet":"max-snippet:-1","max-image-preview":"max-image-preview:large","max-video-preview":"max-video-preview:-1"},"canonical":"https:\/\/www.fcbarcelonanoticias.com\/en\/transfers\/atletico-crisis-brings-julian-alvarez-closer-to-barca_313226_102.html","og_locale":"en_US","og_type":"article","og_title":"Atl\u00e9tico's crisis brings Juli\u00e1n \u00c1lvarez closer to Bar\u00e7a","og_description":"Juli\u00e1n \u00c1lvarez seems determined to leave Atl\u00e9tico as soon as possible. The 'colchoneros' have not managed to build a winning team despite the signing of the 9","og_url":"https:\/\/www.fcbarcelonanoticias.com\/en\/transfers\/atletico-crisis-brings-julian-alvarez-closer-to-barca_313226_102.html","og_site_name":"EN - FC Barcelona Noticias","article_published_time":"2025-06-25T02:08:00+00:00","article_modified_time":"2026-04-16T07:27:01+00:00","og_image":[{"width":1200,"height":675,"url":"https:\/\/www.fcbarcelonanoticias.com\/en\/wp-content\/uploads\/sites\/2\/2025\/06\/julian-alvarez-atletico-madrid-1.jpeg","type":"image\/jpeg"}],"author":"Andr\u00e9s Quiroz","twitter_card":"summary_large_image","twitter_misc":{"Written by":"Andr\u00e9s Quiroz","Est. reading time":"3 minutes"},"schema":{"@context":"https:\/\/schema.org","@graph":[{"@type":"Article","@id":"https:\/\/www.fcbarcelonanoticias.com\/en\/transfers\/atletico-crisis-brings-julian-alvarez-closer-to-barca_313226_102.html#article","isPartOf":{"@id":"https:\/\/www.fcbarcelonanoticias.com\/en\/transfers\/atletico-crisis-brings-julian-alvarez-closer-to-barca_313226_102.html"},"author":{"name":"Andr\u00e9s Quiroz","@id":"https:\/\/www.fcbarcelonanoticias.com\/en\/#\/schema\/person\/c2cd9f6fa1af5c0d0eccd0fefa575c88"},"headline":"Atl\u00e9tico&#8217;s crisis brings Juli\u00e1n \u00c1lvarez closer to Bar\u00e7a","datePublished":"2025-06-25T02:08:00+00:00","dateModified":"2026-04-16T07:27:01+00:00","mainEntityOfPage":{"@id":"https:\/\/www.fcbarcelonanoticias.com\/en\/transfers\/atletico-crisis-brings-julian-alvarez-closer-to-barca_313226_102.html"},"wordCount":655,"image":{"@id":"https:\/\/www.fcbarcelonanoticias.com\/en\/transfers\/atletico-crisis-brings-julian-alvarez-closer-to-barca_313226_102.html#primaryimage"},"thumbnailUrl":"https:\/\/www.fcbarcelonanoticias.com\/en\/wp-content\/uploads\/sites\/2\/2025\/06\/julian-alvarez-atletico-madrid-1.jpeg","keywords":["Atl\u00e9tico de Madrid","Transfer Rumors"],"articleSection":["Transfers","Transfers"],"inLanguage":"en-US"},{"@type":"WebPage","@id":"https:\/\/www.fcbarcelonanoticias.com\/en\/transfers\/atletico-crisis-brings-julian-alvarez-closer-to-barca_313226_102.html","url":"https:\/\/www.fcbarcelonanoticias.com\/en\/transfers\/atletico-crisis-brings-julian-alvarez-closer-to-barca_313226_102.html","name":"Atl\u00e9tico's crisis brings Juli\u00e1n \u00c1lvarez closer to Bar\u00e7a","isPartOf":{"@id":"https:\/\/www.fcbarcelonanoticias.com\/en\/#website"},"primaryImageOfPage":{"@id":"https:\/\/www.fcbarcelonanoticias.com\/en\/transfers\/atletico-crisis-brings-julian-alvarez-closer-to-barca_313226_102.html#primaryimage"},"image":{"@id":"https:\/\/www.fcbarcelonanoticias.com\/en\/transfers\/atletico-crisis-brings-julian-alvarez-closer-to-barca_313226_102.html#primaryimage"},"thumbnailUrl":"https:\/\/www.fcbarcelonanoticias.com\/en\/wp-content\/uploads\/sites\/2\/2025\/06\/julian-alvarez-atletico-madrid-1.jpeg","datePublished":"2025-06-25T02:08:00+00:00","dateModified":"2026-04-16T07:27:01+00:00","author":{"@id":"https:\/\/www.fcbarcelonanoticias.com\/en\/#\/schema\/person\/c2cd9f6fa1af5c0d0eccd0fefa575c88"},"description":"Juli\u00e1n \u00c1lvarez seems determined to leave Atl\u00e9tico as soon as possible. The 'colchoneros' have not managed to build a winning team despite the signing of the 9","breadcrumb":{"@id":"https:\/\/www.fcbarcelonanoticias.com\/en\/transfers\/atletico-crisis-brings-julian-alvarez-closer-to-barca_313226_102.html#breadcrumb"},"inLanguage":"en-US","potentialAction":[{"@type":"ReadAction","target":["https:\/\/www.fcbarcelonanoticias.com\/en\/transfers\/atletico-crisis-brings-julian-alvarez-closer-to-barca_313226_102.html"]}]},{"@type":"ImageObject","inLanguage":"en-US","@id":"https:\/\/www.fcbarcelonanoticias.com\/en\/transfers\/atletico-crisis-brings-julian-alvarez-closer-to-barca_313226_102.html#primaryimage","url":"https:\/\/www.fcbarcelonanoticias.com\/en\/wp-content\/uploads\/sites\/2\/2025\/06\/julian-alvarez-atletico-madrid-1.jpeg","contentUrl":"https:\/\/www.fcbarcelonanoticias.com\/en\/wp-content\/uploads\/sites\/2\/2025\/06\/julian-alvarez-atletico-madrid-1.jpeg","width":1200,"height":675},{"@type":"BreadcrumbList","@id":"https:\/\/www.fcbarcelonanoticias.com\/en\/transfers\/atletico-crisis-brings-julian-alvarez-closer-to-barca_313226_102.html#breadcrumb","itemListElement":[{"@type":"ListItem","position":1,"name":"Portada","item":"https:\/\/www.fcbarcelonanoticias.com\/en\/"},{"@type":"ListItem","position":2,"name":"Atl\u00e9tico&#8217;s crisis brings Juli\u00e1n \u00c1lvarez closer to Bar\u00e7a"}]},{"@type":"WebSite","@id":"https:\/\/www.fcbarcelonanoticias.com\/en\/#website","url":"https:\/\/www.fcbarcelonanoticias.com\/en\/","name":"EN - FC Barcelona Noticias","description":"","potentialAction":[{"@type":"SearchAction","target":{"@type":"EntryPoint","urlTemplate":"https:\/\/www.fcbarcelonanoticias.com\/en\/?s={search_term_string}"},"query-input":{"@type":"PropertyValueSpecification","valueRequired":true,"valueName":"search_term_string"}}],"inLanguage":"en-US"},{"@type":"Person","@id":"https:\/\/www.fcbarcelonanoticias.com\/en\/#\/schema\/person\/c2cd9f6fa1af5c0d0eccd0fefa575c88","name":"Andr\u00e9s Quiroz","image":{"@type":"ImageObject","inLanguage":"en-US","@id":"https:\/\/secure.gravatar.com\/avatar\/?s=96&d=mm&r=g","url":"https:\/\/secure.gravatar.com\/avatar\/?s=96&d=mm&r=g","contentUrl":"https:\/\/secure.gravatar.com\/avatar\/?s=96&d=mm&r=g","caption":"Andr\u00e9s Quiroz"},"description":"Licenciado en Periodismo por la Universidad de los Andes. Me encargo de analizar y compartir los contenidos m\u00e1s destacados de la\u00a0actualidad del F\u00fatbol Club Barcelona, Mercado de Fichajes y F\u00fatbol Internacional en FCBN. La informaci\u00f3n es poder, pero tambi\u00e9n conocimiento.","url":"https:\/\/www.fcbarcelonanoticias.com\/en\/fc-barcelona\/andres-quiroz_17_115.html"}]}},"_links":{"self":[{"href":"https:\/\/www.fcbarcelonanoticias.com\/en\/wp-json\/wp\/v2\/posts\/90589","targetHints":{"allow":["GET"]}}],"collection":[{"href":"https:\/\/www.fcbarcelonanoticias.com\/en\/wp-json\/wp\/v2\/posts"}],"about":[{"href":"https:\/\/www.fcbarcelonanoticias.com\/en\/wp-json\/wp\/v2\/types\/post"}],"author":[{"embeddable":true,"href":"https:\/\/www.fcbarcelonanoticias.com\/en\/wp-json\/wp\/v2\/users\/347"}],"replies":[{"embeddable":true,"href":"https:\/\/www.fcbarcelonanoticias.com\/en\/wp-json\/wp\/v2\/comments?post=90589"}],"version-history":[{"count":4,"href":"https:\/\/www.fcbarcelonanoticias.com\/en\/wp-json\/wp\/v2\/posts\/90589\/revisions"}],"predecessor-version":[{"id":174547,"href":"https:\/\/www.fcbarcelonanoticias.com\/en\/wp-json\/wp\/v2\/posts\/90589\/revisions\/174547"}],"wp:featuredmedia":[{"embeddable":true,"href":"https:\/\/www.fcbarcelonanoticias.com\/en\/wp-json\/wp\/v2\/media\/90598"}],"wp:attachment":[{"href":"https:\/\/www.fcbarcelonanoticias.com\/en\/wp-json\/wp\/v2\/media?parent=90589"}],"wp:term":[{"taxonomy":"category","embeddable":true,"href":"https:\/\/www.fcbarcelonanoticias.com\/en\/wp-json\/wp\/v2\/categories?post=90589"},{"taxonomy":"post_tag","embeddable":true,"href":"https:\/\/www.fcbarcelonanoticias.com\/en\/wp-json\/wp\/v2\/tags?post=90589"}],"curies":[{"name":"wp","href":"https:\/\/api.w.org\/{rel}","templated":true}]}}