{"id":90839,"date":"2022-10-10T19:30:00","date_gmt":"2022-10-10T17:30:00","guid":{"rendered":"https:\/\/weisetech.dev\/fc-barcelona-noticias\/en\/aubameyang-reveals-words-xavi-led-to-sign-for-barcelona_285300_102\/"},"modified":"2022-10-10T19:30:00","modified_gmt":"2022-10-10T17:30:00","slug":"aubameyang-reveals-words-xavi-led-to-sign-for-barcelona_285300_102","status":"publish","type":"post","link":"https:\/\/www.fcbarcelonanoticias.com\/en\/transfers\/aubameyang-reveals-words-xavi-led-to-sign-for-barcelona_285300_102.html","title":{"rendered":"Aubameyang reveals Xavi&#8217;s words that led him to sign for Bar\u00e7a"},"content":{"rendered":"<h2 class=\"wp-block-heading\">Pierre-Emerick Aubameyang gave an interview to an English jewelry store where he recalled Xavi&#8217;s words to convince him to sign for Bar\u00e7a. In addition, the Gabonese clarified his situation with Mikel Arteta<\/h2>  \r\n<div class=\"article-addons\">\r\n    <a href=\"https:\/\/www.fcbarcelonanoticias.com\/en\/calendar-fc-barcelona.html\"\r\n       target=\"_self\"\r\n       title=\"Calendar of FC Barcelona\"\r\n       class=\"blue-gredient-btn\">\r\n       \r\n        Calendar of FC Barcelona    <\/a>\r\n<\/div>   <p><a data-external=\"0\" data-intl-links-en=\"https:\/\/www.fcbarcelonanoticias.com\/en\/tags\/aubameyang\" data-intl-links-es=\"https:\/\/www.fcbarcelonanoticias.com\/tags\/aubameyang\" href=\"https:\/\/www.fcbarcelonanoticias.com\/en\/tags\/aubameyang.html\" rel=\"follow\" target=\"_self\" title=\"Aubameyang\">Pierre-Emerick Aubameyang<\/a> had a short but effective go through the rows of the <a data-external=\"0\" data-intl-links-en=\"https:\/\/www.fcbarcelonanoticias.com\/en\/fc-barcelona\" data-intl-links-es=\"https:\/\/www.fcbarcelonanoticias.com\/fc-barcelona\" href=\"https:\/\/www.fcbarcelonanoticias.com\/en\/football-soccer\/fc-barcelona.html\" rel=\"follow\" target=\"_self\" title=\"FC Barcelona\">FC Barcelona<\/a>. The gabon\u00e9s arrived to the City Condal during the past market of winter after going out of the Arsenal because of a series of personal problems and landed in a Barcelona square with a lot of urgencies. However, with his big quality attained to do quickly with a place in the eleven of Xavi Hern\u00e1ndez <strong>and consolidated like one of the key pieces of the team in the second turn of the season<\/strong>, during which the cul\u00e9s showed to have left backwards his sportive problems.<\/p>  <p>However, the delicate economic situation of the Barcelona entity and the insistence of Chelsea in doing with his services carried to the goleador to put course to London, where now struggles for winning the titularity in the team directed by Graham Potter. In the meantime, <strong>it has gone out to the light an interview conceded by the footballer to &#8216;To Jewellers&#8217;, a lujosa jewellery londinense<\/strong>, just after having fichado by the Barcelona square. In the same, &#8216;Auba&#8217; reveal as gest\u00f3 his signing by the club and &#8216;atiz\u00f3&#8217; to Mikel Arteta.<\/p>  <p>On his incorporation to the Catalan group, Pierre-Emerick ensured that it was Xavi the one who convinced him to join to his staff. The player ensured that only they sufficed some words of the trainer to take the decision to sign by the club barcelonista and confessed as it carried out the operation. &#8220;Memory that the Barcelona called first to my father.<b> We knew to Xavi. When it called me it said me that there there was an opportunity because it knew that had problems with the Arsenal, but if it went could help them a pile. Only I said &#8216;okay&#8217;<\/b>&#8220;, it manifested the ariete.<\/p>  <h3>You brush them with Arteta<\/h3>  <p>Of the same way, the one of Laval loaded against of Mikel Arteta, his ex trainer in the Arsenal. The current technical gunner took the decision to remove him the captaincy to Aubameyang and separate him of the team because of several disciplinary problems, situation that did not like at all to the player. <b>&#8220;Arteta Does not know to handle big personalities, big players. It can not lidiar with this. He needs young players. They never say at all, only listen<\/b>&#8220;, expressed in his moment the forward.<\/p>  <p>However, the now footballer of Chelsea wanted to matizar his words through a message in his account of Twitter, where has affirmed that these statements arrived in a moment difficult for him and left clear that still keeps the appreciate by his ex team. &#8220;I have darse# cuenta that it went out a video that recorded just after having arrived to the Bar\u00e7a. And<b>n this moment still had many bad feelings in me, the Arsenal is doing big things this season and wish them the best to all my old friends<\/b>&#8220;, went the words of the gabon\u00e9s.<\/p>  <blockquote class=\"twitter-tweet\"> <p dir=\"ltr\" lang=\"en\">Aware there is To video out that was recorded just after I arrived at Boat. At the time I still had to lot of bad feelings in me &#8211; Arsenal plough doing great things this season and I wish all my old guys well, just not on November 6 \ud83d\ude1c Now full focus on tomorrow \ud83d\udd35<\/p> \u2014 AUBA\u26a1\ufe0f (@Auba) <a href=\"https:\/\/twitter.com\/en\/Auba\/status\/1579441854965501953?ref_src=twsrc%5Etfw\">October 10, 2022<\/a> <\/blockquote> ","protected":false},"excerpt":{"rendered":"<p>Pierre-Emerick Aubameyang gave an interview to an English jewelry store where he recalled Xavi&#8217;s words to convince him to sign for Bar\u00e7a. In addition, the Gabonese clarified his situation with Mikel Arteta Pierre-Emerick Aubameyang had a short but effective go through the rows of the FC Barcelona. The gabon\u00e9s arrived to the City Condal during [&hellip;]<\/p>\n","protected":false},"author":358,"featured_media":1201,"comment_status":"closed","ping_status":"open","sticky":false,"template":"","format":"standard","meta":{"_acf_changed":false,"inline_featured_image":false,"_nextfly_llmd_date_locked":false,"footnotes":""},"categories":[106,449],"tags":[230,48],"class_list":["post-90839","post","type-post","status-publish","format-standard","has-post-thumbnail","hentry","category-transfers","category-transfers-2","tag-aubameyang","tag-xavi-hernandez"],"acf":[],"yoast_head":"<!-- This site is optimized with the Yoast SEO plugin v27.3 - https:\/\/yoast.com\/product\/yoast-seo-wordpress\/ -->\n<title>Aubameyang reveals Xavi&#039;s words that led him to sign for Bar\u00e7a<\/title>\n<meta name=\"description\" content=\"Pierre-Emerick Aubameyang conceded an interview to an English jewellery in where it remembered the words of Xavi to convince him of fichar by the Bar\u00e7a. Besides...\" \/>\n<meta name=\"robots\" content=\"index, follow, max-snippet:-1, max-image-preview:large, max-video-preview:-1\" \/>\n<link rel=\"canonical\" href=\"https:\/\/www.fcbarcelonanoticias.com\/en\/transfers\/aubameyang-reveals-words-xavi-led-to-sign-for-barcelona_285300_102.html\" \/>\n<meta property=\"og:locale\" content=\"en_US\" \/>\n<meta property=\"og:type\" content=\"article\" \/>\n<meta property=\"og:title\" content=\"Aubameyang reveals Xavi&#039;s words that led him to sign for Bar\u00e7a\" \/>\n<meta property=\"og:description\" content=\"Pierre-Emerick Aubameyang conceded an interview to an English jewellery in where it remembered the words of Xavi to convince him of fichar by the Bar\u00e7a. Besides...\" \/>\n<meta property=\"og:url\" content=\"https:\/\/www.fcbarcelonanoticias.com\/en\/transfers\/aubameyang-reveals-words-xavi-led-to-sign-for-barcelona_285300_102.html\" \/>\n<meta property=\"og:site_name\" content=\"EN - FC Barcelona Noticias\" \/>\n<meta property=\"article:published_time\" content=\"2022-10-10T17:30:00+00:00\" \/>\n<meta property=\"og:image\" content=\"https:\/\/www.fcbarcelonanoticias.com\/en\/wp-content\/uploads\/sites\/2\/2022\/10\/aubameyang-con-el-chelsea.jpeg\" \/>\n\t<meta property=\"og:image:width\" content=\"1300\" \/>\n\t<meta property=\"og:image:height\" content=\"740\" \/>\n\t<meta property=\"og:image:type\" content=\"image\/jpeg\" \/>\n<meta name=\"author\" content=\"Juan Pablo Berdugo\" \/>\n<meta name=\"twitter:card\" content=\"summary_large_image\" \/>\n<meta name=\"twitter:label1\" content=\"Written by\" \/>\n\t<meta name=\"twitter:data1\" content=\"Juan Pablo Berdugo\" \/>\n\t<meta name=\"twitter:label2\" content=\"Est. reading time\" \/>\n\t<meta name=\"twitter:data2\" content=\"3 minutes\" \/>\n<script type=\"application\/ld+json\" class=\"yoast-schema-graph\">{\"@context\":\"https:\\\/\\\/schema.org\",\"@graph\":[{\"@type\":\"Article\",\"@id\":\"https:\\\/\\\/www.fcbarcelonanoticias.com\\\/en\\\/transfers\\\/aubameyang-reveals-words-xavi-led-to-sign-for-barcelona_285300_102.html#article\",\"isPartOf\":{\"@id\":\"https:\\\/\\\/www.fcbarcelonanoticias.com\\\/en\\\/transfers\\\/aubameyang-reveals-words-xavi-led-to-sign-for-barcelona_285300_102.html\"},\"author\":{\"name\":\"Juan Pablo Berdugo\",\"@id\":\"https:\\\/\\\/www.fcbarcelonanoticias.com\\\/en\\\/#\\\/schema\\\/person\\\/88d756918a0a1ae9fa593b5edddd1815\"},\"headline\":\"Aubameyang reveals Xavi&#8217;s words that led him to sign for Bar\u00e7a\",\"datePublished\":\"2022-10-10T17:30:00+00:00\",\"mainEntityOfPage\":{\"@id\":\"https:\\\/\\\/www.fcbarcelonanoticias.com\\\/en\\\/transfers\\\/aubameyang-reveals-words-xavi-led-to-sign-for-barcelona_285300_102.html\"},\"wordCount\":592,\"image\":{\"@id\":\"https:\\\/\\\/www.fcbarcelonanoticias.com\\\/en\\\/transfers\\\/aubameyang-reveals-words-xavi-led-to-sign-for-barcelona_285300_102.html#primaryimage\"},\"thumbnailUrl\":\"https:\\\/\\\/www.fcbarcelonanoticias.com\\\/en\\\/wp-content\\\/uploads\\\/sites\\\/2\\\/2022\\\/10\\\/aubameyang-con-el-chelsea.jpeg\",\"keywords\":[\"Aubameyang\",\"Xavi Hern\u00e1ndez\"],\"articleSection\":[\"Transfers\",\"Transfers\"],\"inLanguage\":\"en-US\"},{\"@type\":\"WebPage\",\"@id\":\"https:\\\/\\\/www.fcbarcelonanoticias.com\\\/en\\\/transfers\\\/aubameyang-reveals-words-xavi-led-to-sign-for-barcelona_285300_102.html\",\"url\":\"https:\\\/\\\/www.fcbarcelonanoticias.com\\\/en\\\/transfers\\\/aubameyang-reveals-words-xavi-led-to-sign-for-barcelona_285300_102.html\",\"name\":\"Aubameyang reveals Xavi's words that led him to sign for Bar\u00e7a\",\"isPartOf\":{\"@id\":\"https:\\\/\\\/www.fcbarcelonanoticias.com\\\/en\\\/#website\"},\"primaryImageOfPage\":{\"@id\":\"https:\\\/\\\/www.fcbarcelonanoticias.com\\\/en\\\/transfers\\\/aubameyang-reveals-words-xavi-led-to-sign-for-barcelona_285300_102.html#primaryimage\"},\"image\":{\"@id\":\"https:\\\/\\\/www.fcbarcelonanoticias.com\\\/en\\\/transfers\\\/aubameyang-reveals-words-xavi-led-to-sign-for-barcelona_285300_102.html#primaryimage\"},\"thumbnailUrl\":\"https:\\\/\\\/www.fcbarcelonanoticias.com\\\/en\\\/wp-content\\\/uploads\\\/sites\\\/2\\\/2022\\\/10\\\/aubameyang-con-el-chelsea.jpeg\",\"datePublished\":\"2022-10-10T17:30:00+00:00\",\"author\":{\"@id\":\"https:\\\/\\\/www.fcbarcelonanoticias.com\\\/en\\\/#\\\/schema\\\/person\\\/88d756918a0a1ae9fa593b5edddd1815\"},\"description\":\"Pierre-Emerick Aubameyang conceded an interview to an English jewellery in where it remembered the words of Xavi to convince him of fichar by the Bar\u00e7a. Besides...\",\"breadcrumb\":{\"@id\":\"https:\\\/\\\/www.fcbarcelonanoticias.com\\\/en\\\/transfers\\\/aubameyang-reveals-words-xavi-led-to-sign-for-barcelona_285300_102.html#breadcrumb\"},\"inLanguage\":\"en-US\",\"potentialAction\":[{\"@type\":\"ReadAction\",\"target\":[\"https:\\\/\\\/www.fcbarcelonanoticias.com\\\/en\\\/transfers\\\/aubameyang-reveals-words-xavi-led-to-sign-for-barcelona_285300_102.html\"]}]},{\"@type\":\"ImageObject\",\"inLanguage\":\"en-US\",\"@id\":\"https:\\\/\\\/www.fcbarcelonanoticias.com\\\/en\\\/transfers\\\/aubameyang-reveals-words-xavi-led-to-sign-for-barcelona_285300_102.html#primaryimage\",\"url\":\"https:\\\/\\\/www.fcbarcelonanoticias.com\\\/en\\\/wp-content\\\/uploads\\\/sites\\\/2\\\/2022\\\/10\\\/aubameyang-con-el-chelsea.jpeg\",\"contentUrl\":\"https:\\\/\\\/www.fcbarcelonanoticias.com\\\/en\\\/wp-content\\\/uploads\\\/sites\\\/2\\\/2022\\\/10\\\/aubameyang-con-el-chelsea.jpeg\",\"width\":1300,\"height\":740},{\"@type\":\"BreadcrumbList\",\"@id\":\"https:\\\/\\\/www.fcbarcelonanoticias.com\\\/en\\\/transfers\\\/aubameyang-reveals-words-xavi-led-to-sign-for-barcelona_285300_102.html#breadcrumb\",\"itemListElement\":[{\"@type\":\"ListItem\",\"position\":1,\"name\":\"Portada\",\"item\":\"https:\\\/\\\/www.fcbarcelonanoticias.com\\\/en\\\/\"},{\"@type\":\"ListItem\",\"position\":2,\"name\":\"Aubameyang reveals Xavi&#8217;s words that led him to sign for Bar\u00e7a\"}]},{\"@type\":\"WebSite\",\"@id\":\"https:\\\/\\\/www.fcbarcelonanoticias.com\\\/en\\\/#website\",\"url\":\"https:\\\/\\\/www.fcbarcelonanoticias.com\\\/en\\\/\",\"name\":\"EN - FC Barcelona Noticias\",\"description\":\"\",\"potentialAction\":[{\"@type\":\"SearchAction\",\"target\":{\"@type\":\"EntryPoint\",\"urlTemplate\":\"https:\\\/\\\/www.fcbarcelonanoticias.com\\\/en\\\/?s={search_term_string}\"},\"query-input\":{\"@type\":\"PropertyValueSpecification\",\"valueRequired\":true,\"valueName\":\"search_term_string\"}}],\"inLanguage\":\"en-US\"},{\"@type\":\"Person\",\"@id\":\"https:\\\/\\\/www.fcbarcelonanoticias.com\\\/en\\\/#\\\/schema\\\/person\\\/88d756918a0a1ae9fa593b5edddd1815\",\"name\":\"Juan Pablo Berdugo\",\"image\":{\"@type\":\"ImageObject\",\"inLanguage\":\"en-US\",\"@id\":\"https:\\\/\\\/secure.gravatar.com\\\/avatar\\\/?s=96&d=mm&r=g\",\"url\":\"https:\\\/\\\/secure.gravatar.com\\\/avatar\\\/?s=96&d=mm&r=g\",\"contentUrl\":\"https:\\\/\\\/secure.gravatar.com\\\/avatar\\\/?s=96&d=mm&r=g\",\"caption\":\"Juan Pablo Berdugo\"},\"description\":\"Juan Pablo Berdugo es graduado en Periodismo. Colabora con FCBN como especialista en informaci\u00f3n del primer equipo del FC Barcelona, f\u00fatbol internacional y mercado de fichajes. Destaca por su enfoque anal\u00edtico, su rigor informativo y su capacidad para detectar tendencias emergentes en el f\u00fatbol global.\",\"url\":\"https:\\\/\\\/www.fcbarcelonanoticias.com\\\/en\\\/fc-barcelona\\\/juan-pablo-berdugo_18_115.html\"}]}<\/script>\n<!-- \/ Yoast SEO plugin. -->","yoast_head_json":{"title":"Aubameyang reveals Xavi's words that led him to sign for Bar\u00e7a","description":"Pierre-Emerick Aubameyang conceded an interview to an English jewellery in where it remembered the words of Xavi to convince him of fichar by the Bar\u00e7a. Besides...","robots":{"index":"index","follow":"follow","max-snippet":"max-snippet:-1","max-image-preview":"max-image-preview:large","max-video-preview":"max-video-preview:-1"},"canonical":"https:\/\/www.fcbarcelonanoticias.com\/en\/transfers\/aubameyang-reveals-words-xavi-led-to-sign-for-barcelona_285300_102.html","og_locale":"en_US","og_type":"article","og_title":"Aubameyang reveals Xavi's words that led him to sign for Bar\u00e7a","og_description":"Pierre-Emerick Aubameyang conceded an interview to an English jewellery in where it remembered the words of Xavi to convince him of fichar by the Bar\u00e7a. Besides...","og_url":"https:\/\/www.fcbarcelonanoticias.com\/en\/transfers\/aubameyang-reveals-words-xavi-led-to-sign-for-barcelona_285300_102.html","og_site_name":"EN - FC Barcelona Noticias","article_published_time":"2022-10-10T17:30:00+00:00","og_image":[{"width":1300,"height":740,"url":"https:\/\/www.fcbarcelonanoticias.com\/en\/wp-content\/uploads\/sites\/2\/2022\/10\/aubameyang-con-el-chelsea.jpeg","type":"image\/jpeg"}],"author":"Juan Pablo Berdugo","twitter_card":"summary_large_image","twitter_misc":{"Written by":"Juan Pablo Berdugo","Est. reading time":"3 minutes"},"schema":{"@context":"https:\/\/schema.org","@graph":[{"@type":"Article","@id":"https:\/\/www.fcbarcelonanoticias.com\/en\/transfers\/aubameyang-reveals-words-xavi-led-to-sign-for-barcelona_285300_102.html#article","isPartOf":{"@id":"https:\/\/www.fcbarcelonanoticias.com\/en\/transfers\/aubameyang-reveals-words-xavi-led-to-sign-for-barcelona_285300_102.html"},"author":{"name":"Juan Pablo Berdugo","@id":"https:\/\/www.fcbarcelonanoticias.com\/en\/#\/schema\/person\/88d756918a0a1ae9fa593b5edddd1815"},"headline":"Aubameyang reveals Xavi&#8217;s words that led him to sign for Bar\u00e7a","datePublished":"2022-10-10T17:30:00+00:00","mainEntityOfPage":{"@id":"https:\/\/www.fcbarcelonanoticias.com\/en\/transfers\/aubameyang-reveals-words-xavi-led-to-sign-for-barcelona_285300_102.html"},"wordCount":592,"image":{"@id":"https:\/\/www.fcbarcelonanoticias.com\/en\/transfers\/aubameyang-reveals-words-xavi-led-to-sign-for-barcelona_285300_102.html#primaryimage"},"thumbnailUrl":"https:\/\/www.fcbarcelonanoticias.com\/en\/wp-content\/uploads\/sites\/2\/2022\/10\/aubameyang-con-el-chelsea.jpeg","keywords":["Aubameyang","Xavi Hern\u00e1ndez"],"articleSection":["Transfers","Transfers"],"inLanguage":"en-US"},{"@type":"WebPage","@id":"https:\/\/www.fcbarcelonanoticias.com\/en\/transfers\/aubameyang-reveals-words-xavi-led-to-sign-for-barcelona_285300_102.html","url":"https:\/\/www.fcbarcelonanoticias.com\/en\/transfers\/aubameyang-reveals-words-xavi-led-to-sign-for-barcelona_285300_102.html","name":"Aubameyang reveals Xavi's words that led him to sign for Bar\u00e7a","isPartOf":{"@id":"https:\/\/www.fcbarcelonanoticias.com\/en\/#website"},"primaryImageOfPage":{"@id":"https:\/\/www.fcbarcelonanoticias.com\/en\/transfers\/aubameyang-reveals-words-xavi-led-to-sign-for-barcelona_285300_102.html#primaryimage"},"image":{"@id":"https:\/\/www.fcbarcelonanoticias.com\/en\/transfers\/aubameyang-reveals-words-xavi-led-to-sign-for-barcelona_285300_102.html#primaryimage"},"thumbnailUrl":"https:\/\/www.fcbarcelonanoticias.com\/en\/wp-content\/uploads\/sites\/2\/2022\/10\/aubameyang-con-el-chelsea.jpeg","datePublished":"2022-10-10T17:30:00+00:00","author":{"@id":"https:\/\/www.fcbarcelonanoticias.com\/en\/#\/schema\/person\/88d756918a0a1ae9fa593b5edddd1815"},"description":"Pierre-Emerick Aubameyang conceded an interview to an English jewellery in where it remembered the words of Xavi to convince him of fichar by the Bar\u00e7a. Besides...","breadcrumb":{"@id":"https:\/\/www.fcbarcelonanoticias.com\/en\/transfers\/aubameyang-reveals-words-xavi-led-to-sign-for-barcelona_285300_102.html#breadcrumb"},"inLanguage":"en-US","potentialAction":[{"@type":"ReadAction","target":["https:\/\/www.fcbarcelonanoticias.com\/en\/transfers\/aubameyang-reveals-words-xavi-led-to-sign-for-barcelona_285300_102.html"]}]},{"@type":"ImageObject","inLanguage":"en-US","@id":"https:\/\/www.fcbarcelonanoticias.com\/en\/transfers\/aubameyang-reveals-words-xavi-led-to-sign-for-barcelona_285300_102.html#primaryimage","url":"https:\/\/www.fcbarcelonanoticias.com\/en\/wp-content\/uploads\/sites\/2\/2022\/10\/aubameyang-con-el-chelsea.jpeg","contentUrl":"https:\/\/www.fcbarcelonanoticias.com\/en\/wp-content\/uploads\/sites\/2\/2022\/10\/aubameyang-con-el-chelsea.jpeg","width":1300,"height":740},{"@type":"BreadcrumbList","@id":"https:\/\/www.fcbarcelonanoticias.com\/en\/transfers\/aubameyang-reveals-words-xavi-led-to-sign-for-barcelona_285300_102.html#breadcrumb","itemListElement":[{"@type":"ListItem","position":1,"name":"Portada","item":"https:\/\/www.fcbarcelonanoticias.com\/en\/"},{"@type":"ListItem","position":2,"name":"Aubameyang reveals Xavi&#8217;s words that led him to sign for Bar\u00e7a"}]},{"@type":"WebSite","@id":"https:\/\/www.fcbarcelonanoticias.com\/en\/#website","url":"https:\/\/www.fcbarcelonanoticias.com\/en\/","name":"EN - FC Barcelona Noticias","description":"","potentialAction":[{"@type":"SearchAction","target":{"@type":"EntryPoint","urlTemplate":"https:\/\/www.fcbarcelonanoticias.com\/en\/?s={search_term_string}"},"query-input":{"@type":"PropertyValueSpecification","valueRequired":true,"valueName":"search_term_string"}}],"inLanguage":"en-US"},{"@type":"Person","@id":"https:\/\/www.fcbarcelonanoticias.com\/en\/#\/schema\/person\/88d756918a0a1ae9fa593b5edddd1815","name":"Juan Pablo Berdugo","image":{"@type":"ImageObject","inLanguage":"en-US","@id":"https:\/\/secure.gravatar.com\/avatar\/?s=96&d=mm&r=g","url":"https:\/\/secure.gravatar.com\/avatar\/?s=96&d=mm&r=g","contentUrl":"https:\/\/secure.gravatar.com\/avatar\/?s=96&d=mm&r=g","caption":"Juan Pablo Berdugo"},"description":"Juan Pablo Berdugo es graduado en Periodismo. Colabora con FCBN como especialista en informaci\u00f3n del primer equipo del FC Barcelona, f\u00fatbol internacional y mercado de fichajes. Destaca por su enfoque anal\u00edtico, su rigor informativo y su capacidad para detectar tendencias emergentes en el f\u00fatbol global.","url":"https:\/\/www.fcbarcelonanoticias.com\/en\/fc-barcelona\/juan-pablo-berdugo_18_115.html"}]}},"_links":{"self":[{"href":"https:\/\/www.fcbarcelonanoticias.com\/en\/wp-json\/wp\/v2\/posts\/90839","targetHints":{"allow":["GET"]}}],"collection":[{"href":"https:\/\/www.fcbarcelonanoticias.com\/en\/wp-json\/wp\/v2\/posts"}],"about":[{"href":"https:\/\/www.fcbarcelonanoticias.com\/en\/wp-json\/wp\/v2\/types\/post"}],"author":[{"embeddable":true,"href":"https:\/\/www.fcbarcelonanoticias.com\/en\/wp-json\/wp\/v2\/users\/358"}],"replies":[{"embeddable":true,"href":"https:\/\/www.fcbarcelonanoticias.com\/en\/wp-json\/wp\/v2\/comments?post=90839"}],"version-history":[{"count":1,"href":"https:\/\/www.fcbarcelonanoticias.com\/en\/wp-json\/wp\/v2\/posts\/90839\/revisions"}],"predecessor-version":[{"id":125476,"href":"https:\/\/www.fcbarcelonanoticias.com\/en\/wp-json\/wp\/v2\/posts\/90839\/revisions\/125476"}],"wp:featuredmedia":[{"embeddable":true,"href":"https:\/\/www.fcbarcelonanoticias.com\/en\/wp-json\/wp\/v2\/media\/1201"}],"wp:attachment":[{"href":"https:\/\/www.fcbarcelonanoticias.com\/en\/wp-json\/wp\/v2\/media?parent=90839"}],"wp:term":[{"taxonomy":"category","embeddable":true,"href":"https:\/\/www.fcbarcelonanoticias.com\/en\/wp-json\/wp\/v2\/categories?post=90839"},{"taxonomy":"post_tag","embeddable":true,"href":"https:\/\/www.fcbarcelonanoticias.com\/en\/wp-json\/wp\/v2\/tags?post=90839"}],"curies":[{"name":"wp","href":"https:\/\/api.w.org\/{rel}","templated":true}]}}