{"id":90871,"date":"2023-02-07T14:44:00","date_gmt":"2023-02-07T13:44:00","guid":{"rendered":"https:\/\/weisetech.dev\/fc-barcelona-noticias\/en\/aymeric-laporte-could-frustrate-the-signing-of-lenglet-by-the-to-the-nassr_295169_102\/"},"modified":"2023-02-07T14:44:00","modified_gmt":"2023-02-07T13:44:00","slug":"aubameyang-desperate-return-barca_289391_102","status":"publish","type":"post","link":"https:\/\/www.fcbarcelonanoticias.com\/en\/transfers\/aubameyang-desperate-return-barca_289391_102.html","title":{"rendered":"Aubameyang, desperate to return to Bar\u00e7a"},"content":{"rendered":"<h2 class=\"wp-block-heading\">Pierre-Emerick Aubayenagn would be in favor of leaving Chelsea to join Bar\u00e7a again. The Gabonese has practically no options in London after the large number of signings made by the &#8216;blues&#8217;<\/h2>  \r\n<div class=\"article-addons\">\r\n    <a href=\"https:\/\/www.fcbarcelonanoticias.com\/en\/calendar-fc-barcelona.html\"\r\n       target=\"_self\"\r\n       title=\"Calendar of FC Barcelona\"\r\n       class=\"blue-gredient-btn\">\r\n       \r\n        Calendar of FC Barcelona    <\/a>\r\n<\/div>   <p>One of the best moments in the career <a data-external=\"0\" data-intl-links-en=\"https:\/\/www.fcbarcelonanoticias.com\/en\/international-football\/aubameyang-on-chelsea-exit-ramp-after-being-ruled-out-of-champions-league_289302_102.html\" data-intl-links-es=\"https:\/\/www.fcbarcelonanoticias.com\/futbol-internacional\/aubameyang-rampa-salida-chelsea-descarte-champions_289302_102.html\" href=\"https:\/\/www.fcbarcelonanoticias.com\/en\/international-football\/aubameyang-on-chelsea-exit-ramp-after-being-ruled-out-of-champions-league_289302_102.html\" rel=\"follow\" target=\"_self\" title=\"Aubameyang, en la rampa de salida del Chelsea tras su descarte de la Champions\">of Pierre-Emerick Aubameyang <\/a>has taken place in the FC Barcelona, to the that arrived during the winter of 2022 after not explaining in the plans of Mikel Arteta for the Arsenal. Eventualmente, <strong>would be one of the big &#8216;culprits&#8217; of the victorious series of the Barcelona team<\/strong> after having remained out of the League of Champions to the not surpassing the phase of groups and carry to the cul\u00e9s to scalar positions.<\/p>  <p>However, the arrival of Robert Lewandowski to the team of Xavi Hern\u00e1ndez would leave him practically without options to see minutes with regularity, by what would finish in the rows of Chelsea. There it would explain in the bench with an old known of his stage in the Borussia Dortmund: Thomas Tuchel. However,<strong> the bad results of the londinenses would bring achieve the dismissal of the German and the start of a new sportive project<\/strong>.<\/p>  <p>Graham Potter would be the elected and since <strong><a data-external=\"0\" data-intl-links-en=\"https:\/\/www.fcbarcelonanoticias.com\/en\/transfers\/guilty-his-exit-memphis-condition-plan-barca-with-aubameyang_288843_102.html\" data-intl-links-es=\"https:\/\/www.fcbarcelonanoticias.com\/fichajes\/culpable-su-salida-memphis-condiciono-plan-barca-con-aubameyang_288843_102.html\" href=\"https:\/\/www.fcbarcelonanoticias.com\/en\/transfers\/guilty-his-exit-memphis-condition-plan-barca-with-aubameyang_288843_102.html\" rel=\"follow\" target=\"_self\" title=\"\u00bfCulpable de su salida? Memphis condicion\u00f3 el plan del Bar\u00e7a con Aubameyang\">&#8216;Auba&#8217;<\/a> has seen marginado<\/strong>, a situation that would finish for aggravating with the arrival of an enormous quantity of signings to the team of Stamford Bridge that practically has left without options to the international gabon\u00e9s, that has showed in shock and baffled after knowing that his name will not form part of the list of players of Chelsea that will contest the Champions.<\/p>  <p>In such sense, has sounded again the option of the group cul\u00e9 to continue with his career. Even during January, Xavi Hern\u00e1ndez had showed interested in bringing him of turn. Nevertheless, <strong>the situation of the Catalan team regarding his figures in function of the &#8216;fair play financial&#8217; would finish by descartar this possibility<\/strong>. Even so, it remains opened the option with regard to the market estival, although under some conditions.<\/p>  <h4>The possibility for Aubameyang<\/h4>  <p>So that the forward gabon\u00e9s can go back to be part of the Barcelona staff, would have to produce one or more important sales to free mass salarial. Between the options have sounded names like the ones of Ferran Torres or Ansu Fati. To be the case,<strong> &#8216;Auba&#8217; will have to accept a relatively low wage to add to the project of Xavi<\/strong>, the one who is very attentive to the case of the attacker and to what can occur with the figures of the Bar\u00e7a.<\/p> ","protected":false},"excerpt":{"rendered":"<p>Pierre-Emerick Aubayenagn would be in favor of leaving Chelsea to join Bar\u00e7a again. The Gabonese has practically no options in London after the large number of signings made by the &#8216;blues&#8217; One of the best moments in the career of Pierre-Emerick Aubameyang has taken place in the FC Barcelona, to the that arrived during the [&hellip;]<\/p>\n","protected":false},"author":363,"featured_media":46389,"comment_status":"closed","ping_status":"open","sticky":false,"template":"","format":"standard","meta":{"_acf_changed":false,"inline_featured_image":false,"_nextfly_llmd_date_locked":false,"footnotes":""},"categories":[106,449],"tags":[230,161],"class_list":["post-90871","post","type-post","status-publish","format-standard","has-post-thumbnail","hentry","category-transfers","category-transfers-2","tag-aubameyang","tag-chelsea"],"acf":[],"yoast_head":"<!-- This site is optimized with the Yoast SEO plugin v27.3 - https:\/\/yoast.com\/product\/yoast-seo-wordpress\/ -->\n<title>Aubameyang, exasperated for going back to the Bar\u00e7a<\/title>\n<meta name=\"description\" content=\"Pierre-Emerick Aubayenagn would be by the work to abandon Chelsea for recalar again in the Bar\u00e7a. The gabon\u00e9s practically does not have options in London after the big quantity of signings concretised by the &#039;blues&#039;\" \/>\n<meta name=\"robots\" content=\"index, follow, max-snippet:-1, max-image-preview:large, max-video-preview:-1\" \/>\n<link rel=\"canonical\" href=\"https:\/\/www.fcbarcelonanoticias.com\/en\/transfers\/aubameyang-desperate-return-barca_289391_102.html\" \/>\n<meta property=\"og:locale\" content=\"en_US\" \/>\n<meta property=\"og:type\" content=\"article\" \/>\n<meta property=\"og:title\" content=\"Aubameyang, exasperated for going back to the Bar\u00e7a\" \/>\n<meta property=\"og:description\" content=\"Pierre-Emerick Aubayenagn would be by the work to abandon Chelsea for recalar again in the Bar\u00e7a. The gabon\u00e9s practically does not have options in London after the big quantity of signings concretised by the &#039;blues&#039;\" \/>\n<meta property=\"og:url\" content=\"https:\/\/www.fcbarcelonanoticias.com\/en\/transfers\/aubameyang-desperate-return-barca_289391_102.html\" \/>\n<meta property=\"og:site_name\" content=\"EN - FC Barcelona Noticias\" \/>\n<meta property=\"article:published_time\" content=\"2023-02-07T13:44:00+00:00\" \/>\n<meta property=\"og:image\" content=\"https:\/\/www.fcbarcelonanoticias.com\/en\/wp-content\/uploads\/sites\/2\/2022\/10\/brighton-and-hove-albion-v-chelsea-fc-premier-league-1.jpeg\" \/>\n\t<meta property=\"og:image:width\" content=\"1200\" \/>\n\t<meta property=\"og:image:height\" content=\"743\" \/>\n\t<meta property=\"og:image:type\" content=\"image\/jpeg\" \/>\n<meta name=\"author\" content=\"Claudio Betancourt\" \/>\n<meta name=\"twitter:card\" content=\"summary_large_image\" \/>\n<meta name=\"twitter:label1\" content=\"Written by\" \/>\n\t<meta name=\"twitter:data1\" content=\"Claudio Betancourt\" \/>\n\t<meta name=\"twitter:label2\" content=\"Est. reading time\" \/>\n\t<meta name=\"twitter:data2\" content=\"2 minutes\" \/>\n<script type=\"application\/ld+json\" class=\"yoast-schema-graph\">{\"@context\":\"https:\\\/\\\/schema.org\",\"@graph\":[{\"@type\":\"Article\",\"@id\":\"https:\\\/\\\/www.fcbarcelonanoticias.com\\\/en\\\/transfers\\\/aubameyang-desperate-return-barca_289391_102.html#article\",\"isPartOf\":{\"@id\":\"https:\\\/\\\/www.fcbarcelonanoticias.com\\\/en\\\/transfers\\\/aubameyang-desperate-return-barca_289391_102.html\"},\"author\":{\"name\":\"Claudio Betancourt\",\"@id\":\"https:\\\/\\\/www.fcbarcelonanoticias.com\\\/en\\\/#\\\/schema\\\/person\\\/76c77917e39f918eb1604c571055386e\"},\"headline\":\"Aubameyang, desperate to return to Bar\u00e7a\",\"datePublished\":\"2023-02-07T13:44:00+00:00\",\"mainEntityOfPage\":{\"@id\":\"https:\\\/\\\/www.fcbarcelonanoticias.com\\\/en\\\/transfers\\\/aubameyang-desperate-return-barca_289391_102.html\"},\"wordCount\":431,\"image\":{\"@id\":\"https:\\\/\\\/www.fcbarcelonanoticias.com\\\/en\\\/transfers\\\/aubameyang-desperate-return-barca_289391_102.html#primaryimage\"},\"thumbnailUrl\":\"https:\\\/\\\/www.fcbarcelonanoticias.com\\\/en\\\/wp-content\\\/uploads\\\/sites\\\/2\\\/2022\\\/10\\\/brighton-and-hove-albion-v-chelsea-fc-premier-league-1.jpeg\",\"keywords\":[\"Aubameyang\",\"Chelsea\"],\"articleSection\":[\"Transfers\",\"Transfers\"],\"inLanguage\":\"en-US\"},{\"@type\":\"WebPage\",\"@id\":\"https:\\\/\\\/www.fcbarcelonanoticias.com\\\/en\\\/transfers\\\/aubameyang-desperate-return-barca_289391_102.html\",\"url\":\"https:\\\/\\\/www.fcbarcelonanoticias.com\\\/en\\\/transfers\\\/aubameyang-desperate-return-barca_289391_102.html\",\"name\":\"Aubameyang, exasperated for going back to the Bar\u00e7a\",\"isPartOf\":{\"@id\":\"https:\\\/\\\/www.fcbarcelonanoticias.com\\\/en\\\/#website\"},\"primaryImageOfPage\":{\"@id\":\"https:\\\/\\\/www.fcbarcelonanoticias.com\\\/en\\\/transfers\\\/aubameyang-desperate-return-barca_289391_102.html#primaryimage\"},\"image\":{\"@id\":\"https:\\\/\\\/www.fcbarcelonanoticias.com\\\/en\\\/transfers\\\/aubameyang-desperate-return-barca_289391_102.html#primaryimage\"},\"thumbnailUrl\":\"https:\\\/\\\/www.fcbarcelonanoticias.com\\\/en\\\/wp-content\\\/uploads\\\/sites\\\/2\\\/2022\\\/10\\\/brighton-and-hove-albion-v-chelsea-fc-premier-league-1.jpeg\",\"datePublished\":\"2023-02-07T13:44:00+00:00\",\"author\":{\"@id\":\"https:\\\/\\\/www.fcbarcelonanoticias.com\\\/en\\\/#\\\/schema\\\/person\\\/76c77917e39f918eb1604c571055386e\"},\"description\":\"Pierre-Emerick Aubayenagn would be by the work to abandon Chelsea for recalar again in the Bar\u00e7a. The gabon\u00e9s practically does not have options in London after the big quantity of signings concretised by the 'blues'\",\"breadcrumb\":{\"@id\":\"https:\\\/\\\/www.fcbarcelonanoticias.com\\\/en\\\/transfers\\\/aubameyang-desperate-return-barca_289391_102.html#breadcrumb\"},\"inLanguage\":\"en-US\",\"potentialAction\":[{\"@type\":\"ReadAction\",\"target\":[\"https:\\\/\\\/www.fcbarcelonanoticias.com\\\/en\\\/transfers\\\/aubameyang-desperate-return-barca_289391_102.html\"]}]},{\"@type\":\"ImageObject\",\"inLanguage\":\"en-US\",\"@id\":\"https:\\\/\\\/www.fcbarcelonanoticias.com\\\/en\\\/transfers\\\/aubameyang-desperate-return-barca_289391_102.html#primaryimage\",\"url\":\"https:\\\/\\\/www.fcbarcelonanoticias.com\\\/en\\\/wp-content\\\/uploads\\\/sites\\\/2\\\/2022\\\/10\\\/brighton-and-hove-albion-v-chelsea-fc-premier-league-1.jpeg\",\"contentUrl\":\"https:\\\/\\\/www.fcbarcelonanoticias.com\\\/en\\\/wp-content\\\/uploads\\\/sites\\\/2\\\/2022\\\/10\\\/brighton-and-hove-albion-v-chelsea-fc-premier-league-1.jpeg\",\"width\":1200,\"height\":743},{\"@type\":\"BreadcrumbList\",\"@id\":\"https:\\\/\\\/www.fcbarcelonanoticias.com\\\/en\\\/transfers\\\/aubameyang-desperate-return-barca_289391_102.html#breadcrumb\",\"itemListElement\":[{\"@type\":\"ListItem\",\"position\":1,\"name\":\"Portada\",\"item\":\"https:\\\/\\\/www.fcbarcelonanoticias.com\\\/en\\\/\"},{\"@type\":\"ListItem\",\"position\":2,\"name\":\"Aubameyang, desperate to return to Bar\u00e7a\"}]},{\"@type\":\"WebSite\",\"@id\":\"https:\\\/\\\/www.fcbarcelonanoticias.com\\\/en\\\/#website\",\"url\":\"https:\\\/\\\/www.fcbarcelonanoticias.com\\\/en\\\/\",\"name\":\"EN - FC Barcelona Noticias\",\"description\":\"\",\"potentialAction\":[{\"@type\":\"SearchAction\",\"target\":{\"@type\":\"EntryPoint\",\"urlTemplate\":\"https:\\\/\\\/www.fcbarcelonanoticias.com\\\/en\\\/?s={search_term_string}\"},\"query-input\":{\"@type\":\"PropertyValueSpecification\",\"valueRequired\":true,\"valueName\":\"search_term_string\"}}],\"inLanguage\":\"en-US\"},{\"@type\":\"Person\",\"@id\":\"https:\\\/\\\/www.fcbarcelonanoticias.com\\\/en\\\/#\\\/schema\\\/person\\\/76c77917e39f918eb1604c571055386e\",\"name\":\"Claudio Betancourt\",\"image\":{\"@type\":\"ImageObject\",\"inLanguage\":\"en-US\",\"@id\":\"https:\\\/\\\/secure.gravatar.com\\\/avatar\\\/?s=96&d=mm&r=g\",\"url\":\"https:\\\/\\\/secure.gravatar.com\\\/avatar\\\/?s=96&d=mm&r=g\",\"contentUrl\":\"https:\\\/\\\/secure.gravatar.com\\\/avatar\\\/?s=96&d=mm&r=g\",\"caption\":\"Claudio Betancourt\"},\"url\":\"https:\\\/\\\/www.fcbarcelonanoticias.com\\\/en\\\/claudio-betancourt_14_115.html\"}]}<\/script>\n<!-- \/ Yoast SEO plugin. -->","yoast_head_json":{"title":"Aubameyang, exasperated for going back to the Bar\u00e7a","description":"Pierre-Emerick Aubayenagn would be by the work to abandon Chelsea for recalar again in the Bar\u00e7a. The gabon\u00e9s practically does not have options in London after the big quantity of signings concretised by the 'blues'","robots":{"index":"index","follow":"follow","max-snippet":"max-snippet:-1","max-image-preview":"max-image-preview:large","max-video-preview":"max-video-preview:-1"},"canonical":"https:\/\/www.fcbarcelonanoticias.com\/en\/transfers\/aubameyang-desperate-return-barca_289391_102.html","og_locale":"en_US","og_type":"article","og_title":"Aubameyang, exasperated for going back to the Bar\u00e7a","og_description":"Pierre-Emerick Aubayenagn would be by the work to abandon Chelsea for recalar again in the Bar\u00e7a. The gabon\u00e9s practically does not have options in London after the big quantity of signings concretised by the 'blues'","og_url":"https:\/\/www.fcbarcelonanoticias.com\/en\/transfers\/aubameyang-desperate-return-barca_289391_102.html","og_site_name":"EN - FC Barcelona Noticias","article_published_time":"2023-02-07T13:44:00+00:00","og_image":[{"width":1200,"height":743,"url":"https:\/\/www.fcbarcelonanoticias.com\/en\/wp-content\/uploads\/sites\/2\/2022\/10\/brighton-and-hove-albion-v-chelsea-fc-premier-league-1.jpeg","type":"image\/jpeg"}],"author":"Claudio Betancourt","twitter_card":"summary_large_image","twitter_misc":{"Written by":"Claudio Betancourt","Est. reading time":"2 minutes"},"schema":{"@context":"https:\/\/schema.org","@graph":[{"@type":"Article","@id":"https:\/\/www.fcbarcelonanoticias.com\/en\/transfers\/aubameyang-desperate-return-barca_289391_102.html#article","isPartOf":{"@id":"https:\/\/www.fcbarcelonanoticias.com\/en\/transfers\/aubameyang-desperate-return-barca_289391_102.html"},"author":{"name":"Claudio Betancourt","@id":"https:\/\/www.fcbarcelonanoticias.com\/en\/#\/schema\/person\/76c77917e39f918eb1604c571055386e"},"headline":"Aubameyang, desperate to return to Bar\u00e7a","datePublished":"2023-02-07T13:44:00+00:00","mainEntityOfPage":{"@id":"https:\/\/www.fcbarcelonanoticias.com\/en\/transfers\/aubameyang-desperate-return-barca_289391_102.html"},"wordCount":431,"image":{"@id":"https:\/\/www.fcbarcelonanoticias.com\/en\/transfers\/aubameyang-desperate-return-barca_289391_102.html#primaryimage"},"thumbnailUrl":"https:\/\/www.fcbarcelonanoticias.com\/en\/wp-content\/uploads\/sites\/2\/2022\/10\/brighton-and-hove-albion-v-chelsea-fc-premier-league-1.jpeg","keywords":["Aubameyang","Chelsea"],"articleSection":["Transfers","Transfers"],"inLanguage":"en-US"},{"@type":"WebPage","@id":"https:\/\/www.fcbarcelonanoticias.com\/en\/transfers\/aubameyang-desperate-return-barca_289391_102.html","url":"https:\/\/www.fcbarcelonanoticias.com\/en\/transfers\/aubameyang-desperate-return-barca_289391_102.html","name":"Aubameyang, exasperated for going back to the Bar\u00e7a","isPartOf":{"@id":"https:\/\/www.fcbarcelonanoticias.com\/en\/#website"},"primaryImageOfPage":{"@id":"https:\/\/www.fcbarcelonanoticias.com\/en\/transfers\/aubameyang-desperate-return-barca_289391_102.html#primaryimage"},"image":{"@id":"https:\/\/www.fcbarcelonanoticias.com\/en\/transfers\/aubameyang-desperate-return-barca_289391_102.html#primaryimage"},"thumbnailUrl":"https:\/\/www.fcbarcelonanoticias.com\/en\/wp-content\/uploads\/sites\/2\/2022\/10\/brighton-and-hove-albion-v-chelsea-fc-premier-league-1.jpeg","datePublished":"2023-02-07T13:44:00+00:00","author":{"@id":"https:\/\/www.fcbarcelonanoticias.com\/en\/#\/schema\/person\/76c77917e39f918eb1604c571055386e"},"description":"Pierre-Emerick Aubayenagn would be by the work to abandon Chelsea for recalar again in the Bar\u00e7a. The gabon\u00e9s practically does not have options in London after the big quantity of signings concretised by the 'blues'","breadcrumb":{"@id":"https:\/\/www.fcbarcelonanoticias.com\/en\/transfers\/aubameyang-desperate-return-barca_289391_102.html#breadcrumb"},"inLanguage":"en-US","potentialAction":[{"@type":"ReadAction","target":["https:\/\/www.fcbarcelonanoticias.com\/en\/transfers\/aubameyang-desperate-return-barca_289391_102.html"]}]},{"@type":"ImageObject","inLanguage":"en-US","@id":"https:\/\/www.fcbarcelonanoticias.com\/en\/transfers\/aubameyang-desperate-return-barca_289391_102.html#primaryimage","url":"https:\/\/www.fcbarcelonanoticias.com\/en\/wp-content\/uploads\/sites\/2\/2022\/10\/brighton-and-hove-albion-v-chelsea-fc-premier-league-1.jpeg","contentUrl":"https:\/\/www.fcbarcelonanoticias.com\/en\/wp-content\/uploads\/sites\/2\/2022\/10\/brighton-and-hove-albion-v-chelsea-fc-premier-league-1.jpeg","width":1200,"height":743},{"@type":"BreadcrumbList","@id":"https:\/\/www.fcbarcelonanoticias.com\/en\/transfers\/aubameyang-desperate-return-barca_289391_102.html#breadcrumb","itemListElement":[{"@type":"ListItem","position":1,"name":"Portada","item":"https:\/\/www.fcbarcelonanoticias.com\/en\/"},{"@type":"ListItem","position":2,"name":"Aubameyang, desperate to return to Bar\u00e7a"}]},{"@type":"WebSite","@id":"https:\/\/www.fcbarcelonanoticias.com\/en\/#website","url":"https:\/\/www.fcbarcelonanoticias.com\/en\/","name":"EN - FC Barcelona Noticias","description":"","potentialAction":[{"@type":"SearchAction","target":{"@type":"EntryPoint","urlTemplate":"https:\/\/www.fcbarcelonanoticias.com\/en\/?s={search_term_string}"},"query-input":{"@type":"PropertyValueSpecification","valueRequired":true,"valueName":"search_term_string"}}],"inLanguage":"en-US"},{"@type":"Person","@id":"https:\/\/www.fcbarcelonanoticias.com\/en\/#\/schema\/person\/76c77917e39f918eb1604c571055386e","name":"Claudio Betancourt","image":{"@type":"ImageObject","inLanguage":"en-US","@id":"https:\/\/secure.gravatar.com\/avatar\/?s=96&d=mm&r=g","url":"https:\/\/secure.gravatar.com\/avatar\/?s=96&d=mm&r=g","contentUrl":"https:\/\/secure.gravatar.com\/avatar\/?s=96&d=mm&r=g","caption":"Claudio Betancourt"},"url":"https:\/\/www.fcbarcelonanoticias.com\/en\/claudio-betancourt_14_115.html"}]}},"_links":{"self":[{"href":"https:\/\/www.fcbarcelonanoticias.com\/en\/wp-json\/wp\/v2\/posts\/90871","targetHints":{"allow":["GET"]}}],"collection":[{"href":"https:\/\/www.fcbarcelonanoticias.com\/en\/wp-json\/wp\/v2\/posts"}],"about":[{"href":"https:\/\/www.fcbarcelonanoticias.com\/en\/wp-json\/wp\/v2\/types\/post"}],"author":[{"embeddable":true,"href":"https:\/\/www.fcbarcelonanoticias.com\/en\/wp-json\/wp\/v2\/users\/363"}],"replies":[{"embeddable":true,"href":"https:\/\/www.fcbarcelonanoticias.com\/en\/wp-json\/wp\/v2\/comments?post=90871"}],"version-history":[{"count":1,"href":"https:\/\/www.fcbarcelonanoticias.com\/en\/wp-json\/wp\/v2\/posts\/90871\/revisions"}],"predecessor-version":[{"id":90874,"href":"https:\/\/www.fcbarcelonanoticias.com\/en\/wp-json\/wp\/v2\/posts\/90871\/revisions\/90874"}],"wp:featuredmedia":[{"embeddable":true,"href":"https:\/\/www.fcbarcelonanoticias.com\/en\/wp-json\/wp\/v2\/media\/46389"}],"wp:attachment":[{"href":"https:\/\/www.fcbarcelonanoticias.com\/en\/wp-json\/wp\/v2\/media?parent=90871"}],"wp:term":[{"taxonomy":"category","embeddable":true,"href":"https:\/\/www.fcbarcelonanoticias.com\/en\/wp-json\/wp\/v2\/categories?post=90871"},{"taxonomy":"post_tag","embeddable":true,"href":"https:\/\/www.fcbarcelonanoticias.com\/en\/wp-json\/wp\/v2\/tags?post=90871"}],"curies":[{"name":"wp","href":"https:\/\/api.w.org\/{rel}","templated":true}]}}