{"id":90877,"date":"2023-02-15T16:43:00","date_gmt":"2023-02-15T15:43:00","guid":{"rendered":"https:\/\/weisetech.dev\/fc-barcelona-noticias\/en\/aubameyang-continue-is-on-future-list-of-barcelona_289655_102\/"},"modified":"2023-02-15T16:43:00","modified_gmt":"2023-02-15T15:43:00","slug":"aubameyang-continue-is-on-future-list-of-barcelona_289655_102","status":"publish","type":"post","link":"https:\/\/www.fcbarcelonanoticias.com\/en\/transfers\/aubameyang-continue-is-on-future-list-of-barcelona_289655_102.html","title":{"rendered":"Aubameyang is still on Bar\u00e7a&#8217;s list of futures"},"content":{"rendered":"<h2 class=\"wp-block-heading\">With his shares trading very low at Chelsea, Aubameyang could be a short-term alternative for a Barca that has stayed with Lewandowski as its only natural &#8216;9&#8217;.<\/h2>  \r\n<div class=\"article-addons\">\r\n    <a href=\"https:\/\/www.fcbarcelonanoticias.com\/en\/calendar-fc-barcelona.html\"\r\n       target=\"_self\"\r\n       title=\"Calendar of FC Barcelona\"\r\n       class=\"blue-gredient-btn\">\r\n       \r\n        Calendar of FC Barcelona    <\/a>\r\n<\/div>   <p>With the exit of Memphis Depay of the FC Barcelona in the past market of winter the club needs to fill this role in the staff. Afterwards that the Dutch of left to the Athletic of Madrid, <strong>the Bar\u00e7a remained without another centrodelantero natural like alternative of Lewandowski and when the Pole was sanctioned had to resort to Ansu in this zone of the attack, <a data-external=\"0\" data-intl-links-en=\"https:\/\/www.fcbarcelonanoticias.com\/en\/scorers-fc-barcelona-2022-2023.html\" data-intl-links-es=\"https:\/\/www.fcbarcelonanoticias.com\/goleadores-fc-barcelona-2022-2023.html\" href=\"https:\/\/www.fcbarcelonanoticias.com\/en\/scorers-fc-barcelona-2022-2023.html\" rel=\"follow\" target=\"_self\" title=\"Goleadores FC Barcelona 2022-2023\">something that did not give resulted<\/a>.<\/strong><\/p>  <p>The Spanish still seems near of his best version regarding speed and goal, by what the market of summer will mean the ideal option to find to this player. <strong>With the irruption of Vitor Roque in the Sudamericano Sub-20, the Brazilian is right now the maximum priority of the Bar\u00e7a for half of year,<\/strong> <a data-external=\"0\" data-intl-links-en=\"https:\/\/www.fcbarcelonanoticias.com\/en\/transfers\/poll-how-much-should-barcelona-offer-sign-vitor-roque_289639_102.html\" data-intl-links-es=\"https:\/\/www.fcbarcelonanoticias.com\/fichajes\/encuesta-cuanto-deberia-ofrecer-barcelona-fichar-vitor-roque_289639_102.html\" href=\"https:\/\/www.fcbarcelonanoticias.com\/en\/transfers\/poll-how-much-should-barcelona-offer-sign-vitor-roque_289639_102.html\" rel=\"follow\" target=\"_self\" title=\"ENCUESTA: \u00bfCu\u00e1nto deber\u00eda ofrecer el Bar\u00e7a para fichar a Vitor Roque?\">although his price and the strong competition that there is<\/a> does that in the Camp Nou consider other options.<\/p>  <p>One, known and of low price, is Aubameyang. The gabon\u00e9s lost almost all the chevrons in Chelsea and even called to the team cul\u00e9 in winter to return, but the rules did not allow it. <strong>Now, with his exit to the MLS practically descartada, the Bar\u00e7a has annotated the name of the African forward like this option of confidence in the case that need it.<\/strong><\/p>  <p>From London the technical Graham Potter confirmed that the attacker will be still in the team until finals of season and a rescission of his agreement in summer seems the most likely option. <strong>However, with agreement until 2024 the English could want to some compensation by his signing, something that the Bar\u00e7a surely will avoid at all costs. <\/strong><\/p>  <h3>There are possibilities<\/h3>  <p>&#8216;Sport&#8217; Has signalled that the option of Auba for the summer right now is not priority by the others options that exist and because they understand that it is a player for a season more, or a maximum of two. In spite of this,<strong> the club blaugrana knows that like cul\u00e9 left 13 goals in 24 parties and even splits of his family remained living in the City Condal, something more than could serve of incentive for the operation. <\/strong><\/p> ","protected":false},"excerpt":{"rendered":"<p>With his shares trading very low at Chelsea, Aubameyang could be a short-term alternative for a Barca that has stayed with Lewandowski as its only natural &#8216;9&#8217;. With the exit of Memphis Depay of the FC Barcelona in the past market of winter the club needs to fill this role in the staff. Afterwards that [&hellip;]<\/p>\n","protected":false},"author":345,"featured_media":43086,"comment_status":"closed","ping_status":"open","sticky":false,"template":"","format":"standard","meta":{"_acf_changed":false,"inline_featured_image":false,"_nextfly_llmd_date_locked":false,"footnotes":""},"categories":[449,106],"tags":[230,161,329],"class_list":["post-90877","post","type-post","status-publish","format-standard","has-post-thumbnail","hentry","category-transfers-2","category-transfers","tag-aubameyang","tag-chelsea","tag-mateu-alemany"],"acf":[],"yoast_head":"<!-- This site is optimized with the Yoast SEO plugin v27.3 - https:\/\/yoast.com\/product\/yoast-seo-wordpress\/ -->\n<title>Aubameyang is still on Bar\u00e7a&#039;s list of futures<\/title>\n<meta name=\"description\" content=\"With his shares trading very low at Chelsea, Aubameyang could be a short-term alternative for a Barca that has stayed with Lewandowski as its only natural &#039;9&#039;.\" \/>\n<meta name=\"robots\" content=\"index, follow, max-snippet:-1, max-image-preview:large, max-video-preview:-1\" \/>\n<link rel=\"canonical\" href=\"https:\/\/www.fcbarcelonanoticias.com\/en\/transfers\/aubameyang-continue-is-on-future-list-of-barcelona_289655_102.html\" \/>\n<meta property=\"og:locale\" content=\"en_US\" \/>\n<meta property=\"og:type\" content=\"article\" \/>\n<meta property=\"og:title\" content=\"Aubameyang is still on Bar\u00e7a&#039;s list of futures\" \/>\n<meta property=\"og:description\" content=\"With his shares trading very low at Chelsea, Aubameyang could be a short-term alternative for a Barca that has stayed with Lewandowski as its only natural &#039;9&#039;.\" \/>\n<meta property=\"og:url\" content=\"https:\/\/www.fcbarcelonanoticias.com\/en\/transfers\/aubameyang-continue-is-on-future-list-of-barcelona_289655_102.html\" \/>\n<meta property=\"og:site_name\" content=\"EN - FC Barcelona Noticias\" \/>\n<meta property=\"article:published_time\" content=\"2023-02-15T15:43:00+00:00\" \/>\n<meta property=\"og:image\" content=\"https:\/\/www.fcbarcelonanoticias.com\/en\/wp-content\/uploads\/sites\/2\/2022\/10\/fbl-eng-pr-crystal-palace-chelsea-1.jpeg\" \/>\n\t<meta property=\"og:image:width\" content=\"1200\" \/>\n\t<meta property=\"og:image:height\" content=\"728\" \/>\n\t<meta property=\"og:image:type\" content=\"image\/jpeg\" \/>\n<meta name=\"author\" content=\"Carlos Montenegro\" \/>\n<meta name=\"twitter:card\" content=\"summary_large_image\" \/>\n<meta name=\"twitter:label1\" content=\"Written by\" \/>\n\t<meta name=\"twitter:data1\" content=\"Carlos Montenegro\" \/>\n\t<meta name=\"twitter:label2\" content=\"Est. reading time\" \/>\n\t<meta name=\"twitter:data2\" content=\"2 minutes\" \/>\n<script type=\"application\/ld+json\" class=\"yoast-schema-graph\">{\"@context\":\"https:\\\/\\\/schema.org\",\"@graph\":[{\"@type\":\"Article\",\"@id\":\"https:\\\/\\\/www.fcbarcelonanoticias.com\\\/en\\\/transfers\\\/aubameyang-continue-is-on-future-list-of-barcelona_289655_102.html#article\",\"isPartOf\":{\"@id\":\"https:\\\/\\\/www.fcbarcelonanoticias.com\\\/en\\\/transfers\\\/aubameyang-continue-is-on-future-list-of-barcelona_289655_102.html\"},\"author\":{\"name\":\"Carlos Montenegro\",\"@id\":\"https:\\\/\\\/www.fcbarcelonanoticias.com\\\/en\\\/#\\\/schema\\\/person\\\/aa1d038709c262cb247e240f6b39bbf5\"},\"headline\":\"Aubameyang is still on Bar\u00e7a&#8217;s list of futures\",\"datePublished\":\"2023-02-15T15:43:00+00:00\",\"mainEntityOfPage\":{\"@id\":\"https:\\\/\\\/www.fcbarcelonanoticias.com\\\/en\\\/transfers\\\/aubameyang-continue-is-on-future-list-of-barcelona_289655_102.html\"},\"wordCount\":387,\"image\":{\"@id\":\"https:\\\/\\\/www.fcbarcelonanoticias.com\\\/en\\\/transfers\\\/aubameyang-continue-is-on-future-list-of-barcelona_289655_102.html#primaryimage\"},\"thumbnailUrl\":\"https:\\\/\\\/www.fcbarcelonanoticias.com\\\/en\\\/wp-content\\\/uploads\\\/sites\\\/2\\\/2022\\\/10\\\/fbl-eng-pr-crystal-palace-chelsea-1.jpeg\",\"keywords\":[\"Aubameyang\",\"Chelsea\",\"Mateu Alemany\"],\"articleSection\":[\"Transfers\",\"Transfers\"],\"inLanguage\":\"en-US\"},{\"@type\":\"WebPage\",\"@id\":\"https:\\\/\\\/www.fcbarcelonanoticias.com\\\/en\\\/transfers\\\/aubameyang-continue-is-on-future-list-of-barcelona_289655_102.html\",\"url\":\"https:\\\/\\\/www.fcbarcelonanoticias.com\\\/en\\\/transfers\\\/aubameyang-continue-is-on-future-list-of-barcelona_289655_102.html\",\"name\":\"Aubameyang is still on Bar\u00e7a's list of futures\",\"isPartOf\":{\"@id\":\"https:\\\/\\\/www.fcbarcelonanoticias.com\\\/en\\\/#website\"},\"primaryImageOfPage\":{\"@id\":\"https:\\\/\\\/www.fcbarcelonanoticias.com\\\/en\\\/transfers\\\/aubameyang-continue-is-on-future-list-of-barcelona_289655_102.html#primaryimage\"},\"image\":{\"@id\":\"https:\\\/\\\/www.fcbarcelonanoticias.com\\\/en\\\/transfers\\\/aubameyang-continue-is-on-future-list-of-barcelona_289655_102.html#primaryimage\"},\"thumbnailUrl\":\"https:\\\/\\\/www.fcbarcelonanoticias.com\\\/en\\\/wp-content\\\/uploads\\\/sites\\\/2\\\/2022\\\/10\\\/fbl-eng-pr-crystal-palace-chelsea-1.jpeg\",\"datePublished\":\"2023-02-15T15:43:00+00:00\",\"author\":{\"@id\":\"https:\\\/\\\/www.fcbarcelonanoticias.com\\\/en\\\/#\\\/schema\\\/person\\\/aa1d038709c262cb247e240f6b39bbf5\"},\"description\":\"With his shares trading very low at Chelsea, Aubameyang could be a short-term alternative for a Barca that has stayed with Lewandowski as its only natural '9'.\",\"breadcrumb\":{\"@id\":\"https:\\\/\\\/www.fcbarcelonanoticias.com\\\/en\\\/transfers\\\/aubameyang-continue-is-on-future-list-of-barcelona_289655_102.html#breadcrumb\"},\"inLanguage\":\"en-US\",\"potentialAction\":[{\"@type\":\"ReadAction\",\"target\":[\"https:\\\/\\\/www.fcbarcelonanoticias.com\\\/en\\\/transfers\\\/aubameyang-continue-is-on-future-list-of-barcelona_289655_102.html\"]}]},{\"@type\":\"ImageObject\",\"inLanguage\":\"en-US\",\"@id\":\"https:\\\/\\\/www.fcbarcelonanoticias.com\\\/en\\\/transfers\\\/aubameyang-continue-is-on-future-list-of-barcelona_289655_102.html#primaryimage\",\"url\":\"https:\\\/\\\/www.fcbarcelonanoticias.com\\\/en\\\/wp-content\\\/uploads\\\/sites\\\/2\\\/2022\\\/10\\\/fbl-eng-pr-crystal-palace-chelsea-1.jpeg\",\"contentUrl\":\"https:\\\/\\\/www.fcbarcelonanoticias.com\\\/en\\\/wp-content\\\/uploads\\\/sites\\\/2\\\/2022\\\/10\\\/fbl-eng-pr-crystal-palace-chelsea-1.jpeg\",\"width\":1200,\"height\":728},{\"@type\":\"BreadcrumbList\",\"@id\":\"https:\\\/\\\/www.fcbarcelonanoticias.com\\\/en\\\/transfers\\\/aubameyang-continue-is-on-future-list-of-barcelona_289655_102.html#breadcrumb\",\"itemListElement\":[{\"@type\":\"ListItem\",\"position\":1,\"name\":\"Portada\",\"item\":\"https:\\\/\\\/www.fcbarcelonanoticias.com\\\/en\\\/\"},{\"@type\":\"ListItem\",\"position\":2,\"name\":\"Aubameyang is still on Bar\u00e7a&#8217;s list of futures\"}]},{\"@type\":\"WebSite\",\"@id\":\"https:\\\/\\\/www.fcbarcelonanoticias.com\\\/en\\\/#website\",\"url\":\"https:\\\/\\\/www.fcbarcelonanoticias.com\\\/en\\\/\",\"name\":\"EN - FC Barcelona Noticias\",\"description\":\"\",\"potentialAction\":[{\"@type\":\"SearchAction\",\"target\":{\"@type\":\"EntryPoint\",\"urlTemplate\":\"https:\\\/\\\/www.fcbarcelonanoticias.com\\\/en\\\/?s={search_term_string}\"},\"query-input\":{\"@type\":\"PropertyValueSpecification\",\"valueRequired\":true,\"valueName\":\"search_term_string\"}}],\"inLanguage\":\"en-US\"},{\"@type\":\"Person\",\"@id\":\"https:\\\/\\\/www.fcbarcelonanoticias.com\\\/en\\\/#\\\/schema\\\/person\\\/aa1d038709c262cb247e240f6b39bbf5\",\"name\":\"Carlos Montenegro\",\"image\":{\"@type\":\"ImageObject\",\"inLanguage\":\"en-US\",\"@id\":\"https:\\\/\\\/secure.gravatar.com\\\/avatar\\\/?s=96&d=mm&r=g\",\"url\":\"https:\\\/\\\/secure.gravatar.com\\\/avatar\\\/?s=96&d=mm&r=g\",\"contentUrl\":\"https:\\\/\\\/secure.gravatar.com\\\/avatar\\\/?s=96&d=mm&r=g\",\"caption\":\"Carlos Montenegro\"},\"url\":\"https:\\\/\\\/www.fcbarcelonanoticias.com\\\/en\\\/carlos-montenegro_20_115.html\"}]}<\/script>\n<!-- \/ Yoast SEO plugin. -->","yoast_head_json":{"title":"Aubameyang is still on Bar\u00e7a's list of futures","description":"With his shares trading very low at Chelsea, Aubameyang could be a short-term alternative for a Barca that has stayed with Lewandowski as its only natural '9'.","robots":{"index":"index","follow":"follow","max-snippet":"max-snippet:-1","max-image-preview":"max-image-preview:large","max-video-preview":"max-video-preview:-1"},"canonical":"https:\/\/www.fcbarcelonanoticias.com\/en\/transfers\/aubameyang-continue-is-on-future-list-of-barcelona_289655_102.html","og_locale":"en_US","og_type":"article","og_title":"Aubameyang is still on Bar\u00e7a's list of futures","og_description":"With his shares trading very low at Chelsea, Aubameyang could be a short-term alternative for a Barca that has stayed with Lewandowski as its only natural '9'.","og_url":"https:\/\/www.fcbarcelonanoticias.com\/en\/transfers\/aubameyang-continue-is-on-future-list-of-barcelona_289655_102.html","og_site_name":"EN - FC Barcelona Noticias","article_published_time":"2023-02-15T15:43:00+00:00","og_image":[{"width":1200,"height":728,"url":"https:\/\/www.fcbarcelonanoticias.com\/en\/wp-content\/uploads\/sites\/2\/2022\/10\/fbl-eng-pr-crystal-palace-chelsea-1.jpeg","type":"image\/jpeg"}],"author":"Carlos Montenegro","twitter_card":"summary_large_image","twitter_misc":{"Written by":"Carlos Montenegro","Est. reading time":"2 minutes"},"schema":{"@context":"https:\/\/schema.org","@graph":[{"@type":"Article","@id":"https:\/\/www.fcbarcelonanoticias.com\/en\/transfers\/aubameyang-continue-is-on-future-list-of-barcelona_289655_102.html#article","isPartOf":{"@id":"https:\/\/www.fcbarcelonanoticias.com\/en\/transfers\/aubameyang-continue-is-on-future-list-of-barcelona_289655_102.html"},"author":{"name":"Carlos Montenegro","@id":"https:\/\/www.fcbarcelonanoticias.com\/en\/#\/schema\/person\/aa1d038709c262cb247e240f6b39bbf5"},"headline":"Aubameyang is still on Bar\u00e7a&#8217;s list of futures","datePublished":"2023-02-15T15:43:00+00:00","mainEntityOfPage":{"@id":"https:\/\/www.fcbarcelonanoticias.com\/en\/transfers\/aubameyang-continue-is-on-future-list-of-barcelona_289655_102.html"},"wordCount":387,"image":{"@id":"https:\/\/www.fcbarcelonanoticias.com\/en\/transfers\/aubameyang-continue-is-on-future-list-of-barcelona_289655_102.html#primaryimage"},"thumbnailUrl":"https:\/\/www.fcbarcelonanoticias.com\/en\/wp-content\/uploads\/sites\/2\/2022\/10\/fbl-eng-pr-crystal-palace-chelsea-1.jpeg","keywords":["Aubameyang","Chelsea","Mateu Alemany"],"articleSection":["Transfers","Transfers"],"inLanguage":"en-US"},{"@type":"WebPage","@id":"https:\/\/www.fcbarcelonanoticias.com\/en\/transfers\/aubameyang-continue-is-on-future-list-of-barcelona_289655_102.html","url":"https:\/\/www.fcbarcelonanoticias.com\/en\/transfers\/aubameyang-continue-is-on-future-list-of-barcelona_289655_102.html","name":"Aubameyang is still on Bar\u00e7a's list of futures","isPartOf":{"@id":"https:\/\/www.fcbarcelonanoticias.com\/en\/#website"},"primaryImageOfPage":{"@id":"https:\/\/www.fcbarcelonanoticias.com\/en\/transfers\/aubameyang-continue-is-on-future-list-of-barcelona_289655_102.html#primaryimage"},"image":{"@id":"https:\/\/www.fcbarcelonanoticias.com\/en\/transfers\/aubameyang-continue-is-on-future-list-of-barcelona_289655_102.html#primaryimage"},"thumbnailUrl":"https:\/\/www.fcbarcelonanoticias.com\/en\/wp-content\/uploads\/sites\/2\/2022\/10\/fbl-eng-pr-crystal-palace-chelsea-1.jpeg","datePublished":"2023-02-15T15:43:00+00:00","author":{"@id":"https:\/\/www.fcbarcelonanoticias.com\/en\/#\/schema\/person\/aa1d038709c262cb247e240f6b39bbf5"},"description":"With his shares trading very low at Chelsea, Aubameyang could be a short-term alternative for a Barca that has stayed with Lewandowski as its only natural '9'.","breadcrumb":{"@id":"https:\/\/www.fcbarcelonanoticias.com\/en\/transfers\/aubameyang-continue-is-on-future-list-of-barcelona_289655_102.html#breadcrumb"},"inLanguage":"en-US","potentialAction":[{"@type":"ReadAction","target":["https:\/\/www.fcbarcelonanoticias.com\/en\/transfers\/aubameyang-continue-is-on-future-list-of-barcelona_289655_102.html"]}]},{"@type":"ImageObject","inLanguage":"en-US","@id":"https:\/\/www.fcbarcelonanoticias.com\/en\/transfers\/aubameyang-continue-is-on-future-list-of-barcelona_289655_102.html#primaryimage","url":"https:\/\/www.fcbarcelonanoticias.com\/en\/wp-content\/uploads\/sites\/2\/2022\/10\/fbl-eng-pr-crystal-palace-chelsea-1.jpeg","contentUrl":"https:\/\/www.fcbarcelonanoticias.com\/en\/wp-content\/uploads\/sites\/2\/2022\/10\/fbl-eng-pr-crystal-palace-chelsea-1.jpeg","width":1200,"height":728},{"@type":"BreadcrumbList","@id":"https:\/\/www.fcbarcelonanoticias.com\/en\/transfers\/aubameyang-continue-is-on-future-list-of-barcelona_289655_102.html#breadcrumb","itemListElement":[{"@type":"ListItem","position":1,"name":"Portada","item":"https:\/\/www.fcbarcelonanoticias.com\/en\/"},{"@type":"ListItem","position":2,"name":"Aubameyang is still on Bar\u00e7a&#8217;s list of futures"}]},{"@type":"WebSite","@id":"https:\/\/www.fcbarcelonanoticias.com\/en\/#website","url":"https:\/\/www.fcbarcelonanoticias.com\/en\/","name":"EN - FC Barcelona Noticias","description":"","potentialAction":[{"@type":"SearchAction","target":{"@type":"EntryPoint","urlTemplate":"https:\/\/www.fcbarcelonanoticias.com\/en\/?s={search_term_string}"},"query-input":{"@type":"PropertyValueSpecification","valueRequired":true,"valueName":"search_term_string"}}],"inLanguage":"en-US"},{"@type":"Person","@id":"https:\/\/www.fcbarcelonanoticias.com\/en\/#\/schema\/person\/aa1d038709c262cb247e240f6b39bbf5","name":"Carlos Montenegro","image":{"@type":"ImageObject","inLanguage":"en-US","@id":"https:\/\/secure.gravatar.com\/avatar\/?s=96&d=mm&r=g","url":"https:\/\/secure.gravatar.com\/avatar\/?s=96&d=mm&r=g","contentUrl":"https:\/\/secure.gravatar.com\/avatar\/?s=96&d=mm&r=g","caption":"Carlos Montenegro"},"url":"https:\/\/www.fcbarcelonanoticias.com\/en\/carlos-montenegro_20_115.html"}]}},"_links":{"self":[{"href":"https:\/\/www.fcbarcelonanoticias.com\/en\/wp-json\/wp\/v2\/posts\/90877","targetHints":{"allow":["GET"]}}],"collection":[{"href":"https:\/\/www.fcbarcelonanoticias.com\/en\/wp-json\/wp\/v2\/posts"}],"about":[{"href":"https:\/\/www.fcbarcelonanoticias.com\/en\/wp-json\/wp\/v2\/types\/post"}],"author":[{"embeddable":true,"href":"https:\/\/www.fcbarcelonanoticias.com\/en\/wp-json\/wp\/v2\/users\/345"}],"replies":[{"embeddable":true,"href":"https:\/\/www.fcbarcelonanoticias.com\/en\/wp-json\/wp\/v2\/comments?post=90877"}],"version-history":[{"count":2,"href":"https:\/\/www.fcbarcelonanoticias.com\/en\/wp-json\/wp\/v2\/posts\/90877\/revisions"}],"predecessor-version":[{"id":90885,"href":"https:\/\/www.fcbarcelonanoticias.com\/en\/wp-json\/wp\/v2\/posts\/90877\/revisions\/90885"}],"wp:featuredmedia":[{"embeddable":true,"href":"https:\/\/www.fcbarcelonanoticias.com\/en\/wp-json\/wp\/v2\/media\/43086"}],"wp:attachment":[{"href":"https:\/\/www.fcbarcelonanoticias.com\/en\/wp-json\/wp\/v2\/media?parent=90877"}],"wp:term":[{"taxonomy":"category","embeddable":true,"href":"https:\/\/www.fcbarcelonanoticias.com\/en\/wp-json\/wp\/v2\/categories?post=90877"},{"taxonomy":"post_tag","embeddable":true,"href":"https:\/\/www.fcbarcelonanoticias.com\/en\/wp-json\/wp\/v2\/tags?post=90877"}],"curies":[{"name":"wp","href":"https:\/\/api.w.org\/{rel}","templated":true}]}}