{"id":90907,"date":"2016-06-24T18:07:00","date_gmt":"2016-06-24T16:07:00","guid":{"rendered":"https:\/\/weisetech.dev\/fc-barcelona-noticias\/en\/aubameyang-responds-clubs-threat-his-return-to-barcelona_289618_102\/"},"modified":"2026-04-16T09:48:05","modified_gmt":"2026-04-16T07:48:05","slug":"azpilicueta-or-hector-bellerin-i-have-here-the-dilemma-of-the-barca_181795_102","status":"publish","type":"post","link":"https:\/\/www.fcbarcelonanoticias.com\/en\/transfers\/azpilicueta-or-hector-bellerin-i-have-here-the-dilemma-of-the-barca_181795_102.html","title":{"rendered":"Azpilicueta Or H\u00e9ctor Beller\u00edn? I have here the dilemma of the Bar\u00e7a"},"content":{"rendered":"<h2 class=\"wp-block-heading\">The technical office of the FC Barcelona beats  between the doubts to bet strong for bringing of turn to the canterano Hector Beller\u00edn from the Arsenal or trust C\u00e9sar Azpilicueta and go to by him expecting that his price do not shoot<\/h2>  \r\n<div class=\"article-addons\">\r\n    <a href=\"https:\/\/www.fcbarcelonanoticias.com\/en\/calendar-fc-barcelona.html\"\r\n       target=\"_self\"\r\n       title=\"Calendar of FC Barcelona\"\r\n       class=\"blue-gredient-btn\">\r\n       \r\n        Calendar of FC Barcelona    <\/a>\r\n<\/div>   <p>What would do you? <strong>The FC Barcelona beats  in a sea of doubts to the hour to choose the suitable man to reinforce the right side<\/strong> of the team. The exit of <strong>Dani Alves<\/strong> took to all the world by surprise and with a budgetary game of signings that did not expect  have to do any incorporation in this 2016-2017 for this plot.<\/p> <p>Therefore, between <strong>Robert Fern\u00e1ndez, <a href=\"https:\/\/www.fcbarcelonanoticias.com\/en\/tags\/luis-enrique.html\">Luis Enrique<\/a><\/strong> and the club will have to urdir a plan and do fit the difficult puzles economic so that all lace and the team can reinforce in several positions. The one of the right side seems that it is a need of the m\u00edster Barcelona. Although has to <strong>Aleix Vidal and to Sergi Roberto<\/strong>, only the two seem to be a very risked bet to play  all the next season.<br><br>The ex of the Seville does not finish to convince to the Asturian and Roberto does not leave to be a midfield player reconverted. Although his polivalencia has showed to be out of doubts, keeps on being a bet to a too high quota. Thus the Barcelona diary has two names chosen to compensate to the team but that generate doubts.<br><br>On the one hand it is the side title of the <strong>Arsenal H\u00e9ctor Beller\u00edn<\/strong>. Canterano blaugrana That gave with his bones in London in juvenile stage in one of these &#8220;thefts&#8221; committed by the &#8220;gunners&#8221; that could them  finish in brief. With 21 years, this past 2015-2016 has been the season of his explosion. <br>Indisputable headline,<strong> has a very seemed style to the of Jordi Alba<\/strong> and, definitely, the Bar\u00e7a <strong>would win in the difference with the last Dani Alves<\/strong>. The problem? The 40 million euros that seems will ask the English. The Bar\u00e7a would look for to recess them, appealing to the player and to that this can ask publicly his exit. A thing that, as it has seen  in the last weeks, seems difficult.<br><br>The another option is the carrilero <strong>C\u00e9sar Azpilicueta. In the Eurocopa of France with Spain,<\/strong> to the equal that Beller\u00edn, Azpilicueta carries four seasons in Chelsea, where explains also with the titularity ensured since it arrived. His growth has been constant and to the Bar\u00e7a always has liked him. <a href=\"https:\/\/www.fcbarcelonanoticias.com\/fichajes\/primeros-contactos-del-barca-para-fichar-a-azpilicueta_181751_102.html\">It speaks  that the team of London would have put it in his list of transferibles,<\/a> a difficult fed up thing to believe since<strong> it has played 49 parties the past campaign<\/strong> and is a value of future.<br><br>Therefore same seems difficult to think that the Barcelona can do with his signing by the eighteen millions that sound lately. This figure seems too low by a player of his level and, in case to be true, would do that teams like<strong> Bayern of Munich, PSG or Athletic<\/strong> Club launched  to by him doing go up his price. Thus the doubts grow in <strong>Can<\/strong> Bar\u00e7a and does not know  of the all that do. This big dilemma for Robert and his troop, it will be necessary to see as it finish.<\/p> ","protected":false},"excerpt":{"rendered":"<p>The technical office of the FC Barcelona beats between the doubts to bet strong for bringing of turn to the canterano Hector Beller\u00edn from the Arsenal or trust C\u00e9sar Azpilicueta and go to by him expecting that his price do not shoot What would do you? The FC Barcelona beats in a sea of doubts [&hellip;]<\/p>\n","protected":false},"author":372,"featured_media":90912,"comment_status":"closed","ping_status":"open","sticky":false,"template":"","format":"standard","meta":{"_acf_changed":false,"inline_featured_image":false,"_nextfly_llmd_date_locked":false,"footnotes":""},"categories":[449,106],"tags":[59,230,161,88],"class_list":["post-90907","post","type-post","status-publish","format-standard","has-post-thumbnail","hentry","category-transfers-2","category-transfers","tag-atletico-de-madrid","tag-aubameyang","tag-chelsea","tag-paris-saint-germain"],"acf":[],"yoast_head":"<!-- This site is optimized with the Yoast SEO plugin v27.3 - https:\/\/yoast.com\/product\/yoast-seo-wordpress\/ -->\n<title>C\u00e9sar Azpilicueta or H\u00e9ctor Beller\u00edn? I have here the dilemma of the Bar\u00e7a<\/title>\n<meta name=\"description\" content=\"The technical office of the FC Barcelona beats between the doubts to bet strong for bringing of turn to the canterano Hector Beller\u00edn from the Arsenal...\" \/>\n<meta name=\"robots\" content=\"index, follow, max-snippet:-1, max-image-preview:large, max-video-preview:-1\" \/>\n<link rel=\"canonical\" href=\"https:\/\/www.fcbarcelonanoticias.com\/en\/transfers\/azpilicueta-or-hector-bellerin-i-have-here-the-dilemma-of-the-barca_181795_102.html\" \/>\n<meta property=\"og:locale\" content=\"en_US\" \/>\n<meta property=\"og:type\" content=\"article\" \/>\n<meta property=\"og:title\" content=\"C\u00e9sar Azpilicueta or H\u00e9ctor Beller\u00edn? I have here the dilemma of the Bar\u00e7a\" \/>\n<meta property=\"og:description\" content=\"The technical office of the FC Barcelona beats between the doubts to bet strong for bringing of turn to the canterano Hector Beller\u00edn from the Arsenal...\" \/>\n<meta property=\"og:url\" content=\"https:\/\/www.fcbarcelonanoticias.com\/en\/transfers\/azpilicueta-or-hector-bellerin-i-have-here-the-dilemma-of-the-barca_181795_102.html\" \/>\n<meta property=\"og:site_name\" content=\"EN - FC Barcelona Noticias\" \/>\n<meta property=\"article:published_time\" content=\"2016-06-24T16:07:00+00:00\" \/>\n<meta property=\"article:modified_time\" content=\"2026-04-16T07:48:05+00:00\" \/>\n<meta property=\"og:image\" content=\"https:\/\/www.fcbarcelonanoticias.com\/en\/wp-content\/uploads\/sites\/2\/2016\/06\/bellerinazpilicueta-184816-1.jpeg\" \/>\n\t<meta property=\"og:image:width\" content=\"1199\" \/>\n\t<meta property=\"og:image:height\" content=\"674\" \/>\n\t<meta property=\"og:image:type\" content=\"image\/jpeg\" \/>\n<meta name=\"author\" content=\"user_4028\" \/>\n<meta name=\"twitter:card\" content=\"summary_large_image\" \/>\n<meta name=\"twitter:label1\" content=\"Written by\" \/>\n\t<meta name=\"twitter:data1\" content=\"user_4028\" \/>\n\t<meta name=\"twitter:label2\" content=\"Est. reading time\" \/>\n\t<meta name=\"twitter:data2\" content=\"3 minutes\" \/>\n<script type=\"application\/ld+json\" class=\"yoast-schema-graph\">{\"@context\":\"https:\\\/\\\/schema.org\",\"@graph\":[{\"@type\":\"Article\",\"@id\":\"https:\\\/\\\/www.fcbarcelonanoticias.com\\\/en\\\/transfers\\\/azpilicueta-or-hector-bellerin-i-have-here-the-dilemma-of-the-barca_181795_102.html#article\",\"isPartOf\":{\"@id\":\"https:\\\/\\\/www.fcbarcelonanoticias.com\\\/en\\\/transfers\\\/azpilicueta-or-hector-bellerin-i-have-here-the-dilemma-of-the-barca_181795_102.html\"},\"author\":{\"name\":\"user_4028\",\"@id\":\"https:\\\/\\\/www.fcbarcelonanoticias.com\\\/en\\\/#\\\/schema\\\/person\\\/7999a230601f8707296c6a807afbf660\"},\"headline\":\"Azpilicueta Or H\u00e9ctor Beller\u00edn? I have here the dilemma of the Bar\u00e7a\",\"datePublished\":\"2016-06-24T16:07:00+00:00\",\"dateModified\":\"2026-04-16T07:48:05+00:00\",\"mainEntityOfPage\":{\"@id\":\"https:\\\/\\\/www.fcbarcelonanoticias.com\\\/en\\\/transfers\\\/azpilicueta-or-hector-bellerin-i-have-here-the-dilemma-of-the-barca_181795_102.html\"},\"wordCount\":570,\"image\":{\"@id\":\"https:\\\/\\\/www.fcbarcelonanoticias.com\\\/en\\\/transfers\\\/azpilicueta-or-hector-bellerin-i-have-here-the-dilemma-of-the-barca_181795_102.html#primaryimage\"},\"thumbnailUrl\":\"https:\\\/\\\/www.fcbarcelonanoticias.com\\\/en\\\/wp-content\\\/uploads\\\/sites\\\/2\\\/2016\\\/06\\\/bellerinazpilicueta-184816-1.jpeg\",\"keywords\":[\"Atl\u00e9tico de Madrid\",\"Aubameyang\",\"Chelsea\",\"Paris Saint-Germain\"],\"articleSection\":[\"Transfers\",\"Transfers\"],\"inLanguage\":\"en-US\"},{\"@type\":\"WebPage\",\"@id\":\"https:\\\/\\\/www.fcbarcelonanoticias.com\\\/en\\\/transfers\\\/azpilicueta-or-hector-bellerin-i-have-here-the-dilemma-of-the-barca_181795_102.html\",\"url\":\"https:\\\/\\\/www.fcbarcelonanoticias.com\\\/en\\\/transfers\\\/azpilicueta-or-hector-bellerin-i-have-here-the-dilemma-of-the-barca_181795_102.html\",\"name\":\"C\u00e9sar Azpilicueta or H\u00e9ctor Beller\u00edn? I have here the dilemma of the Bar\u00e7a\",\"isPartOf\":{\"@id\":\"https:\\\/\\\/www.fcbarcelonanoticias.com\\\/en\\\/#website\"},\"primaryImageOfPage\":{\"@id\":\"https:\\\/\\\/www.fcbarcelonanoticias.com\\\/en\\\/transfers\\\/azpilicueta-or-hector-bellerin-i-have-here-the-dilemma-of-the-barca_181795_102.html#primaryimage\"},\"image\":{\"@id\":\"https:\\\/\\\/www.fcbarcelonanoticias.com\\\/en\\\/transfers\\\/azpilicueta-or-hector-bellerin-i-have-here-the-dilemma-of-the-barca_181795_102.html#primaryimage\"},\"thumbnailUrl\":\"https:\\\/\\\/www.fcbarcelonanoticias.com\\\/en\\\/wp-content\\\/uploads\\\/sites\\\/2\\\/2016\\\/06\\\/bellerinazpilicueta-184816-1.jpeg\",\"datePublished\":\"2016-06-24T16:07:00+00:00\",\"dateModified\":\"2026-04-16T07:48:05+00:00\",\"author\":{\"@id\":\"https:\\\/\\\/www.fcbarcelonanoticias.com\\\/en\\\/#\\\/schema\\\/person\\\/7999a230601f8707296c6a807afbf660\"},\"description\":\"The technical office of the FC Barcelona beats between the doubts to bet strong for bringing of turn to the canterano Hector Beller\u00edn from the Arsenal...\",\"breadcrumb\":{\"@id\":\"https:\\\/\\\/www.fcbarcelonanoticias.com\\\/en\\\/transfers\\\/azpilicueta-or-hector-bellerin-i-have-here-the-dilemma-of-the-barca_181795_102.html#breadcrumb\"},\"inLanguage\":\"en-US\",\"potentialAction\":[{\"@type\":\"ReadAction\",\"target\":[\"https:\\\/\\\/www.fcbarcelonanoticias.com\\\/en\\\/transfers\\\/azpilicueta-or-hector-bellerin-i-have-here-the-dilemma-of-the-barca_181795_102.html\"]}]},{\"@type\":\"ImageObject\",\"inLanguage\":\"en-US\",\"@id\":\"https:\\\/\\\/www.fcbarcelonanoticias.com\\\/en\\\/transfers\\\/azpilicueta-or-hector-bellerin-i-have-here-the-dilemma-of-the-barca_181795_102.html#primaryimage\",\"url\":\"https:\\\/\\\/www.fcbarcelonanoticias.com\\\/en\\\/wp-content\\\/uploads\\\/sites\\\/2\\\/2016\\\/06\\\/bellerinazpilicueta-184816-1.jpeg\",\"contentUrl\":\"https:\\\/\\\/www.fcbarcelonanoticias.com\\\/en\\\/wp-content\\\/uploads\\\/sites\\\/2\\\/2016\\\/06\\\/bellerinazpilicueta-184816-1.jpeg\",\"width\":1199,\"height\":674},{\"@type\":\"BreadcrumbList\",\"@id\":\"https:\\\/\\\/www.fcbarcelonanoticias.com\\\/en\\\/transfers\\\/azpilicueta-or-hector-bellerin-i-have-here-the-dilemma-of-the-barca_181795_102.html#breadcrumb\",\"itemListElement\":[{\"@type\":\"ListItem\",\"position\":1,\"name\":\"Portada\",\"item\":\"https:\\\/\\\/www.fcbarcelonanoticias.com\\\/en\\\/\"},{\"@type\":\"ListItem\",\"position\":2,\"name\":\"Azpilicueta Or H\u00e9ctor Beller\u00edn? I have here the dilemma of the Bar\u00e7a\"}]},{\"@type\":\"WebSite\",\"@id\":\"https:\\\/\\\/www.fcbarcelonanoticias.com\\\/en\\\/#website\",\"url\":\"https:\\\/\\\/www.fcbarcelonanoticias.com\\\/en\\\/\",\"name\":\"EN - FC Barcelona Noticias\",\"description\":\"\",\"potentialAction\":[{\"@type\":\"SearchAction\",\"target\":{\"@type\":\"EntryPoint\",\"urlTemplate\":\"https:\\\/\\\/www.fcbarcelonanoticias.com\\\/en\\\/?s={search_term_string}\"},\"query-input\":{\"@type\":\"PropertyValueSpecification\",\"valueRequired\":true,\"valueName\":\"search_term_string\"}}],\"inLanguage\":\"en-US\"},{\"@type\":\"Person\",\"@id\":\"https:\\\/\\\/www.fcbarcelonanoticias.com\\\/en\\\/#\\\/schema\\\/person\\\/7999a230601f8707296c6a807afbf660\",\"name\":\"user_4028\",\"image\":{\"@type\":\"ImageObject\",\"inLanguage\":\"en-US\",\"@id\":\"https:\\\/\\\/secure.gravatar.com\\\/avatar\\\/?s=96&d=mm&r=g\",\"url\":\"https:\\\/\\\/secure.gravatar.com\\\/avatar\\\/?s=96&d=mm&r=g\",\"contentUrl\":\"https:\\\/\\\/secure.gravatar.com\\\/avatar\\\/?s=96&d=mm&r=g\",\"caption\":\"user_4028\"},\"url\":\"https:\\\/\\\/www.fcbarcelonanoticias.com\\\/en\\\/user_4028.html\"}]}<\/script>\n<!-- \/ Yoast SEO plugin. -->","yoast_head_json":{"title":"C\u00e9sar Azpilicueta or H\u00e9ctor Beller\u00edn? I have here the dilemma of the Bar\u00e7a","description":"The technical office of the FC Barcelona beats between the doubts to bet strong for bringing of turn to the canterano Hector Beller\u00edn from the Arsenal...","robots":{"index":"index","follow":"follow","max-snippet":"max-snippet:-1","max-image-preview":"max-image-preview:large","max-video-preview":"max-video-preview:-1"},"canonical":"https:\/\/www.fcbarcelonanoticias.com\/en\/transfers\/azpilicueta-or-hector-bellerin-i-have-here-the-dilemma-of-the-barca_181795_102.html","og_locale":"en_US","og_type":"article","og_title":"C\u00e9sar Azpilicueta or H\u00e9ctor Beller\u00edn? I have here the dilemma of the Bar\u00e7a","og_description":"The technical office of the FC Barcelona beats between the doubts to bet strong for bringing of turn to the canterano Hector Beller\u00edn from the Arsenal...","og_url":"https:\/\/www.fcbarcelonanoticias.com\/en\/transfers\/azpilicueta-or-hector-bellerin-i-have-here-the-dilemma-of-the-barca_181795_102.html","og_site_name":"EN - FC Barcelona Noticias","article_published_time":"2016-06-24T16:07:00+00:00","article_modified_time":"2026-04-16T07:48:05+00:00","og_image":[{"width":1199,"height":674,"url":"https:\/\/www.fcbarcelonanoticias.com\/en\/wp-content\/uploads\/sites\/2\/2016\/06\/bellerinazpilicueta-184816-1.jpeg","type":"image\/jpeg"}],"author":"user_4028","twitter_card":"summary_large_image","twitter_misc":{"Written by":"user_4028","Est. reading time":"3 minutes"},"schema":{"@context":"https:\/\/schema.org","@graph":[{"@type":"Article","@id":"https:\/\/www.fcbarcelonanoticias.com\/en\/transfers\/azpilicueta-or-hector-bellerin-i-have-here-the-dilemma-of-the-barca_181795_102.html#article","isPartOf":{"@id":"https:\/\/www.fcbarcelonanoticias.com\/en\/transfers\/azpilicueta-or-hector-bellerin-i-have-here-the-dilemma-of-the-barca_181795_102.html"},"author":{"name":"user_4028","@id":"https:\/\/www.fcbarcelonanoticias.com\/en\/#\/schema\/person\/7999a230601f8707296c6a807afbf660"},"headline":"Azpilicueta Or H\u00e9ctor Beller\u00edn? I have here the dilemma of the Bar\u00e7a","datePublished":"2016-06-24T16:07:00+00:00","dateModified":"2026-04-16T07:48:05+00:00","mainEntityOfPage":{"@id":"https:\/\/www.fcbarcelonanoticias.com\/en\/transfers\/azpilicueta-or-hector-bellerin-i-have-here-the-dilemma-of-the-barca_181795_102.html"},"wordCount":570,"image":{"@id":"https:\/\/www.fcbarcelonanoticias.com\/en\/transfers\/azpilicueta-or-hector-bellerin-i-have-here-the-dilemma-of-the-barca_181795_102.html#primaryimage"},"thumbnailUrl":"https:\/\/www.fcbarcelonanoticias.com\/en\/wp-content\/uploads\/sites\/2\/2016\/06\/bellerinazpilicueta-184816-1.jpeg","keywords":["Atl\u00e9tico de Madrid","Aubameyang","Chelsea","Paris Saint-Germain"],"articleSection":["Transfers","Transfers"],"inLanguage":"en-US"},{"@type":"WebPage","@id":"https:\/\/www.fcbarcelonanoticias.com\/en\/transfers\/azpilicueta-or-hector-bellerin-i-have-here-the-dilemma-of-the-barca_181795_102.html","url":"https:\/\/www.fcbarcelonanoticias.com\/en\/transfers\/azpilicueta-or-hector-bellerin-i-have-here-the-dilemma-of-the-barca_181795_102.html","name":"C\u00e9sar Azpilicueta or H\u00e9ctor Beller\u00edn? I have here the dilemma of the Bar\u00e7a","isPartOf":{"@id":"https:\/\/www.fcbarcelonanoticias.com\/en\/#website"},"primaryImageOfPage":{"@id":"https:\/\/www.fcbarcelonanoticias.com\/en\/transfers\/azpilicueta-or-hector-bellerin-i-have-here-the-dilemma-of-the-barca_181795_102.html#primaryimage"},"image":{"@id":"https:\/\/www.fcbarcelonanoticias.com\/en\/transfers\/azpilicueta-or-hector-bellerin-i-have-here-the-dilemma-of-the-barca_181795_102.html#primaryimage"},"thumbnailUrl":"https:\/\/www.fcbarcelonanoticias.com\/en\/wp-content\/uploads\/sites\/2\/2016\/06\/bellerinazpilicueta-184816-1.jpeg","datePublished":"2016-06-24T16:07:00+00:00","dateModified":"2026-04-16T07:48:05+00:00","author":{"@id":"https:\/\/www.fcbarcelonanoticias.com\/en\/#\/schema\/person\/7999a230601f8707296c6a807afbf660"},"description":"The technical office of the FC Barcelona beats between the doubts to bet strong for bringing of turn to the canterano Hector Beller\u00edn from the Arsenal...","breadcrumb":{"@id":"https:\/\/www.fcbarcelonanoticias.com\/en\/transfers\/azpilicueta-or-hector-bellerin-i-have-here-the-dilemma-of-the-barca_181795_102.html#breadcrumb"},"inLanguage":"en-US","potentialAction":[{"@type":"ReadAction","target":["https:\/\/www.fcbarcelonanoticias.com\/en\/transfers\/azpilicueta-or-hector-bellerin-i-have-here-the-dilemma-of-the-barca_181795_102.html"]}]},{"@type":"ImageObject","inLanguage":"en-US","@id":"https:\/\/www.fcbarcelonanoticias.com\/en\/transfers\/azpilicueta-or-hector-bellerin-i-have-here-the-dilemma-of-the-barca_181795_102.html#primaryimage","url":"https:\/\/www.fcbarcelonanoticias.com\/en\/wp-content\/uploads\/sites\/2\/2016\/06\/bellerinazpilicueta-184816-1.jpeg","contentUrl":"https:\/\/www.fcbarcelonanoticias.com\/en\/wp-content\/uploads\/sites\/2\/2016\/06\/bellerinazpilicueta-184816-1.jpeg","width":1199,"height":674},{"@type":"BreadcrumbList","@id":"https:\/\/www.fcbarcelonanoticias.com\/en\/transfers\/azpilicueta-or-hector-bellerin-i-have-here-the-dilemma-of-the-barca_181795_102.html#breadcrumb","itemListElement":[{"@type":"ListItem","position":1,"name":"Portada","item":"https:\/\/www.fcbarcelonanoticias.com\/en\/"},{"@type":"ListItem","position":2,"name":"Azpilicueta Or H\u00e9ctor Beller\u00edn? I have here the dilemma of the Bar\u00e7a"}]},{"@type":"WebSite","@id":"https:\/\/www.fcbarcelonanoticias.com\/en\/#website","url":"https:\/\/www.fcbarcelonanoticias.com\/en\/","name":"EN - FC Barcelona Noticias","description":"","potentialAction":[{"@type":"SearchAction","target":{"@type":"EntryPoint","urlTemplate":"https:\/\/www.fcbarcelonanoticias.com\/en\/?s={search_term_string}"},"query-input":{"@type":"PropertyValueSpecification","valueRequired":true,"valueName":"search_term_string"}}],"inLanguage":"en-US"},{"@type":"Person","@id":"https:\/\/www.fcbarcelonanoticias.com\/en\/#\/schema\/person\/7999a230601f8707296c6a807afbf660","name":"user_4028","image":{"@type":"ImageObject","inLanguage":"en-US","@id":"https:\/\/secure.gravatar.com\/avatar\/?s=96&d=mm&r=g","url":"https:\/\/secure.gravatar.com\/avatar\/?s=96&d=mm&r=g","contentUrl":"https:\/\/secure.gravatar.com\/avatar\/?s=96&d=mm&r=g","caption":"user_4028"},"url":"https:\/\/www.fcbarcelonanoticias.com\/en\/user_4028.html"}]}},"_links":{"self":[{"href":"https:\/\/www.fcbarcelonanoticias.com\/en\/wp-json\/wp\/v2\/posts\/90907","targetHints":{"allow":["GET"]}}],"collection":[{"href":"https:\/\/www.fcbarcelonanoticias.com\/en\/wp-json\/wp\/v2\/posts"}],"about":[{"href":"https:\/\/www.fcbarcelonanoticias.com\/en\/wp-json\/wp\/v2\/types\/post"}],"author":[{"embeddable":true,"href":"https:\/\/www.fcbarcelonanoticias.com\/en\/wp-json\/wp\/v2\/users\/372"}],"replies":[{"embeddable":true,"href":"https:\/\/www.fcbarcelonanoticias.com\/en\/wp-json\/wp\/v2\/comments?post=90907"}],"version-history":[{"count":5,"href":"https:\/\/www.fcbarcelonanoticias.com\/en\/wp-json\/wp\/v2\/posts\/90907\/revisions"}],"predecessor-version":[{"id":180385,"href":"https:\/\/www.fcbarcelonanoticias.com\/en\/wp-json\/wp\/v2\/posts\/90907\/revisions\/180385"}],"wp:featuredmedia":[{"embeddable":true,"href":"https:\/\/www.fcbarcelonanoticias.com\/en\/wp-json\/wp\/v2\/media\/90912"}],"wp:attachment":[{"href":"https:\/\/www.fcbarcelonanoticias.com\/en\/wp-json\/wp\/v2\/media?parent=90907"}],"wp:term":[{"taxonomy":"category","embeddable":true,"href":"https:\/\/www.fcbarcelonanoticias.com\/en\/wp-json\/wp\/v2\/categories?post=90907"},{"taxonomy":"post_tag","embeddable":true,"href":"https:\/\/www.fcbarcelonanoticias.com\/en\/wp-json\/wp\/v2\/tags?post=90907"}],"curies":[{"name":"wp","href":"https:\/\/api.w.org\/{rel}","templated":true}]}}