{"id":90920,"date":"2025-07-29T00:14:00","date_gmt":"2025-07-28T22:14:00","guid":{"rendered":"https:\/\/weisetech.dev\/fc-barcelona-noticias\/en\/aubameyang-seeks-to-return-to-the-elite-with-fc-barcelona_313769_102\/"},"modified":"2026-04-16T09:35:07","modified_gmt":"2026-04-16T07:35:07","slug":"aubameyang-seeks-to-return-to-the-elite-with-fc-barcelona_313769_102","status":"publish","type":"post","link":"https:\/\/www.fcbarcelonanoticias.com\/en\/transfers\/aubameyang-seeks-to-return-to-the-elite-with-fc-barcelona_313769_102.html","title":{"rendered":"Pierre-Emerick Aubameyang seeks to return to the elite, with Bar\u00e7a?"},"content":{"rendered":"<h2 class=\"wp-block-heading\">Aubameyang has terminated his contract with Al-Qadsiah and dreams of returning to Europe after a year in Saudi Arabia where he scored 21 goals<\/h2>  \r\n<div class=\"article-addons\">\r\n    <a href=\"https:\/\/www.fcbarcelonanoticias.com\/en\/calendar-fc-barcelona.html\"\r\n       target=\"_self\"\r\n       title=\"Calendar of FC Barcelona\"\r\n       class=\"blue-gredient-btn\">\r\n       \r\n        Calendar of FC Barcelona    <\/a>\r\n<\/div>   <p>An old acquaintance of FC Barcelona dreams again of returning to the European elite at the age of 36. This is <strong>Pierre-Emerick Aubameyang, who recently terminated his contract with the Saudi club Al-Qadsiah<\/strong> to try to get a contract as a free agent in a &#8216;top&#8217; league.<\/p>  <p><a data-external=\"0\" data-intl-links-en=\"https:\/\/www.fcbarcelonanoticias.com\/en\/transfers\/official-aubameyang-leaves-the-marseilles-and-confirms-his-change-of-course_305573_102.html\" data-intl-links-es=\"https:\/\/www.fcbarcelonanoticias.com\/fichajes\/oficial-aubameyang-deja-marsella-confirma-su-cambio-rumbo_305573_102.html\" href=\"https:\/\/www.fcbarcelonanoticias.com\/en\/transfers\/official-aubameyang-leaves-the-marseilles-and-confirms-his-change-of-course_305573_102.html\" rel=\"follow\" target=\"_self\" title=\"OFFICIAL: Aubameyang leaves Marseille and confirms his change of course\">&#8216;Auba&#8217; left Marseille last summer<\/a> to go to the team managed by M\u00edchel. There, <strong>he scored 21 goals and provided 3 assists in 36 matches,<\/strong> but decided to leave despite having one more year of contract. The Gabonese earned around 20 million euros net during his time in Arabia and, now, he is willing to minimize his income in order to return to one of the five major leagues.<\/p>  <p>In that sense, the latest information points to the desire of the experienced striker to knock on the door of one of his former teams. <strong>Perhaps Bar\u00e7a or Marseille itself<\/strong>, with the latter being a much more viable alternative.<\/p>  <h2>Would Aubameyang have a place in Flick&#8217;s Bar\u00e7a?<\/h2>  <p>In France, <strong>Aubameyang scored 31 goals and provided 11 assists in 51 official matches with Olympique<\/strong>. In addition, he left money in the bank, just as he did during his time with the Blaugrana team.<\/p>  <p>Pierre-Emerick arrived at Camp Nou in the winter of 2022, after terminating his contract with Arsenal, and was the team&#8217;s top scorer in his only semester as a &#8216;cul\u00e9&#8217;. <a data-external=\"0\" data-intl-links-en=\"https:\/\/www.fcbarcelonanoticias.com\/en\/international-football\/aubameyang-clears-if-it-saves-him-grudge-to-the-barca-and-wet-with-the-possible-signing-of-klopp_300639_102.html\" data-intl-links-es=\"https:\/\/www.fcbarcelonanoticias.com\/futbol-internacional\/aubameyang-aclara-si-guarda-rencor-barca-se-moja-con-posible-fichaje-klopp_300639_102.html\" href=\"https:\/\/www.fcbarcelonanoticias.com\/en\/international-football\/aubameyang-clears-if-it-saves-him-grudge-to-the-barca-and-wet-with-the-possible-signing-of-klopp_300639_102.html\" rel=\"follow\" target=\"_self\" title=\"Aubameyang clarifies if he holds a grudge against Bar\u00e7a and 'gets wet' with the possible signing of Klopp\">The Gabonese scored 13 goals in 24 matches<\/a> in which he also provided an assist.<\/p>  <p>Although Xavi Hern\u00e1ndez counted on him for the 22\/23 season, he finally left that summer to Chelsea, <strong>leaving 12 &#8216;kilos&#8217; in the coffers of a Bar\u00e7a in need of income<\/strong> to balance the books after a market where Robert Lewandowski, Raphinha and Jules Kound\u00e9 arrived.<\/p>  <div class=\"cke-element cke-element--102\"><section class=\"c-related-article\"><figure class=\"c-image__fig\"><a href=\"https:\/\/www.fcbarcelonanoticias.com\/fichajes\/motivos-obligaron-barca-desprenderse-letal-aubameyang_301517_102.html\" title=\"Aubameyang con la camiseta de Marsella\" class=\"c-image__imglink\"><picture><img decoding=\"async\" src=\"https:\/\/www.fcbarcelonanoticias.com\/wp-content\/uploads\/sites\/2\/2025\/07\/fcbn-aed299b759893540770e987a9014a63b.jpeg\" alt=\"Aubameyang con la camiseta de Marsella\" title=\"Aubameyang con la camiseta de Marsella\" class=\"c-image__img\" width=\"1300\" height=\"731\" loading=\"lazy\"><\/picture><\/a>     <\/figure><div class=\"c-related-article__wrapper\">         <p class=\"c-related-article__avantitle\">Related<\/p>         <h4 class=\"c-related-article__title\">             <a href=\"https:\/\/www.fcbarcelonanoticias.com\/fichajes\/motivos-obligaron-barca-desprenderse-letal-aubameyang_301517_102.html\" title=\"The reasons that 'forced' Bar\u00e7a to get rid of the lethal Aubameyang\" class=\"c-related-article__link\">                 The reasons that &#8216;forced&#8217; Bar\u00e7a to get rid of the lethal Aubameyang             <\/a>         <\/h4>     <\/div> <\/section><\/div>  <p>This year, the Blaugrana scenario with &#8216;Fair Play&#8217; is still complex, but the club&#8217;s sporting situation is much more positive. Hansi Flick&#8217;s team is coming off an almost perfect season and, with <a data-external=\"0\" data-intl-links-en=\"https:\/\/www.fcbarcelonanoticias.com\/en\/transfers\/official-marcus-rashford-new-fc-barcelona-player_313682_102.html\" data-intl-links-es=\"https:\/\/www.fcbarcelonanoticias.com\/fichajes\/oficial-marcus-rashford-nuevo-jugador-fc-barcelona_313682_102.html\" href=\"https:\/\/www.fcbarcelonanoticias.com\/en\/transfers\/official-marcus-rashford-new-fc-barcelona-player_313682_102.html\" rel=\"follow\" target=\"_self\" title=\"OFFICIAL: Marcus Rashford, new FC Barcelona player\">the signing of Marcus Rashford<\/a>, the forward line seems closed for the 25726 season.<\/p>  <p>Although he is a goalscorer of a thousand battles, &#8216;Auba&#8217; clearly would not have a place in the current &#8216;cul\u00e9&#8217; squad. For the moment, Rashford, along with <a data-external=\"0\" data-intl-links-en=\"https:\/\/www.fcbarcelonanoticias.com\/en\/transfers\/barca-wants-to-renew-ferran-torres-but-postpones-it-why_313539_102.html\" data-intl-links-es=\"https:\/\/www.fcbarcelonanoticias.com\/fichajes\/barcelona-renovacion-ferran-torres-aplazada-motivo_313539_102.html\" href=\"https:\/\/www.fcbarcelonanoticias.com\/en\/transfers\/barca-wants-to-renew-ferran-torres-but-postpones-it-why_313539_102.html\" rel=\"follow\" target=\"_self\" title=\"Bar\u00e7a wants to renew Ferran Torres, but postpones it: why?\">Ferran Torres<\/a> and <a data-external=\"0\" data-intl-links-en=\"https:\/\/www.fcbarcelonanoticias.com\/en\/football\/preseason\/roony-bardghji-shines-on-his-debut-with-barca-fcbn_313747_102.html\" data-intl-links-es=\"https:\/\/www.fcbarcelonanoticias.com\/futbol\/pretemporada\/roony-bardghji-brilla-su-debut-con-barcelona-descubre-primer-gol_313747_102.html\" href=\"https:\/\/www.fcbarcelonanoticias.com\/en\/football\/preseason\/roony-bardghji-shines-on-his-debut-with-barca-fcbn_313747_102.html\" rel=\"follow\" target=\"_self\" title=\"Roony Bardghji shines on his debut with Bar\u00e7a! Discover his first goal\">Roony Bardghji<\/a>, are the alternative trident of a team that was already able to score 173 goals the previous year.<\/p>  <h2>Marseille, ready to recover Pierre-Emerick Aubameyang<\/h2>  <p>On the contrary, <strong>Marseille would be delighted to recover the player from Laval<\/strong>. Roberto De Zerbi&#8217;s team were runners-up in Ligue 1 and hope to be up to the task in the 25\/26 season to advance, at least, to the round of 16 in the UEFA Champions League.<\/p>  <p>Beyond the age factor, <strong>Aubameyang still proves to have enough quality and energy to be a valuable revulsive<\/strong> in a team like the French one, which last season was the second highest scoring team in its league with 74, but far from the records reached by Paris Saint-Germain (92 goals in favor, with 19 points more).<\/p>  <p>Will the African striker be able to return to Europe? <strong>For the moment, he has 344 goals spread across the nine clubs<\/strong> with which he had the opportunity to play, with Borussia Dortmund (141 goals) being where he showed his best version, followed by Arsenal (92), where he even became captain.<\/p> ","protected":false},"excerpt":{"rendered":"<p>Aubameyang has terminated his contract with Al-Qadsiah and dreams of returning to Europe after a year in Saudi Arabia where he scored 21 goals An old acquaintance of FC Barcelona dreams again of returning to the European elite at the age of 36. This is Pierre-Emerick Aubameyang, who recently terminated his contract with the Saudi [&hellip;]<\/p>\n","protected":false},"author":347,"featured_media":90930,"comment_status":"closed","ping_status":"open","sticky":false,"template":"","format":"standard","meta":{"_acf_changed":false,"inline_featured_image":false,"_nextfly_llmd_date_locked":false,"footnotes":""},"categories":[106,449],"tags":[230,261],"class_list":["post-90920","post","type-post","status-publish","format-standard","has-post-thumbnail","hentry","category-transfers","category-transfers-2","tag-aubameyang","tag-football-transfer-rumors"],"acf":[],"yoast_head":"<!-- This site is optimized with the Yoast SEO plugin v27.3 - https:\/\/yoast.com\/product\/yoast-seo-wordpress\/ -->\n<title>Aubameyang seeks to return to the elite, with Bar\u00e7a?<\/title>\n<meta name=\"description\" content=\"Aubameyang has terminated his contract with Al-Qadsiah and dreams of returning to Europe after a year in Arabia where he scored 21 goals\" \/>\n<meta name=\"robots\" content=\"index, follow, max-snippet:-1, max-image-preview:large, max-video-preview:-1\" \/>\n<link rel=\"canonical\" href=\"https:\/\/www.fcbarcelonanoticias.com\/en\/transfers\/aubameyang-seeks-to-return-to-the-elite-with-fc-barcelona_313769_102.html\" \/>\n<meta property=\"og:locale\" content=\"en_US\" \/>\n<meta property=\"og:type\" content=\"article\" \/>\n<meta property=\"og:title\" content=\"Aubameyang seeks to return to the elite, with Bar\u00e7a?\" \/>\n<meta property=\"og:description\" content=\"Aubameyang has terminated his contract with Al-Qadsiah and dreams of returning to Europe after a year in Arabia where he scored 21 goals\" \/>\n<meta property=\"og:url\" content=\"https:\/\/www.fcbarcelonanoticias.com\/en\/transfers\/aubameyang-seeks-to-return-to-the-elite-with-fc-barcelona_313769_102.html\" \/>\n<meta property=\"og:site_name\" content=\"EN - FC Barcelona Noticias\" \/>\n<meta property=\"article:published_time\" content=\"2025-07-28T22:14:00+00:00\" \/>\n<meta property=\"article:modified_time\" content=\"2026-04-16T07:35:07+00:00\" \/>\n<meta property=\"og:image\" content=\"https:\/\/www.fcbarcelonanoticias.com\/en\/wp-content\/uploads\/sites\/2\/2025\/07\/aubameyang-arabia-2025-1.webp\" \/>\n\t<meta property=\"og:image:width\" content=\"1200\" \/>\n\t<meta property=\"og:image:height\" content=\"675\" \/>\n\t<meta property=\"og:image:type\" content=\"image\/webp\" \/>\n<meta name=\"author\" content=\"Andr\u00e9s Quiroz\" \/>\n<meta name=\"twitter:card\" content=\"summary_large_image\" \/>\n<meta name=\"twitter:label1\" content=\"Written by\" \/>\n\t<meta name=\"twitter:data1\" content=\"Andr\u00e9s Quiroz\" \/>\n\t<meta name=\"twitter:label2\" content=\"Est. reading time\" \/>\n\t<meta name=\"twitter:data2\" content=\"3 minutes\" \/>\n<script type=\"application\/ld+json\" class=\"yoast-schema-graph\">{\"@context\":\"https:\\\/\\\/schema.org\",\"@graph\":[{\"@type\":\"Article\",\"@id\":\"https:\\\/\\\/www.fcbarcelonanoticias.com\\\/en\\\/transfers\\\/aubameyang-seeks-to-return-to-the-elite-with-fc-barcelona_313769_102.html#article\",\"isPartOf\":{\"@id\":\"https:\\\/\\\/www.fcbarcelonanoticias.com\\\/en\\\/transfers\\\/aubameyang-seeks-to-return-to-the-elite-with-fc-barcelona_313769_102.html\"},\"author\":{\"name\":\"Andr\u00e9s Quiroz\",\"@id\":\"https:\\\/\\\/www.fcbarcelonanoticias.com\\\/en\\\/#\\\/schema\\\/person\\\/c2cd9f6fa1af5c0d0eccd0fefa575c88\"},\"headline\":\"Pierre-Emerick Aubameyang seeks to return to the elite, with Bar\u00e7a?\",\"datePublished\":\"2025-07-28T22:14:00+00:00\",\"dateModified\":\"2026-04-16T07:35:07+00:00\",\"mainEntityOfPage\":{\"@id\":\"https:\\\/\\\/www.fcbarcelonanoticias.com\\\/en\\\/transfers\\\/aubameyang-seeks-to-return-to-the-elite-with-fc-barcelona_313769_102.html\"},\"wordCount\":578,\"image\":{\"@id\":\"https:\\\/\\\/www.fcbarcelonanoticias.com\\\/en\\\/transfers\\\/aubameyang-seeks-to-return-to-the-elite-with-fc-barcelona_313769_102.html#primaryimage\"},\"thumbnailUrl\":\"https:\\\/\\\/www.fcbarcelonanoticias.com\\\/en\\\/wp-content\\\/uploads\\\/sites\\\/2\\\/2025\\\/07\\\/aubameyang-arabia-2025-1.webp\",\"keywords\":[\"Aubameyang\",\"Transfer Rumors\"],\"articleSection\":[\"Transfers\",\"Transfers\"],\"inLanguage\":\"en-US\"},{\"@type\":\"WebPage\",\"@id\":\"https:\\\/\\\/www.fcbarcelonanoticias.com\\\/en\\\/transfers\\\/aubameyang-seeks-to-return-to-the-elite-with-fc-barcelona_313769_102.html\",\"url\":\"https:\\\/\\\/www.fcbarcelonanoticias.com\\\/en\\\/transfers\\\/aubameyang-seeks-to-return-to-the-elite-with-fc-barcelona_313769_102.html\",\"name\":\"Aubameyang seeks to return to the elite, with Bar\u00e7a?\",\"isPartOf\":{\"@id\":\"https:\\\/\\\/www.fcbarcelonanoticias.com\\\/en\\\/#website\"},\"primaryImageOfPage\":{\"@id\":\"https:\\\/\\\/www.fcbarcelonanoticias.com\\\/en\\\/transfers\\\/aubameyang-seeks-to-return-to-the-elite-with-fc-barcelona_313769_102.html#primaryimage\"},\"image\":{\"@id\":\"https:\\\/\\\/www.fcbarcelonanoticias.com\\\/en\\\/transfers\\\/aubameyang-seeks-to-return-to-the-elite-with-fc-barcelona_313769_102.html#primaryimage\"},\"thumbnailUrl\":\"https:\\\/\\\/www.fcbarcelonanoticias.com\\\/en\\\/wp-content\\\/uploads\\\/sites\\\/2\\\/2025\\\/07\\\/aubameyang-arabia-2025-1.webp\",\"datePublished\":\"2025-07-28T22:14:00+00:00\",\"dateModified\":\"2026-04-16T07:35:07+00:00\",\"author\":{\"@id\":\"https:\\\/\\\/www.fcbarcelonanoticias.com\\\/en\\\/#\\\/schema\\\/person\\\/c2cd9f6fa1af5c0d0eccd0fefa575c88\"},\"description\":\"Aubameyang has terminated his contract with Al-Qadsiah and dreams of returning to Europe after a year in Arabia where he scored 21 goals\",\"breadcrumb\":{\"@id\":\"https:\\\/\\\/www.fcbarcelonanoticias.com\\\/en\\\/transfers\\\/aubameyang-seeks-to-return-to-the-elite-with-fc-barcelona_313769_102.html#breadcrumb\"},\"inLanguage\":\"en-US\",\"potentialAction\":[{\"@type\":\"ReadAction\",\"target\":[\"https:\\\/\\\/www.fcbarcelonanoticias.com\\\/en\\\/transfers\\\/aubameyang-seeks-to-return-to-the-elite-with-fc-barcelona_313769_102.html\"]}]},{\"@type\":\"ImageObject\",\"inLanguage\":\"en-US\",\"@id\":\"https:\\\/\\\/www.fcbarcelonanoticias.com\\\/en\\\/transfers\\\/aubameyang-seeks-to-return-to-the-elite-with-fc-barcelona_313769_102.html#primaryimage\",\"url\":\"https:\\\/\\\/www.fcbarcelonanoticias.com\\\/en\\\/wp-content\\\/uploads\\\/sites\\\/2\\\/2025\\\/07\\\/aubameyang-arabia-2025-1.webp\",\"contentUrl\":\"https:\\\/\\\/www.fcbarcelonanoticias.com\\\/en\\\/wp-content\\\/uploads\\\/sites\\\/2\\\/2025\\\/07\\\/aubameyang-arabia-2025-1.webp\",\"width\":1200,\"height\":675},{\"@type\":\"BreadcrumbList\",\"@id\":\"https:\\\/\\\/www.fcbarcelonanoticias.com\\\/en\\\/transfers\\\/aubameyang-seeks-to-return-to-the-elite-with-fc-barcelona_313769_102.html#breadcrumb\",\"itemListElement\":[{\"@type\":\"ListItem\",\"position\":1,\"name\":\"Portada\",\"item\":\"https:\\\/\\\/www.fcbarcelonanoticias.com\\\/en\\\/\"},{\"@type\":\"ListItem\",\"position\":2,\"name\":\"Pierre-Emerick Aubameyang seeks to return to the elite, with Bar\u00e7a?\"}]},{\"@type\":\"WebSite\",\"@id\":\"https:\\\/\\\/www.fcbarcelonanoticias.com\\\/en\\\/#website\",\"url\":\"https:\\\/\\\/www.fcbarcelonanoticias.com\\\/en\\\/\",\"name\":\"EN - FC Barcelona Noticias\",\"description\":\"\",\"potentialAction\":[{\"@type\":\"SearchAction\",\"target\":{\"@type\":\"EntryPoint\",\"urlTemplate\":\"https:\\\/\\\/www.fcbarcelonanoticias.com\\\/en\\\/?s={search_term_string}\"},\"query-input\":{\"@type\":\"PropertyValueSpecification\",\"valueRequired\":true,\"valueName\":\"search_term_string\"}}],\"inLanguage\":\"en-US\"},{\"@type\":\"Person\",\"@id\":\"https:\\\/\\\/www.fcbarcelonanoticias.com\\\/en\\\/#\\\/schema\\\/person\\\/c2cd9f6fa1af5c0d0eccd0fefa575c88\",\"name\":\"Andr\u00e9s Quiroz\",\"image\":{\"@type\":\"ImageObject\",\"inLanguage\":\"en-US\",\"@id\":\"https:\\\/\\\/secure.gravatar.com\\\/avatar\\\/?s=96&d=mm&r=g\",\"url\":\"https:\\\/\\\/secure.gravatar.com\\\/avatar\\\/?s=96&d=mm&r=g\",\"contentUrl\":\"https:\\\/\\\/secure.gravatar.com\\\/avatar\\\/?s=96&d=mm&r=g\",\"caption\":\"Andr\u00e9s Quiroz\"},\"description\":\"Licenciado en Periodismo por la Universidad de los Andes. Me encargo de analizar y compartir los contenidos m\u00e1s destacados de la\u00a0actualidad del F\u00fatbol Club Barcelona, Mercado de Fichajes y F\u00fatbol Internacional en FCBN. La informaci\u00f3n es poder, pero tambi\u00e9n conocimiento.\",\"url\":\"https:\\\/\\\/www.fcbarcelonanoticias.com\\\/en\\\/fc-barcelona\\\/andres-quiroz_17_115.html\"}]}<\/script>\n<!-- \/ Yoast SEO plugin. -->","yoast_head_json":{"title":"Aubameyang seeks to return to the elite, with Bar\u00e7a?","description":"Aubameyang has terminated his contract with Al-Qadsiah and dreams of returning to Europe after a year in Arabia where he scored 21 goals","robots":{"index":"index","follow":"follow","max-snippet":"max-snippet:-1","max-image-preview":"max-image-preview:large","max-video-preview":"max-video-preview:-1"},"canonical":"https:\/\/www.fcbarcelonanoticias.com\/en\/transfers\/aubameyang-seeks-to-return-to-the-elite-with-fc-barcelona_313769_102.html","og_locale":"en_US","og_type":"article","og_title":"Aubameyang seeks to return to the elite, with Bar\u00e7a?","og_description":"Aubameyang has terminated his contract with Al-Qadsiah and dreams of returning to Europe after a year in Arabia where he scored 21 goals","og_url":"https:\/\/www.fcbarcelonanoticias.com\/en\/transfers\/aubameyang-seeks-to-return-to-the-elite-with-fc-barcelona_313769_102.html","og_site_name":"EN - FC Barcelona Noticias","article_published_time":"2025-07-28T22:14:00+00:00","article_modified_time":"2026-04-16T07:35:07+00:00","og_image":[{"width":1200,"height":675,"url":"https:\/\/www.fcbarcelonanoticias.com\/en\/wp-content\/uploads\/sites\/2\/2025\/07\/aubameyang-arabia-2025-1.webp","type":"image\/webp"}],"author":"Andr\u00e9s Quiroz","twitter_card":"summary_large_image","twitter_misc":{"Written by":"Andr\u00e9s Quiroz","Est. reading time":"3 minutes"},"schema":{"@context":"https:\/\/schema.org","@graph":[{"@type":"Article","@id":"https:\/\/www.fcbarcelonanoticias.com\/en\/transfers\/aubameyang-seeks-to-return-to-the-elite-with-fc-barcelona_313769_102.html#article","isPartOf":{"@id":"https:\/\/www.fcbarcelonanoticias.com\/en\/transfers\/aubameyang-seeks-to-return-to-the-elite-with-fc-barcelona_313769_102.html"},"author":{"name":"Andr\u00e9s Quiroz","@id":"https:\/\/www.fcbarcelonanoticias.com\/en\/#\/schema\/person\/c2cd9f6fa1af5c0d0eccd0fefa575c88"},"headline":"Pierre-Emerick Aubameyang seeks to return to the elite, with Bar\u00e7a?","datePublished":"2025-07-28T22:14:00+00:00","dateModified":"2026-04-16T07:35:07+00:00","mainEntityOfPage":{"@id":"https:\/\/www.fcbarcelonanoticias.com\/en\/transfers\/aubameyang-seeks-to-return-to-the-elite-with-fc-barcelona_313769_102.html"},"wordCount":578,"image":{"@id":"https:\/\/www.fcbarcelonanoticias.com\/en\/transfers\/aubameyang-seeks-to-return-to-the-elite-with-fc-barcelona_313769_102.html#primaryimage"},"thumbnailUrl":"https:\/\/www.fcbarcelonanoticias.com\/en\/wp-content\/uploads\/sites\/2\/2025\/07\/aubameyang-arabia-2025-1.webp","keywords":["Aubameyang","Transfer Rumors"],"articleSection":["Transfers","Transfers"],"inLanguage":"en-US"},{"@type":"WebPage","@id":"https:\/\/www.fcbarcelonanoticias.com\/en\/transfers\/aubameyang-seeks-to-return-to-the-elite-with-fc-barcelona_313769_102.html","url":"https:\/\/www.fcbarcelonanoticias.com\/en\/transfers\/aubameyang-seeks-to-return-to-the-elite-with-fc-barcelona_313769_102.html","name":"Aubameyang seeks to return to the elite, with Bar\u00e7a?","isPartOf":{"@id":"https:\/\/www.fcbarcelonanoticias.com\/en\/#website"},"primaryImageOfPage":{"@id":"https:\/\/www.fcbarcelonanoticias.com\/en\/transfers\/aubameyang-seeks-to-return-to-the-elite-with-fc-barcelona_313769_102.html#primaryimage"},"image":{"@id":"https:\/\/www.fcbarcelonanoticias.com\/en\/transfers\/aubameyang-seeks-to-return-to-the-elite-with-fc-barcelona_313769_102.html#primaryimage"},"thumbnailUrl":"https:\/\/www.fcbarcelonanoticias.com\/en\/wp-content\/uploads\/sites\/2\/2025\/07\/aubameyang-arabia-2025-1.webp","datePublished":"2025-07-28T22:14:00+00:00","dateModified":"2026-04-16T07:35:07+00:00","author":{"@id":"https:\/\/www.fcbarcelonanoticias.com\/en\/#\/schema\/person\/c2cd9f6fa1af5c0d0eccd0fefa575c88"},"description":"Aubameyang has terminated his contract with Al-Qadsiah and dreams of returning to Europe after a year in Arabia where he scored 21 goals","breadcrumb":{"@id":"https:\/\/www.fcbarcelonanoticias.com\/en\/transfers\/aubameyang-seeks-to-return-to-the-elite-with-fc-barcelona_313769_102.html#breadcrumb"},"inLanguage":"en-US","potentialAction":[{"@type":"ReadAction","target":["https:\/\/www.fcbarcelonanoticias.com\/en\/transfers\/aubameyang-seeks-to-return-to-the-elite-with-fc-barcelona_313769_102.html"]}]},{"@type":"ImageObject","inLanguage":"en-US","@id":"https:\/\/www.fcbarcelonanoticias.com\/en\/transfers\/aubameyang-seeks-to-return-to-the-elite-with-fc-barcelona_313769_102.html#primaryimage","url":"https:\/\/www.fcbarcelonanoticias.com\/en\/wp-content\/uploads\/sites\/2\/2025\/07\/aubameyang-arabia-2025-1.webp","contentUrl":"https:\/\/www.fcbarcelonanoticias.com\/en\/wp-content\/uploads\/sites\/2\/2025\/07\/aubameyang-arabia-2025-1.webp","width":1200,"height":675},{"@type":"BreadcrumbList","@id":"https:\/\/www.fcbarcelonanoticias.com\/en\/transfers\/aubameyang-seeks-to-return-to-the-elite-with-fc-barcelona_313769_102.html#breadcrumb","itemListElement":[{"@type":"ListItem","position":1,"name":"Portada","item":"https:\/\/www.fcbarcelonanoticias.com\/en\/"},{"@type":"ListItem","position":2,"name":"Pierre-Emerick Aubameyang seeks to return to the elite, with Bar\u00e7a?"}]},{"@type":"WebSite","@id":"https:\/\/www.fcbarcelonanoticias.com\/en\/#website","url":"https:\/\/www.fcbarcelonanoticias.com\/en\/","name":"EN - FC Barcelona Noticias","description":"","potentialAction":[{"@type":"SearchAction","target":{"@type":"EntryPoint","urlTemplate":"https:\/\/www.fcbarcelonanoticias.com\/en\/?s={search_term_string}"},"query-input":{"@type":"PropertyValueSpecification","valueRequired":true,"valueName":"search_term_string"}}],"inLanguage":"en-US"},{"@type":"Person","@id":"https:\/\/www.fcbarcelonanoticias.com\/en\/#\/schema\/person\/c2cd9f6fa1af5c0d0eccd0fefa575c88","name":"Andr\u00e9s Quiroz","image":{"@type":"ImageObject","inLanguage":"en-US","@id":"https:\/\/secure.gravatar.com\/avatar\/?s=96&d=mm&r=g","url":"https:\/\/secure.gravatar.com\/avatar\/?s=96&d=mm&r=g","contentUrl":"https:\/\/secure.gravatar.com\/avatar\/?s=96&d=mm&r=g","caption":"Andr\u00e9s Quiroz"},"description":"Licenciado en Periodismo por la Universidad de los Andes. Me encargo de analizar y compartir los contenidos m\u00e1s destacados de la\u00a0actualidad del F\u00fatbol Club Barcelona, Mercado de Fichajes y F\u00fatbol Internacional en FCBN. La informaci\u00f3n es poder, pero tambi\u00e9n conocimiento.","url":"https:\/\/www.fcbarcelonanoticias.com\/en\/fc-barcelona\/andres-quiroz_17_115.html"}]}},"_links":{"self":[{"href":"https:\/\/www.fcbarcelonanoticias.com\/en\/wp-json\/wp\/v2\/posts\/90920","targetHints":{"allow":["GET"]}}],"collection":[{"href":"https:\/\/www.fcbarcelonanoticias.com\/en\/wp-json\/wp\/v2\/posts"}],"about":[{"href":"https:\/\/www.fcbarcelonanoticias.com\/en\/wp-json\/wp\/v2\/types\/post"}],"author":[{"embeddable":true,"href":"https:\/\/www.fcbarcelonanoticias.com\/en\/wp-json\/wp\/v2\/users\/347"}],"replies":[{"embeddable":true,"href":"https:\/\/www.fcbarcelonanoticias.com\/en\/wp-json\/wp\/v2\/comments?post=90920"}],"version-history":[{"count":3,"href":"https:\/\/www.fcbarcelonanoticias.com\/en\/wp-json\/wp\/v2\/posts\/90920\/revisions"}],"predecessor-version":[{"id":176965,"href":"https:\/\/www.fcbarcelonanoticias.com\/en\/wp-json\/wp\/v2\/posts\/90920\/revisions\/176965"}],"wp:featuredmedia":[{"embeddable":true,"href":"https:\/\/www.fcbarcelonanoticias.com\/en\/wp-json\/wp\/v2\/media\/90930"}],"wp:attachment":[{"href":"https:\/\/www.fcbarcelonanoticias.com\/en\/wp-json\/wp\/v2\/media?parent=90920"}],"wp:term":[{"taxonomy":"category","embeddable":true,"href":"https:\/\/www.fcbarcelonanoticias.com\/en\/wp-json\/wp\/v2\/categories?post=90920"},{"taxonomy":"post_tag","embeddable":true,"href":"https:\/\/www.fcbarcelonanoticias.com\/en\/wp-json\/wp\/v2\/tags?post=90920"}],"curies":[{"name":"wp","href":"https:\/\/api.w.org\/{rel}","templated":true}]}}