{"id":90943,"date":"2023-03-20T22:07:00","date_gmt":"2023-03-20T21:07:00","guid":{"rendered":"https:\/\/weisetech.dev\/fc-barcelona-noticias\/en\/aubameyang-press-convince-barcelona-bring-him-back_290723_102\/"},"modified":"2023-03-20T22:07:00","modified_gmt":"2023-03-20T21:07:00","slug":"aubameyang-press-convince-barcelona-bring-him-back_290723_102","status":"publish","type":"post","link":"https:\/\/www.fcbarcelonanoticias.com\/en\/transfers\/aubameyang-press-convince-barcelona-bring-him-back_290723_102.html","title":{"rendered":"Aubameyang will push to convince Bar\u00e7a to bring him back"},"content":{"rendered":"<h2 class=\"wp-block-heading\">These are not easy times for Pierre-Emerick Aubameyang at Chelsea. He has been ostracized since the arrival of Graham Potter and, in the midst of the chaos, has sent a &#8216;wink&#8217; to his former team, FC Barcelona<\/h2>  \r\n<div class=\"article-addons\">\r\n    <a href=\"https:\/\/www.fcbarcelonanoticias.com\/en\/calendar-fc-barcelona.html\"\r\n       target=\"_self\"\r\n       title=\"Calendar of FC Barcelona\"\r\n       class=\"blue-gredient-btn\">\r\n       \r\n        Calendar of FC Barcelona    <\/a>\r\n<\/div>   <p><a data-external=\"0\" data-intl-links-en=\"https:\/\/www.fcbarcelonanoticias.com\/en\/laliga\/pep-guardiola-aubameyang-guests-luxury-barcelona-in-classic_290692_102.html\" data-intl-links-es=\"https:\/\/www.fcbarcelonanoticias.com\/laliga\/pep-guardiola-aubameyang-invitados-lujo-barca-en-clasico_290692_102.html\" href=\"https:\/\/www.fcbarcelonanoticias.com\/en\/laliga\/pep-guardiola-aubameyang-guests-luxury-barcelona-in-classic_290692_102.html\" rel=\"follow\" target=\"_self\" title=\"Pep Guardiola y Aubameyang, invitados de 'lujo' del Bar\u00e7a en el Cl\u00e1sico contra el Real Madrid\">Pierre-Emerick Aubameyang was one of the invited surprises in the victory of the FC Barcelona in front of the Real Madrid (2-1<\/a>) in the Classical that directs LaLiga in favour of the ones of Xavi Hern\u00e1ndez. The forward gabon\u00e9s appeared in the celebration of the players barcelonistas in the changing room of the Spotify Camp Nou,<strong> place saves a very good relation with those who were, till lately less than eight months, his mates. <\/strong><\/p>  <p>The forward of Chelsea took advantage of the beginning of the stop of selections to travel to the City Condal and support to the Bar\u00e7a in a decisive night, but&#8230; <strong>There is message behind the visit of Aubameyang to the Camp Nou after, in the month of January, were a lot of the rumours on a possible return? <\/strong>The true is that it can that it was not casualidad that, in the middle of his personal crisis in the Stamford Bridge, appeared in the Barcelona changing room.<\/p>  <h2>The Bar\u00e7a, option for Aubameyang in the summer?<\/h2>  <p>For the moment, the forward of 33 years has agreement with Chelsea until 30 June 2024, but the possibilities that it follow further of this summer are invalid, because <strong>it is not happy with the role that has in the plans of Graham Potter and would have the intention to change of airs again, something that already had left to fall in the winter.<\/strong> Besides, it is necessary to take in consideration that <a data-external=\"0\" data-intl-links-en=\"https:\/\/www.fcbarcelonanoticias.com\/en\/transfers\/the-five-players-that-chelsea-could-sell-and-would-fit-in-the-barca_290494_102.html\" data-intl-links-es=\"https:\/\/www.fcbarcelonanoticias.com\/fichajes\/cinco-jugadores-chelsea-podria-vender-encajarian-en-barca_290494_102.html\" href=\"https:\/\/www.fcbarcelonanoticias.com\/en\/transfers\/the-five-players-that-chelsea-could-sell-and-would-fit-in-the-barca_290494_102.html\" rel=\"follow\" target=\"_self\" title=\"Los cinco jugadores que el Chelsea podr\u00eda vender y encajar\u00edan en el Bar\u00e7a\">the group of the Stamford Bridge is in the need to do a deep cleaning of changing room<\/a> and the name of Aubameyang is in the list of sales.<\/p>  <p>The gabon\u00e9s had touched the door of the Bar\u00e7a in the winter and would not be a surprise that repeat the history in the summer. The most likely is that Chelsea leave him go out free, in front of the imperial need to do gap in the changing room.<strong> It can be an oprtunidad of gold for the cul\u00e9s, if there is opportunity, because Xavi Hern\u00e1ndez is in the research of a &#8216;9&#8217; acting for Robert Lewandowski,<\/strong> although the priority is Vitor Roque, that would cost around 60 million euros.<\/p>  <h2>The &#8216;fair play&#8217; and the economic situation of the Bar\u00e7a<\/h2>  <p>The true is that to day of today, the operation of Aubameyang would be quite beneficial for a Bar\u00e7a that will have a lot of problems for fichar and, especially, to generate space in the mass salarial of face to the registration of new incorporations. The Barcelona have to the Brazilian like maximum priority, as it comes reporting, but also are conscious that it will be a very big investment&#8230;<strong> That will depend on how are the accounts in the summer. <\/strong><\/p> ","protected":false},"excerpt":{"rendered":"<p>These are not easy times for Pierre-Emerick Aubameyang at Chelsea. He has been ostracized since the arrival of Graham Potter and, in the midst of the chaos, has sent a &#8216;wink&#8217; to his former team, FC Barcelona Pierre-Emerick Aubameyang was one of the invited surprises in the victory of the FC Barcelona in front of [&hellip;]<\/p>\n","protected":false},"author":353,"featured_media":68390,"comment_status":"closed","ping_status":"open","sticky":false,"template":"","format":"standard","meta":{"_acf_changed":false,"inline_featured_image":false,"_nextfly_llmd_date_locked":false,"footnotes":""},"categories":[449,106],"tags":[230,161],"class_list":["post-90943","post","type-post","status-publish","format-standard","has-post-thumbnail","hentry","category-transfers-2","category-transfers","tag-aubameyang","tag-chelsea"],"acf":[],"yoast_head":"<!-- This site is optimized with the Yoast SEO plugin v27.3 - https:\/\/yoast.com\/product\/yoast-seo-wordpress\/ -->\n<title>Aubameyang will push to convince Bar\u00e7a to bring him back<\/title>\n<meta name=\"description\" content=\"They are not simple times for Pierre-Emerick Aubameyang in Chelsea. It has remained in the ostracism from the arrival of Graham Potter and, in the middle of the chaos, has sent a &#039;wink&#039; to his exequipo, the FC Barcelona\" \/>\n<meta name=\"robots\" content=\"index, follow, max-snippet:-1, max-image-preview:large, max-video-preview:-1\" \/>\n<link rel=\"canonical\" href=\"https:\/\/www.fcbarcelonanoticias.com\/en\/transfers\/aubameyang-press-convince-barcelona-bring-him-back_290723_102.html\" \/>\n<meta property=\"og:locale\" content=\"en_US\" \/>\n<meta property=\"og:type\" content=\"article\" \/>\n<meta property=\"og:title\" content=\"Aubameyang will push to convince Bar\u00e7a to bring him back\" \/>\n<meta property=\"og:description\" content=\"They are not simple times for Pierre-Emerick Aubameyang in Chelsea. It has remained in the ostracism from the arrival of Graham Potter and, in the middle of the chaos, has sent a &#039;wink&#039; to his exequipo, the FC Barcelona\" \/>\n<meta property=\"og:url\" content=\"https:\/\/www.fcbarcelonanoticias.com\/en\/transfers\/aubameyang-press-convince-barcelona-bring-him-back_290723_102.html\" \/>\n<meta property=\"og:site_name\" content=\"EN - FC Barcelona Noticias\" \/>\n<meta property=\"article:published_time\" content=\"2023-03-20T21:07:00+00:00\" \/>\n<meta property=\"og:image\" content=\"https:\/\/www.fcbarcelonanoticias.com\/en\/wp-content\/uploads\/sites\/2\/2023\/01\/aubameyang-partido-chelsea.jpeg\" \/>\n\t<meta property=\"og:image:width\" content=\"1300\" \/>\n\t<meta property=\"og:image:height\" content=\"734\" \/>\n\t<meta property=\"og:image:type\" content=\"image\/jpeg\" \/>\n<meta name=\"author\" content=\"FC Barcelona Noticias\" \/>\n<meta name=\"twitter:card\" content=\"summary_large_image\" \/>\n<meta name=\"twitter:label1\" content=\"Written by\" \/>\n\t<meta name=\"twitter:data1\" content=\"FC Barcelona Noticias\" \/>\n\t<meta name=\"twitter:label2\" content=\"Est. reading time\" \/>\n\t<meta name=\"twitter:data2\" content=\"2 minutes\" \/>\n<script type=\"application\/ld+json\" class=\"yoast-schema-graph\">{\"@context\":\"https:\\\/\\\/schema.org\",\"@graph\":[{\"@type\":\"Article\",\"@id\":\"https:\\\/\\\/www.fcbarcelonanoticias.com\\\/en\\\/transfers\\\/aubameyang-press-convince-barcelona-bring-him-back_290723_102.html#article\",\"isPartOf\":{\"@id\":\"https:\\\/\\\/www.fcbarcelonanoticias.com\\\/en\\\/transfers\\\/aubameyang-press-convince-barcelona-bring-him-back_290723_102.html\"},\"author\":{\"name\":\"FC Barcelona Noticias\",\"@id\":\"https:\\\/\\\/www.fcbarcelonanoticias.com\\\/en\\\/#\\\/schema\\\/person\\\/0f2810101d27606974cdb8edb54fa54b\"},\"headline\":\"Aubameyang will push to convince Bar\u00e7a to bring him back\",\"datePublished\":\"2023-03-20T21:07:00+00:00\",\"mainEntityOfPage\":{\"@id\":\"https:\\\/\\\/www.fcbarcelonanoticias.com\\\/en\\\/transfers\\\/aubameyang-press-convince-barcelona-bring-him-back_290723_102.html\"},\"wordCount\":505,\"image\":{\"@id\":\"https:\\\/\\\/www.fcbarcelonanoticias.com\\\/en\\\/transfers\\\/aubameyang-press-convince-barcelona-bring-him-back_290723_102.html#primaryimage\"},\"thumbnailUrl\":\"https:\\\/\\\/www.fcbarcelonanoticias.com\\\/en\\\/wp-content\\\/uploads\\\/sites\\\/2\\\/2023\\\/01\\\/aubameyang-partido-chelsea.jpeg\",\"keywords\":[\"Aubameyang\",\"Chelsea\"],\"articleSection\":[\"Transfers\",\"Transfers\"],\"inLanguage\":\"en-US\"},{\"@type\":\"WebPage\",\"@id\":\"https:\\\/\\\/www.fcbarcelonanoticias.com\\\/en\\\/transfers\\\/aubameyang-press-convince-barcelona-bring-him-back_290723_102.html\",\"url\":\"https:\\\/\\\/www.fcbarcelonanoticias.com\\\/en\\\/transfers\\\/aubameyang-press-convince-barcelona-bring-him-back_290723_102.html\",\"name\":\"Aubameyang will push to convince Bar\u00e7a to bring him back\",\"isPartOf\":{\"@id\":\"https:\\\/\\\/www.fcbarcelonanoticias.com\\\/en\\\/#website\"},\"primaryImageOfPage\":{\"@id\":\"https:\\\/\\\/www.fcbarcelonanoticias.com\\\/en\\\/transfers\\\/aubameyang-press-convince-barcelona-bring-him-back_290723_102.html#primaryimage\"},\"image\":{\"@id\":\"https:\\\/\\\/www.fcbarcelonanoticias.com\\\/en\\\/transfers\\\/aubameyang-press-convince-barcelona-bring-him-back_290723_102.html#primaryimage\"},\"thumbnailUrl\":\"https:\\\/\\\/www.fcbarcelonanoticias.com\\\/en\\\/wp-content\\\/uploads\\\/sites\\\/2\\\/2023\\\/01\\\/aubameyang-partido-chelsea.jpeg\",\"datePublished\":\"2023-03-20T21:07:00+00:00\",\"author\":{\"@id\":\"https:\\\/\\\/www.fcbarcelonanoticias.com\\\/en\\\/#\\\/schema\\\/person\\\/0f2810101d27606974cdb8edb54fa54b\"},\"description\":\"They are not simple times for Pierre-Emerick Aubameyang in Chelsea. It has remained in the ostracism from the arrival of Graham Potter and, in the middle of the chaos, has sent a 'wink' to his exequipo, the FC Barcelona\",\"breadcrumb\":{\"@id\":\"https:\\\/\\\/www.fcbarcelonanoticias.com\\\/en\\\/transfers\\\/aubameyang-press-convince-barcelona-bring-him-back_290723_102.html#breadcrumb\"},\"inLanguage\":\"en-US\",\"potentialAction\":[{\"@type\":\"ReadAction\",\"target\":[\"https:\\\/\\\/www.fcbarcelonanoticias.com\\\/en\\\/transfers\\\/aubameyang-press-convince-barcelona-bring-him-back_290723_102.html\"]}]},{\"@type\":\"ImageObject\",\"inLanguage\":\"en-US\",\"@id\":\"https:\\\/\\\/www.fcbarcelonanoticias.com\\\/en\\\/transfers\\\/aubameyang-press-convince-barcelona-bring-him-back_290723_102.html#primaryimage\",\"url\":\"https:\\\/\\\/www.fcbarcelonanoticias.com\\\/en\\\/wp-content\\\/uploads\\\/sites\\\/2\\\/2023\\\/01\\\/aubameyang-partido-chelsea.jpeg\",\"contentUrl\":\"https:\\\/\\\/www.fcbarcelonanoticias.com\\\/en\\\/wp-content\\\/uploads\\\/sites\\\/2\\\/2023\\\/01\\\/aubameyang-partido-chelsea.jpeg\",\"width\":1300,\"height\":734},{\"@type\":\"BreadcrumbList\",\"@id\":\"https:\\\/\\\/www.fcbarcelonanoticias.com\\\/en\\\/transfers\\\/aubameyang-press-convince-barcelona-bring-him-back_290723_102.html#breadcrumb\",\"itemListElement\":[{\"@type\":\"ListItem\",\"position\":1,\"name\":\"Portada\",\"item\":\"https:\\\/\\\/www.fcbarcelonanoticias.com\\\/en\\\/\"},{\"@type\":\"ListItem\",\"position\":2,\"name\":\"Aubameyang will push to convince Bar\u00e7a to bring him back\"}]},{\"@type\":\"WebSite\",\"@id\":\"https:\\\/\\\/www.fcbarcelonanoticias.com\\\/en\\\/#website\",\"url\":\"https:\\\/\\\/www.fcbarcelonanoticias.com\\\/en\\\/\",\"name\":\"EN - FC Barcelona Noticias\",\"description\":\"\",\"potentialAction\":[{\"@type\":\"SearchAction\",\"target\":{\"@type\":\"EntryPoint\",\"urlTemplate\":\"https:\\\/\\\/www.fcbarcelonanoticias.com\\\/en\\\/?s={search_term_string}\"},\"query-input\":{\"@type\":\"PropertyValueSpecification\",\"valueRequired\":true,\"valueName\":\"search_term_string\"}}],\"inLanguage\":\"en-US\"},{\"@type\":\"Person\",\"@id\":\"https:\\\/\\\/www.fcbarcelonanoticias.com\\\/en\\\/#\\\/schema\\\/person\\\/0f2810101d27606974cdb8edb54fa54b\",\"name\":\"FC Barcelona Noticias\",\"image\":{\"@type\":\"ImageObject\",\"inLanguage\":\"en-US\",\"@id\":\"https:\\\/\\\/secure.gravatar.com\\\/avatar\\\/?s=96&d=mm&r=g\",\"url\":\"https:\\\/\\\/secure.gravatar.com\\\/avatar\\\/?s=96&d=mm&r=g\",\"contentUrl\":\"https:\\\/\\\/secure.gravatar.com\\\/avatar\\\/?s=96&d=mm&r=g\",\"caption\":\"FC Barcelona Noticias\"},\"url\":\"https:\\\/\\\/www.fcbarcelonanoticias.com\\\/en\\\/fc-barcelona\\\/fcbn-writing-fc-barcelona-news_6_115.html\"}]}<\/script>\n<!-- \/ Yoast SEO plugin. -->","yoast_head_json":{"title":"Aubameyang will push to convince Bar\u00e7a to bring him back","description":"They are not simple times for Pierre-Emerick Aubameyang in Chelsea. It has remained in the ostracism from the arrival of Graham Potter and, in the middle of the chaos, has sent a 'wink' to his exequipo, the FC Barcelona","robots":{"index":"index","follow":"follow","max-snippet":"max-snippet:-1","max-image-preview":"max-image-preview:large","max-video-preview":"max-video-preview:-1"},"canonical":"https:\/\/www.fcbarcelonanoticias.com\/en\/transfers\/aubameyang-press-convince-barcelona-bring-him-back_290723_102.html","og_locale":"en_US","og_type":"article","og_title":"Aubameyang will push to convince Bar\u00e7a to bring him back","og_description":"They are not simple times for Pierre-Emerick Aubameyang in Chelsea. It has remained in the ostracism from the arrival of Graham Potter and, in the middle of the chaos, has sent a 'wink' to his exequipo, the FC Barcelona","og_url":"https:\/\/www.fcbarcelonanoticias.com\/en\/transfers\/aubameyang-press-convince-barcelona-bring-him-back_290723_102.html","og_site_name":"EN - FC Barcelona Noticias","article_published_time":"2023-03-20T21:07:00+00:00","og_image":[{"width":1300,"height":734,"url":"https:\/\/www.fcbarcelonanoticias.com\/en\/wp-content\/uploads\/sites\/2\/2023\/01\/aubameyang-partido-chelsea.jpeg","type":"image\/jpeg"}],"author":"FC Barcelona Noticias","twitter_card":"summary_large_image","twitter_misc":{"Written by":"FC Barcelona Noticias","Est. reading time":"2 minutes"},"schema":{"@context":"https:\/\/schema.org","@graph":[{"@type":"Article","@id":"https:\/\/www.fcbarcelonanoticias.com\/en\/transfers\/aubameyang-press-convince-barcelona-bring-him-back_290723_102.html#article","isPartOf":{"@id":"https:\/\/www.fcbarcelonanoticias.com\/en\/transfers\/aubameyang-press-convince-barcelona-bring-him-back_290723_102.html"},"author":{"name":"FC Barcelona Noticias","@id":"https:\/\/www.fcbarcelonanoticias.com\/en\/#\/schema\/person\/0f2810101d27606974cdb8edb54fa54b"},"headline":"Aubameyang will push to convince Bar\u00e7a to bring him back","datePublished":"2023-03-20T21:07:00+00:00","mainEntityOfPage":{"@id":"https:\/\/www.fcbarcelonanoticias.com\/en\/transfers\/aubameyang-press-convince-barcelona-bring-him-back_290723_102.html"},"wordCount":505,"image":{"@id":"https:\/\/www.fcbarcelonanoticias.com\/en\/transfers\/aubameyang-press-convince-barcelona-bring-him-back_290723_102.html#primaryimage"},"thumbnailUrl":"https:\/\/www.fcbarcelonanoticias.com\/en\/wp-content\/uploads\/sites\/2\/2023\/01\/aubameyang-partido-chelsea.jpeg","keywords":["Aubameyang","Chelsea"],"articleSection":["Transfers","Transfers"],"inLanguage":"en-US"},{"@type":"WebPage","@id":"https:\/\/www.fcbarcelonanoticias.com\/en\/transfers\/aubameyang-press-convince-barcelona-bring-him-back_290723_102.html","url":"https:\/\/www.fcbarcelonanoticias.com\/en\/transfers\/aubameyang-press-convince-barcelona-bring-him-back_290723_102.html","name":"Aubameyang will push to convince Bar\u00e7a to bring him back","isPartOf":{"@id":"https:\/\/www.fcbarcelonanoticias.com\/en\/#website"},"primaryImageOfPage":{"@id":"https:\/\/www.fcbarcelonanoticias.com\/en\/transfers\/aubameyang-press-convince-barcelona-bring-him-back_290723_102.html#primaryimage"},"image":{"@id":"https:\/\/www.fcbarcelonanoticias.com\/en\/transfers\/aubameyang-press-convince-barcelona-bring-him-back_290723_102.html#primaryimage"},"thumbnailUrl":"https:\/\/www.fcbarcelonanoticias.com\/en\/wp-content\/uploads\/sites\/2\/2023\/01\/aubameyang-partido-chelsea.jpeg","datePublished":"2023-03-20T21:07:00+00:00","author":{"@id":"https:\/\/www.fcbarcelonanoticias.com\/en\/#\/schema\/person\/0f2810101d27606974cdb8edb54fa54b"},"description":"They are not simple times for Pierre-Emerick Aubameyang in Chelsea. It has remained in the ostracism from the arrival of Graham Potter and, in the middle of the chaos, has sent a 'wink' to his exequipo, the FC Barcelona","breadcrumb":{"@id":"https:\/\/www.fcbarcelonanoticias.com\/en\/transfers\/aubameyang-press-convince-barcelona-bring-him-back_290723_102.html#breadcrumb"},"inLanguage":"en-US","potentialAction":[{"@type":"ReadAction","target":["https:\/\/www.fcbarcelonanoticias.com\/en\/transfers\/aubameyang-press-convince-barcelona-bring-him-back_290723_102.html"]}]},{"@type":"ImageObject","inLanguage":"en-US","@id":"https:\/\/www.fcbarcelonanoticias.com\/en\/transfers\/aubameyang-press-convince-barcelona-bring-him-back_290723_102.html#primaryimage","url":"https:\/\/www.fcbarcelonanoticias.com\/en\/wp-content\/uploads\/sites\/2\/2023\/01\/aubameyang-partido-chelsea.jpeg","contentUrl":"https:\/\/www.fcbarcelonanoticias.com\/en\/wp-content\/uploads\/sites\/2\/2023\/01\/aubameyang-partido-chelsea.jpeg","width":1300,"height":734},{"@type":"BreadcrumbList","@id":"https:\/\/www.fcbarcelonanoticias.com\/en\/transfers\/aubameyang-press-convince-barcelona-bring-him-back_290723_102.html#breadcrumb","itemListElement":[{"@type":"ListItem","position":1,"name":"Portada","item":"https:\/\/www.fcbarcelonanoticias.com\/en\/"},{"@type":"ListItem","position":2,"name":"Aubameyang will push to convince Bar\u00e7a to bring him back"}]},{"@type":"WebSite","@id":"https:\/\/www.fcbarcelonanoticias.com\/en\/#website","url":"https:\/\/www.fcbarcelonanoticias.com\/en\/","name":"EN - FC Barcelona Noticias","description":"","potentialAction":[{"@type":"SearchAction","target":{"@type":"EntryPoint","urlTemplate":"https:\/\/www.fcbarcelonanoticias.com\/en\/?s={search_term_string}"},"query-input":{"@type":"PropertyValueSpecification","valueRequired":true,"valueName":"search_term_string"}}],"inLanguage":"en-US"},{"@type":"Person","@id":"https:\/\/www.fcbarcelonanoticias.com\/en\/#\/schema\/person\/0f2810101d27606974cdb8edb54fa54b","name":"FC Barcelona Noticias","image":{"@type":"ImageObject","inLanguage":"en-US","@id":"https:\/\/secure.gravatar.com\/avatar\/?s=96&d=mm&r=g","url":"https:\/\/secure.gravatar.com\/avatar\/?s=96&d=mm&r=g","contentUrl":"https:\/\/secure.gravatar.com\/avatar\/?s=96&d=mm&r=g","caption":"FC Barcelona Noticias"},"url":"https:\/\/www.fcbarcelonanoticias.com\/en\/fc-barcelona\/fcbn-writing-fc-barcelona-news_6_115.html"}]}},"_links":{"self":[{"href":"https:\/\/www.fcbarcelonanoticias.com\/en\/wp-json\/wp\/v2\/posts\/90943","targetHints":{"allow":["GET"]}}],"collection":[{"href":"https:\/\/www.fcbarcelonanoticias.com\/en\/wp-json\/wp\/v2\/posts"}],"about":[{"href":"https:\/\/www.fcbarcelonanoticias.com\/en\/wp-json\/wp\/v2\/types\/post"}],"author":[{"embeddable":true,"href":"https:\/\/www.fcbarcelonanoticias.com\/en\/wp-json\/wp\/v2\/users\/353"}],"replies":[{"embeddable":true,"href":"https:\/\/www.fcbarcelonanoticias.com\/en\/wp-json\/wp\/v2\/comments?post=90943"}],"version-history":[{"count":1,"href":"https:\/\/www.fcbarcelonanoticias.com\/en\/wp-json\/wp\/v2\/posts\/90943\/revisions"}],"predecessor-version":[{"id":90948,"href":"https:\/\/www.fcbarcelonanoticias.com\/en\/wp-json\/wp\/v2\/posts\/90943\/revisions\/90948"}],"wp:featuredmedia":[{"embeddable":true,"href":"https:\/\/www.fcbarcelonanoticias.com\/en\/wp-json\/wp\/v2\/media\/68390"}],"wp:attachment":[{"href":"https:\/\/www.fcbarcelonanoticias.com\/en\/wp-json\/wp\/v2\/media?parent=90943"}],"wp:term":[{"taxonomy":"category","embeddable":true,"href":"https:\/\/www.fcbarcelonanoticias.com\/en\/wp-json\/wp\/v2\/categories?post=90943"},{"taxonomy":"post_tag","embeddable":true,"href":"https:\/\/www.fcbarcelonanoticias.com\/en\/wp-json\/wp\/v2\/tags?post=90943"}],"curies":[{"name":"wp","href":"https:\/\/api.w.org\/{rel}","templated":true}]}}