{"id":91068,"date":"2023-08-10T15:26:00","date_gmt":"2023-08-10T13:26:00","guid":{"rendered":"https:\/\/weisetech.dev\/fc-barcelona-noticias\/en\/barca-already-has-the-roadmap-to-register-all-its-players_294987_102\/"},"modified":"2023-08-10T15:26:00","modified_gmt":"2023-08-10T13:26:00","slug":"barca-already-has-the-roadmap-to-register-all-its-players_294987_102","status":"publish","type":"post","link":"https:\/\/www.fcbarcelonanoticias.com\/en\/transfers\/barca-already-has-the-roadmap-to-register-all-its-players_294987_102.html","title":{"rendered":"Bar\u00e7a already has the roadmap to register all its players"},"content":{"rendered":"<h2 class=\"wp-block-heading\">Bar\u00e7a will be able to register all its players before the start of LaLiga except for an extraordinary surprise. The club has its planning ready and will announce all the movements shortly<\/h2>  \r\n<div class=\"article-addons\">\r\n    <a href=\"https:\/\/www.fcbarcelonanoticias.com\/en\/calendar-fc-barcelona.html\"\r\n       target=\"_self\"\r\n       title=\"Calendar of FC Barcelona\"\r\n       class=\"blue-gredient-btn\">\r\n       \r\n        Calendar of FC Barcelona    <\/a>\r\n<\/div>   <p>The FC Barcelona has smart his leaf of route to inscribe to all the pending players inside the payroll of the first team. All has gone sucediendo according to the planned and <strong>in brief could confirm that Xavi Hern\u00e1ndez will have each one of his footballers <\/strong>for the start of the season 2023\/24 of LaLiga.<\/p>  <h2>Kessi\u00e9 And Demb\u00e9le like strategic sales<\/h2>  <p>The exits of Franck Kessi\u00e9 and Ousmane Demb\u00e9l\u00e9 are key so that the club can register to all his members. <a data-external=\"0\" data-intl-links-en=\"https:\/\/www.fcbarcelonanoticias.com\/en\/fc-barcelona\/franck-kessie-is-received-with-honours-in-his-arrival-to-the-to-the-ahli_294979_102.html\" data-intl-links-es=\"https:\/\/www.fcbarcelonanoticias.com\/fc-barcelona\/franck-kessie-es-recibido-con-honores-en-su-llegada-al-ahli_294979_102.html\" href=\"https:\/\/www.fcbarcelonanoticias.com\/en\/fc-barcelona\/franck-kessie-is-received-with-honours-in-his-arrival-to-the-to-the-ahli_294979_102.html\" rel=\"follow\" target=\"_self\" title=\"Franck Kessie es recibido con honores en su llegada al Al-Ahli\">The marfile\u00f1o has gone out course to the To the-Ahli<\/a> in return of 12.5 million euros, <strong>what allows to the Barcelona use some 9 gross millions.<\/strong> Added to this are the 6.5 &#8216;kilos&#8217; annual of his wage and 20% of the profit that has the club by his traspaso.<\/p>  <p>By his part, the French will leave still greater r\u00e9dito by the 50 million his clause of rescission.<strong> The Bar\u00e7a will be able to use 60% of his wage more 35% of his sale<\/strong> for treating of a player that was between the best paid of the staff. The sportive area will be able to reinvertir almost 14 millions that, added to all the variables and to it ingresado by Kessi\u00e9,<strong> reach like minimum the 31.5 million euros.<\/strong><\/p>  <h2><strong>The &#8216;crowbar&#8217; is the &#8216;guinda&#8217; of the cake<\/strong><\/h2>  <p>Added to this is<a data-external=\"0\" data-intl-links-en=\"https:\/\/www.fcbarcelonanoticias.com\/en\/club\/barcelona-has-shot-lever-register-its-players_294974_102.html\" data-intl-links-es=\"https:\/\/www.fcbarcelonanoticias.com\/club\/el-barcelona-tiene-tiro-palanca-inscribir-sus-jugadores_294974_102.html\" href=\"https:\/\/www.fcbarcelonanoticias.com\/en\/club\/barcelona-has-shot-lever-register-its-players_294974_102.html\" rel=\"follow\" target=\"_self\" title=\"\u00a1El Bar\u00e7a tiene a 'tiro' la 'palanca' para inscribir a sus jugadores!\"> the &#8216;crowbar&#8217; with the German bottom<\/a> &#8216;Free Football Finances&#8217;, <strong>the one who will leave some 60 &#8216;kilos that were foreseen for suplir the pending quantities of &#8216;Orpheus Half&#8217; and &#8216;Socios.com&#8217;.<\/strong> The negotiations still are under way and foresees that all arrive to good port this same Thursday or during the morning of the Friday.<\/p>  <p>Only in case of radical twist with the germanos is that the Barcelona will have to give off of more players to inscribe. If it did not arrive the money of the &#8216;crowbar&#8217;,<strong> so much Cl\u00e9ment Lenglet like Sergi\u00f1o Dest or Ansu Fati will have to find new destinations.<\/strong> All they are under the same terms of Kessi\u00e9 and the club will be able to use 50% of his cost more 20% of his sale, <strong>what would free some 19 &#8216;kilos&#8217; of mass salarial in case to concretise the three cases.<\/strong><\/p> ","protected":false},"excerpt":{"rendered":"<p>Bar\u00e7a will be able to register all its players before the start of LaLiga except for an extraordinary surprise. The club has its planning ready and will announce all the movements shortly The FC Barcelona has smart his leaf of route to inscribe to all the pending players inside the payroll of the first team. [&hellip;]<\/p>\n","protected":false},"author":0,"featured_media":28891,"comment_status":"closed","ping_status":"open","sticky":false,"template":"","format":"standard","meta":{"_acf_changed":false,"inline_featured_image":false,"_nextfly_llmd_date_locked":false,"footnotes":""},"categories":[106,449],"tags":[146,305,158,320,311],"class_list":["post-91068","post","type-post","status-publish","format-standard","has-post-thumbnail","hentry","category-transfers","category-transfers-2","tag-dembele","tag-frank-kessie","tag-joan-laporta","tag-lenglet","tag-sergino-dest"],"acf":[],"yoast_head":"<!-- This site is optimized with the Yoast SEO plugin v27.3 - https:\/\/yoast.com\/product\/yoast-seo-wordpress\/ -->\n<title>Bar\u00e7a already has the roadmap to register all its players<\/title>\n<meta name=\"description\" content=\"Bar\u00e7a will be able to register all its players before the start of LaLiga except for an extraordinary surprise. The club has its planning ready and will announce all the movements shortly\" \/>\n<meta name=\"robots\" content=\"index, follow, max-snippet:-1, max-image-preview:large, max-video-preview:-1\" \/>\n<link rel=\"canonical\" href=\"https:\/\/www.fcbarcelonanoticias.com\/en\/transfers\/barca-already-has-the-roadmap-to-register-all-its-players_294987_102.html\" \/>\n<meta property=\"og:locale\" content=\"en_US\" \/>\n<meta property=\"og:type\" content=\"article\" \/>\n<meta property=\"og:title\" content=\"Bar\u00e7a already has the roadmap to register all its players\" \/>\n<meta property=\"og:description\" content=\"Bar\u00e7a will be able to register all its players before the start of LaLiga except for an extraordinary surprise. The club has its planning ready and will announce all the movements shortly\" \/>\n<meta property=\"og:url\" content=\"https:\/\/www.fcbarcelonanoticias.com\/en\/transfers\/barca-already-has-the-roadmap-to-register-all-its-players_294987_102.html\" \/>\n<meta property=\"og:site_name\" content=\"EN - FC Barcelona Noticias\" \/>\n<meta property=\"article:published_time\" content=\"2023-08-10T13:26:00+00:00\" \/>\n<meta property=\"og:image\" content=\"https:\/\/www.fcbarcelonanoticias.com\/en\/wp-content\/uploads\/sites\/2\/2023\/06\/joan-laporta-en-un-acto-del-fc-barcelona.jpeg\" \/>\n\t<meta property=\"og:image:width\" content=\"1250\" \/>\n\t<meta property=\"og:image:height\" content=\"750\" \/>\n\t<meta property=\"og:image:type\" content=\"image\/jpeg\" \/>\n<meta name=\"twitter:card\" content=\"summary_large_image\" \/>\n<meta name=\"twitter:label1\" content=\"Est. reading time\" \/>\n\t<meta name=\"twitter:data1\" content=\"2 minutes\" \/>\n<script type=\"application\/ld+json\" class=\"yoast-schema-graph\">{\"@context\":\"https:\\\/\\\/schema.org\",\"@graph\":[{\"@type\":\"Article\",\"@id\":\"https:\\\/\\\/www.fcbarcelonanoticias.com\\\/en\\\/transfers\\\/barca-already-has-the-roadmap-to-register-all-its-players_294987_102.html#article\",\"isPartOf\":{\"@id\":\"https:\\\/\\\/www.fcbarcelonanoticias.com\\\/en\\\/transfers\\\/barca-already-has-the-roadmap-to-register-all-its-players_294987_102.html\"},\"author\":{\"name\":\"\",\"@id\":\"\"},\"headline\":\"Bar\u00e7a already has the roadmap to register all its players\",\"datePublished\":\"2023-08-10T13:26:00+00:00\",\"mainEntityOfPage\":{\"@id\":\"https:\\\/\\\/www.fcbarcelonanoticias.com\\\/en\\\/transfers\\\/barca-already-has-the-roadmap-to-register-all-its-players_294987_102.html\"},\"wordCount\":404,\"image\":{\"@id\":\"https:\\\/\\\/www.fcbarcelonanoticias.com\\\/en\\\/transfers\\\/barca-already-has-the-roadmap-to-register-all-its-players_294987_102.html#primaryimage\"},\"thumbnailUrl\":\"https:\\\/\\\/www.fcbarcelonanoticias.com\\\/en\\\/wp-content\\\/uploads\\\/sites\\\/2\\\/2023\\\/06\\\/joan-laporta-en-un-acto-del-fc-barcelona.jpeg\",\"keywords\":[\"Demb\u00e9l\u00e9\",\"Frank Kessi\u00e9\",\"Joan Laporta\",\"Lenglet\",\"Sergi\u00f1o Dest\"],\"articleSection\":[\"Transfers\",\"Transfers\"],\"inLanguage\":\"en-US\"},{\"@type\":\"WebPage\",\"@id\":\"https:\\\/\\\/www.fcbarcelonanoticias.com\\\/en\\\/transfers\\\/barca-already-has-the-roadmap-to-register-all-its-players_294987_102.html\",\"url\":\"https:\\\/\\\/www.fcbarcelonanoticias.com\\\/en\\\/transfers\\\/barca-already-has-the-roadmap-to-register-all-its-players_294987_102.html\",\"name\":\"Bar\u00e7a already has the roadmap to register all its players\",\"isPartOf\":{\"@id\":\"https:\\\/\\\/www.fcbarcelonanoticias.com\\\/en\\\/#website\"},\"primaryImageOfPage\":{\"@id\":\"https:\\\/\\\/www.fcbarcelonanoticias.com\\\/en\\\/transfers\\\/barca-already-has-the-roadmap-to-register-all-its-players_294987_102.html#primaryimage\"},\"image\":{\"@id\":\"https:\\\/\\\/www.fcbarcelonanoticias.com\\\/en\\\/transfers\\\/barca-already-has-the-roadmap-to-register-all-its-players_294987_102.html#primaryimage\"},\"thumbnailUrl\":\"https:\\\/\\\/www.fcbarcelonanoticias.com\\\/en\\\/wp-content\\\/uploads\\\/sites\\\/2\\\/2023\\\/06\\\/joan-laporta-en-un-acto-del-fc-barcelona.jpeg\",\"datePublished\":\"2023-08-10T13:26:00+00:00\",\"author\":{\"@id\":\"\"},\"description\":\"Bar\u00e7a will be able to register all its players before the start of LaLiga except for an extraordinary surprise. The club has its planning ready and will announce all the movements shortly\",\"breadcrumb\":{\"@id\":\"https:\\\/\\\/www.fcbarcelonanoticias.com\\\/en\\\/transfers\\\/barca-already-has-the-roadmap-to-register-all-its-players_294987_102.html#breadcrumb\"},\"inLanguage\":\"en-US\",\"potentialAction\":[{\"@type\":\"ReadAction\",\"target\":[\"https:\\\/\\\/www.fcbarcelonanoticias.com\\\/en\\\/transfers\\\/barca-already-has-the-roadmap-to-register-all-its-players_294987_102.html\"]}]},{\"@type\":\"ImageObject\",\"inLanguage\":\"en-US\",\"@id\":\"https:\\\/\\\/www.fcbarcelonanoticias.com\\\/en\\\/transfers\\\/barca-already-has-the-roadmap-to-register-all-its-players_294987_102.html#primaryimage\",\"url\":\"https:\\\/\\\/www.fcbarcelonanoticias.com\\\/en\\\/wp-content\\\/uploads\\\/sites\\\/2\\\/2023\\\/06\\\/joan-laporta-en-un-acto-del-fc-barcelona.jpeg\",\"contentUrl\":\"https:\\\/\\\/www.fcbarcelonanoticias.com\\\/en\\\/wp-content\\\/uploads\\\/sites\\\/2\\\/2023\\\/06\\\/joan-laporta-en-un-acto-del-fc-barcelona.jpeg\",\"width\":1250,\"height\":750},{\"@type\":\"BreadcrumbList\",\"@id\":\"https:\\\/\\\/www.fcbarcelonanoticias.com\\\/en\\\/transfers\\\/barca-already-has-the-roadmap-to-register-all-its-players_294987_102.html#breadcrumb\",\"itemListElement\":[{\"@type\":\"ListItem\",\"position\":1,\"name\":\"Portada\",\"item\":\"https:\\\/\\\/www.fcbarcelonanoticias.com\\\/en\\\/\"},{\"@type\":\"ListItem\",\"position\":2,\"name\":\"Bar\u00e7a already has the roadmap to register all its players\"}]},{\"@type\":\"WebSite\",\"@id\":\"https:\\\/\\\/www.fcbarcelonanoticias.com\\\/en\\\/#website\",\"url\":\"https:\\\/\\\/www.fcbarcelonanoticias.com\\\/en\\\/\",\"name\":\"EN - FC Barcelona Noticias\",\"description\":\"\",\"potentialAction\":[{\"@type\":\"SearchAction\",\"target\":{\"@type\":\"EntryPoint\",\"urlTemplate\":\"https:\\\/\\\/www.fcbarcelonanoticias.com\\\/en\\\/?s={search_term_string}\"},\"query-input\":{\"@type\":\"PropertyValueSpecification\",\"valueRequired\":true,\"valueName\":\"search_term_string\"}}],\"inLanguage\":\"en-US\"}]}<\/script>\n<!-- \/ Yoast SEO plugin. -->","yoast_head_json":{"title":"Bar\u00e7a already has the roadmap to register all its players","description":"Bar\u00e7a will be able to register all its players before the start of LaLiga except for an extraordinary surprise. The club has its planning ready and will announce all the movements shortly","robots":{"index":"index","follow":"follow","max-snippet":"max-snippet:-1","max-image-preview":"max-image-preview:large","max-video-preview":"max-video-preview:-1"},"canonical":"https:\/\/www.fcbarcelonanoticias.com\/en\/transfers\/barca-already-has-the-roadmap-to-register-all-its-players_294987_102.html","og_locale":"en_US","og_type":"article","og_title":"Bar\u00e7a already has the roadmap to register all its players","og_description":"Bar\u00e7a will be able to register all its players before the start of LaLiga except for an extraordinary surprise. The club has its planning ready and will announce all the movements shortly","og_url":"https:\/\/www.fcbarcelonanoticias.com\/en\/transfers\/barca-already-has-the-roadmap-to-register-all-its-players_294987_102.html","og_site_name":"EN - FC Barcelona Noticias","article_published_time":"2023-08-10T13:26:00+00:00","og_image":[{"width":1250,"height":750,"url":"https:\/\/www.fcbarcelonanoticias.com\/en\/wp-content\/uploads\/sites\/2\/2023\/06\/joan-laporta-en-un-acto-del-fc-barcelona.jpeg","type":"image\/jpeg"}],"twitter_card":"summary_large_image","twitter_misc":{"Est. reading time":"2 minutes"},"schema":{"@context":"https:\/\/schema.org","@graph":[{"@type":"Article","@id":"https:\/\/www.fcbarcelonanoticias.com\/en\/transfers\/barca-already-has-the-roadmap-to-register-all-its-players_294987_102.html#article","isPartOf":{"@id":"https:\/\/www.fcbarcelonanoticias.com\/en\/transfers\/barca-already-has-the-roadmap-to-register-all-its-players_294987_102.html"},"author":{"name":"","@id":""},"headline":"Bar\u00e7a already has the roadmap to register all its players","datePublished":"2023-08-10T13:26:00+00:00","mainEntityOfPage":{"@id":"https:\/\/www.fcbarcelonanoticias.com\/en\/transfers\/barca-already-has-the-roadmap-to-register-all-its-players_294987_102.html"},"wordCount":404,"image":{"@id":"https:\/\/www.fcbarcelonanoticias.com\/en\/transfers\/barca-already-has-the-roadmap-to-register-all-its-players_294987_102.html#primaryimage"},"thumbnailUrl":"https:\/\/www.fcbarcelonanoticias.com\/en\/wp-content\/uploads\/sites\/2\/2023\/06\/joan-laporta-en-un-acto-del-fc-barcelona.jpeg","keywords":["Demb\u00e9l\u00e9","Frank Kessi\u00e9","Joan Laporta","Lenglet","Sergi\u00f1o Dest"],"articleSection":["Transfers","Transfers"],"inLanguage":"en-US"},{"@type":"WebPage","@id":"https:\/\/www.fcbarcelonanoticias.com\/en\/transfers\/barca-already-has-the-roadmap-to-register-all-its-players_294987_102.html","url":"https:\/\/www.fcbarcelonanoticias.com\/en\/transfers\/barca-already-has-the-roadmap-to-register-all-its-players_294987_102.html","name":"Bar\u00e7a already has the roadmap to register all its players","isPartOf":{"@id":"https:\/\/www.fcbarcelonanoticias.com\/en\/#website"},"primaryImageOfPage":{"@id":"https:\/\/www.fcbarcelonanoticias.com\/en\/transfers\/barca-already-has-the-roadmap-to-register-all-its-players_294987_102.html#primaryimage"},"image":{"@id":"https:\/\/www.fcbarcelonanoticias.com\/en\/transfers\/barca-already-has-the-roadmap-to-register-all-its-players_294987_102.html#primaryimage"},"thumbnailUrl":"https:\/\/www.fcbarcelonanoticias.com\/en\/wp-content\/uploads\/sites\/2\/2023\/06\/joan-laporta-en-un-acto-del-fc-barcelona.jpeg","datePublished":"2023-08-10T13:26:00+00:00","author":{"@id":""},"description":"Bar\u00e7a will be able to register all its players before the start of LaLiga except for an extraordinary surprise. The club has its planning ready and will announce all the movements shortly","breadcrumb":{"@id":"https:\/\/www.fcbarcelonanoticias.com\/en\/transfers\/barca-already-has-the-roadmap-to-register-all-its-players_294987_102.html#breadcrumb"},"inLanguage":"en-US","potentialAction":[{"@type":"ReadAction","target":["https:\/\/www.fcbarcelonanoticias.com\/en\/transfers\/barca-already-has-the-roadmap-to-register-all-its-players_294987_102.html"]}]},{"@type":"ImageObject","inLanguage":"en-US","@id":"https:\/\/www.fcbarcelonanoticias.com\/en\/transfers\/barca-already-has-the-roadmap-to-register-all-its-players_294987_102.html#primaryimage","url":"https:\/\/www.fcbarcelonanoticias.com\/en\/wp-content\/uploads\/sites\/2\/2023\/06\/joan-laporta-en-un-acto-del-fc-barcelona.jpeg","contentUrl":"https:\/\/www.fcbarcelonanoticias.com\/en\/wp-content\/uploads\/sites\/2\/2023\/06\/joan-laporta-en-un-acto-del-fc-barcelona.jpeg","width":1250,"height":750},{"@type":"BreadcrumbList","@id":"https:\/\/www.fcbarcelonanoticias.com\/en\/transfers\/barca-already-has-the-roadmap-to-register-all-its-players_294987_102.html#breadcrumb","itemListElement":[{"@type":"ListItem","position":1,"name":"Portada","item":"https:\/\/www.fcbarcelonanoticias.com\/en\/"},{"@type":"ListItem","position":2,"name":"Bar\u00e7a already has the roadmap to register all its players"}]},{"@type":"WebSite","@id":"https:\/\/www.fcbarcelonanoticias.com\/en\/#website","url":"https:\/\/www.fcbarcelonanoticias.com\/en\/","name":"EN - FC Barcelona Noticias","description":"","potentialAction":[{"@type":"SearchAction","target":{"@type":"EntryPoint","urlTemplate":"https:\/\/www.fcbarcelonanoticias.com\/en\/?s={search_term_string}"},"query-input":{"@type":"PropertyValueSpecification","valueRequired":true,"valueName":"search_term_string"}}],"inLanguage":"en-US"}]}},"_links":{"self":[{"href":"https:\/\/www.fcbarcelonanoticias.com\/en\/wp-json\/wp\/v2\/posts\/91068","targetHints":{"allow":["GET"]}}],"collection":[{"href":"https:\/\/www.fcbarcelonanoticias.com\/en\/wp-json\/wp\/v2\/posts"}],"about":[{"href":"https:\/\/www.fcbarcelonanoticias.com\/en\/wp-json\/wp\/v2\/types\/post"}],"replies":[{"embeddable":true,"href":"https:\/\/www.fcbarcelonanoticias.com\/en\/wp-json\/wp\/v2\/comments?post=91068"}],"version-history":[{"count":1,"href":"https:\/\/www.fcbarcelonanoticias.com\/en\/wp-json\/wp\/v2\/posts\/91068\/revisions"}],"predecessor-version":[{"id":91069,"href":"https:\/\/www.fcbarcelonanoticias.com\/en\/wp-json\/wp\/v2\/posts\/91068\/revisions\/91069"}],"wp:featuredmedia":[{"embeddable":true,"href":"https:\/\/www.fcbarcelonanoticias.com\/en\/wp-json\/wp\/v2\/media\/28891"}],"wp:attachment":[{"href":"https:\/\/www.fcbarcelonanoticias.com\/en\/wp-json\/wp\/v2\/media?parent=91068"}],"wp:term":[{"taxonomy":"category","embeddable":true,"href":"https:\/\/www.fcbarcelonanoticias.com\/en\/wp-json\/wp\/v2\/categories?post=91068"},{"taxonomy":"post_tag","embeddable":true,"href":"https:\/\/www.fcbarcelonanoticias.com\/en\/wp-json\/wp\/v2\/tags?post=91068"}],"curies":[{"name":"wp","href":"https:\/\/api.w.org\/{rel}","templated":true}]}}