{"id":91320,"date":"2024-08-30T20:31:00","date_gmt":"2024-08-30T18:31:00","guid":{"rendered":"https:\/\/weisetech.dev\/fc-barcelona-noticias\/en\/barca-are-out-of-options-bayer-leverkusen-close-the-door-on-jonathan-tah-exit_306931_102\/"},"modified":"2024-09-08T05:51:00","modified_gmt":"2024-09-08T03:51:00","slug":"barca-are-out-of-options-bayer-leverkusen-close-the-door-on-jonathan-tah-exit_306931_102","status":"publish","type":"post","link":"https:\/\/www.fcbarcelonanoticias.com\/en\/transfers\/barca-are-out-of-options-bayer-leverkusen-close-the-door-on-jonathan-tah-exit_306931_102.html","title":{"rendered":"Bar\u00e7a are out of options! Bayer Leverkusen close the door on Jonathan Tah&#8217;s exit"},"content":{"rendered":"<h2 class=\"wp-block-heading\">The arrival of Jonathan Tah to Bar\u00e7a is completely ruled out. Bayer Leverkusen remained firm in their position and closed the door on his departure, so they would have to wait until 2025 to try to sign him again<\/h2>  \r\n<div class=\"article-addons\">\r\n    <a href=\"https:\/\/www.fcbarcelonanoticias.com\/en\/calendar-fc-barcelona.html\"\r\n       target=\"_self\"\r\n       title=\"Calendar of FC Barcelona\"\r\n       class=\"blue-gredient-btn\">\r\n       \r\n        Calendar of FC Barcelona    <\/a>\r\n<\/div>   <p>Jonathan Tah was one of the protagonists of the last days of the FC Barcelona <a data-external=\"0\" data-intl-links-en=\"https:\/\/www.fcbarcelonanoticias.com\/en\/transfers\" data-intl-links-es=\"https:\/\/www.fcbarcelonanoticias.com\/fichajes\" href=\"https:\/\/www.fcbarcelonanoticias.com\/en\/fc-barcelona\/transfers.html\" rel=\"follow\" target=\"_self\" title=\"Transfers\">transfer market<\/a>. After Andreas Christensen&#8217;s injury, which will keep him out for at least two months, the Catalan club set to work in search of a reinforcement for the centre of defence, <strong>a position that has been &#8216;reduced&#8217; by the physical problems of the Dane and Ronald Ara\u00fajo and the departures of Cl\u00e9ment Lenglet and Mika Faye<\/strong>.<\/p>  <p>For this reason, <a data-external=\"0\" data-intl-links-en=\"https:\/\/www.fcbarcelonanoticias.com\/en\/transfers\/closer-to-fc-barcelona-tah-agent-confirms-the-player-wishes-for-this-summer_306911_102.html\" data-intl-links-es=\"https:\/\/www.fcbarcelonanoticias.com\/fichajes\/mas-cerca-fc-barcelona-agente-tah-confirma-deseos-jugador-este-verano_306911_102.html\" href=\"https:\/\/www.fcbarcelonanoticias.com\/en\/transfers\/closer-to-fc-barcelona-tah-agent-confirms-the-player-wishes-for-this-summer_306911_102.html\" rel=\"follow\" target=\"_self\" title=\"Closer to FC Barcelona? Tah's agent confirms the player's wishes for this summer\">Hansi Flick put the name of the Bayer Leverkusen defender on the table<\/a> to target his rearguard. <strong>The player&#8217;s contract with the last Bundesliga champion expires in 2025 and Can Bar\u00e7a wanted to take advantage of this situation to try to get him for a low price from the BayArena<\/strong>, which is why they offered 20 million euros to the Germans for his transfer. The player is very much to the liking of the Bar\u00e7a coach, who already had him under his orders in Germany and was looking forward to returning to coach him in Barcelona.<\/p>  <p>However, this option has already been completely ruled out in the offices of Spotify Camp Nou. According to journalist Florian Plettenberg of &#8216;Sky Sports Germany&#8217;, <strong>Pini Zahavi, the player&#8217;s agent, has completed talks with other clubs after Xabi Alonso definitively closed the door on him leaving<\/strong>. The San Sebastian coach continues to count on the defender as one of the pillars of his team and does not intend to get rid of him this summer.<\/p>  <h2>Free option for 2025<\/h2>  <p>Despite this, in the 2025 transfer market the situation of the centre-back may change. Tah&#8217;s contract with Aspirin ends in June next year, and if he does not reach an agreement with the German club to extend his stay with the team, <strong>Bar\u00e7a could once again go after his signing, although in this scenario they would not have to pay a transfer fee since he would arrive on a free transfer<\/strong>, although this will depend on the performance shown by the 28-year-old defender this season.<\/p> ","protected":false},"excerpt":{"rendered":"<p>The arrival of Jonathan Tah to Bar\u00e7a is completely ruled out. Bayer Leverkusen remained firm in their position and closed the door on his departure, so they would have to wait until 2025 to try to sign him again Jonathan Tah was one of the protagonists of the last days of the FC Barcelona transfer [&hellip;]<\/p>\n","protected":false},"author":358,"featured_media":39174,"comment_status":"closed","ping_status":"open","sticky":false,"template":"","format":"standard","meta":{"_acf_changed":false,"inline_featured_image":false,"_nextfly_llmd_date_locked":false,"footnotes":""},"categories":[449,106],"tags":[103,413],"class_list":["post-91320","post","type-post","status-publish","format-standard","has-post-thumbnail","hentry","category-transfers-2","category-transfers","tag-bayer-leverkusen","tag-jonathan-tah"],"acf":[],"yoast_head":"<!-- This site is optimized with the Yoast SEO plugin v27.3 - https:\/\/yoast.com\/product\/yoast-seo-wordpress\/ -->\n<title>Bar\u00e7a are out of options! Bayer Leverkusen close the door on Jonathan Tah&#039;s exit<\/title>\n<meta name=\"description\" content=\"The arrival of Jonathan Tah to Bar\u00e7a is completely ruled out. Bayer Leverkusen remained firm in their position and closed the door on his departure, so they would have to wait until 2025 to try to sign him again\" \/>\n<meta name=\"robots\" content=\"index, follow, max-snippet:-1, max-image-preview:large, max-video-preview:-1\" \/>\n<link rel=\"canonical\" href=\"https:\/\/www.fcbarcelonanoticias.com\/en\/transfers\/barca-are-out-of-options-bayer-leverkusen-close-the-door-on-jonathan-tah-exit_306931_102.html\" \/>\n<meta property=\"og:locale\" content=\"en_US\" \/>\n<meta property=\"og:type\" content=\"article\" \/>\n<meta property=\"og:title\" content=\"Bar\u00e7a are out of options! Bayer Leverkusen close the door on Jonathan Tah&#039;s exit\" \/>\n<meta property=\"og:description\" content=\"The arrival of Jonathan Tah to Bar\u00e7a is completely ruled out. Bayer Leverkusen remained firm in their position and closed the door on his departure, so they would have to wait until 2025 to try to sign him again\" \/>\n<meta property=\"og:url\" content=\"https:\/\/www.fcbarcelonanoticias.com\/en\/transfers\/barca-are-out-of-options-bayer-leverkusen-close-the-door-on-jonathan-tah-exit_306931_102.html\" \/>\n<meta property=\"og:site_name\" content=\"EN - FC Barcelona Noticias\" \/>\n<meta property=\"article:published_time\" content=\"2024-08-30T18:31:00+00:00\" \/>\n<meta property=\"article:modified_time\" content=\"2024-09-08T03:51:00+00:00\" \/>\n<meta property=\"og:image\" content=\"https:\/\/www.fcbarcelonanoticias.com\/en\/wp-content\/uploads\/sites\/2\/2024\/08\/jonathan-tah-en-un-partido-del-bayer-leverkusen.jpeg\" \/>\n\t<meta property=\"og:image:width\" content=\"2338\" \/>\n\t<meta property=\"og:image:height\" content=\"1316\" \/>\n\t<meta property=\"og:image:type\" content=\"image\/jpeg\" \/>\n<meta name=\"author\" content=\"Juan Pablo Berdugo\" \/>\n<meta name=\"twitter:card\" content=\"summary_large_image\" \/>\n<meta name=\"twitter:label1\" content=\"Written by\" \/>\n\t<meta name=\"twitter:data1\" content=\"Juan Pablo Berdugo\" \/>\n\t<meta name=\"twitter:label2\" content=\"Est. reading time\" \/>\n\t<meta name=\"twitter:data2\" content=\"2 minutes\" \/>\n<script type=\"application\/ld+json\" class=\"yoast-schema-graph\">{\"@context\":\"https:\\\/\\\/schema.org\",\"@graph\":[{\"@type\":\"Article\",\"@id\":\"https:\\\/\\\/www.fcbarcelonanoticias.com\\\/en\\\/transfers\\\/barca-are-out-of-options-bayer-leverkusen-close-the-door-on-jonathan-tah-exit_306931_102.html#article\",\"isPartOf\":{\"@id\":\"https:\\\/\\\/www.fcbarcelonanoticias.com\\\/en\\\/transfers\\\/barca-are-out-of-options-bayer-leverkusen-close-the-door-on-jonathan-tah-exit_306931_102.html\"},\"author\":{\"name\":\"Juan Pablo Berdugo\",\"@id\":\"https:\\\/\\\/www.fcbarcelonanoticias.com\\\/en\\\/#\\\/schema\\\/person\\\/88d756918a0a1ae9fa593b5edddd1815\"},\"headline\":\"Bar\u00e7a are out of options! Bayer Leverkusen close the door on Jonathan Tah&#8217;s exit\",\"datePublished\":\"2024-08-30T18:31:00+00:00\",\"dateModified\":\"2024-09-08T03:51:00+00:00\",\"mainEntityOfPage\":{\"@id\":\"https:\\\/\\\/www.fcbarcelonanoticias.com\\\/en\\\/transfers\\\/barca-are-out-of-options-bayer-leverkusen-close-the-door-on-jonathan-tah-exit_306931_102.html\"},\"wordCount\":395,\"image\":{\"@id\":\"https:\\\/\\\/www.fcbarcelonanoticias.com\\\/en\\\/transfers\\\/barca-are-out-of-options-bayer-leverkusen-close-the-door-on-jonathan-tah-exit_306931_102.html#primaryimage\"},\"thumbnailUrl\":\"https:\\\/\\\/www.fcbarcelonanoticias.com\\\/en\\\/wp-content\\\/uploads\\\/sites\\\/2\\\/2024\\\/08\\\/jonathan-tah-en-un-partido-del-bayer-leverkusen.jpeg\",\"keywords\":[\"Bayer Leverkusen\",\"Jonathan Tah\"],\"articleSection\":[\"Transfers\",\"Transfers\"],\"inLanguage\":\"en-US\"},{\"@type\":\"WebPage\",\"@id\":\"https:\\\/\\\/www.fcbarcelonanoticias.com\\\/en\\\/transfers\\\/barca-are-out-of-options-bayer-leverkusen-close-the-door-on-jonathan-tah-exit_306931_102.html\",\"url\":\"https:\\\/\\\/www.fcbarcelonanoticias.com\\\/en\\\/transfers\\\/barca-are-out-of-options-bayer-leverkusen-close-the-door-on-jonathan-tah-exit_306931_102.html\",\"name\":\"Bar\u00e7a are out of options! Bayer Leverkusen close the door on Jonathan Tah's exit\",\"isPartOf\":{\"@id\":\"https:\\\/\\\/www.fcbarcelonanoticias.com\\\/en\\\/#website\"},\"primaryImageOfPage\":{\"@id\":\"https:\\\/\\\/www.fcbarcelonanoticias.com\\\/en\\\/transfers\\\/barca-are-out-of-options-bayer-leverkusen-close-the-door-on-jonathan-tah-exit_306931_102.html#primaryimage\"},\"image\":{\"@id\":\"https:\\\/\\\/www.fcbarcelonanoticias.com\\\/en\\\/transfers\\\/barca-are-out-of-options-bayer-leverkusen-close-the-door-on-jonathan-tah-exit_306931_102.html#primaryimage\"},\"thumbnailUrl\":\"https:\\\/\\\/www.fcbarcelonanoticias.com\\\/en\\\/wp-content\\\/uploads\\\/sites\\\/2\\\/2024\\\/08\\\/jonathan-tah-en-un-partido-del-bayer-leverkusen.jpeg\",\"datePublished\":\"2024-08-30T18:31:00+00:00\",\"dateModified\":\"2024-09-08T03:51:00+00:00\",\"author\":{\"@id\":\"https:\\\/\\\/www.fcbarcelonanoticias.com\\\/en\\\/#\\\/schema\\\/person\\\/88d756918a0a1ae9fa593b5edddd1815\"},\"description\":\"The arrival of Jonathan Tah to Bar\u00e7a is completely ruled out. Bayer Leverkusen remained firm in their position and closed the door on his departure, so they would have to wait until 2025 to try to sign him again\",\"breadcrumb\":{\"@id\":\"https:\\\/\\\/www.fcbarcelonanoticias.com\\\/en\\\/transfers\\\/barca-are-out-of-options-bayer-leverkusen-close-the-door-on-jonathan-tah-exit_306931_102.html#breadcrumb\"},\"inLanguage\":\"en-US\",\"potentialAction\":[{\"@type\":\"ReadAction\",\"target\":[\"https:\\\/\\\/www.fcbarcelonanoticias.com\\\/en\\\/transfers\\\/barca-are-out-of-options-bayer-leverkusen-close-the-door-on-jonathan-tah-exit_306931_102.html\"]}]},{\"@type\":\"ImageObject\",\"inLanguage\":\"en-US\",\"@id\":\"https:\\\/\\\/www.fcbarcelonanoticias.com\\\/en\\\/transfers\\\/barca-are-out-of-options-bayer-leverkusen-close-the-door-on-jonathan-tah-exit_306931_102.html#primaryimage\",\"url\":\"https:\\\/\\\/www.fcbarcelonanoticias.com\\\/en\\\/wp-content\\\/uploads\\\/sites\\\/2\\\/2024\\\/08\\\/jonathan-tah-en-un-partido-del-bayer-leverkusen.jpeg\",\"contentUrl\":\"https:\\\/\\\/www.fcbarcelonanoticias.com\\\/en\\\/wp-content\\\/uploads\\\/sites\\\/2\\\/2024\\\/08\\\/jonathan-tah-en-un-partido-del-bayer-leverkusen.jpeg\",\"width\":2338,\"height\":1316},{\"@type\":\"BreadcrumbList\",\"@id\":\"https:\\\/\\\/www.fcbarcelonanoticias.com\\\/en\\\/transfers\\\/barca-are-out-of-options-bayer-leverkusen-close-the-door-on-jonathan-tah-exit_306931_102.html#breadcrumb\",\"itemListElement\":[{\"@type\":\"ListItem\",\"position\":1,\"name\":\"Portada\",\"item\":\"https:\\\/\\\/www.fcbarcelonanoticias.com\\\/en\\\/\"},{\"@type\":\"ListItem\",\"position\":2,\"name\":\"Bar\u00e7a are out of options! Bayer Leverkusen close the door on Jonathan Tah&#8217;s exit\"}]},{\"@type\":\"WebSite\",\"@id\":\"https:\\\/\\\/www.fcbarcelonanoticias.com\\\/en\\\/#website\",\"url\":\"https:\\\/\\\/www.fcbarcelonanoticias.com\\\/en\\\/\",\"name\":\"EN - FC Barcelona Noticias\",\"description\":\"\",\"potentialAction\":[{\"@type\":\"SearchAction\",\"target\":{\"@type\":\"EntryPoint\",\"urlTemplate\":\"https:\\\/\\\/www.fcbarcelonanoticias.com\\\/en\\\/?s={search_term_string}\"},\"query-input\":{\"@type\":\"PropertyValueSpecification\",\"valueRequired\":true,\"valueName\":\"search_term_string\"}}],\"inLanguage\":\"en-US\"},{\"@type\":\"Person\",\"@id\":\"https:\\\/\\\/www.fcbarcelonanoticias.com\\\/en\\\/#\\\/schema\\\/person\\\/88d756918a0a1ae9fa593b5edddd1815\",\"name\":\"Juan Pablo Berdugo\",\"image\":{\"@type\":\"ImageObject\",\"inLanguage\":\"en-US\",\"@id\":\"https:\\\/\\\/secure.gravatar.com\\\/avatar\\\/?s=96&d=mm&r=g\",\"url\":\"https:\\\/\\\/secure.gravatar.com\\\/avatar\\\/?s=96&d=mm&r=g\",\"contentUrl\":\"https:\\\/\\\/secure.gravatar.com\\\/avatar\\\/?s=96&d=mm&r=g\",\"caption\":\"Juan Pablo Berdugo\"},\"description\":\"Juan Pablo Berdugo es graduado en Periodismo. Colabora con FCBN como especialista en informaci\u00f3n del primer equipo del FC Barcelona, f\u00fatbol internacional y mercado de fichajes. Destaca por su enfoque anal\u00edtico, su rigor informativo y su capacidad para detectar tendencias emergentes en el f\u00fatbol global.\",\"url\":\"https:\\\/\\\/www.fcbarcelonanoticias.com\\\/en\\\/fc-barcelona\\\/juan-pablo-berdugo_18_115.html\"}]}<\/script>\n<!-- \/ Yoast SEO plugin. -->","yoast_head_json":{"title":"Bar\u00e7a are out of options! Bayer Leverkusen close the door on Jonathan Tah's exit","description":"The arrival of Jonathan Tah to Bar\u00e7a is completely ruled out. Bayer Leverkusen remained firm in their position and closed the door on his departure, so they would have to wait until 2025 to try to sign him again","robots":{"index":"index","follow":"follow","max-snippet":"max-snippet:-1","max-image-preview":"max-image-preview:large","max-video-preview":"max-video-preview:-1"},"canonical":"https:\/\/www.fcbarcelonanoticias.com\/en\/transfers\/barca-are-out-of-options-bayer-leverkusen-close-the-door-on-jonathan-tah-exit_306931_102.html","og_locale":"en_US","og_type":"article","og_title":"Bar\u00e7a are out of options! Bayer Leverkusen close the door on Jonathan Tah's exit","og_description":"The arrival of Jonathan Tah to Bar\u00e7a is completely ruled out. Bayer Leverkusen remained firm in their position and closed the door on his departure, so they would have to wait until 2025 to try to sign him again","og_url":"https:\/\/www.fcbarcelonanoticias.com\/en\/transfers\/barca-are-out-of-options-bayer-leverkusen-close-the-door-on-jonathan-tah-exit_306931_102.html","og_site_name":"EN - FC Barcelona Noticias","article_published_time":"2024-08-30T18:31:00+00:00","article_modified_time":"2024-09-08T03:51:00+00:00","og_image":[{"width":2338,"height":1316,"url":"https:\/\/www.fcbarcelonanoticias.com\/en\/wp-content\/uploads\/sites\/2\/2024\/08\/jonathan-tah-en-un-partido-del-bayer-leverkusen.jpeg","type":"image\/jpeg"}],"author":"Juan Pablo Berdugo","twitter_card":"summary_large_image","twitter_misc":{"Written by":"Juan Pablo Berdugo","Est. reading time":"2 minutes"},"schema":{"@context":"https:\/\/schema.org","@graph":[{"@type":"Article","@id":"https:\/\/www.fcbarcelonanoticias.com\/en\/transfers\/barca-are-out-of-options-bayer-leverkusen-close-the-door-on-jonathan-tah-exit_306931_102.html#article","isPartOf":{"@id":"https:\/\/www.fcbarcelonanoticias.com\/en\/transfers\/barca-are-out-of-options-bayer-leverkusen-close-the-door-on-jonathan-tah-exit_306931_102.html"},"author":{"name":"Juan Pablo Berdugo","@id":"https:\/\/www.fcbarcelonanoticias.com\/en\/#\/schema\/person\/88d756918a0a1ae9fa593b5edddd1815"},"headline":"Bar\u00e7a are out of options! Bayer Leverkusen close the door on Jonathan Tah&#8217;s exit","datePublished":"2024-08-30T18:31:00+00:00","dateModified":"2024-09-08T03:51:00+00:00","mainEntityOfPage":{"@id":"https:\/\/www.fcbarcelonanoticias.com\/en\/transfers\/barca-are-out-of-options-bayer-leverkusen-close-the-door-on-jonathan-tah-exit_306931_102.html"},"wordCount":395,"image":{"@id":"https:\/\/www.fcbarcelonanoticias.com\/en\/transfers\/barca-are-out-of-options-bayer-leverkusen-close-the-door-on-jonathan-tah-exit_306931_102.html#primaryimage"},"thumbnailUrl":"https:\/\/www.fcbarcelonanoticias.com\/en\/wp-content\/uploads\/sites\/2\/2024\/08\/jonathan-tah-en-un-partido-del-bayer-leverkusen.jpeg","keywords":["Bayer Leverkusen","Jonathan Tah"],"articleSection":["Transfers","Transfers"],"inLanguage":"en-US"},{"@type":"WebPage","@id":"https:\/\/www.fcbarcelonanoticias.com\/en\/transfers\/barca-are-out-of-options-bayer-leverkusen-close-the-door-on-jonathan-tah-exit_306931_102.html","url":"https:\/\/www.fcbarcelonanoticias.com\/en\/transfers\/barca-are-out-of-options-bayer-leverkusen-close-the-door-on-jonathan-tah-exit_306931_102.html","name":"Bar\u00e7a are out of options! Bayer Leverkusen close the door on Jonathan Tah's exit","isPartOf":{"@id":"https:\/\/www.fcbarcelonanoticias.com\/en\/#website"},"primaryImageOfPage":{"@id":"https:\/\/www.fcbarcelonanoticias.com\/en\/transfers\/barca-are-out-of-options-bayer-leverkusen-close-the-door-on-jonathan-tah-exit_306931_102.html#primaryimage"},"image":{"@id":"https:\/\/www.fcbarcelonanoticias.com\/en\/transfers\/barca-are-out-of-options-bayer-leverkusen-close-the-door-on-jonathan-tah-exit_306931_102.html#primaryimage"},"thumbnailUrl":"https:\/\/www.fcbarcelonanoticias.com\/en\/wp-content\/uploads\/sites\/2\/2024\/08\/jonathan-tah-en-un-partido-del-bayer-leverkusen.jpeg","datePublished":"2024-08-30T18:31:00+00:00","dateModified":"2024-09-08T03:51:00+00:00","author":{"@id":"https:\/\/www.fcbarcelonanoticias.com\/en\/#\/schema\/person\/88d756918a0a1ae9fa593b5edddd1815"},"description":"The arrival of Jonathan Tah to Bar\u00e7a is completely ruled out. Bayer Leverkusen remained firm in their position and closed the door on his departure, so they would have to wait until 2025 to try to sign him again","breadcrumb":{"@id":"https:\/\/www.fcbarcelonanoticias.com\/en\/transfers\/barca-are-out-of-options-bayer-leverkusen-close-the-door-on-jonathan-tah-exit_306931_102.html#breadcrumb"},"inLanguage":"en-US","potentialAction":[{"@type":"ReadAction","target":["https:\/\/www.fcbarcelonanoticias.com\/en\/transfers\/barca-are-out-of-options-bayer-leverkusen-close-the-door-on-jonathan-tah-exit_306931_102.html"]}]},{"@type":"ImageObject","inLanguage":"en-US","@id":"https:\/\/www.fcbarcelonanoticias.com\/en\/transfers\/barca-are-out-of-options-bayer-leverkusen-close-the-door-on-jonathan-tah-exit_306931_102.html#primaryimage","url":"https:\/\/www.fcbarcelonanoticias.com\/en\/wp-content\/uploads\/sites\/2\/2024\/08\/jonathan-tah-en-un-partido-del-bayer-leverkusen.jpeg","contentUrl":"https:\/\/www.fcbarcelonanoticias.com\/en\/wp-content\/uploads\/sites\/2\/2024\/08\/jonathan-tah-en-un-partido-del-bayer-leverkusen.jpeg","width":2338,"height":1316},{"@type":"BreadcrumbList","@id":"https:\/\/www.fcbarcelonanoticias.com\/en\/transfers\/barca-are-out-of-options-bayer-leverkusen-close-the-door-on-jonathan-tah-exit_306931_102.html#breadcrumb","itemListElement":[{"@type":"ListItem","position":1,"name":"Portada","item":"https:\/\/www.fcbarcelonanoticias.com\/en\/"},{"@type":"ListItem","position":2,"name":"Bar\u00e7a are out of options! Bayer Leverkusen close the door on Jonathan Tah&#8217;s exit"}]},{"@type":"WebSite","@id":"https:\/\/www.fcbarcelonanoticias.com\/en\/#website","url":"https:\/\/www.fcbarcelonanoticias.com\/en\/","name":"EN - FC Barcelona Noticias","description":"","potentialAction":[{"@type":"SearchAction","target":{"@type":"EntryPoint","urlTemplate":"https:\/\/www.fcbarcelonanoticias.com\/en\/?s={search_term_string}"},"query-input":{"@type":"PropertyValueSpecification","valueRequired":true,"valueName":"search_term_string"}}],"inLanguage":"en-US"},{"@type":"Person","@id":"https:\/\/www.fcbarcelonanoticias.com\/en\/#\/schema\/person\/88d756918a0a1ae9fa593b5edddd1815","name":"Juan Pablo Berdugo","image":{"@type":"ImageObject","inLanguage":"en-US","@id":"https:\/\/secure.gravatar.com\/avatar\/?s=96&d=mm&r=g","url":"https:\/\/secure.gravatar.com\/avatar\/?s=96&d=mm&r=g","contentUrl":"https:\/\/secure.gravatar.com\/avatar\/?s=96&d=mm&r=g","caption":"Juan Pablo Berdugo"},"description":"Juan Pablo Berdugo es graduado en Periodismo. Colabora con FCBN como especialista en informaci\u00f3n del primer equipo del FC Barcelona, f\u00fatbol internacional y mercado de fichajes. Destaca por su enfoque anal\u00edtico, su rigor informativo y su capacidad para detectar tendencias emergentes en el f\u00fatbol global.","url":"https:\/\/www.fcbarcelonanoticias.com\/en\/fc-barcelona\/juan-pablo-berdugo_18_115.html"}]}},"_links":{"self":[{"href":"https:\/\/www.fcbarcelonanoticias.com\/en\/wp-json\/wp\/v2\/posts\/91320","targetHints":{"allow":["GET"]}}],"collection":[{"href":"https:\/\/www.fcbarcelonanoticias.com\/en\/wp-json\/wp\/v2\/posts"}],"about":[{"href":"https:\/\/www.fcbarcelonanoticias.com\/en\/wp-json\/wp\/v2\/types\/post"}],"author":[{"embeddable":true,"href":"https:\/\/www.fcbarcelonanoticias.com\/en\/wp-json\/wp\/v2\/users\/358"}],"replies":[{"embeddable":true,"href":"https:\/\/www.fcbarcelonanoticias.com\/en\/wp-json\/wp\/v2\/comments?post=91320"}],"version-history":[{"count":1,"href":"https:\/\/www.fcbarcelonanoticias.com\/en\/wp-json\/wp\/v2\/posts\/91320\/revisions"}],"predecessor-version":[{"id":91323,"href":"https:\/\/www.fcbarcelonanoticias.com\/en\/wp-json\/wp\/v2\/posts\/91320\/revisions\/91323"}],"wp:featuredmedia":[{"embeddable":true,"href":"https:\/\/www.fcbarcelonanoticias.com\/en\/wp-json\/wp\/v2\/media\/39174"}],"wp:attachment":[{"href":"https:\/\/www.fcbarcelonanoticias.com\/en\/wp-json\/wp\/v2\/media?parent=91320"}],"wp:term":[{"taxonomy":"category","embeddable":true,"href":"https:\/\/www.fcbarcelonanoticias.com\/en\/wp-json\/wp\/v2\/categories?post=91320"},{"taxonomy":"post_tag","embeddable":true,"href":"https:\/\/www.fcbarcelonanoticias.com\/en\/wp-json\/wp\/v2\/tags?post=91320"}],"curies":[{"name":"wp","href":"https:\/\/api.w.org\/{rel}","templated":true}]}}