{"id":91339,"date":"2023-05-11T17:12:00","date_gmt":"2023-05-11T15:12:00","guid":{"rendered":"https:\/\/weisetech.dev\/fc-barcelona-noticias\/en\/barca-are-looking-to-bring-back-one-of-their-loan-players-to-strengthen-their-defence_308409_102\/"},"modified":"2023-05-11T17:12:00","modified_gmt":"2023-05-11T15:12:00","slug":"barca-can-surprise-in-summer-with-market-target_292279_102","status":"publish","type":"post","link":"https:\/\/www.fcbarcelonanoticias.com\/en\/transfers\/barca-can-surprise-in-summer-with-market-target_292279_102.html","title":{"rendered":"Bar\u00e7a can surprise in summer with a market target"},"content":{"rendered":"<h2 class=\"wp-block-heading\">From the Camp Nou they do not stop in the planning of the next summer market and from the offices they believe that they could make an extra effort to improve a specific position<\/h2>  \r\n<div class=\"article-addons\">\r\n    <a href=\"https:\/\/www.fcbarcelonanoticias.com\/en\/calendar-fc-barcelona.html\"\r\n       target=\"_self\"\r\n       title=\"Calendar of FC Barcelona\"\r\n       class=\"blue-gredient-btn\">\r\n       \r\n        Calendar of FC Barcelona    <\/a>\r\n<\/div>   <p>The FC Barcelona has to renew his line of attack this next summer after a season in which Xavi Hern\u00e1ndez finished opting more by a system of four mediocampistas, extraneous to his style, by the fault of confidence in his extremes. And it is that <strong>the exit of Memphis Depay in winter, whereby there was not replacement, and the injury of Demb\u00e9l\u00e9 some days afterwards left in evidence that does lacking to give a jump of quality in this part of the staff.<\/strong><\/p>  <p>The defence, as well as the midfield, sustained <a data-external=\"0\" data-intl-links-en=\"https:\/\/www.fcbarcelonanoticias.com\/en\/laliga-classification.html\" data-intl-links-es=\"https:\/\/www.fcbarcelonanoticias.com\/laliga-clasificacion.html\" href=\"https:\/\/www.fcbarcelonanoticias.com\/en\/laliga-classification.html\" rel=\"follow\" target=\"_self\" title=\"LaLiga - Clasificaci\u00f3n\">the big season in League<\/a>, but in decisive meetings the Bar\u00e7a remained short to the not being able to have a big weight in attack. It is thus, and also by the need to improve his &#8216;fair play&#8217; financial, <strong>that the club blaugrana has put planted in the ramp of exit to Ansu Fati, Raphinha and Ferr\u00e1n Torres and like minimum two of them will go out of the entity.<\/strong><\/p>  <h2>Change of grui\u00f3n with the Barcelona attack<\/h2>  <p>With the ideal stage that the three attackers leave , the Bar\u00e7a could bet also by sondear the market in search of a left extreme of elite, something similar to what represents Demb\u00e9l\u00e9 in the right. <strong>Although certainly the arrival of Leo Messi could send to the French to this zone of the field, is true that is not so determinant, <\/strong>and the options of Carrasco and Abde are not, in the theory, a solution of first level.<\/p>  <p><strong>By all this &#8216;Sport&#8217; explains that <a data-external=\"0\" data-intl-links-en=\"https:\/\/www.fcbarcelonanoticias.com\/en\/laliga\/xavi-could-have-every-squad-available-derbi-espanyol_292275_102.html\" data-intl-links-es=\"https:\/\/www.fcbarcelonanoticias.com\/laliga\/xavi-podria-tener-toda-plantilla-disponible-derbi-espanyol_292275_102.html\" href=\"https:\/\/www.fcbarcelonanoticias.com\/en\/laliga\/xavi-could-have-every-squad-available-derbi-espanyol_292275_102.html\" rel=\"follow\" target=\"_self\" title=\"Xavi podr\u00eda tener toda la plantilla disponible para el derbi ante el Espanyol\">the technical body<\/a> bet by a market that allow him to the team have a big rise regarding capacity goleadora,<\/strong> something that this season clearly has been missing with several 1-0 and 0-0 during the course. In fact, many times Robert Lewandowski saw isolated and lacking of occasions, by what add a much more differential player could put to the Bar\u00e7a to compete with the best teams of Europe.<\/p>  <h2>It can that it was not sufficient with what there is in folder<\/h2>  <p><strong>It seems a fact that Abde will do the pre-season with the team, and that Carrasco will be the first option, as they advance the negotiations with the Atleti. <\/strong>However, the Moroccan could leave if it arrives an important offer by him, and the Belgian could remain sideways if the colchoneros plant in the option of purchase that both clubs agreed the past market of winter.<\/p> ","protected":false},"excerpt":{"rendered":"<p>From the Camp Nou they do not stop in the planning of the next summer market and from the offices they believe that they could make an extra effort to improve a specific position The FC Barcelona has to renew his line of attack this next summer after a season in which Xavi Hern\u00e1ndez finished [&hellip;]<\/p>\n","protected":false},"author":345,"featured_media":23809,"comment_status":"closed","ping_status":"open","sticky":false,"template":"","format":"standard","meta":{"_acf_changed":false,"inline_featured_image":false,"_nextfly_llmd_date_locked":false,"footnotes":""},"categories":[106,449],"tags":[158,329,48],"class_list":["post-91339","post","type-post","status-publish","format-standard","has-post-thumbnail","hentry","category-transfers","category-transfers-2","tag-joan-laporta","tag-mateu-alemany","tag-xavi-hernandez"],"acf":[],"yoast_head":"<!-- This site is optimized with the Yoast SEO plugin v27.3 - https:\/\/yoast.com\/product\/yoast-seo-wordpress\/ -->\n<title>Bar\u00e7a can surprise in summer with a market target<\/title>\n<meta name=\"description\" content=\"From the Camp Nou they do not stop in the planning of the next summer market and from the offices they believe that they could make an extra effort to improve a specific position\" \/>\n<meta name=\"robots\" content=\"index, follow, max-snippet:-1, max-image-preview:large, max-video-preview:-1\" \/>\n<link rel=\"canonical\" href=\"https:\/\/www.fcbarcelonanoticias.com\/en\/transfers\/barca-can-surprise-in-summer-with-market-target_292279_102.html\" \/>\n<meta property=\"og:locale\" content=\"en_US\" \/>\n<meta property=\"og:type\" content=\"article\" \/>\n<meta property=\"og:title\" content=\"Bar\u00e7a can surprise in summer with a market target\" \/>\n<meta property=\"og:description\" content=\"From the Camp Nou they do not stop in the planning of the next summer market and from the offices they believe that they could make an extra effort to improve a specific position\" \/>\n<meta property=\"og:url\" content=\"https:\/\/www.fcbarcelonanoticias.com\/en\/transfers\/barca-can-surprise-in-summer-with-market-target_292279_102.html\" \/>\n<meta property=\"og:site_name\" content=\"EN - FC Barcelona Noticias\" \/>\n<meta property=\"article:published_time\" content=\"2023-05-11T15:12:00+00:00\" \/>\n<meta property=\"og:image\" content=\"https:\/\/www.fcbarcelonanoticias.com\/en\/wp-content\/uploads\/sites\/2\/2021\/11\/joan-laporta-xavi.jpeg\" \/>\n\t<meta property=\"og:image:width\" content=\"1200\" \/>\n\t<meta property=\"og:image:height\" content=\"700\" \/>\n\t<meta property=\"og:image:type\" content=\"image\/jpeg\" \/>\n<meta name=\"author\" content=\"Carlos Montenegro\" \/>\n<meta name=\"twitter:card\" content=\"summary_large_image\" \/>\n<meta name=\"twitter:label1\" content=\"Written by\" \/>\n\t<meta name=\"twitter:data1\" content=\"Carlos Montenegro\" \/>\n\t<meta name=\"twitter:label2\" content=\"Est. reading time\" \/>\n\t<meta name=\"twitter:data2\" content=\"2 minutes\" \/>\n<script type=\"application\/ld+json\" class=\"yoast-schema-graph\">{\"@context\":\"https:\\\/\\\/schema.org\",\"@graph\":[{\"@type\":\"Article\",\"@id\":\"https:\\\/\\\/www.fcbarcelonanoticias.com\\\/en\\\/transfers\\\/barca-can-surprise-in-summer-with-market-target_292279_102.html#article\",\"isPartOf\":{\"@id\":\"https:\\\/\\\/www.fcbarcelonanoticias.com\\\/en\\\/transfers\\\/barca-can-surprise-in-summer-with-market-target_292279_102.html\"},\"author\":{\"name\":\"Carlos Montenegro\",\"@id\":\"https:\\\/\\\/www.fcbarcelonanoticias.com\\\/en\\\/#\\\/schema\\\/person\\\/aa1d038709c262cb247e240f6b39bbf5\"},\"headline\":\"Bar\u00e7a can surprise in summer with a market target\",\"datePublished\":\"2023-05-11T15:12:00+00:00\",\"mainEntityOfPage\":{\"@id\":\"https:\\\/\\\/www.fcbarcelonanoticias.com\\\/en\\\/transfers\\\/barca-can-surprise-in-summer-with-market-target_292279_102.html\"},\"wordCount\":451,\"image\":{\"@id\":\"https:\\\/\\\/www.fcbarcelonanoticias.com\\\/en\\\/transfers\\\/barca-can-surprise-in-summer-with-market-target_292279_102.html#primaryimage\"},\"thumbnailUrl\":\"https:\\\/\\\/www.fcbarcelonanoticias.com\\\/en\\\/wp-content\\\/uploads\\\/sites\\\/2\\\/2021\\\/11\\\/joan-laporta-xavi.jpeg\",\"keywords\":[\"Joan Laporta\",\"Mateu Alemany\",\"Xavi Hern\u00e1ndez\"],\"articleSection\":[\"Transfers\",\"Transfers\"],\"inLanguage\":\"en-US\"},{\"@type\":\"WebPage\",\"@id\":\"https:\\\/\\\/www.fcbarcelonanoticias.com\\\/en\\\/transfers\\\/barca-can-surprise-in-summer-with-market-target_292279_102.html\",\"url\":\"https:\\\/\\\/www.fcbarcelonanoticias.com\\\/en\\\/transfers\\\/barca-can-surprise-in-summer-with-market-target_292279_102.html\",\"name\":\"Bar\u00e7a can surprise in summer with a market target\",\"isPartOf\":{\"@id\":\"https:\\\/\\\/www.fcbarcelonanoticias.com\\\/en\\\/#website\"},\"primaryImageOfPage\":{\"@id\":\"https:\\\/\\\/www.fcbarcelonanoticias.com\\\/en\\\/transfers\\\/barca-can-surprise-in-summer-with-market-target_292279_102.html#primaryimage\"},\"image\":{\"@id\":\"https:\\\/\\\/www.fcbarcelonanoticias.com\\\/en\\\/transfers\\\/barca-can-surprise-in-summer-with-market-target_292279_102.html#primaryimage\"},\"thumbnailUrl\":\"https:\\\/\\\/www.fcbarcelonanoticias.com\\\/en\\\/wp-content\\\/uploads\\\/sites\\\/2\\\/2021\\\/11\\\/joan-laporta-xavi.jpeg\",\"datePublished\":\"2023-05-11T15:12:00+00:00\",\"author\":{\"@id\":\"https:\\\/\\\/www.fcbarcelonanoticias.com\\\/en\\\/#\\\/schema\\\/person\\\/aa1d038709c262cb247e240f6b39bbf5\"},\"description\":\"From the Camp Nou they do not stop in the planning of the next summer market and from the offices they believe that they could make an extra effort to improve a specific position\",\"breadcrumb\":{\"@id\":\"https:\\\/\\\/www.fcbarcelonanoticias.com\\\/en\\\/transfers\\\/barca-can-surprise-in-summer-with-market-target_292279_102.html#breadcrumb\"},\"inLanguage\":\"en-US\",\"potentialAction\":[{\"@type\":\"ReadAction\",\"target\":[\"https:\\\/\\\/www.fcbarcelonanoticias.com\\\/en\\\/transfers\\\/barca-can-surprise-in-summer-with-market-target_292279_102.html\"]}]},{\"@type\":\"ImageObject\",\"inLanguage\":\"en-US\",\"@id\":\"https:\\\/\\\/www.fcbarcelonanoticias.com\\\/en\\\/transfers\\\/barca-can-surprise-in-summer-with-market-target_292279_102.html#primaryimage\",\"url\":\"https:\\\/\\\/www.fcbarcelonanoticias.com\\\/en\\\/wp-content\\\/uploads\\\/sites\\\/2\\\/2021\\\/11\\\/joan-laporta-xavi.jpeg\",\"contentUrl\":\"https:\\\/\\\/www.fcbarcelonanoticias.com\\\/en\\\/wp-content\\\/uploads\\\/sites\\\/2\\\/2021\\\/11\\\/joan-laporta-xavi.jpeg\",\"width\":1200,\"height\":700},{\"@type\":\"BreadcrumbList\",\"@id\":\"https:\\\/\\\/www.fcbarcelonanoticias.com\\\/en\\\/transfers\\\/barca-can-surprise-in-summer-with-market-target_292279_102.html#breadcrumb\",\"itemListElement\":[{\"@type\":\"ListItem\",\"position\":1,\"name\":\"Portada\",\"item\":\"https:\\\/\\\/www.fcbarcelonanoticias.com\\\/en\\\/\"},{\"@type\":\"ListItem\",\"position\":2,\"name\":\"Bar\u00e7a can surprise in summer with a market target\"}]},{\"@type\":\"WebSite\",\"@id\":\"https:\\\/\\\/www.fcbarcelonanoticias.com\\\/en\\\/#website\",\"url\":\"https:\\\/\\\/www.fcbarcelonanoticias.com\\\/en\\\/\",\"name\":\"EN - FC Barcelona Noticias\",\"description\":\"\",\"potentialAction\":[{\"@type\":\"SearchAction\",\"target\":{\"@type\":\"EntryPoint\",\"urlTemplate\":\"https:\\\/\\\/www.fcbarcelonanoticias.com\\\/en\\\/?s={search_term_string}\"},\"query-input\":{\"@type\":\"PropertyValueSpecification\",\"valueRequired\":true,\"valueName\":\"search_term_string\"}}],\"inLanguage\":\"en-US\"},{\"@type\":\"Person\",\"@id\":\"https:\\\/\\\/www.fcbarcelonanoticias.com\\\/en\\\/#\\\/schema\\\/person\\\/aa1d038709c262cb247e240f6b39bbf5\",\"name\":\"Carlos Montenegro\",\"image\":{\"@type\":\"ImageObject\",\"inLanguage\":\"en-US\",\"@id\":\"https:\\\/\\\/secure.gravatar.com\\\/avatar\\\/?s=96&d=mm&r=g\",\"url\":\"https:\\\/\\\/secure.gravatar.com\\\/avatar\\\/?s=96&d=mm&r=g\",\"contentUrl\":\"https:\\\/\\\/secure.gravatar.com\\\/avatar\\\/?s=96&d=mm&r=g\",\"caption\":\"Carlos Montenegro\"},\"url\":\"https:\\\/\\\/www.fcbarcelonanoticias.com\\\/en\\\/carlos-montenegro_20_115.html\"}]}<\/script>\n<!-- \/ Yoast SEO plugin. -->","yoast_head_json":{"title":"Bar\u00e7a can surprise in summer with a market target","description":"From the Camp Nou they do not stop in the planning of the next summer market and from the offices they believe that they could make an extra effort to improve a specific position","robots":{"index":"index","follow":"follow","max-snippet":"max-snippet:-1","max-image-preview":"max-image-preview:large","max-video-preview":"max-video-preview:-1"},"canonical":"https:\/\/www.fcbarcelonanoticias.com\/en\/transfers\/barca-can-surprise-in-summer-with-market-target_292279_102.html","og_locale":"en_US","og_type":"article","og_title":"Bar\u00e7a can surprise in summer with a market target","og_description":"From the Camp Nou they do not stop in the planning of the next summer market and from the offices they believe that they could make an extra effort to improve a specific position","og_url":"https:\/\/www.fcbarcelonanoticias.com\/en\/transfers\/barca-can-surprise-in-summer-with-market-target_292279_102.html","og_site_name":"EN - FC Barcelona Noticias","article_published_time":"2023-05-11T15:12:00+00:00","og_image":[{"width":1200,"height":700,"url":"https:\/\/www.fcbarcelonanoticias.com\/en\/wp-content\/uploads\/sites\/2\/2021\/11\/joan-laporta-xavi.jpeg","type":"image\/jpeg"}],"author":"Carlos Montenegro","twitter_card":"summary_large_image","twitter_misc":{"Written by":"Carlos Montenegro","Est. reading time":"2 minutes"},"schema":{"@context":"https:\/\/schema.org","@graph":[{"@type":"Article","@id":"https:\/\/www.fcbarcelonanoticias.com\/en\/transfers\/barca-can-surprise-in-summer-with-market-target_292279_102.html#article","isPartOf":{"@id":"https:\/\/www.fcbarcelonanoticias.com\/en\/transfers\/barca-can-surprise-in-summer-with-market-target_292279_102.html"},"author":{"name":"Carlos Montenegro","@id":"https:\/\/www.fcbarcelonanoticias.com\/en\/#\/schema\/person\/aa1d038709c262cb247e240f6b39bbf5"},"headline":"Bar\u00e7a can surprise in summer with a market target","datePublished":"2023-05-11T15:12:00+00:00","mainEntityOfPage":{"@id":"https:\/\/www.fcbarcelonanoticias.com\/en\/transfers\/barca-can-surprise-in-summer-with-market-target_292279_102.html"},"wordCount":451,"image":{"@id":"https:\/\/www.fcbarcelonanoticias.com\/en\/transfers\/barca-can-surprise-in-summer-with-market-target_292279_102.html#primaryimage"},"thumbnailUrl":"https:\/\/www.fcbarcelonanoticias.com\/en\/wp-content\/uploads\/sites\/2\/2021\/11\/joan-laporta-xavi.jpeg","keywords":["Joan Laporta","Mateu Alemany","Xavi Hern\u00e1ndez"],"articleSection":["Transfers","Transfers"],"inLanguage":"en-US"},{"@type":"WebPage","@id":"https:\/\/www.fcbarcelonanoticias.com\/en\/transfers\/barca-can-surprise-in-summer-with-market-target_292279_102.html","url":"https:\/\/www.fcbarcelonanoticias.com\/en\/transfers\/barca-can-surprise-in-summer-with-market-target_292279_102.html","name":"Bar\u00e7a can surprise in summer with a market target","isPartOf":{"@id":"https:\/\/www.fcbarcelonanoticias.com\/en\/#website"},"primaryImageOfPage":{"@id":"https:\/\/www.fcbarcelonanoticias.com\/en\/transfers\/barca-can-surprise-in-summer-with-market-target_292279_102.html#primaryimage"},"image":{"@id":"https:\/\/www.fcbarcelonanoticias.com\/en\/transfers\/barca-can-surprise-in-summer-with-market-target_292279_102.html#primaryimage"},"thumbnailUrl":"https:\/\/www.fcbarcelonanoticias.com\/en\/wp-content\/uploads\/sites\/2\/2021\/11\/joan-laporta-xavi.jpeg","datePublished":"2023-05-11T15:12:00+00:00","author":{"@id":"https:\/\/www.fcbarcelonanoticias.com\/en\/#\/schema\/person\/aa1d038709c262cb247e240f6b39bbf5"},"description":"From the Camp Nou they do not stop in the planning of the next summer market and from the offices they believe that they could make an extra effort to improve a specific position","breadcrumb":{"@id":"https:\/\/www.fcbarcelonanoticias.com\/en\/transfers\/barca-can-surprise-in-summer-with-market-target_292279_102.html#breadcrumb"},"inLanguage":"en-US","potentialAction":[{"@type":"ReadAction","target":["https:\/\/www.fcbarcelonanoticias.com\/en\/transfers\/barca-can-surprise-in-summer-with-market-target_292279_102.html"]}]},{"@type":"ImageObject","inLanguage":"en-US","@id":"https:\/\/www.fcbarcelonanoticias.com\/en\/transfers\/barca-can-surprise-in-summer-with-market-target_292279_102.html#primaryimage","url":"https:\/\/www.fcbarcelonanoticias.com\/en\/wp-content\/uploads\/sites\/2\/2021\/11\/joan-laporta-xavi.jpeg","contentUrl":"https:\/\/www.fcbarcelonanoticias.com\/en\/wp-content\/uploads\/sites\/2\/2021\/11\/joan-laporta-xavi.jpeg","width":1200,"height":700},{"@type":"BreadcrumbList","@id":"https:\/\/www.fcbarcelonanoticias.com\/en\/transfers\/barca-can-surprise-in-summer-with-market-target_292279_102.html#breadcrumb","itemListElement":[{"@type":"ListItem","position":1,"name":"Portada","item":"https:\/\/www.fcbarcelonanoticias.com\/en\/"},{"@type":"ListItem","position":2,"name":"Bar\u00e7a can surprise in summer with a market target"}]},{"@type":"WebSite","@id":"https:\/\/www.fcbarcelonanoticias.com\/en\/#website","url":"https:\/\/www.fcbarcelonanoticias.com\/en\/","name":"EN - FC Barcelona Noticias","description":"","potentialAction":[{"@type":"SearchAction","target":{"@type":"EntryPoint","urlTemplate":"https:\/\/www.fcbarcelonanoticias.com\/en\/?s={search_term_string}"},"query-input":{"@type":"PropertyValueSpecification","valueRequired":true,"valueName":"search_term_string"}}],"inLanguage":"en-US"},{"@type":"Person","@id":"https:\/\/www.fcbarcelonanoticias.com\/en\/#\/schema\/person\/aa1d038709c262cb247e240f6b39bbf5","name":"Carlos Montenegro","image":{"@type":"ImageObject","inLanguage":"en-US","@id":"https:\/\/secure.gravatar.com\/avatar\/?s=96&d=mm&r=g","url":"https:\/\/secure.gravatar.com\/avatar\/?s=96&d=mm&r=g","contentUrl":"https:\/\/secure.gravatar.com\/avatar\/?s=96&d=mm&r=g","caption":"Carlos Montenegro"},"url":"https:\/\/www.fcbarcelonanoticias.com\/en\/carlos-montenegro_20_115.html"}]}},"_links":{"self":[{"href":"https:\/\/www.fcbarcelonanoticias.com\/en\/wp-json\/wp\/v2\/posts\/91339","targetHints":{"allow":["GET"]}}],"collection":[{"href":"https:\/\/www.fcbarcelonanoticias.com\/en\/wp-json\/wp\/v2\/posts"}],"about":[{"href":"https:\/\/www.fcbarcelonanoticias.com\/en\/wp-json\/wp\/v2\/types\/post"}],"author":[{"embeddable":true,"href":"https:\/\/www.fcbarcelonanoticias.com\/en\/wp-json\/wp\/v2\/users\/345"}],"replies":[{"embeddable":true,"href":"https:\/\/www.fcbarcelonanoticias.com\/en\/wp-json\/wp\/v2\/comments?post=91339"}],"version-history":[{"count":2,"href":"https:\/\/www.fcbarcelonanoticias.com\/en\/wp-json\/wp\/v2\/posts\/91339\/revisions"}],"predecessor-version":[{"id":91342,"href":"https:\/\/www.fcbarcelonanoticias.com\/en\/wp-json\/wp\/v2\/posts\/91339\/revisions\/91342"}],"wp:featuredmedia":[{"embeddable":true,"href":"https:\/\/www.fcbarcelonanoticias.com\/en\/wp-json\/wp\/v2\/media\/23809"}],"wp:attachment":[{"href":"https:\/\/www.fcbarcelonanoticias.com\/en\/wp-json\/wp\/v2\/media?parent=91339"}],"wp:term":[{"taxonomy":"category","embeddable":true,"href":"https:\/\/www.fcbarcelonanoticias.com\/en\/wp-json\/wp\/v2\/categories?post=91339"},{"taxonomy":"post_tag","embeddable":true,"href":"https:\/\/www.fcbarcelonanoticias.com\/en\/wp-json\/wp\/v2\/tags?post=91339"}],"curies":[{"name":"wp","href":"https:\/\/api.w.org\/{rel}","templated":true}]}}