{"id":91445,"date":"2023-03-27T13:42:00","date_gmt":"2023-03-27T11:42:00","guid":{"rendered":"https:\/\/weisetech.dev\/fc-barcelona-noticias\/en\/barca-could-controversial-top-right-back_290920_102\/"},"modified":"2023-03-27T13:42:00","modified_gmt":"2023-03-27T11:42:00","slug":"barca-could-controversial-top-right-back_290920_102","status":"publish","type":"post","link":"https:\/\/www.fcbarcelonanoticias.com\/en\/transfers\/barca-could-controversial-top-right-back_290920_102.html","title":{"rendered":"Bar\u00e7a could have already made a controversial decision about the signing of a &#8216;top&#8217; right-back"},"content":{"rendered":"<h2 class=\"wp-block-heading\">The FC Barcelona there would be descartado the signing of a right side, an urgent position for attending, to give priority to other demarcations. In consequence, would follow betting by Ara\u00fajo and Kound\u00e9<\/h2>  \r\n<div class=\"article-addons\">\r\n    <a href=\"https:\/\/www.fcbarcelonanoticias.com\/en\/calendar-fc-barcelona.html\"\r\n       target=\"_self\"\r\n       title=\"Calendar of FC Barcelona\"\r\n       class=\"blue-gredient-btn\">\r\n       \r\n        Calendar of FC Barcelona    <\/a>\r\n<\/div>   <p>The season 2022\/23, for the moment, already has launched several signals of the movements that has to carry out the directive of the FC Barcelona in the market estival of transfers to reinforce his staff. One of them, perhaps the most evident of all, has been <strong>the need of fichar to<a data-external=\"0\" data-intl-links-en=\"https:\/\/www.fcbarcelonanoticias.com\/en\/transfers\/dalot-meunier-cancel-alternatives-fc-barcelona-right-back_290327_102.html\" data-intl-links-es=\"https:\/\/www.fcbarcelonanoticias.com\/fichajes\/dalot-meunier-cancelo-alternativas-fc-barcelona-lateral-derecho_290327_102.html\" href=\"https:\/\/www.fcbarcelonanoticias.com\/en\/transfers\/dalot-meunier-cancel-alternatives-fc-barcelona-right-back_290327_102.html\" rel=\"follow\" target=\"_self\" title=\"Dalot, Meunier y Cancelo, alternativas del Bar\u00e7a para el lateral derecho\"> a right side<\/a><\/strong>. However, this subject seems to have happened to second plane.<\/p>  <p>In accordance with the last informations that have circulated in the skilled press, the planning of the Bar\u00e7a in matter of signings would have suffered some modifications, all time that the club would be by the work to reinforce other sectors of the field, except which perhaps was the most urgent for attending, especially after the <a data-external=\"0\" data-intl-links-en=\"https:\/\/www.fcbarcelonanoticias.com\/en\/players\/bellerin-last-canterano-list-to-return-fail-the-barca_289276_102.html\" data-intl-links-es=\"https:\/\/www.fcbarcelonanoticias.com\/jugadores\/bellerin-ultimo-canterano-lista-en-regresar-fracasar-en-el-barca_289276_102.html\" href=\"https:\/\/www.fcbarcelonanoticias.com\/en\/players\/bellerin-last-canterano-list-to-return-fail-the-barca_289276_102.html\" rel=\"follow\" target=\"_self\" title=\"Bellerin, el ultimo canterano de la lista en regresar y fracasar&nbsp;en&nbsp;el&nbsp;Bar\u00e7a\">exit of H\u00e9ctor Beller\u00edn<\/a>.<\/p>  <h3>The reasons of the Bar\u00e7a<\/h3>  <p>The main obstacles for the Barcelona team in the market are of economic character. The mass salarial in function of the &#8216;fair play financial&#8217; and the possible implications of the &#8216;Case Negreira&#8217; could entorpecer the operations. Aunado To this<strong>, the offer of carrileros right-handed in the market is not very wide<\/strong>, by what elevate the costs.<\/p>  <p>In concrete, <strong>these would oscillate between the 40 or 50 million euros in case to want to bring to a right side &#8216;top&#8217;<\/strong>, a mount that the club only would disburse in case to attain an or more significant sales. And to add such quantity to his arks, would allocate these bottoms to cover other demarcations, as the ones of the centre of the field.<\/p>  <h2>The Bar\u00e7a will bet by what has<\/h2>  <p>In such sense, the Barcelona team could finish keeping these lacks in the defensive plane and betting again for using to head offices like Ronald Ara\u00fajo or Jules Kound\u00e9 to fulfil with these functions. Besides, no all the profiles of right sides in the market have convinced to the Bar\u00e7a. <strong>One of which had the ideal qualities was Bad Taste, but would finish leaving to Chelsea in winter<\/strong>.<\/p> ","protected":false},"excerpt":{"rendered":"<p>The FC Barcelona there would be descartado the signing of a right side, an urgent position for attending, to give priority to other demarcations. In consequence, would follow betting by Ara\u00fajo and Kound\u00e9 The season 2022\/23, for the moment, already has launched several signals of the movements that has to carry out the directive of [&hellip;]<\/p>\n","protected":false},"author":363,"featured_media":37072,"comment_status":"closed","ping_status":"open","sticky":false,"template":"","format":"standard","meta":{"_acf_changed":false,"inline_featured_image":false,"_nextfly_llmd_date_locked":false,"footnotes":""},"categories":[106,449],"tags":[],"class_list":["post-91445","post","type-post","status-publish","format-standard","has-post-thumbnail","hentry","category-transfers","category-transfers-2"],"acf":[],"yoast_head":"<!-- This site is optimized with the Yoast SEO plugin v27.3 - https:\/\/yoast.com\/product\/yoast-seo-wordpress\/ -->\n<title>Bar\u00e7a could have already made a controversial decision about the signing of a &#039;top&#039; right-back<\/title>\n<meta name=\"description\" content=\"The FC Barcelona there would be descartado the signing of a right side, an urgent position for attending, to give priority to other demarcations. In consequence, would follow betting by Ara\u00fajo and Kound\u00e9\" \/>\n<meta name=\"robots\" content=\"index, follow, max-snippet:-1, max-image-preview:large, max-video-preview:-1\" \/>\n<link rel=\"canonical\" href=\"https:\/\/www.fcbarcelonanoticias.com\/en\/transfers\/barca-could-controversial-top-right-back_290920_102.html\" \/>\n<meta property=\"og:locale\" content=\"en_US\" \/>\n<meta property=\"og:type\" content=\"article\" \/>\n<meta property=\"og:title\" content=\"Bar\u00e7a could have already made a controversial decision about the signing of a &#039;top&#039; right-back\" \/>\n<meta property=\"og:description\" content=\"The FC Barcelona there would be descartado the signing of a right side, an urgent position for attending, to give priority to other demarcations. In consequence, would follow betting by Ara\u00fajo and Kound\u00e9\" \/>\n<meta property=\"og:url\" content=\"https:\/\/www.fcbarcelonanoticias.com\/en\/transfers\/barca-could-controversial-top-right-back_290920_102.html\" \/>\n<meta property=\"og:site_name\" content=\"EN - FC Barcelona Noticias\" \/>\n<meta property=\"article:published_time\" content=\"2023-03-27T11:42:00+00:00\" \/>\n<meta property=\"og:image\" content=\"https:\/\/www.fcbarcelonanoticias.com\/en\/wp-content\/uploads\/sites\/2\/2022\/09\/araujo-y-kounde-con-el-barca.jpeg\" \/>\n\t<meta property=\"og:image:width\" content=\"1300\" \/>\n\t<meta property=\"og:image:height\" content=\"750\" \/>\n\t<meta property=\"og:image:type\" content=\"image\/jpeg\" \/>\n<meta name=\"author\" content=\"Claudio Betancourt\" \/>\n<meta name=\"twitter:card\" content=\"summary_large_image\" \/>\n<meta name=\"twitter:label1\" content=\"Written by\" \/>\n\t<meta name=\"twitter:data1\" content=\"Claudio Betancourt\" \/>\n\t<meta name=\"twitter:label2\" content=\"Est. reading time\" \/>\n\t<meta name=\"twitter:data2\" content=\"2 minutes\" \/>\n<script type=\"application\/ld+json\" class=\"yoast-schema-graph\">{\"@context\":\"https:\\\/\\\/schema.org\",\"@graph\":[{\"@type\":\"Article\",\"@id\":\"https:\\\/\\\/www.fcbarcelonanoticias.com\\\/en\\\/transfers\\\/barca-could-controversial-top-right-back_290920_102.html#article\",\"isPartOf\":{\"@id\":\"https:\\\/\\\/www.fcbarcelonanoticias.com\\\/en\\\/transfers\\\/barca-could-controversial-top-right-back_290920_102.html\"},\"author\":{\"name\":\"Claudio Betancourt\",\"@id\":\"https:\\\/\\\/www.fcbarcelonanoticias.com\\\/en\\\/#\\\/schema\\\/person\\\/76c77917e39f918eb1604c571055386e\"},\"headline\":\"Bar\u00e7a could have already made a controversial decision about the signing of a &#8216;top&#8217; right-back\",\"datePublished\":\"2023-03-27T11:42:00+00:00\",\"mainEntityOfPage\":{\"@id\":\"https:\\\/\\\/www.fcbarcelonanoticias.com\\\/en\\\/transfers\\\/barca-could-controversial-top-right-back_290920_102.html\"},\"wordCount\":379,\"image\":{\"@id\":\"https:\\\/\\\/www.fcbarcelonanoticias.com\\\/en\\\/transfers\\\/barca-could-controversial-top-right-back_290920_102.html#primaryimage\"},\"thumbnailUrl\":\"https:\\\/\\\/www.fcbarcelonanoticias.com\\\/en\\\/wp-content\\\/uploads\\\/sites\\\/2\\\/2022\\\/09\\\/araujo-y-kounde-con-el-barca.jpeg\",\"articleSection\":[\"Transfers\",\"Transfers\"],\"inLanguage\":\"en-US\"},{\"@type\":\"WebPage\",\"@id\":\"https:\\\/\\\/www.fcbarcelonanoticias.com\\\/en\\\/transfers\\\/barca-could-controversial-top-right-back_290920_102.html\",\"url\":\"https:\\\/\\\/www.fcbarcelonanoticias.com\\\/en\\\/transfers\\\/barca-could-controversial-top-right-back_290920_102.html\",\"name\":\"Bar\u00e7a could have already made a controversial decision about the signing of a 'top' right-back\",\"isPartOf\":{\"@id\":\"https:\\\/\\\/www.fcbarcelonanoticias.com\\\/en\\\/#website\"},\"primaryImageOfPage\":{\"@id\":\"https:\\\/\\\/www.fcbarcelonanoticias.com\\\/en\\\/transfers\\\/barca-could-controversial-top-right-back_290920_102.html#primaryimage\"},\"image\":{\"@id\":\"https:\\\/\\\/www.fcbarcelonanoticias.com\\\/en\\\/transfers\\\/barca-could-controversial-top-right-back_290920_102.html#primaryimage\"},\"thumbnailUrl\":\"https:\\\/\\\/www.fcbarcelonanoticias.com\\\/en\\\/wp-content\\\/uploads\\\/sites\\\/2\\\/2022\\\/09\\\/araujo-y-kounde-con-el-barca.jpeg\",\"datePublished\":\"2023-03-27T11:42:00+00:00\",\"author\":{\"@id\":\"https:\\\/\\\/www.fcbarcelonanoticias.com\\\/en\\\/#\\\/schema\\\/person\\\/76c77917e39f918eb1604c571055386e\"},\"description\":\"The FC Barcelona there would be descartado the signing of a right side, an urgent position for attending, to give priority to other demarcations. In consequence, would follow betting by Ara\u00fajo and Kound\u00e9\",\"breadcrumb\":{\"@id\":\"https:\\\/\\\/www.fcbarcelonanoticias.com\\\/en\\\/transfers\\\/barca-could-controversial-top-right-back_290920_102.html#breadcrumb\"},\"inLanguage\":\"en-US\",\"potentialAction\":[{\"@type\":\"ReadAction\",\"target\":[\"https:\\\/\\\/www.fcbarcelonanoticias.com\\\/en\\\/transfers\\\/barca-could-controversial-top-right-back_290920_102.html\"]}]},{\"@type\":\"ImageObject\",\"inLanguage\":\"en-US\",\"@id\":\"https:\\\/\\\/www.fcbarcelonanoticias.com\\\/en\\\/transfers\\\/barca-could-controversial-top-right-back_290920_102.html#primaryimage\",\"url\":\"https:\\\/\\\/www.fcbarcelonanoticias.com\\\/en\\\/wp-content\\\/uploads\\\/sites\\\/2\\\/2022\\\/09\\\/araujo-y-kounde-con-el-barca.jpeg\",\"contentUrl\":\"https:\\\/\\\/www.fcbarcelonanoticias.com\\\/en\\\/wp-content\\\/uploads\\\/sites\\\/2\\\/2022\\\/09\\\/araujo-y-kounde-con-el-barca.jpeg\",\"width\":1300,\"height\":750},{\"@type\":\"BreadcrumbList\",\"@id\":\"https:\\\/\\\/www.fcbarcelonanoticias.com\\\/en\\\/transfers\\\/barca-could-controversial-top-right-back_290920_102.html#breadcrumb\",\"itemListElement\":[{\"@type\":\"ListItem\",\"position\":1,\"name\":\"Portada\",\"item\":\"https:\\\/\\\/www.fcbarcelonanoticias.com\\\/en\\\/\"},{\"@type\":\"ListItem\",\"position\":2,\"name\":\"Bar\u00e7a could have already made a controversial decision about the signing of a &#8216;top&#8217; right-back\"}]},{\"@type\":\"WebSite\",\"@id\":\"https:\\\/\\\/www.fcbarcelonanoticias.com\\\/en\\\/#website\",\"url\":\"https:\\\/\\\/www.fcbarcelonanoticias.com\\\/en\\\/\",\"name\":\"EN - FC Barcelona Noticias\",\"description\":\"\",\"potentialAction\":[{\"@type\":\"SearchAction\",\"target\":{\"@type\":\"EntryPoint\",\"urlTemplate\":\"https:\\\/\\\/www.fcbarcelonanoticias.com\\\/en\\\/?s={search_term_string}\"},\"query-input\":{\"@type\":\"PropertyValueSpecification\",\"valueRequired\":true,\"valueName\":\"search_term_string\"}}],\"inLanguage\":\"en-US\"},{\"@type\":\"Person\",\"@id\":\"https:\\\/\\\/www.fcbarcelonanoticias.com\\\/en\\\/#\\\/schema\\\/person\\\/76c77917e39f918eb1604c571055386e\",\"name\":\"Claudio Betancourt\",\"image\":{\"@type\":\"ImageObject\",\"inLanguage\":\"en-US\",\"@id\":\"https:\\\/\\\/secure.gravatar.com\\\/avatar\\\/?s=96&d=mm&r=g\",\"url\":\"https:\\\/\\\/secure.gravatar.com\\\/avatar\\\/?s=96&d=mm&r=g\",\"contentUrl\":\"https:\\\/\\\/secure.gravatar.com\\\/avatar\\\/?s=96&d=mm&r=g\",\"caption\":\"Claudio Betancourt\"},\"url\":\"https:\\\/\\\/www.fcbarcelonanoticias.com\\\/en\\\/claudio-betancourt_14_115.html\"}]}<\/script>\n<!-- \/ Yoast SEO plugin. -->","yoast_head_json":{"title":"Bar\u00e7a could have already made a controversial decision about the signing of a 'top' right-back","description":"The FC Barcelona there would be descartado the signing of a right side, an urgent position for attending, to give priority to other demarcations. In consequence, would follow betting by Ara\u00fajo and Kound\u00e9","robots":{"index":"index","follow":"follow","max-snippet":"max-snippet:-1","max-image-preview":"max-image-preview:large","max-video-preview":"max-video-preview:-1"},"canonical":"https:\/\/www.fcbarcelonanoticias.com\/en\/transfers\/barca-could-controversial-top-right-back_290920_102.html","og_locale":"en_US","og_type":"article","og_title":"Bar\u00e7a could have already made a controversial decision about the signing of a 'top' right-back","og_description":"The FC Barcelona there would be descartado the signing of a right side, an urgent position for attending, to give priority to other demarcations. In consequence, would follow betting by Ara\u00fajo and Kound\u00e9","og_url":"https:\/\/www.fcbarcelonanoticias.com\/en\/transfers\/barca-could-controversial-top-right-back_290920_102.html","og_site_name":"EN - FC Barcelona Noticias","article_published_time":"2023-03-27T11:42:00+00:00","og_image":[{"width":1300,"height":750,"url":"https:\/\/www.fcbarcelonanoticias.com\/en\/wp-content\/uploads\/sites\/2\/2022\/09\/araujo-y-kounde-con-el-barca.jpeg","type":"image\/jpeg"}],"author":"Claudio Betancourt","twitter_card":"summary_large_image","twitter_misc":{"Written by":"Claudio Betancourt","Est. reading time":"2 minutes"},"schema":{"@context":"https:\/\/schema.org","@graph":[{"@type":"Article","@id":"https:\/\/www.fcbarcelonanoticias.com\/en\/transfers\/barca-could-controversial-top-right-back_290920_102.html#article","isPartOf":{"@id":"https:\/\/www.fcbarcelonanoticias.com\/en\/transfers\/barca-could-controversial-top-right-back_290920_102.html"},"author":{"name":"Claudio Betancourt","@id":"https:\/\/www.fcbarcelonanoticias.com\/en\/#\/schema\/person\/76c77917e39f918eb1604c571055386e"},"headline":"Bar\u00e7a could have already made a controversial decision about the signing of a &#8216;top&#8217; right-back","datePublished":"2023-03-27T11:42:00+00:00","mainEntityOfPage":{"@id":"https:\/\/www.fcbarcelonanoticias.com\/en\/transfers\/barca-could-controversial-top-right-back_290920_102.html"},"wordCount":379,"image":{"@id":"https:\/\/www.fcbarcelonanoticias.com\/en\/transfers\/barca-could-controversial-top-right-back_290920_102.html#primaryimage"},"thumbnailUrl":"https:\/\/www.fcbarcelonanoticias.com\/en\/wp-content\/uploads\/sites\/2\/2022\/09\/araujo-y-kounde-con-el-barca.jpeg","articleSection":["Transfers","Transfers"],"inLanguage":"en-US"},{"@type":"WebPage","@id":"https:\/\/www.fcbarcelonanoticias.com\/en\/transfers\/barca-could-controversial-top-right-back_290920_102.html","url":"https:\/\/www.fcbarcelonanoticias.com\/en\/transfers\/barca-could-controversial-top-right-back_290920_102.html","name":"Bar\u00e7a could have already made a controversial decision about the signing of a 'top' right-back","isPartOf":{"@id":"https:\/\/www.fcbarcelonanoticias.com\/en\/#website"},"primaryImageOfPage":{"@id":"https:\/\/www.fcbarcelonanoticias.com\/en\/transfers\/barca-could-controversial-top-right-back_290920_102.html#primaryimage"},"image":{"@id":"https:\/\/www.fcbarcelonanoticias.com\/en\/transfers\/barca-could-controversial-top-right-back_290920_102.html#primaryimage"},"thumbnailUrl":"https:\/\/www.fcbarcelonanoticias.com\/en\/wp-content\/uploads\/sites\/2\/2022\/09\/araujo-y-kounde-con-el-barca.jpeg","datePublished":"2023-03-27T11:42:00+00:00","author":{"@id":"https:\/\/www.fcbarcelonanoticias.com\/en\/#\/schema\/person\/76c77917e39f918eb1604c571055386e"},"description":"The FC Barcelona there would be descartado the signing of a right side, an urgent position for attending, to give priority to other demarcations. In consequence, would follow betting by Ara\u00fajo and Kound\u00e9","breadcrumb":{"@id":"https:\/\/www.fcbarcelonanoticias.com\/en\/transfers\/barca-could-controversial-top-right-back_290920_102.html#breadcrumb"},"inLanguage":"en-US","potentialAction":[{"@type":"ReadAction","target":["https:\/\/www.fcbarcelonanoticias.com\/en\/transfers\/barca-could-controversial-top-right-back_290920_102.html"]}]},{"@type":"ImageObject","inLanguage":"en-US","@id":"https:\/\/www.fcbarcelonanoticias.com\/en\/transfers\/barca-could-controversial-top-right-back_290920_102.html#primaryimage","url":"https:\/\/www.fcbarcelonanoticias.com\/en\/wp-content\/uploads\/sites\/2\/2022\/09\/araujo-y-kounde-con-el-barca.jpeg","contentUrl":"https:\/\/www.fcbarcelonanoticias.com\/en\/wp-content\/uploads\/sites\/2\/2022\/09\/araujo-y-kounde-con-el-barca.jpeg","width":1300,"height":750},{"@type":"BreadcrumbList","@id":"https:\/\/www.fcbarcelonanoticias.com\/en\/transfers\/barca-could-controversial-top-right-back_290920_102.html#breadcrumb","itemListElement":[{"@type":"ListItem","position":1,"name":"Portada","item":"https:\/\/www.fcbarcelonanoticias.com\/en\/"},{"@type":"ListItem","position":2,"name":"Bar\u00e7a could have already made a controversial decision about the signing of a &#8216;top&#8217; right-back"}]},{"@type":"WebSite","@id":"https:\/\/www.fcbarcelonanoticias.com\/en\/#website","url":"https:\/\/www.fcbarcelonanoticias.com\/en\/","name":"EN - FC Barcelona Noticias","description":"","potentialAction":[{"@type":"SearchAction","target":{"@type":"EntryPoint","urlTemplate":"https:\/\/www.fcbarcelonanoticias.com\/en\/?s={search_term_string}"},"query-input":{"@type":"PropertyValueSpecification","valueRequired":true,"valueName":"search_term_string"}}],"inLanguage":"en-US"},{"@type":"Person","@id":"https:\/\/www.fcbarcelonanoticias.com\/en\/#\/schema\/person\/76c77917e39f918eb1604c571055386e","name":"Claudio Betancourt","image":{"@type":"ImageObject","inLanguage":"en-US","@id":"https:\/\/secure.gravatar.com\/avatar\/?s=96&d=mm&r=g","url":"https:\/\/secure.gravatar.com\/avatar\/?s=96&d=mm&r=g","contentUrl":"https:\/\/secure.gravatar.com\/avatar\/?s=96&d=mm&r=g","caption":"Claudio Betancourt"},"url":"https:\/\/www.fcbarcelonanoticias.com\/en\/claudio-betancourt_14_115.html"}]}},"_links":{"self":[{"href":"https:\/\/www.fcbarcelonanoticias.com\/en\/wp-json\/wp\/v2\/posts\/91445","targetHints":{"allow":["GET"]}}],"collection":[{"href":"https:\/\/www.fcbarcelonanoticias.com\/en\/wp-json\/wp\/v2\/posts"}],"about":[{"href":"https:\/\/www.fcbarcelonanoticias.com\/en\/wp-json\/wp\/v2\/types\/post"}],"author":[{"embeddable":true,"href":"https:\/\/www.fcbarcelonanoticias.com\/en\/wp-json\/wp\/v2\/users\/363"}],"replies":[{"embeddable":true,"href":"https:\/\/www.fcbarcelonanoticias.com\/en\/wp-json\/wp\/v2\/comments?post=91445"}],"version-history":[{"count":1,"href":"https:\/\/www.fcbarcelonanoticias.com\/en\/wp-json\/wp\/v2\/posts\/91445\/revisions"}],"predecessor-version":[{"id":91446,"href":"https:\/\/www.fcbarcelonanoticias.com\/en\/wp-json\/wp\/v2\/posts\/91445\/revisions\/91446"}],"wp:featuredmedia":[{"embeddable":true,"href":"https:\/\/www.fcbarcelonanoticias.com\/en\/wp-json\/wp\/v2\/media\/37072"}],"wp:attachment":[{"href":"https:\/\/www.fcbarcelonanoticias.com\/en\/wp-json\/wp\/v2\/media?parent=91445"}],"wp:term":[{"taxonomy":"category","embeddable":true,"href":"https:\/\/www.fcbarcelonanoticias.com\/en\/wp-json\/wp\/v2\/categories?post=91445"},{"taxonomy":"post_tag","embeddable":true,"href":"https:\/\/www.fcbarcelonanoticias.com\/en\/wp-json\/wp\/v2\/tags?post=91445"}],"curies":[{"name":"wp","href":"https:\/\/api.w.org\/{rel}","templated":true}]}}