{"id":91532,"date":"2023-08-28T21:06:00","date_gmt":"2023-08-28T19:06:00","guid":{"rendered":"https:\/\/weisetech.dev\/fc-barcelona-noticias\/en\/ez-abde-or-ansu-fati-could-unlock-the-arrival-of-joao-felix-to-barca_295572_102\/"},"modified":"2023-08-28T21:06:00","modified_gmt":"2023-08-28T19:06:00","slug":"ez-abde-or-ansu-fati-could-unlock-the-arrival-of-joao-felix-to-barca_295572_102","status":"publish","type":"post","link":"https:\/\/www.fcbarcelonanoticias.com\/en\/transfers\/ez-abde-or-ansu-fati-could-unlock-the-arrival-of-joao-felix-to-barca_295572_102.html","title":{"rendered":"Abde, Ansu and Ferran, the only ones who can unlock the arrival of Joao F\u00e9lix"},"content":{"rendered":"<h2 class=\"wp-block-heading\">The &#8216;soap opera&#8217; between Joao F\u00e9lix and Bar\u00e7a seems to have no end.  The Portuguese, who longs to dress as a Bar\u00e7a player, will have to wait for one of the men on the cul\u00e9 club&#8217;s offensive line to come out, to have a better chance of joining the Barcelona team<\/h2>  \r\n<div class=\"article-addons\">\r\n    <a href=\"https:\/\/www.fcbarcelonanoticias.com\/en\/calendar-fc-barcelona.html\"\r\n       target=\"_self\"\r\n       title=\"Calendar of FC Barcelona\"\r\n       class=\"blue-gredient-btn\">\r\n       \r\n        Calendar of FC Barcelona    <\/a>\r\n<\/div>   <p>Jo\u00e3Or F\u00e9lix to the Bar\u00e7a? That has been an interrogante that has azotado the offices of the sportive direction of the FC Barcelona in the last weeks. <strong>Since the Portuguese declared openly his wish to join to the team of Xavi<\/strong>, his incorporation has presented like a viable option, especially after the exit of Ousmane Demb\u00e9l\u00e9 and the fallida negotiation by Neymar, the one who finally went to the To the-Hilal.<\/p>  <p>The president of the Catalan square,<strong> Joan Laporta<\/strong>, has been the last in mentioning this case. Recently, it asked him on the name of the ex of the Benfica, to what answered: &#8220;This it would be necessary to ask it to Deco, <strong>the one who is working to have the most competitive staff possible. This subject is not closed<\/strong>. Will have margin for signings and think that will be more than one&#8221;, leaving opened the possibility that the attacker &#8216;colchonero&#8217; arrive to the Barcelona cast.<\/p>  <h2>The status of Joao in the Bar\u00e7a seems to have not varied<\/h2>  <p>However, the situation of the ex of Chelsea seems to have not changed. From the beginning, it knew that for the technician of Terrassa, <strong>the native player of Viseo is not a priority<\/strong>, since his main wish is to resolve two specific positions: the right side, that seems to be <a data-external=\"0\" data-intl-links-en=\"https:\/\/www.fcbarcelonanoticias.com\/en\/transfers\/closed-signing-barca-and-city-agree-the-conveyance-with-option-to-buy-of-cancelo_295562_102.html\" data-intl-links-es=\"https:\/\/www.fcbarcelonanoticias.com\/fichajes\/fichaje-cerrado-barca-city-acuerdan-cesion-con-opcion-compra-cancelo_295562_102.html\" href=\"https:\/\/www.fcbarcelonanoticias.com\/en\/transfers\/closed-signing-barca-and-city-agree-the-conveyance-with-option-to-buy-of-cancelo_295562_102.html\" rel=\"follow\" target=\"_self\" title=\"\u00a1Fichaje cerrado! Bar\u00e7a y City acuerdan la cesi\u00f3n con opci\u00f3n de compra de Cancelo\">near to solve with the contracting of Jo\u00e3or Cancel<\/a>, and a mediocampista offensive. For this last position, has considered the definite incorporation of Ferm\u00edn L\u00f3pez to the first team, but no descarta look for another option in the market.<\/p>  <p>Joao F\u00e9lix, the one who is accustomed to play like mediapunta or extreme, does not fit in this profile. However, from the Barcelona breast, <strong>so much Deco like his comitiva do not dare to descartar his signing<\/strong>. This yes, leave in clear that, to hire the services of the Portuguese, the Bar\u00e7a will have to give off of another forward and pay a considerable quantity of money.<\/p>  <h2>Ez Abde And Ansu Fati, the distinguished<\/h2>  <p>The forwards that could consider to go out and leave money in the arks of the club, aprovechable to fulfil with the &#8216;fair play&#8217; financial, would be <strong>Ez Abde and Ansu Fati<\/strong>. Both are canteranos and his sale would generate net gains. <strong>Taking into account that they seem to have been surpassed by Lamine Yamal and Ferran Torres<\/strong>, would not be descabellado that any of the two go out, especially considering the interesting proposals that have received.<\/p>  <p>Deco Gathered with the agent of the Moroccan the past week. The sportive director took advantage of the opportunity to communicate him to Javier Garrido, representative of the player, that <strong>Xavi has he for the next season<\/strong>, <strong>since it values his profile of different player and &#8216;electrical&#8217;<\/strong>. In spite of this, <a data-external=\"0\" data-intl-links-en=\"https:\/\/www.fcbarcelonanoticias.com\/en\/transfers\/abde-feels-cheated-by-barca-and-reopens-his-possible-exit_295559_102.html\" data-intl-links-es=\"https:\/\/www.fcbarcelonanoticias.com\/fichajes\/abde-se-siente-enganado-por-barca-reabre-su-posible-salida_295559_102.html\" href=\"https:\/\/www.fcbarcelonanoticias.com\/en\/transfers\/abde-feels-cheated-by-barca-and-reopens-his-possible-exit_295559_102.html\" rel=\"follow\" target=\"_self\" title=\"Abde se siente enga\u00f1ado por el Bar\u00e7a y reabre su posible&nbsp;salida\">his market follows open<\/a> and the square of the Catalan capital has fixed a price of 30 million euros, something that so much the Aston Villa like the Bayer Leverkusen, the main interested, seem not being had to equalise.<\/p>  <h2>Ansu Follows reacio to listen offers of other clubs<\/h2>  <p>Regarding Ansu Fati, the one who has agreement until 2027 and has not considered another option that was not to triumph with the T-shirt of the Bar\u00e7a, <strong>has avoided to listen offers of other clubs<\/strong> and has kept firm in the team of the City Condal. Up to now, it has been an option of spare in the three parties contested by the Barcelonan picture in LaLiga EA Sports, <strong>but perhaps has not had so much time of game as it wanted to<\/strong>. Therefore, it could consider a change of airs. It will be necessary to see if his posture has some variation before it close the market of signings this Friday 1 September.<\/p>  <div class=\"notranslate\" style=\"all: initial;\">&nbsp;<\/div> ","protected":false},"excerpt":{"rendered":"<p>The &#8216;soap opera&#8217; between Joao F\u00e9lix and Bar\u00e7a seems to have no end. The Portuguese, who longs to dress as a Bar\u00e7a player, will have to wait for one of the men on the cul\u00e9 club&#8217;s offensive line to come out, to have a better chance of joining the Barcelona team Jo\u00e3Or F\u00e9lix to the [&hellip;]<\/p>\n","protected":false},"author":355,"featured_media":91542,"comment_status":"closed","ping_status":"open","sticky":false,"template":"","format":"standard","meta":{"_acf_changed":false,"inline_featured_image":false,"_nextfly_llmd_date_locked":false,"footnotes":""},"categories":[449,106],"tags":[342,59,335,239],"class_list":["post-91532","post","type-post","status-publish","format-standard","has-post-thumbnail","hentry","category-transfers-2","category-transfers","tag-abde","tag-atletico-de-madrid","tag-deco","tag-joao-felix"],"acf":[],"yoast_head":"<!-- This site is optimized with the Yoast SEO plugin v27.3 - https:\/\/yoast.com\/product\/yoast-seo-wordpress\/ -->\n<title>Abde, Ansu and Ferran, the only ones who can unlock the arrival of Joao F\u00e9lix<\/title>\n<meta name=\"description\" content=\"The &#039;soap opera&#039; between Joao F\u00e9lix and Bar\u00e7a seems to have no end. The Portuguese, who longs to dress as a Bar\u00e7a player, will have to wait for one of the men on the cul\u00e9 club&#039;s offensive line to come out, to have a better chance of joining the Barcelona team\" \/>\n<meta name=\"robots\" content=\"index, follow, max-snippet:-1, max-image-preview:large, max-video-preview:-1\" \/>\n<link rel=\"canonical\" href=\"https:\/\/www.fcbarcelonanoticias.com\/en\/transfers\/ez-abde-or-ansu-fati-could-unlock-the-arrival-of-joao-felix-to-barca_295572_102.html\" \/>\n<meta property=\"og:locale\" content=\"en_US\" \/>\n<meta property=\"og:type\" content=\"article\" \/>\n<meta property=\"og:title\" content=\"Abde, Ansu and Ferran, the only ones who can unlock the arrival of Joao F\u00e9lix\" \/>\n<meta property=\"og:description\" content=\"The &#039;soap opera&#039; between Joao F\u00e9lix and Bar\u00e7a seems to have no end. The Portuguese, who longs to dress as a Bar\u00e7a player, will have to wait for one of the men on the cul\u00e9 club&#039;s offensive line to come out, to have a better chance of joining the Barcelona team\" \/>\n<meta property=\"og:url\" content=\"https:\/\/www.fcbarcelonanoticias.com\/en\/transfers\/ez-abde-or-ansu-fati-could-unlock-the-arrival-of-joao-felix-to-barca_295572_102.html\" \/>\n<meta property=\"og:site_name\" content=\"EN - FC Barcelona Noticias\" \/>\n<meta property=\"article:published_time\" content=\"2023-08-28T19:06:00+00:00\" \/>\n<meta property=\"og:image\" content=\"https:\/\/www.fcbarcelonanoticias.com\/en\/wp-content\/uploads\/sites\/2\/2023\/08\/joao-felix-con-el-atletico-de-madrid-1.png\" \/>\n\t<meta property=\"og:image:width\" content=\"1300\" \/>\n\t<meta property=\"og:image:height\" content=\"732\" \/>\n\t<meta property=\"og:image:type\" content=\"image\/png\" \/>\n<meta name=\"author\" content=\"Kevin G\u00f3mez\" \/>\n<meta name=\"twitter:card\" content=\"summary_large_image\" \/>\n<meta name=\"twitter:label1\" content=\"Written by\" \/>\n\t<meta name=\"twitter:data1\" content=\"Kevin G\u00f3mez\" \/>\n\t<meta name=\"twitter:label2\" content=\"Est. reading time\" \/>\n\t<meta name=\"twitter:data2\" content=\"3 minutes\" \/>\n<script type=\"application\/ld+json\" class=\"yoast-schema-graph\">{\"@context\":\"https:\\\/\\\/schema.org\",\"@graph\":[{\"@type\":\"Article\",\"@id\":\"https:\\\/\\\/www.fcbarcelonanoticias.com\\\/en\\\/transfers\\\/ez-abde-or-ansu-fati-could-unlock-the-arrival-of-joao-felix-to-barca_295572_102.html#article\",\"isPartOf\":{\"@id\":\"https:\\\/\\\/www.fcbarcelonanoticias.com\\\/en\\\/transfers\\\/ez-abde-or-ansu-fati-could-unlock-the-arrival-of-joao-felix-to-barca_295572_102.html\"},\"author\":{\"name\":\"Kevin G\u00f3mez\",\"@id\":\"https:\\\/\\\/www.fcbarcelonanoticias.com\\\/en\\\/#\\\/schema\\\/person\\\/991443f134df9a64c6874f96ff984c9d\"},\"headline\":\"Abde, Ansu and Ferran, the only ones who can unlock the arrival of Joao F\u00e9lix\",\"datePublished\":\"2023-08-28T19:06:00+00:00\",\"mainEntityOfPage\":{\"@id\":\"https:\\\/\\\/www.fcbarcelonanoticias.com\\\/en\\\/transfers\\\/ez-abde-or-ansu-fati-could-unlock-the-arrival-of-joao-felix-to-barca_295572_102.html\"},\"wordCount\":701,\"image\":{\"@id\":\"https:\\\/\\\/www.fcbarcelonanoticias.com\\\/en\\\/transfers\\\/ez-abde-or-ansu-fati-could-unlock-the-arrival-of-joao-felix-to-barca_295572_102.html#primaryimage\"},\"thumbnailUrl\":\"https:\\\/\\\/www.fcbarcelonanoticias.com\\\/en\\\/wp-content\\\/uploads\\\/sites\\\/2\\\/2023\\\/08\\\/joao-felix-con-el-atletico-de-madrid-1.png\",\"keywords\":[\"Abde\",\"Atl\u00e9tico de Madrid\",\"Deco\",\"Joao F\u00e9lix\"],\"articleSection\":[\"Transfers\",\"Transfers\"],\"inLanguage\":\"en-US\"},{\"@type\":\"WebPage\",\"@id\":\"https:\\\/\\\/www.fcbarcelonanoticias.com\\\/en\\\/transfers\\\/ez-abde-or-ansu-fati-could-unlock-the-arrival-of-joao-felix-to-barca_295572_102.html\",\"url\":\"https:\\\/\\\/www.fcbarcelonanoticias.com\\\/en\\\/transfers\\\/ez-abde-or-ansu-fati-could-unlock-the-arrival-of-joao-felix-to-barca_295572_102.html\",\"name\":\"Abde, Ansu and Ferran, the only ones who can unlock the arrival of Joao F\u00e9lix\",\"isPartOf\":{\"@id\":\"https:\\\/\\\/www.fcbarcelonanoticias.com\\\/en\\\/#website\"},\"primaryImageOfPage\":{\"@id\":\"https:\\\/\\\/www.fcbarcelonanoticias.com\\\/en\\\/transfers\\\/ez-abde-or-ansu-fati-could-unlock-the-arrival-of-joao-felix-to-barca_295572_102.html#primaryimage\"},\"image\":{\"@id\":\"https:\\\/\\\/www.fcbarcelonanoticias.com\\\/en\\\/transfers\\\/ez-abde-or-ansu-fati-could-unlock-the-arrival-of-joao-felix-to-barca_295572_102.html#primaryimage\"},\"thumbnailUrl\":\"https:\\\/\\\/www.fcbarcelonanoticias.com\\\/en\\\/wp-content\\\/uploads\\\/sites\\\/2\\\/2023\\\/08\\\/joao-felix-con-el-atletico-de-madrid-1.png\",\"datePublished\":\"2023-08-28T19:06:00+00:00\",\"author\":{\"@id\":\"https:\\\/\\\/www.fcbarcelonanoticias.com\\\/en\\\/#\\\/schema\\\/person\\\/991443f134df9a64c6874f96ff984c9d\"},\"description\":\"The 'soap opera' between Joao F\u00e9lix and Bar\u00e7a seems to have no end. The Portuguese, who longs to dress as a Bar\u00e7a player, will have to wait for one of the men on the cul\u00e9 club's offensive line to come out, to have a better chance of joining the Barcelona team\",\"breadcrumb\":{\"@id\":\"https:\\\/\\\/www.fcbarcelonanoticias.com\\\/en\\\/transfers\\\/ez-abde-or-ansu-fati-could-unlock-the-arrival-of-joao-felix-to-barca_295572_102.html#breadcrumb\"},\"inLanguage\":\"en-US\",\"potentialAction\":[{\"@type\":\"ReadAction\",\"target\":[\"https:\\\/\\\/www.fcbarcelonanoticias.com\\\/en\\\/transfers\\\/ez-abde-or-ansu-fati-could-unlock-the-arrival-of-joao-felix-to-barca_295572_102.html\"]}]},{\"@type\":\"ImageObject\",\"inLanguage\":\"en-US\",\"@id\":\"https:\\\/\\\/www.fcbarcelonanoticias.com\\\/en\\\/transfers\\\/ez-abde-or-ansu-fati-could-unlock-the-arrival-of-joao-felix-to-barca_295572_102.html#primaryimage\",\"url\":\"https:\\\/\\\/www.fcbarcelonanoticias.com\\\/en\\\/wp-content\\\/uploads\\\/sites\\\/2\\\/2023\\\/08\\\/joao-felix-con-el-atletico-de-madrid-1.png\",\"contentUrl\":\"https:\\\/\\\/www.fcbarcelonanoticias.com\\\/en\\\/wp-content\\\/uploads\\\/sites\\\/2\\\/2023\\\/08\\\/joao-felix-con-el-atletico-de-madrid-1.png\",\"width\":1300,\"height\":732},{\"@type\":\"BreadcrumbList\",\"@id\":\"https:\\\/\\\/www.fcbarcelonanoticias.com\\\/en\\\/transfers\\\/ez-abde-or-ansu-fati-could-unlock-the-arrival-of-joao-felix-to-barca_295572_102.html#breadcrumb\",\"itemListElement\":[{\"@type\":\"ListItem\",\"position\":1,\"name\":\"Portada\",\"item\":\"https:\\\/\\\/www.fcbarcelonanoticias.com\\\/en\\\/\"},{\"@type\":\"ListItem\",\"position\":2,\"name\":\"Abde, Ansu and Ferran, the only ones who can unlock the arrival of Joao F\u00e9lix\"}]},{\"@type\":\"WebSite\",\"@id\":\"https:\\\/\\\/www.fcbarcelonanoticias.com\\\/en\\\/#website\",\"url\":\"https:\\\/\\\/www.fcbarcelonanoticias.com\\\/en\\\/\",\"name\":\"EN - FC Barcelona Noticias\",\"description\":\"\",\"potentialAction\":[{\"@type\":\"SearchAction\",\"target\":{\"@type\":\"EntryPoint\",\"urlTemplate\":\"https:\\\/\\\/www.fcbarcelonanoticias.com\\\/en\\\/?s={search_term_string}\"},\"query-input\":{\"@type\":\"PropertyValueSpecification\",\"valueRequired\":true,\"valueName\":\"search_term_string\"}}],\"inLanguage\":\"en-US\"},{\"@type\":\"Person\",\"@id\":\"https:\\\/\\\/www.fcbarcelonanoticias.com\\\/en\\\/#\\\/schema\\\/person\\\/991443f134df9a64c6874f96ff984c9d\",\"name\":\"Kevin G\u00f3mez\",\"image\":{\"@type\":\"ImageObject\",\"inLanguage\":\"en-US\",\"@id\":\"https:\\\/\\\/secure.gravatar.com\\\/avatar\\\/?s=96&d=mm&r=g\",\"url\":\"https:\\\/\\\/secure.gravatar.com\\\/avatar\\\/?s=96&d=mm&r=g\",\"contentUrl\":\"https:\\\/\\\/secure.gravatar.com\\\/avatar\\\/?s=96&d=mm&r=g\",\"caption\":\"Kevin G\u00f3mez\"},\"description\":\"Licenciado\u00a0en Periodismo y Comunicaci\u00f3n Audiovisual. Redactor en FCBN responsable de cubrir toda\u00a0la informaci\u00f3n del FC Barcelona y las principales competiciones de\u00a0f\u00fatbol.\",\"url\":\"https:\\\/\\\/www.fcbarcelonanoticias.com\\\/en\\\/jugadores\\\/kevin-gomez_23_115.html\"}]}<\/script>\n<!-- \/ Yoast SEO plugin. -->","yoast_head_json":{"title":"Abde, Ansu and Ferran, the only ones who can unlock the arrival of Joao F\u00e9lix","description":"The 'soap opera' between Joao F\u00e9lix and Bar\u00e7a seems to have no end. The Portuguese, who longs to dress as a Bar\u00e7a player, will have to wait for one of the men on the cul\u00e9 club's offensive line to come out, to have a better chance of joining the Barcelona team","robots":{"index":"index","follow":"follow","max-snippet":"max-snippet:-1","max-image-preview":"max-image-preview:large","max-video-preview":"max-video-preview:-1"},"canonical":"https:\/\/www.fcbarcelonanoticias.com\/en\/transfers\/ez-abde-or-ansu-fati-could-unlock-the-arrival-of-joao-felix-to-barca_295572_102.html","og_locale":"en_US","og_type":"article","og_title":"Abde, Ansu and Ferran, the only ones who can unlock the arrival of Joao F\u00e9lix","og_description":"The 'soap opera' between Joao F\u00e9lix and Bar\u00e7a seems to have no end. The Portuguese, who longs to dress as a Bar\u00e7a player, will have to wait for one of the men on the cul\u00e9 club's offensive line to come out, to have a better chance of joining the Barcelona team","og_url":"https:\/\/www.fcbarcelonanoticias.com\/en\/transfers\/ez-abde-or-ansu-fati-could-unlock-the-arrival-of-joao-felix-to-barca_295572_102.html","og_site_name":"EN - FC Barcelona Noticias","article_published_time":"2023-08-28T19:06:00+00:00","og_image":[{"width":1300,"height":732,"url":"https:\/\/www.fcbarcelonanoticias.com\/en\/wp-content\/uploads\/sites\/2\/2023\/08\/joao-felix-con-el-atletico-de-madrid-1.png","type":"image\/png"}],"author":"Kevin G\u00f3mez","twitter_card":"summary_large_image","twitter_misc":{"Written by":"Kevin G\u00f3mez","Est. reading time":"3 minutes"},"schema":{"@context":"https:\/\/schema.org","@graph":[{"@type":"Article","@id":"https:\/\/www.fcbarcelonanoticias.com\/en\/transfers\/ez-abde-or-ansu-fati-could-unlock-the-arrival-of-joao-felix-to-barca_295572_102.html#article","isPartOf":{"@id":"https:\/\/www.fcbarcelonanoticias.com\/en\/transfers\/ez-abde-or-ansu-fati-could-unlock-the-arrival-of-joao-felix-to-barca_295572_102.html"},"author":{"name":"Kevin G\u00f3mez","@id":"https:\/\/www.fcbarcelonanoticias.com\/en\/#\/schema\/person\/991443f134df9a64c6874f96ff984c9d"},"headline":"Abde, Ansu and Ferran, the only ones who can unlock the arrival of Joao F\u00e9lix","datePublished":"2023-08-28T19:06:00+00:00","mainEntityOfPage":{"@id":"https:\/\/www.fcbarcelonanoticias.com\/en\/transfers\/ez-abde-or-ansu-fati-could-unlock-the-arrival-of-joao-felix-to-barca_295572_102.html"},"wordCount":701,"image":{"@id":"https:\/\/www.fcbarcelonanoticias.com\/en\/transfers\/ez-abde-or-ansu-fati-could-unlock-the-arrival-of-joao-felix-to-barca_295572_102.html#primaryimage"},"thumbnailUrl":"https:\/\/www.fcbarcelonanoticias.com\/en\/wp-content\/uploads\/sites\/2\/2023\/08\/joao-felix-con-el-atletico-de-madrid-1.png","keywords":["Abde","Atl\u00e9tico de Madrid","Deco","Joao F\u00e9lix"],"articleSection":["Transfers","Transfers"],"inLanguage":"en-US"},{"@type":"WebPage","@id":"https:\/\/www.fcbarcelonanoticias.com\/en\/transfers\/ez-abde-or-ansu-fati-could-unlock-the-arrival-of-joao-felix-to-barca_295572_102.html","url":"https:\/\/www.fcbarcelonanoticias.com\/en\/transfers\/ez-abde-or-ansu-fati-could-unlock-the-arrival-of-joao-felix-to-barca_295572_102.html","name":"Abde, Ansu and Ferran, the only ones who can unlock the arrival of Joao F\u00e9lix","isPartOf":{"@id":"https:\/\/www.fcbarcelonanoticias.com\/en\/#website"},"primaryImageOfPage":{"@id":"https:\/\/www.fcbarcelonanoticias.com\/en\/transfers\/ez-abde-or-ansu-fati-could-unlock-the-arrival-of-joao-felix-to-barca_295572_102.html#primaryimage"},"image":{"@id":"https:\/\/www.fcbarcelonanoticias.com\/en\/transfers\/ez-abde-or-ansu-fati-could-unlock-the-arrival-of-joao-felix-to-barca_295572_102.html#primaryimage"},"thumbnailUrl":"https:\/\/www.fcbarcelonanoticias.com\/en\/wp-content\/uploads\/sites\/2\/2023\/08\/joao-felix-con-el-atletico-de-madrid-1.png","datePublished":"2023-08-28T19:06:00+00:00","author":{"@id":"https:\/\/www.fcbarcelonanoticias.com\/en\/#\/schema\/person\/991443f134df9a64c6874f96ff984c9d"},"description":"The 'soap opera' between Joao F\u00e9lix and Bar\u00e7a seems to have no end. The Portuguese, who longs to dress as a Bar\u00e7a player, will have to wait for one of the men on the cul\u00e9 club's offensive line to come out, to have a better chance of joining the Barcelona team","breadcrumb":{"@id":"https:\/\/www.fcbarcelonanoticias.com\/en\/transfers\/ez-abde-or-ansu-fati-could-unlock-the-arrival-of-joao-felix-to-barca_295572_102.html#breadcrumb"},"inLanguage":"en-US","potentialAction":[{"@type":"ReadAction","target":["https:\/\/www.fcbarcelonanoticias.com\/en\/transfers\/ez-abde-or-ansu-fati-could-unlock-the-arrival-of-joao-felix-to-barca_295572_102.html"]}]},{"@type":"ImageObject","inLanguage":"en-US","@id":"https:\/\/www.fcbarcelonanoticias.com\/en\/transfers\/ez-abde-or-ansu-fati-could-unlock-the-arrival-of-joao-felix-to-barca_295572_102.html#primaryimage","url":"https:\/\/www.fcbarcelonanoticias.com\/en\/wp-content\/uploads\/sites\/2\/2023\/08\/joao-felix-con-el-atletico-de-madrid-1.png","contentUrl":"https:\/\/www.fcbarcelonanoticias.com\/en\/wp-content\/uploads\/sites\/2\/2023\/08\/joao-felix-con-el-atletico-de-madrid-1.png","width":1300,"height":732},{"@type":"BreadcrumbList","@id":"https:\/\/www.fcbarcelonanoticias.com\/en\/transfers\/ez-abde-or-ansu-fati-could-unlock-the-arrival-of-joao-felix-to-barca_295572_102.html#breadcrumb","itemListElement":[{"@type":"ListItem","position":1,"name":"Portada","item":"https:\/\/www.fcbarcelonanoticias.com\/en\/"},{"@type":"ListItem","position":2,"name":"Abde, Ansu and Ferran, the only ones who can unlock the arrival of Joao F\u00e9lix"}]},{"@type":"WebSite","@id":"https:\/\/www.fcbarcelonanoticias.com\/en\/#website","url":"https:\/\/www.fcbarcelonanoticias.com\/en\/","name":"EN - FC Barcelona Noticias","description":"","potentialAction":[{"@type":"SearchAction","target":{"@type":"EntryPoint","urlTemplate":"https:\/\/www.fcbarcelonanoticias.com\/en\/?s={search_term_string}"},"query-input":{"@type":"PropertyValueSpecification","valueRequired":true,"valueName":"search_term_string"}}],"inLanguage":"en-US"},{"@type":"Person","@id":"https:\/\/www.fcbarcelonanoticias.com\/en\/#\/schema\/person\/991443f134df9a64c6874f96ff984c9d","name":"Kevin G\u00f3mez","image":{"@type":"ImageObject","inLanguage":"en-US","@id":"https:\/\/secure.gravatar.com\/avatar\/?s=96&d=mm&r=g","url":"https:\/\/secure.gravatar.com\/avatar\/?s=96&d=mm&r=g","contentUrl":"https:\/\/secure.gravatar.com\/avatar\/?s=96&d=mm&r=g","caption":"Kevin G\u00f3mez"},"description":"Licenciado\u00a0en Periodismo y Comunicaci\u00f3n Audiovisual. Redactor en FCBN responsable de cubrir toda\u00a0la informaci\u00f3n del FC Barcelona y las principales competiciones de\u00a0f\u00fatbol.","url":"https:\/\/www.fcbarcelonanoticias.com\/en\/jugadores\/kevin-gomez_23_115.html"}]}},"_links":{"self":[{"href":"https:\/\/www.fcbarcelonanoticias.com\/en\/wp-json\/wp\/v2\/posts\/91532","targetHints":{"allow":["GET"]}}],"collection":[{"href":"https:\/\/www.fcbarcelonanoticias.com\/en\/wp-json\/wp\/v2\/posts"}],"about":[{"href":"https:\/\/www.fcbarcelonanoticias.com\/en\/wp-json\/wp\/v2\/types\/post"}],"author":[{"embeddable":true,"href":"https:\/\/www.fcbarcelonanoticias.com\/en\/wp-json\/wp\/v2\/users\/355"}],"replies":[{"embeddable":true,"href":"https:\/\/www.fcbarcelonanoticias.com\/en\/wp-json\/wp\/v2\/comments?post=91532"}],"version-history":[{"count":1,"href":"https:\/\/www.fcbarcelonanoticias.com\/en\/wp-json\/wp\/v2\/posts\/91532\/revisions"}],"predecessor-version":[{"id":126335,"href":"https:\/\/www.fcbarcelonanoticias.com\/en\/wp-json\/wp\/v2\/posts\/91532\/revisions\/126335"}],"wp:featuredmedia":[{"embeddable":true,"href":"https:\/\/www.fcbarcelonanoticias.com\/en\/wp-json\/wp\/v2\/media\/91542"}],"wp:attachment":[{"href":"https:\/\/www.fcbarcelonanoticias.com\/en\/wp-json\/wp\/v2\/media?parent=91532"}],"wp:term":[{"taxonomy":"category","embeddable":true,"href":"https:\/\/www.fcbarcelonanoticias.com\/en\/wp-json\/wp\/v2\/categories?post=91532"},{"taxonomy":"post_tag","embeddable":true,"href":"https:\/\/www.fcbarcelonanoticias.com\/en\/wp-json\/wp\/v2\/tags?post=91532"}],"curies":[{"name":"wp","href":"https:\/\/api.w.org\/{rel}","templated":true}]}}