{"id":91541,"date":"2024-11-12T23:43:00","date_gmt":"2024-11-12T22:43:00","guid":{"rendered":"https:\/\/weisetech.dev\/fc-barcelona-noticias\/en\/aitana-bonmati-leaves-her-future-at-barca-up-in-the-air-and-sets-off-alarm-bells_308575_102\/"},"modified":"2024-11-12T23:43:00","modified_gmt":"2024-11-12T22:43:00","slug":"aitana-bonmati-leaves-her-future-at-barca-up-in-the-air-and-sets-off-alarm-bells_308575_102","status":"publish","type":"post","link":"https:\/\/www.fcbarcelonanoticias.com\/en\/transfers\/aitana-bonmati-leaves-her-future-at-barca-up-in-the-air-and-sets-off-alarm-bells_308575_102.html","title":{"rendered":"Aitana Bonmat\u00ed leaves her future at Bar\u00e7a up in the air and sets off alarm bells"},"content":{"rendered":"<h2 class=\"wp-block-heading\">Aitana Bonmat\u00ed has \u200b\u200bgiven an interview to &#8216;France Football&#8217; and has not assured her continuity at Bar\u00e7a once her contract ends in 2028<\/h2>  \r\n<div class=\"article-addons\">\r\n    <a href=\"https:\/\/www.fcbarcelonanoticias.com\/en\/calendar-fc-barcelona.html\"\r\n       target=\"_self\"\r\n       title=\"Calendar of FC Barcelona\"\r\n       class=\"blue-gredient-btn\">\r\n       \r\n        Calendar of FC Barcelona    <\/a>\r\n<\/div>   <p><strong>Aitana Bonmat\u00ed <\/strong>gave an interview to &#8216;France Football&#8217; <a data-external=\"0\" data-intl-links-en=\"https:\/\/www.fcbarcelonanoticias.com\/en\/football-soccer\/aitana-bonmati-wins-her-second-consecutive-ballon-or_308243_102.html\" data-intl-links-es=\"https:\/\/www.fcbarcelonanoticias.com\/futbol\/aitana-bonmati-gana-su-segundo-balon-oro-consecutivo_308243_102.html\" href=\"https:\/\/www.fcbarcelonanoticias.com\/en\/football-soccer\/aitana-bonmati-wins-her-second-consecutive-ballon-or_308243_102.html\" rel=\"follow\" target=\"_self\" title=\"Aitana Bonmat\u00ed wins her second consecutive Ballon d'Or\">after being awarded her second Ballon d&#8217;Or<\/a>. The <strong>FC Barcelona<\/strong> star was blunt in criticising the level of the Spanish women&#8217;s league and left her continuity in the blue and red team up in the air, with which she has just renewed until 2028.<\/p>  <p>&#8220;<strong>I would love for the (Spanish) league to be more competitive<\/strong>, although I don&#8217;t think that is an excuse to stop progressing individually and as a team,&#8221; the Catalan player began by saying about the league competition.<\/p>  <blockquote> <p>&#8220;At Bar\u00e7a we have the feeling that things are moving forward, that they are betting on us. We continue to perform, filling the stadiums. The problem is that when we look at the league it is the opposite. We have the feeling that we are stagnating. And we have been asking for changes for years that have not come&#8221;<\/p> <\/blockquote>  <p>Later, she regretted that Spanish women&#8217;s football, which reached the top in August 2023 by lifting the <strong>World Cup<\/strong>, has not taken sufficient advantage of the &#8216;hype&#8217; of that success. &#8220;In other countries like England, after the Euro Cup (2022), there was a media boom that we have not been able to take advantage of here. Hopefully we can change that,&#8221; she said.<\/p>  <h3>Her future at Bar\u00e7a<\/h3>  <p>Regarding her future and after having rejected an offer from <strong>Chelsea<\/strong>, <strong>Bonmat\u00ed <\/strong>made it clear that, although she remains very committed to <strong>Bar\u00e7a<\/strong>, she does not rule out &#8220;the possibility of playing outside of Spain one day.&#8221; &#8220;My priority has always been Bar\u00e7a, that&#8217;s why I renewed (until 2028)&#8230;&#8221;<\/p>  <blockquote> <p>&#8220;I don&#8217;t know if I&#8217;ll be a one-club woman. I always try to focus on the present&#8221;<\/p> <\/blockquote>  <p>&#8220;I don&#8217;t think I can project myself five, six or seven years from now.<strong> I don&#8217;t know what will happen, nobody knows<\/strong>,&#8221; acknowledged <strong>Aitana<\/strong>, whose statements surely set off alarm bells in Barcelona.<\/p> ","protected":false},"excerpt":{"rendered":"<p>Aitana Bonmat\u00ed has \u200b\u200bgiven an interview to &#8216;France Football&#8217; and has not assured her continuity at Bar\u00e7a once her contract ends in 2028 Aitana Bonmat\u00ed gave an interview to &#8216;France Football&#8217; after being awarded her second Ballon d&#8217;Or. The FC Barcelona star was blunt in criticising the level of the Spanish women&#8217;s league and left [&hellip;]<\/p>\n","protected":false},"author":358,"featured_media":91551,"comment_status":"closed","ping_status":"open","sticky":false,"template":"","format":"standard","meta":{"_acf_changed":false,"inline_featured_image":false,"_nextfly_llmd_date_locked":false,"footnotes":""},"categories":[449,106],"tags":[362],"class_list":["post-91541","post","type-post","status-publish","format-standard","has-post-thumbnail","hentry","category-transfers-2","category-transfers","tag-women-football"],"acf":[],"yoast_head":"<!-- This site is optimized with the Yoast SEO plugin v27.3 - https:\/\/yoast.com\/product\/yoast-seo-wordpress\/ -->\n<title>Aitana Bonmat\u00ed leaves her future at Bar\u00e7a up in the air and sets off alarm bells<\/title>\n<meta name=\"description\" content=\"Aitana Bonmat\u00ed has \u200b\u200bgiven an interview to &#039;France Football&#039; and has not assured her continuity at Bar\u00e7a once her contract ends in 2028\" \/>\n<meta name=\"robots\" content=\"index, follow, max-snippet:-1, max-image-preview:large, max-video-preview:-1\" \/>\n<link rel=\"canonical\" href=\"https:\/\/www.fcbarcelonanoticias.com\/en\/transfers\/aitana-bonmati-leaves-her-future-at-barca-up-in-the-air-and-sets-off-alarm-bells_308575_102.html\" \/>\n<meta property=\"og:locale\" content=\"en_US\" \/>\n<meta property=\"og:type\" content=\"article\" \/>\n<meta property=\"og:title\" content=\"Aitana Bonmat\u00ed leaves her future at Bar\u00e7a up in the air and sets off alarm bells\" \/>\n<meta property=\"og:description\" content=\"Aitana Bonmat\u00ed has \u200b\u200bgiven an interview to &#039;France Football&#039; and has not assured her continuity at Bar\u00e7a once her contract ends in 2028\" \/>\n<meta property=\"og:url\" content=\"https:\/\/www.fcbarcelonanoticias.com\/en\/transfers\/aitana-bonmati-leaves-her-future-at-barca-up-in-the-air-and-sets-off-alarm-bells_308575_102.html\" \/>\n<meta property=\"og:site_name\" content=\"EN - FC Barcelona Noticias\" \/>\n<meta property=\"article:published_time\" content=\"2024-11-12T22:43:00+00:00\" \/>\n<meta property=\"og:image\" content=\"https:\/\/www.fcbarcelonanoticias.com\/en\/wp-content\/uploads\/sites\/2\/2024\/11\/aitana-bonmati-barcelona-1.jpeg\" \/>\n\t<meta property=\"og:image:width\" content=\"1250\" \/>\n\t<meta property=\"og:image:height\" content=\"730\" \/>\n\t<meta property=\"og:image:type\" content=\"image\/jpeg\" \/>\n<meta name=\"author\" content=\"Juan Pablo Berdugo\" \/>\n<meta name=\"twitter:card\" content=\"summary_large_image\" \/>\n<meta name=\"twitter:label1\" content=\"Written by\" \/>\n\t<meta name=\"twitter:data1\" content=\"Juan Pablo Berdugo\" \/>\n\t<meta name=\"twitter:label2\" content=\"Est. reading time\" \/>\n\t<meta name=\"twitter:data2\" content=\"2 minutes\" \/>\n<script type=\"application\/ld+json\" class=\"yoast-schema-graph\">{\"@context\":\"https:\\\/\\\/schema.org\",\"@graph\":[{\"@type\":\"Article\",\"@id\":\"https:\\\/\\\/www.fcbarcelonanoticias.com\\\/en\\\/transfers\\\/aitana-bonmati-leaves-her-future-at-barca-up-in-the-air-and-sets-off-alarm-bells_308575_102.html#article\",\"isPartOf\":{\"@id\":\"https:\\\/\\\/www.fcbarcelonanoticias.com\\\/en\\\/transfers\\\/aitana-bonmati-leaves-her-future-at-barca-up-in-the-air-and-sets-off-alarm-bells_308575_102.html\"},\"author\":{\"name\":\"Juan Pablo Berdugo\",\"@id\":\"https:\\\/\\\/www.fcbarcelonanoticias.com\\\/en\\\/#\\\/schema\\\/person\\\/88d756918a0a1ae9fa593b5edddd1815\"},\"headline\":\"Aitana Bonmat\u00ed leaves her future at Bar\u00e7a up in the air and sets off alarm bells\",\"datePublished\":\"2024-11-12T22:43:00+00:00\",\"mainEntityOfPage\":{\"@id\":\"https:\\\/\\\/www.fcbarcelonanoticias.com\\\/en\\\/transfers\\\/aitana-bonmati-leaves-her-future-at-barca-up-in-the-air-and-sets-off-alarm-bells_308575_102.html\"},\"wordCount\":363,\"image\":{\"@id\":\"https:\\\/\\\/www.fcbarcelonanoticias.com\\\/en\\\/transfers\\\/aitana-bonmati-leaves-her-future-at-barca-up-in-the-air-and-sets-off-alarm-bells_308575_102.html#primaryimage\"},\"thumbnailUrl\":\"https:\\\/\\\/www.fcbarcelonanoticias.com\\\/en\\\/wp-content\\\/uploads\\\/sites\\\/2\\\/2024\\\/11\\\/aitana-bonmati-barcelona-1.jpeg\",\"keywords\":[\"Women's Football\"],\"articleSection\":[\"Transfers\",\"Transfers\"],\"inLanguage\":\"en-US\"},{\"@type\":\"WebPage\",\"@id\":\"https:\\\/\\\/www.fcbarcelonanoticias.com\\\/en\\\/transfers\\\/aitana-bonmati-leaves-her-future-at-barca-up-in-the-air-and-sets-off-alarm-bells_308575_102.html\",\"url\":\"https:\\\/\\\/www.fcbarcelonanoticias.com\\\/en\\\/transfers\\\/aitana-bonmati-leaves-her-future-at-barca-up-in-the-air-and-sets-off-alarm-bells_308575_102.html\",\"name\":\"Aitana Bonmat\u00ed leaves her future at Bar\u00e7a up in the air and sets off alarm bells\",\"isPartOf\":{\"@id\":\"https:\\\/\\\/www.fcbarcelonanoticias.com\\\/en\\\/#website\"},\"primaryImageOfPage\":{\"@id\":\"https:\\\/\\\/www.fcbarcelonanoticias.com\\\/en\\\/transfers\\\/aitana-bonmati-leaves-her-future-at-barca-up-in-the-air-and-sets-off-alarm-bells_308575_102.html#primaryimage\"},\"image\":{\"@id\":\"https:\\\/\\\/www.fcbarcelonanoticias.com\\\/en\\\/transfers\\\/aitana-bonmati-leaves-her-future-at-barca-up-in-the-air-and-sets-off-alarm-bells_308575_102.html#primaryimage\"},\"thumbnailUrl\":\"https:\\\/\\\/www.fcbarcelonanoticias.com\\\/en\\\/wp-content\\\/uploads\\\/sites\\\/2\\\/2024\\\/11\\\/aitana-bonmati-barcelona-1.jpeg\",\"datePublished\":\"2024-11-12T22:43:00+00:00\",\"author\":{\"@id\":\"https:\\\/\\\/www.fcbarcelonanoticias.com\\\/en\\\/#\\\/schema\\\/person\\\/88d756918a0a1ae9fa593b5edddd1815\"},\"description\":\"Aitana Bonmat\u00ed has \u200b\u200bgiven an interview to 'France Football' and has not assured her continuity at Bar\u00e7a once her contract ends in 2028\",\"breadcrumb\":{\"@id\":\"https:\\\/\\\/www.fcbarcelonanoticias.com\\\/en\\\/transfers\\\/aitana-bonmati-leaves-her-future-at-barca-up-in-the-air-and-sets-off-alarm-bells_308575_102.html#breadcrumb\"},\"inLanguage\":\"en-US\",\"potentialAction\":[{\"@type\":\"ReadAction\",\"target\":[\"https:\\\/\\\/www.fcbarcelonanoticias.com\\\/en\\\/transfers\\\/aitana-bonmati-leaves-her-future-at-barca-up-in-the-air-and-sets-off-alarm-bells_308575_102.html\"]}]},{\"@type\":\"ImageObject\",\"inLanguage\":\"en-US\",\"@id\":\"https:\\\/\\\/www.fcbarcelonanoticias.com\\\/en\\\/transfers\\\/aitana-bonmati-leaves-her-future-at-barca-up-in-the-air-and-sets-off-alarm-bells_308575_102.html#primaryimage\",\"url\":\"https:\\\/\\\/www.fcbarcelonanoticias.com\\\/en\\\/wp-content\\\/uploads\\\/sites\\\/2\\\/2024\\\/11\\\/aitana-bonmati-barcelona-1.jpeg\",\"contentUrl\":\"https:\\\/\\\/www.fcbarcelonanoticias.com\\\/en\\\/wp-content\\\/uploads\\\/sites\\\/2\\\/2024\\\/11\\\/aitana-bonmati-barcelona-1.jpeg\",\"width\":1250,\"height\":730},{\"@type\":\"BreadcrumbList\",\"@id\":\"https:\\\/\\\/www.fcbarcelonanoticias.com\\\/en\\\/transfers\\\/aitana-bonmati-leaves-her-future-at-barca-up-in-the-air-and-sets-off-alarm-bells_308575_102.html#breadcrumb\",\"itemListElement\":[{\"@type\":\"ListItem\",\"position\":1,\"name\":\"Portada\",\"item\":\"https:\\\/\\\/www.fcbarcelonanoticias.com\\\/en\\\/\"},{\"@type\":\"ListItem\",\"position\":2,\"name\":\"Aitana Bonmat\u00ed leaves her future at Bar\u00e7a up in the air and sets off alarm bells\"}]},{\"@type\":\"WebSite\",\"@id\":\"https:\\\/\\\/www.fcbarcelonanoticias.com\\\/en\\\/#website\",\"url\":\"https:\\\/\\\/www.fcbarcelonanoticias.com\\\/en\\\/\",\"name\":\"EN - FC Barcelona Noticias\",\"description\":\"\",\"potentialAction\":[{\"@type\":\"SearchAction\",\"target\":{\"@type\":\"EntryPoint\",\"urlTemplate\":\"https:\\\/\\\/www.fcbarcelonanoticias.com\\\/en\\\/?s={search_term_string}\"},\"query-input\":{\"@type\":\"PropertyValueSpecification\",\"valueRequired\":true,\"valueName\":\"search_term_string\"}}],\"inLanguage\":\"en-US\"},{\"@type\":\"Person\",\"@id\":\"https:\\\/\\\/www.fcbarcelonanoticias.com\\\/en\\\/#\\\/schema\\\/person\\\/88d756918a0a1ae9fa593b5edddd1815\",\"name\":\"Juan Pablo Berdugo\",\"image\":{\"@type\":\"ImageObject\",\"inLanguage\":\"en-US\",\"@id\":\"https:\\\/\\\/secure.gravatar.com\\\/avatar\\\/?s=96&d=mm&r=g\",\"url\":\"https:\\\/\\\/secure.gravatar.com\\\/avatar\\\/?s=96&d=mm&r=g\",\"contentUrl\":\"https:\\\/\\\/secure.gravatar.com\\\/avatar\\\/?s=96&d=mm&r=g\",\"caption\":\"Juan Pablo Berdugo\"},\"description\":\"Juan Pablo Berdugo es graduado en Periodismo. Colabora con FCBN como especialista en informaci\u00f3n del primer equipo del FC Barcelona, f\u00fatbol internacional y mercado de fichajes. Destaca por su enfoque anal\u00edtico, su rigor informativo y su capacidad para detectar tendencias emergentes en el f\u00fatbol global.\",\"url\":\"https:\\\/\\\/www.fcbarcelonanoticias.com\\\/en\\\/fc-barcelona\\\/juan-pablo-berdugo_18_115.html\"}]}<\/script>\n<!-- \/ Yoast SEO plugin. -->","yoast_head_json":{"title":"Aitana Bonmat\u00ed leaves her future at Bar\u00e7a up in the air and sets off alarm bells","description":"Aitana Bonmat\u00ed has \u200b\u200bgiven an interview to 'France Football' and has not assured her continuity at Bar\u00e7a once her contract ends in 2028","robots":{"index":"index","follow":"follow","max-snippet":"max-snippet:-1","max-image-preview":"max-image-preview:large","max-video-preview":"max-video-preview:-1"},"canonical":"https:\/\/www.fcbarcelonanoticias.com\/en\/transfers\/aitana-bonmati-leaves-her-future-at-barca-up-in-the-air-and-sets-off-alarm-bells_308575_102.html","og_locale":"en_US","og_type":"article","og_title":"Aitana Bonmat\u00ed leaves her future at Bar\u00e7a up in the air and sets off alarm bells","og_description":"Aitana Bonmat\u00ed has \u200b\u200bgiven an interview to 'France Football' and has not assured her continuity at Bar\u00e7a once her contract ends in 2028","og_url":"https:\/\/www.fcbarcelonanoticias.com\/en\/transfers\/aitana-bonmati-leaves-her-future-at-barca-up-in-the-air-and-sets-off-alarm-bells_308575_102.html","og_site_name":"EN - FC Barcelona Noticias","article_published_time":"2024-11-12T22:43:00+00:00","og_image":[{"width":1250,"height":730,"url":"https:\/\/www.fcbarcelonanoticias.com\/en\/wp-content\/uploads\/sites\/2\/2024\/11\/aitana-bonmati-barcelona-1.jpeg","type":"image\/jpeg"}],"author":"Juan Pablo Berdugo","twitter_card":"summary_large_image","twitter_misc":{"Written by":"Juan Pablo Berdugo","Est. reading time":"2 minutes"},"schema":{"@context":"https:\/\/schema.org","@graph":[{"@type":"Article","@id":"https:\/\/www.fcbarcelonanoticias.com\/en\/transfers\/aitana-bonmati-leaves-her-future-at-barca-up-in-the-air-and-sets-off-alarm-bells_308575_102.html#article","isPartOf":{"@id":"https:\/\/www.fcbarcelonanoticias.com\/en\/transfers\/aitana-bonmati-leaves-her-future-at-barca-up-in-the-air-and-sets-off-alarm-bells_308575_102.html"},"author":{"name":"Juan Pablo Berdugo","@id":"https:\/\/www.fcbarcelonanoticias.com\/en\/#\/schema\/person\/88d756918a0a1ae9fa593b5edddd1815"},"headline":"Aitana Bonmat\u00ed leaves her future at Bar\u00e7a up in the air and sets off alarm bells","datePublished":"2024-11-12T22:43:00+00:00","mainEntityOfPage":{"@id":"https:\/\/www.fcbarcelonanoticias.com\/en\/transfers\/aitana-bonmati-leaves-her-future-at-barca-up-in-the-air-and-sets-off-alarm-bells_308575_102.html"},"wordCount":363,"image":{"@id":"https:\/\/www.fcbarcelonanoticias.com\/en\/transfers\/aitana-bonmati-leaves-her-future-at-barca-up-in-the-air-and-sets-off-alarm-bells_308575_102.html#primaryimage"},"thumbnailUrl":"https:\/\/www.fcbarcelonanoticias.com\/en\/wp-content\/uploads\/sites\/2\/2024\/11\/aitana-bonmati-barcelona-1.jpeg","keywords":["Women's Football"],"articleSection":["Transfers","Transfers"],"inLanguage":"en-US"},{"@type":"WebPage","@id":"https:\/\/www.fcbarcelonanoticias.com\/en\/transfers\/aitana-bonmati-leaves-her-future-at-barca-up-in-the-air-and-sets-off-alarm-bells_308575_102.html","url":"https:\/\/www.fcbarcelonanoticias.com\/en\/transfers\/aitana-bonmati-leaves-her-future-at-barca-up-in-the-air-and-sets-off-alarm-bells_308575_102.html","name":"Aitana Bonmat\u00ed leaves her future at Bar\u00e7a up in the air and sets off alarm bells","isPartOf":{"@id":"https:\/\/www.fcbarcelonanoticias.com\/en\/#website"},"primaryImageOfPage":{"@id":"https:\/\/www.fcbarcelonanoticias.com\/en\/transfers\/aitana-bonmati-leaves-her-future-at-barca-up-in-the-air-and-sets-off-alarm-bells_308575_102.html#primaryimage"},"image":{"@id":"https:\/\/www.fcbarcelonanoticias.com\/en\/transfers\/aitana-bonmati-leaves-her-future-at-barca-up-in-the-air-and-sets-off-alarm-bells_308575_102.html#primaryimage"},"thumbnailUrl":"https:\/\/www.fcbarcelonanoticias.com\/en\/wp-content\/uploads\/sites\/2\/2024\/11\/aitana-bonmati-barcelona-1.jpeg","datePublished":"2024-11-12T22:43:00+00:00","author":{"@id":"https:\/\/www.fcbarcelonanoticias.com\/en\/#\/schema\/person\/88d756918a0a1ae9fa593b5edddd1815"},"description":"Aitana Bonmat\u00ed has \u200b\u200bgiven an interview to 'France Football' and has not assured her continuity at Bar\u00e7a once her contract ends in 2028","breadcrumb":{"@id":"https:\/\/www.fcbarcelonanoticias.com\/en\/transfers\/aitana-bonmati-leaves-her-future-at-barca-up-in-the-air-and-sets-off-alarm-bells_308575_102.html#breadcrumb"},"inLanguage":"en-US","potentialAction":[{"@type":"ReadAction","target":["https:\/\/www.fcbarcelonanoticias.com\/en\/transfers\/aitana-bonmati-leaves-her-future-at-barca-up-in-the-air-and-sets-off-alarm-bells_308575_102.html"]}]},{"@type":"ImageObject","inLanguage":"en-US","@id":"https:\/\/www.fcbarcelonanoticias.com\/en\/transfers\/aitana-bonmati-leaves-her-future-at-barca-up-in-the-air-and-sets-off-alarm-bells_308575_102.html#primaryimage","url":"https:\/\/www.fcbarcelonanoticias.com\/en\/wp-content\/uploads\/sites\/2\/2024\/11\/aitana-bonmati-barcelona-1.jpeg","contentUrl":"https:\/\/www.fcbarcelonanoticias.com\/en\/wp-content\/uploads\/sites\/2\/2024\/11\/aitana-bonmati-barcelona-1.jpeg","width":1250,"height":730},{"@type":"BreadcrumbList","@id":"https:\/\/www.fcbarcelonanoticias.com\/en\/transfers\/aitana-bonmati-leaves-her-future-at-barca-up-in-the-air-and-sets-off-alarm-bells_308575_102.html#breadcrumb","itemListElement":[{"@type":"ListItem","position":1,"name":"Portada","item":"https:\/\/www.fcbarcelonanoticias.com\/en\/"},{"@type":"ListItem","position":2,"name":"Aitana Bonmat\u00ed leaves her future at Bar\u00e7a up in the air and sets off alarm bells"}]},{"@type":"WebSite","@id":"https:\/\/www.fcbarcelonanoticias.com\/en\/#website","url":"https:\/\/www.fcbarcelonanoticias.com\/en\/","name":"EN - FC Barcelona Noticias","description":"","potentialAction":[{"@type":"SearchAction","target":{"@type":"EntryPoint","urlTemplate":"https:\/\/www.fcbarcelonanoticias.com\/en\/?s={search_term_string}"},"query-input":{"@type":"PropertyValueSpecification","valueRequired":true,"valueName":"search_term_string"}}],"inLanguage":"en-US"},{"@type":"Person","@id":"https:\/\/www.fcbarcelonanoticias.com\/en\/#\/schema\/person\/88d756918a0a1ae9fa593b5edddd1815","name":"Juan Pablo Berdugo","image":{"@type":"ImageObject","inLanguage":"en-US","@id":"https:\/\/secure.gravatar.com\/avatar\/?s=96&d=mm&r=g","url":"https:\/\/secure.gravatar.com\/avatar\/?s=96&d=mm&r=g","contentUrl":"https:\/\/secure.gravatar.com\/avatar\/?s=96&d=mm&r=g","caption":"Juan Pablo Berdugo"},"description":"Juan Pablo Berdugo es graduado en Periodismo. Colabora con FCBN como especialista en informaci\u00f3n del primer equipo del FC Barcelona, f\u00fatbol internacional y mercado de fichajes. Destaca por su enfoque anal\u00edtico, su rigor informativo y su capacidad para detectar tendencias emergentes en el f\u00fatbol global.","url":"https:\/\/www.fcbarcelonanoticias.com\/en\/fc-barcelona\/juan-pablo-berdugo_18_115.html"}]}},"_links":{"self":[{"href":"https:\/\/www.fcbarcelonanoticias.com\/en\/wp-json\/wp\/v2\/posts\/91541","targetHints":{"allow":["GET"]}}],"collection":[{"href":"https:\/\/www.fcbarcelonanoticias.com\/en\/wp-json\/wp\/v2\/posts"}],"about":[{"href":"https:\/\/www.fcbarcelonanoticias.com\/en\/wp-json\/wp\/v2\/types\/post"}],"author":[{"embeddable":true,"href":"https:\/\/www.fcbarcelonanoticias.com\/en\/wp-json\/wp\/v2\/users\/358"}],"replies":[{"embeddable":true,"href":"https:\/\/www.fcbarcelonanoticias.com\/en\/wp-json\/wp\/v2\/comments?post=91541"}],"version-history":[{"count":1,"href":"https:\/\/www.fcbarcelonanoticias.com\/en\/wp-json\/wp\/v2\/posts\/91541\/revisions"}],"predecessor-version":[{"id":124597,"href":"https:\/\/www.fcbarcelonanoticias.com\/en\/wp-json\/wp\/v2\/posts\/91541\/revisions\/124597"}],"wp:featuredmedia":[{"embeddable":true,"href":"https:\/\/www.fcbarcelonanoticias.com\/en\/wp-json\/wp\/v2\/media\/91551"}],"wp:attachment":[{"href":"https:\/\/www.fcbarcelonanoticias.com\/en\/wp-json\/wp\/v2\/media?parent=91541"}],"wp:term":[{"taxonomy":"category","embeddable":true,"href":"https:\/\/www.fcbarcelonanoticias.com\/en\/wp-json\/wp\/v2\/categories?post=91541"},{"taxonomy":"post_tag","embeddable":true,"href":"https:\/\/www.fcbarcelonanoticias.com\/en\/wp-json\/wp\/v2\/tags?post=91541"}],"curies":[{"name":"wp","href":"https:\/\/api.w.org\/{rel}","templated":true}]}}