{"id":91575,"date":"2024-09-24T17:46:00","date_gmt":"2024-09-24T15:46:00","guid":{"rendered":"https:\/\/weisetech.dev\/fc-barcelona-noticias\/en\/hansi-flick-is-not-closing-the-door-on-signing-goalkeeper-after-ter-stegen-injury_307468_102\/"},"modified":"2024-09-24T18:08:00","modified_gmt":"2024-09-24T16:08:00","slug":"hansi-flick-is-not-closing-the-door-on-signing-goalkeeper-after-ter-stegen-injury_307468_102","status":"publish","type":"post","link":"https:\/\/www.fcbarcelonanoticias.com\/en\/transfers\/hansi-flick-is-not-closing-the-door-on-signing-goalkeeper-after-ter-stegen-injury_307468_102.html","title":{"rendered":"Hansi Flick is not closing the door on signing a goalkeeper after Ter Stegen&#8217;s injury"},"content":{"rendered":"<h2 class=\"wp-block-heading\">Hansi Flick has spoken to the media ahead of Bar\u00e7a-Getafe. The German spoke about the possible arrival of a goalkeeper to replace Ter Stegen and spoke about Lamine&#8217;s rotation<\/h2>  \r\n<div class=\"article-addons\">\r\n    <a href=\"https:\/\/www.fcbarcelonanoticias.com\/en\/calendar-fc-barcelona.html\"\r\n       target=\"_self\"\r\n       title=\"Calendar of FC Barcelona\"\r\n       class=\"blue-gredient-btn\">\r\n       \r\n        Calendar of FC Barcelona    <\/a>\r\n<\/div>   <p><a data-external=\"0\" data-intl-links-en=\"https:\/\/www.fcbarcelonanoticias.com\/en\/laliga\/fc-barcelona-vs-getafe-victory-to-remain-unbeaten-and-be-one-step-away-from-making-history_307452_102.html\" data-intl-links-es=\"https:\/\/www.fcbarcelonanoticias.com\/laliga\/previa-fc-barcelona-vs-getafe-por-septima-victoria-consecutiva-laliga_307452_102.html\" href=\"https:\/\/www.fcbarcelonanoticias.com\/en\/laliga\/fc-barcelona-vs-getafe-victory-to-remain-unbeaten-and-be-one-step-away-from-making-history_307452_102.html\" rel=\"follow\" target=\"_self\" title=\"FC Barcelona vs Getafe: A victory to remain unbeaten and be one step away from making history\">FC Barcelona will look to continue their run in LaLiga EA Sports next Wednesday, September 25 against Getafe at Montju\u00efc<\/a>. In the run-up to the match corresponding to matchday 7 of the league championship,<strong> Hansi Flick<\/strong> has attended the media in the press room of the Ciutat Esportiva Sant Joan Desp\u00ed, a press conference monopolized by <strong>Ter Stegen<\/strong> and his injury.<\/p>  <h2>The possible signing of a goalkeeper for Bar\u00e7a<\/h2>  <p>The coach began his appearance by reinforcing the position of <strong>I\u00f1aki Pe\u00f1a<\/strong>, whose role in the team is &#8216;threatened&#8217; by the possible signing of a goalkeeper. &#8220;First of all, I have to say that I\u00f1aki is doing well in training and he was already good in pre-season. It is always hard for a goalkeeper who is not a starter to be ready to play when he is due to, but he is ready and we have to see what we do because the players behind him are very young. <strong>We have to take care of the squad, but we don&#8217;t feel any pressure<\/strong>. We are comfortable with I\u00f1aki,&#8221; he commented.<\/p>  <p>However, when asked if <strong>Bar\u00e7a <\/strong>needed to bring in an experienced goalkeeper on loan until June or a goalkeeper with potential who can compete with <strong>Ter Stegen<\/strong> in the future, <strong>Flick <\/strong>&#8216;played&#8217; the trick and did not close the door to the arrival of a reinforcement for the position.<\/p>  <blockquote> <p>&#8220;I can&#8217;t answer this question. We have to evaluate the different options but we don&#8217;t feel pressure. We&#8217;ll see how things go. I&#8217;ll talk to Deco and we&#8217;ll see what decision we make&#8221;<\/p> <\/blockquote>  <h2>Wednesday&#8217;s game will be a &#8220;tough&#8221; one for Bar\u00e7a<\/h2>  <p>When asked if he expects a difficult match against <strong>Bordal\u00e1s&#8217;s <\/strong>team, Hansi said that &#8220;yes. We&#8217;ll have to do different things because each game is different, and we have to adapt the plan. That&#8217;s what we did today (on Tuesday), and I hope the team executes it tomorrow.&#8221;<\/p>  <p>&#8220;We&#8217;ve analysed the game against <strong>Villarreal <\/strong>and there are things we can improve, so it&#8217;s clear that there are many more things to contribute to the project. We&#8217;re doing well, but we&#8217;re going step by step. There are steps we still have to take,&#8221; added the German, who confessed that <strong>I\u00f1igo Mart\u00ednez<\/strong> and <strong>Jules Kound\u00e9<\/strong> could come off the bench for the first time this season. &#8220;We&#8217;re thinking about rotations, yes. We&#8217;ll talk tomorrow,&#8221; he revealed.<\/p>  <h2>Will Lamine Yamal rest against Getafe?<\/h2>  <p>Despite this, the Bar\u00e7a coach seems to have ruled out resting <strong>Lamine Yamal<\/strong> in the match against the blue-and-whites, stating that &#8220;at the moment, <strong>he doesn&#8217;t seem like he needs to rest<\/strong>. He&#8217;s fine, he feels fine&#8230;&#8221;<\/p>  <blockquote> <p>&#8220;&#8230; We&#8217;ll evaluate it, but I don&#8217;t think Lamine needs to rest. Besides, we&#8217;re playing at home and we&#8217;ve already seen what Lamine is doing this season&#8221;<\/p> <\/blockquote>  <p>Likewise, <strong>Flick <\/strong>came out in defence of his star player after the tough tackles he received in <strong>Villarreal<\/strong>. &#8220;We have to look after <strong>Lamine<\/strong>, of course, because what he does with the ball is incredible. But we have to look after all the players,&#8221; said the German, who sees Lamine as the best in the world in the future. &#8220;Quality has nothing to do with age. He&#8217;s doing incredible things. Is he the best? He could become one hundred percent sure,&#8221; he added.<\/p>  <h2>Ara\u00fajo&#8217;s recovery and the present of Raphinha and Lewandowski<\/h2>  <p>On the progress of<strong> Ronald Ara\u00fajo<\/strong>&#8216;s injury, <strong>Flick <\/strong>said that the player is making positive progress, although he does not have an estimated return date. &#8220;Ara\u00fajo is fine. <strong>We cannot say when he will return, it is an open question<\/strong>. I am happy to see him because, when he comes into the dressing room, it is as if he darkens the dressing room a little because it is very big and we need players like that. It is fantastic to have him among us.&#8221;<\/p>  <p>The <strong>Bar\u00e7a <\/strong>coach was not impressed by <strong>Lewandowski&#8217;s <\/strong>great start to the season, stating that &#8220;I am not surprised. He has scored six goals. You always need players around you; and the style of play that we have gives him options to play. And that is what we want. To play well, also for the fans. We return to play at home 25 days later.&#8221;<\/p>  <p>Finally, <strong>Hansi <\/strong>praised the enormous present of <strong>Raphinha<\/strong>, whose level would have a lot to do with the unity of the dressing room. &#8220;He&#8217;s a very dynamic player, everyone in the dressing room loves him, he gives everything for the team. But it&#8217;s not just Raphinha who I want to trust, but all the players. I think everyone has created an environment that favours the team playing well. <strong>We have a good atmosphere as a team and that&#8217;s very important<\/strong>&#8221; he concluded.<\/p> ","protected":false},"excerpt":{"rendered":"<p>Hansi Flick has spoken to the media ahead of Bar\u00e7a-Getafe. The German spoke about the possible arrival of a goalkeeper to replace Ter Stegen and spoke about Lamine&#8217;s rotation FC Barcelona will look to continue their run in LaLiga EA Sports next Wednesday, September 25 against Getafe at Montju\u00efc. In the run-up to the match [&hellip;]<\/p>\n","protected":false},"author":358,"featured_media":0,"comment_status":"closed","ping_status":"open","sticky":false,"template":"","format":"standard","meta":{"_acf_changed":false,"inline_featured_image":false,"_nextfly_llmd_date_locked":false,"footnotes":""},"categories":[449,106],"tags":[92,87],"class_list":["post-91575","post","type-post","status-publish","format-standard","hentry","category-transfers-2","category-transfers","tag-barcelona-vs-getafe","tag-hansi-flick"],"acf":[],"yoast_head":"<!-- This site is optimized with the Yoast SEO plugin v27.3 - https:\/\/yoast.com\/product\/yoast-seo-wordpress\/ -->\n<title>Hansi Flick is not closing the door on signing a goalkeeper after Ter Stegen&#039;s injury<\/title>\n<meta name=\"description\" content=\"Hansi Flick has spoken to the media ahead of Bar\u00e7a-Getafe. The German spoke about the possible arrival of a goalkeeper to replace Ter Stegen and spoke about Lamine&#039;s rotation\" \/>\n<meta name=\"robots\" content=\"index, follow, max-snippet:-1, max-image-preview:large, max-video-preview:-1\" \/>\n<link rel=\"canonical\" href=\"https:\/\/www.fcbarcelonanoticias.com\/en\/transfers\/hansi-flick-is-not-closing-the-door-on-signing-goalkeeper-after-ter-stegen-injury_307468_102.html\" \/>\n<meta property=\"og:locale\" content=\"en_US\" \/>\n<meta property=\"og:type\" content=\"article\" \/>\n<meta property=\"og:title\" content=\"Hansi Flick is not closing the door on signing a goalkeeper after Ter Stegen&#039;s injury\" \/>\n<meta property=\"og:description\" content=\"Hansi Flick has spoken to the media ahead of Bar\u00e7a-Getafe. The German spoke about the possible arrival of a goalkeeper to replace Ter Stegen and spoke about Lamine&#039;s rotation\" \/>\n<meta property=\"og:url\" content=\"https:\/\/www.fcbarcelonanoticias.com\/en\/transfers\/hansi-flick-is-not-closing-the-door-on-signing-goalkeeper-after-ter-stegen-injury_307468_102.html\" \/>\n<meta property=\"og:site_name\" content=\"EN - FC Barcelona Noticias\" \/>\n<meta property=\"article:published_time\" content=\"2024-09-24T15:46:00+00:00\" \/>\n<meta property=\"article:modified_time\" content=\"2024-09-24T16:08:00+00:00\" \/>\n<meta name=\"author\" content=\"Juan Pablo Berdugo\" \/>\n<meta name=\"twitter:card\" content=\"summary_large_image\" \/>\n<meta name=\"twitter:label1\" content=\"Written by\" \/>\n\t<meta name=\"twitter:data1\" content=\"Juan Pablo Berdugo\" \/>\n\t<meta name=\"twitter:label2\" content=\"Est. reading time\" \/>\n\t<meta name=\"twitter:data2\" content=\"4 minutes\" \/>\n<script type=\"application\/ld+json\" class=\"yoast-schema-graph\">{\"@context\":\"https:\\\/\\\/schema.org\",\"@graph\":[{\"@type\":\"Article\",\"@id\":\"https:\\\/\\\/www.fcbarcelonanoticias.com\\\/en\\\/transfers\\\/hansi-flick-is-not-closing-the-door-on-signing-goalkeeper-after-ter-stegen-injury_307468_102.html#article\",\"isPartOf\":{\"@id\":\"https:\\\/\\\/www.fcbarcelonanoticias.com\\\/en\\\/transfers\\\/hansi-flick-is-not-closing-the-door-on-signing-goalkeeper-after-ter-stegen-injury_307468_102.html\"},\"author\":{\"name\":\"Juan Pablo Berdugo\",\"@id\":\"https:\\\/\\\/www.fcbarcelonanoticias.com\\\/en\\\/#\\\/schema\\\/person\\\/88d756918a0a1ae9fa593b5edddd1815\"},\"headline\":\"Hansi Flick is not closing the door on signing a goalkeeper after Ter Stegen&#8217;s injury\",\"datePublished\":\"2024-09-24T15:46:00+00:00\",\"dateModified\":\"2024-09-24T16:08:00+00:00\",\"mainEntityOfPage\":{\"@id\":\"https:\\\/\\\/www.fcbarcelonanoticias.com\\\/en\\\/transfers\\\/hansi-flick-is-not-closing-the-door-on-signing-goalkeeper-after-ter-stegen-injury_307468_102.html\"},\"wordCount\":875,\"keywords\":[\"FC Barcelona vs Getafe\",\"Hansi Flick\"],\"articleSection\":[\"Transfers\",\"Transfers\"],\"inLanguage\":\"en-US\"},{\"@type\":\"WebPage\",\"@id\":\"https:\\\/\\\/www.fcbarcelonanoticias.com\\\/en\\\/transfers\\\/hansi-flick-is-not-closing-the-door-on-signing-goalkeeper-after-ter-stegen-injury_307468_102.html\",\"url\":\"https:\\\/\\\/www.fcbarcelonanoticias.com\\\/en\\\/transfers\\\/hansi-flick-is-not-closing-the-door-on-signing-goalkeeper-after-ter-stegen-injury_307468_102.html\",\"name\":\"Hansi Flick is not closing the door on signing a goalkeeper after Ter Stegen's injury\",\"isPartOf\":{\"@id\":\"https:\\\/\\\/www.fcbarcelonanoticias.com\\\/en\\\/#website\"},\"datePublished\":\"2024-09-24T15:46:00+00:00\",\"dateModified\":\"2024-09-24T16:08:00+00:00\",\"author\":{\"@id\":\"https:\\\/\\\/www.fcbarcelonanoticias.com\\\/en\\\/#\\\/schema\\\/person\\\/88d756918a0a1ae9fa593b5edddd1815\"},\"description\":\"Hansi Flick has spoken to the media ahead of Bar\u00e7a-Getafe. The German spoke about the possible arrival of a goalkeeper to replace Ter Stegen and spoke about Lamine's rotation\",\"breadcrumb\":{\"@id\":\"https:\\\/\\\/www.fcbarcelonanoticias.com\\\/en\\\/transfers\\\/hansi-flick-is-not-closing-the-door-on-signing-goalkeeper-after-ter-stegen-injury_307468_102.html#breadcrumb\"},\"inLanguage\":\"en-US\",\"potentialAction\":[{\"@type\":\"ReadAction\",\"target\":[\"https:\\\/\\\/www.fcbarcelonanoticias.com\\\/en\\\/transfers\\\/hansi-flick-is-not-closing-the-door-on-signing-goalkeeper-after-ter-stegen-injury_307468_102.html\"]}]},{\"@type\":\"BreadcrumbList\",\"@id\":\"https:\\\/\\\/www.fcbarcelonanoticias.com\\\/en\\\/transfers\\\/hansi-flick-is-not-closing-the-door-on-signing-goalkeeper-after-ter-stegen-injury_307468_102.html#breadcrumb\",\"itemListElement\":[{\"@type\":\"ListItem\",\"position\":1,\"name\":\"Portada\",\"item\":\"https:\\\/\\\/www.fcbarcelonanoticias.com\\\/en\\\/\"},{\"@type\":\"ListItem\",\"position\":2,\"name\":\"Hansi Flick is not closing the door on signing a goalkeeper after Ter Stegen&#8217;s injury\"}]},{\"@type\":\"WebSite\",\"@id\":\"https:\\\/\\\/www.fcbarcelonanoticias.com\\\/en\\\/#website\",\"url\":\"https:\\\/\\\/www.fcbarcelonanoticias.com\\\/en\\\/\",\"name\":\"EN - FC Barcelona Noticias\",\"description\":\"\",\"potentialAction\":[{\"@type\":\"SearchAction\",\"target\":{\"@type\":\"EntryPoint\",\"urlTemplate\":\"https:\\\/\\\/www.fcbarcelonanoticias.com\\\/en\\\/?s={search_term_string}\"},\"query-input\":{\"@type\":\"PropertyValueSpecification\",\"valueRequired\":true,\"valueName\":\"search_term_string\"}}],\"inLanguage\":\"en-US\"},{\"@type\":\"Person\",\"@id\":\"https:\\\/\\\/www.fcbarcelonanoticias.com\\\/en\\\/#\\\/schema\\\/person\\\/88d756918a0a1ae9fa593b5edddd1815\",\"name\":\"Juan Pablo Berdugo\",\"image\":{\"@type\":\"ImageObject\",\"inLanguage\":\"en-US\",\"@id\":\"https:\\\/\\\/secure.gravatar.com\\\/avatar\\\/?s=96&d=mm&r=g\",\"url\":\"https:\\\/\\\/secure.gravatar.com\\\/avatar\\\/?s=96&d=mm&r=g\",\"contentUrl\":\"https:\\\/\\\/secure.gravatar.com\\\/avatar\\\/?s=96&d=mm&r=g\",\"caption\":\"Juan Pablo Berdugo\"},\"description\":\"Juan Pablo Berdugo es graduado en Periodismo. Colabora con FCBN como especialista en informaci\u00f3n del primer equipo del FC Barcelona, f\u00fatbol internacional y mercado de fichajes. Destaca por su enfoque anal\u00edtico, su rigor informativo y su capacidad para detectar tendencias emergentes en el f\u00fatbol global.\",\"url\":\"https:\\\/\\\/www.fcbarcelonanoticias.com\\\/en\\\/fc-barcelona\\\/juan-pablo-berdugo_18_115.html\"}]}<\/script>\n<!-- \/ Yoast SEO plugin. -->","yoast_head_json":{"title":"Hansi Flick is not closing the door on signing a goalkeeper after Ter Stegen's injury","description":"Hansi Flick has spoken to the media ahead of Bar\u00e7a-Getafe. The German spoke about the possible arrival of a goalkeeper to replace Ter Stegen and spoke about Lamine's rotation","robots":{"index":"index","follow":"follow","max-snippet":"max-snippet:-1","max-image-preview":"max-image-preview:large","max-video-preview":"max-video-preview:-1"},"canonical":"https:\/\/www.fcbarcelonanoticias.com\/en\/transfers\/hansi-flick-is-not-closing-the-door-on-signing-goalkeeper-after-ter-stegen-injury_307468_102.html","og_locale":"en_US","og_type":"article","og_title":"Hansi Flick is not closing the door on signing a goalkeeper after Ter Stegen's injury","og_description":"Hansi Flick has spoken to the media ahead of Bar\u00e7a-Getafe. The German spoke about the possible arrival of a goalkeeper to replace Ter Stegen and spoke about Lamine's rotation","og_url":"https:\/\/www.fcbarcelonanoticias.com\/en\/transfers\/hansi-flick-is-not-closing-the-door-on-signing-goalkeeper-after-ter-stegen-injury_307468_102.html","og_site_name":"EN - FC Barcelona Noticias","article_published_time":"2024-09-24T15:46:00+00:00","article_modified_time":"2024-09-24T16:08:00+00:00","author":"Juan Pablo Berdugo","twitter_card":"summary_large_image","twitter_misc":{"Written by":"Juan Pablo Berdugo","Est. reading time":"4 minutes"},"schema":{"@context":"https:\/\/schema.org","@graph":[{"@type":"Article","@id":"https:\/\/www.fcbarcelonanoticias.com\/en\/transfers\/hansi-flick-is-not-closing-the-door-on-signing-goalkeeper-after-ter-stegen-injury_307468_102.html#article","isPartOf":{"@id":"https:\/\/www.fcbarcelonanoticias.com\/en\/transfers\/hansi-flick-is-not-closing-the-door-on-signing-goalkeeper-after-ter-stegen-injury_307468_102.html"},"author":{"name":"Juan Pablo Berdugo","@id":"https:\/\/www.fcbarcelonanoticias.com\/en\/#\/schema\/person\/88d756918a0a1ae9fa593b5edddd1815"},"headline":"Hansi Flick is not closing the door on signing a goalkeeper after Ter Stegen&#8217;s injury","datePublished":"2024-09-24T15:46:00+00:00","dateModified":"2024-09-24T16:08:00+00:00","mainEntityOfPage":{"@id":"https:\/\/www.fcbarcelonanoticias.com\/en\/transfers\/hansi-flick-is-not-closing-the-door-on-signing-goalkeeper-after-ter-stegen-injury_307468_102.html"},"wordCount":875,"keywords":["FC Barcelona vs Getafe","Hansi Flick"],"articleSection":["Transfers","Transfers"],"inLanguage":"en-US"},{"@type":"WebPage","@id":"https:\/\/www.fcbarcelonanoticias.com\/en\/transfers\/hansi-flick-is-not-closing-the-door-on-signing-goalkeeper-after-ter-stegen-injury_307468_102.html","url":"https:\/\/www.fcbarcelonanoticias.com\/en\/transfers\/hansi-flick-is-not-closing-the-door-on-signing-goalkeeper-after-ter-stegen-injury_307468_102.html","name":"Hansi Flick is not closing the door on signing a goalkeeper after Ter Stegen's injury","isPartOf":{"@id":"https:\/\/www.fcbarcelonanoticias.com\/en\/#website"},"datePublished":"2024-09-24T15:46:00+00:00","dateModified":"2024-09-24T16:08:00+00:00","author":{"@id":"https:\/\/www.fcbarcelonanoticias.com\/en\/#\/schema\/person\/88d756918a0a1ae9fa593b5edddd1815"},"description":"Hansi Flick has spoken to the media ahead of Bar\u00e7a-Getafe. The German spoke about the possible arrival of a goalkeeper to replace Ter Stegen and spoke about Lamine's rotation","breadcrumb":{"@id":"https:\/\/www.fcbarcelonanoticias.com\/en\/transfers\/hansi-flick-is-not-closing-the-door-on-signing-goalkeeper-after-ter-stegen-injury_307468_102.html#breadcrumb"},"inLanguage":"en-US","potentialAction":[{"@type":"ReadAction","target":["https:\/\/www.fcbarcelonanoticias.com\/en\/transfers\/hansi-flick-is-not-closing-the-door-on-signing-goalkeeper-after-ter-stegen-injury_307468_102.html"]}]},{"@type":"BreadcrumbList","@id":"https:\/\/www.fcbarcelonanoticias.com\/en\/transfers\/hansi-flick-is-not-closing-the-door-on-signing-goalkeeper-after-ter-stegen-injury_307468_102.html#breadcrumb","itemListElement":[{"@type":"ListItem","position":1,"name":"Portada","item":"https:\/\/www.fcbarcelonanoticias.com\/en\/"},{"@type":"ListItem","position":2,"name":"Hansi Flick is not closing the door on signing a goalkeeper after Ter Stegen&#8217;s injury"}]},{"@type":"WebSite","@id":"https:\/\/www.fcbarcelonanoticias.com\/en\/#website","url":"https:\/\/www.fcbarcelonanoticias.com\/en\/","name":"EN - FC Barcelona Noticias","description":"","potentialAction":[{"@type":"SearchAction","target":{"@type":"EntryPoint","urlTemplate":"https:\/\/www.fcbarcelonanoticias.com\/en\/?s={search_term_string}"},"query-input":{"@type":"PropertyValueSpecification","valueRequired":true,"valueName":"search_term_string"}}],"inLanguage":"en-US"},{"@type":"Person","@id":"https:\/\/www.fcbarcelonanoticias.com\/en\/#\/schema\/person\/88d756918a0a1ae9fa593b5edddd1815","name":"Juan Pablo Berdugo","image":{"@type":"ImageObject","inLanguage":"en-US","@id":"https:\/\/secure.gravatar.com\/avatar\/?s=96&d=mm&r=g","url":"https:\/\/secure.gravatar.com\/avatar\/?s=96&d=mm&r=g","contentUrl":"https:\/\/secure.gravatar.com\/avatar\/?s=96&d=mm&r=g","caption":"Juan Pablo Berdugo"},"description":"Juan Pablo Berdugo es graduado en Periodismo. Colabora con FCBN como especialista en informaci\u00f3n del primer equipo del FC Barcelona, f\u00fatbol internacional y mercado de fichajes. Destaca por su enfoque anal\u00edtico, su rigor informativo y su capacidad para detectar tendencias emergentes en el f\u00fatbol global.","url":"https:\/\/www.fcbarcelonanoticias.com\/en\/fc-barcelona\/juan-pablo-berdugo_18_115.html"}]}},"_links":{"self":[{"href":"https:\/\/www.fcbarcelonanoticias.com\/en\/wp-json\/wp\/v2\/posts\/91575","targetHints":{"allow":["GET"]}}],"collection":[{"href":"https:\/\/www.fcbarcelonanoticias.com\/en\/wp-json\/wp\/v2\/posts"}],"about":[{"href":"https:\/\/www.fcbarcelonanoticias.com\/en\/wp-json\/wp\/v2\/types\/post"}],"author":[{"embeddable":true,"href":"https:\/\/www.fcbarcelonanoticias.com\/en\/wp-json\/wp\/v2\/users\/358"}],"replies":[{"embeddable":true,"href":"https:\/\/www.fcbarcelonanoticias.com\/en\/wp-json\/wp\/v2\/comments?post=91575"}],"version-history":[{"count":1,"href":"https:\/\/www.fcbarcelonanoticias.com\/en\/wp-json\/wp\/v2\/posts\/91575\/revisions"}],"predecessor-version":[{"id":126277,"href":"https:\/\/www.fcbarcelonanoticias.com\/en\/wp-json\/wp\/v2\/posts\/91575\/revisions\/126277"}],"wp:attachment":[{"href":"https:\/\/www.fcbarcelonanoticias.com\/en\/wp-json\/wp\/v2\/media?parent=91575"}],"wp:term":[{"taxonomy":"category","embeddable":true,"href":"https:\/\/www.fcbarcelonanoticias.com\/en\/wp-json\/wp\/v2\/categories?post=91575"},{"taxonomy":"post_tag","embeddable":true,"href":"https:\/\/www.fcbarcelonanoticias.com\/en\/wp-json\/wp\/v2\/tags?post=91575"}],"curies":[{"name":"wp","href":"https:\/\/api.w.org\/{rel}","templated":true}]}}