{"id":91625,"date":"2023-07-28T15:18:00","date_gmt":"2023-07-28T13:18:00","guid":{"rendered":"https:\/\/weisetech.dev\/fc-barcelona-noticias\/en\/laporta-raises-chest-by-barca-possible-arrival-mbappe-madrid_294550_102\/"},"modified":"2023-07-28T15:18:00","modified_gmt":"2023-07-28T13:18:00","slug":"laporta-raises-chest-by-barca-possible-arrival-mbappe-madrid_294550_102","status":"publish","type":"post","link":"https:\/\/www.fcbarcelonanoticias.com\/en\/transfers\/laporta-raises-chest-by-barca-possible-arrival-mbappe-madrid_294550_102.html","title":{"rendered":"Laporta &#8216;sticks out his chest&#8217; for Bar\u00e7a before the possible arrival of Mbapp\u00e9 to Madrid"},"content":{"rendered":"<h2 class=\"wp-block-heading\">The president of Bar\u00e7a, Joan Laporta, has offered some statements in which he gets &#8216;wet&#8217; about the current situation of cul\u00e9 in contrast to that of Real Madrid for next season<\/h2>  \r\n<div class=\"article-addons\">\r\n    <a href=\"https:\/\/www.fcbarcelonanoticias.com\/en\/calendar-fc-barcelona.html\"\r\n       target=\"_self\"\r\n       title=\"Calendar of FC Barcelona\"\r\n       class=\"blue-gredient-btn\">\r\n       \r\n        Calendar of FC Barcelona    <\/a>\r\n<\/div>   <p>Joan Laporta, president of the FC Barcelona, <strong>has appeared in front of the microphones of &#8216;ESPN&#8217; in an interview in which it spoke of the actuality of the club.<\/strong> In her it mentioned the <a data-external=\"0\" data-intl-links-en=\"https:\/\/www.fcbarcelonanoticias.com\/en\/transfers\/mbappe-marginado-in-promotional-campaign-of-paris-saint-germain_294539_102.html\" data-intl-links-es=\"https:\/\/www.fcbarcelonanoticias.com\/fichajes\/mbappe-marginado-en-campana-promocional-paris-saint-germain_294539_102.html\" href=\"https:\/\/www.fcbarcelonanoticias.com\/en\/transfers\/mbappe-marginado-in-promotional-campaign-of-paris-saint-germain_294539_102.html\" rel=\"follow\" target=\"_self\" title=\"Mbapp\u00e9, marginado en campa\u00f1a promocional del Paris Saint-Germain\">possible signing of Kylian Mbapp\u00e9 by the Real Madrid<\/a>, the feelings that has with the staff cul\u00e9 and the decision of Leo Messi of recalar in the Inter Miami.<\/p>  <h2>Laporta Speaks of Mbapp\u00e9 and of the Bar\u00e7a<\/h2>  <p>It began his intervention standing out to the &#8216;crack&#8217; French but bending by the game of team. &#8220;In paper, an extraordinary player, that marks differences. <strong>Have it confront complicates you a party but trust my team.<\/strong> The players that has the Bar\u00e7a<strong> <\/strong>for me are the best. <strong>A team is formed by eleven players and the priority always has to be the team in front of the individualities<\/strong>&#8220;, aimed.<\/p>  <p>On the same line, &#8216;it took out breast&#8217; by the Bar\u00e7a and remembered that this type of movements benefit to LaLiga. &#8220;It would concern me if the team of in front had more strength like team that mine. <strong>Have better team that the past year and go it to have even better. <\/strong>These players of talent that avenge always. They promote LaLiga and all the clubs go out benefited&#8221;, affirmed the mandator.<\/p>  <h2>The market and Leo Messi<\/h2>  <p>Near to finalise, added that the market still has not closed for the Barcelona and that the mentality of the group is increasingly strong. &#8220;Our sportive director, beside the trainer, are in permanent activity at the expense of what can do in the market.<strong> Still it is not closed.<\/strong> The market finish on 31 August.<strong> When it begin the League will be to tope to compete to win it beside the Champions. <\/strong>This team already has winning mentality. Have young players, some more experience, <strong>but the youngsters already know what is to win. <\/strong>There is a lot of rivalry, a lot of competition and generates addiction&#8221;, sentenced Laporta.<\/p>  <p>Finally, it spoke of the decision of Messi to change of airs course to the United States. &#8220;It decided to go to the Inter Miami, respect it. <strong>By the circumstances that explained us was the best for him and besides can contribute a lot to the Inter Miami and to the football of United States.<\/strong> We are happy if Messi is happy. Inside the context did all the possible.<strong> Messi already knows that the Bar\u00e7a always will be his house. <\/strong>Like this it has been always with the big players that the club has had along the history&#8221;, concluded.<\/p>  <blockquote class=\"twitter-tweet\"> <p dir=\"ltr\" lang=\"es\">Laporta Prefers or no that Mbapp\u00e9 arrive to the Real Madrid? \ud83d\ude05<br><br> Eye to his answer \ud83d\udde3<br><br> It enjoys \ud835\ude3c\ud835\ude5d\ud835\ude64\ud835\ude67\ud835\ude56 \ud835\ude64 \ud835\ude49\ud835\ude6a\ud835\ude63\ud835\ude58\ud835\ude56 by \ud83d\udcfa <a href=\"https:\/\/twitter.com\/en\/ESPNDeportes?ref_src=twsrc%5Etfw\">@ESPNDeportes<\/a>! <a href=\"https:\/\/t.co\/en\/IkRW1HYaUh\">pic.twitter.com\/ikrw1hyauh<\/a><\/p> \u2014 Now or never ESPN (@ahoraonuncaespn) <a href=\"https:\/\/twitter.com\/en\/ahoraonuncaespn\/status\/1684708038014349312?ref_src=twsrc%5Etfw\">July 27, 2023<\/a> <\/blockquote> ","protected":false},"excerpt":{"rendered":"<p>The president of Bar\u00e7a, Joan Laporta, has offered some statements in which he gets &#8216;wet&#8217; about the current situation of cul\u00e9 in contrast to that of Real Madrid for next season Joan Laporta, president of the FC Barcelona, has appeared in front of the microphones of &#8216;ESPN&#8217; in an interview in which it spoke of [&hellip;]<\/p>\n","protected":false},"author":0,"featured_media":91681,"comment_status":"closed","ping_status":"open","sticky":false,"template":"","format":"standard","meta":{"_acf_changed":false,"inline_featured_image":false,"_nextfly_llmd_date_locked":false,"footnotes":""},"categories":[106,449],"tags":[158,171,88],"class_list":["post-91625","post","type-post","status-publish","format-standard","has-post-thumbnail","hentry","category-transfers","category-transfers-2","tag-joan-laporta","tag-mbappe","tag-paris-saint-germain"],"acf":[],"yoast_head":"<!-- This site is optimized with the Yoast SEO plugin v27.3 - https:\/\/yoast.com\/product\/yoast-seo-wordpress\/ -->\n<title>Laporta &#039;sticks out his chest&#039; for Bar\u00e7a before the possible arrival of Mbapp\u00e9 to Madrid<\/title>\n<meta name=\"description\" content=\"The president of Bar\u00e7a, Joan Laporta, has offered some statements in which he gets &#039;wet&#039; about the current situation of cul\u00e9 in contrast to that of Real Madrid for next season\" \/>\n<meta name=\"robots\" content=\"index, follow, max-snippet:-1, max-image-preview:large, max-video-preview:-1\" \/>\n<link rel=\"canonical\" href=\"https:\/\/www.fcbarcelonanoticias.com\/en\/transfers\/laporta-raises-chest-by-barca-possible-arrival-mbappe-madrid_294550_102.html\" \/>\n<meta property=\"og:locale\" content=\"en_US\" \/>\n<meta property=\"og:type\" content=\"article\" \/>\n<meta property=\"og:title\" content=\"Laporta &#039;sticks out his chest&#039; for Bar\u00e7a before the possible arrival of Mbapp\u00e9 to Madrid\" \/>\n<meta property=\"og:description\" content=\"The president of Bar\u00e7a, Joan Laporta, has offered some statements in which he gets &#039;wet&#039; about the current situation of cul\u00e9 in contrast to that of Real Madrid for next season\" \/>\n<meta property=\"og:url\" content=\"https:\/\/www.fcbarcelonanoticias.com\/en\/transfers\/laporta-raises-chest-by-barca-possible-arrival-mbappe-madrid_294550_102.html\" \/>\n<meta property=\"og:site_name\" content=\"EN - FC Barcelona Noticias\" \/>\n<meta property=\"article:published_time\" content=\"2023-07-28T13:18:00+00:00\" \/>\n<meta property=\"og:image\" content=\"https:\/\/www.fcbarcelonanoticias.com\/en\/wp-content\/uploads\/sites\/2\/2023\/07\/joan-laporta-presidente-del-fc-barcelona.jpeg\" \/>\n\t<meta property=\"og:image:width\" content=\"1250\" \/>\n\t<meta property=\"og:image:height\" content=\"750\" \/>\n\t<meta property=\"og:image:type\" content=\"image\/jpeg\" \/>\n<meta name=\"twitter:card\" content=\"summary_large_image\" \/>\n<meta name=\"twitter:label1\" content=\"Est. reading time\" \/>\n\t<meta name=\"twitter:data1\" content=\"2 minutes\" \/>\n<script type=\"application\/ld+json\" class=\"yoast-schema-graph\">{\"@context\":\"https:\\\/\\\/schema.org\",\"@graph\":[{\"@type\":\"Article\",\"@id\":\"https:\\\/\\\/www.fcbarcelonanoticias.com\\\/en\\\/transfers\\\/laporta-raises-chest-by-barca-possible-arrival-mbappe-madrid_294550_102.html#article\",\"isPartOf\":{\"@id\":\"https:\\\/\\\/www.fcbarcelonanoticias.com\\\/en\\\/transfers\\\/laporta-raises-chest-by-barca-possible-arrival-mbappe-madrid_294550_102.html\"},\"author\":{\"name\":\"\",\"@id\":\"\"},\"headline\":\"Laporta &#8216;sticks out his chest&#8217; for Bar\u00e7a before the possible arrival of Mbapp\u00e9 to Madrid\",\"datePublished\":\"2023-07-28T13:18:00+00:00\",\"mainEntityOfPage\":{\"@id\":\"https:\\\/\\\/www.fcbarcelonanoticias.com\\\/en\\\/transfers\\\/laporta-raises-chest-by-barca-possible-arrival-mbappe-madrid_294550_102.html\"},\"wordCount\":505,\"image\":{\"@id\":\"https:\\\/\\\/www.fcbarcelonanoticias.com\\\/en\\\/transfers\\\/laporta-raises-chest-by-barca-possible-arrival-mbappe-madrid_294550_102.html#primaryimage\"},\"thumbnailUrl\":\"https:\\\/\\\/www.fcbarcelonanoticias.com\\\/en\\\/wp-content\\\/uploads\\\/sites\\\/2\\\/2023\\\/07\\\/joan-laporta-presidente-del-fc-barcelona.jpeg\",\"keywords\":[\"Joan Laporta\",\"Mbapp\u00e9\",\"Paris Saint-Germain\"],\"articleSection\":[\"Transfers\",\"Transfers\"],\"inLanguage\":\"en-US\"},{\"@type\":\"WebPage\",\"@id\":\"https:\\\/\\\/www.fcbarcelonanoticias.com\\\/en\\\/transfers\\\/laporta-raises-chest-by-barca-possible-arrival-mbappe-madrid_294550_102.html\",\"url\":\"https:\\\/\\\/www.fcbarcelonanoticias.com\\\/en\\\/transfers\\\/laporta-raises-chest-by-barca-possible-arrival-mbappe-madrid_294550_102.html\",\"name\":\"Laporta 'sticks out his chest' for Bar\u00e7a before the possible arrival of Mbapp\u00e9 to Madrid\",\"isPartOf\":{\"@id\":\"https:\\\/\\\/www.fcbarcelonanoticias.com\\\/en\\\/#website\"},\"primaryImageOfPage\":{\"@id\":\"https:\\\/\\\/www.fcbarcelonanoticias.com\\\/en\\\/transfers\\\/laporta-raises-chest-by-barca-possible-arrival-mbappe-madrid_294550_102.html#primaryimage\"},\"image\":{\"@id\":\"https:\\\/\\\/www.fcbarcelonanoticias.com\\\/en\\\/transfers\\\/laporta-raises-chest-by-barca-possible-arrival-mbappe-madrid_294550_102.html#primaryimage\"},\"thumbnailUrl\":\"https:\\\/\\\/www.fcbarcelonanoticias.com\\\/en\\\/wp-content\\\/uploads\\\/sites\\\/2\\\/2023\\\/07\\\/joan-laporta-presidente-del-fc-barcelona.jpeg\",\"datePublished\":\"2023-07-28T13:18:00+00:00\",\"author\":{\"@id\":\"\"},\"description\":\"The president of Bar\u00e7a, Joan Laporta, has offered some statements in which he gets 'wet' about the current situation of cul\u00e9 in contrast to that of Real Madrid for next season\",\"breadcrumb\":{\"@id\":\"https:\\\/\\\/www.fcbarcelonanoticias.com\\\/en\\\/transfers\\\/laporta-raises-chest-by-barca-possible-arrival-mbappe-madrid_294550_102.html#breadcrumb\"},\"inLanguage\":\"en-US\",\"potentialAction\":[{\"@type\":\"ReadAction\",\"target\":[\"https:\\\/\\\/www.fcbarcelonanoticias.com\\\/en\\\/transfers\\\/laporta-raises-chest-by-barca-possible-arrival-mbappe-madrid_294550_102.html\"]}]},{\"@type\":\"ImageObject\",\"inLanguage\":\"en-US\",\"@id\":\"https:\\\/\\\/www.fcbarcelonanoticias.com\\\/en\\\/transfers\\\/laporta-raises-chest-by-barca-possible-arrival-mbappe-madrid_294550_102.html#primaryimage\",\"url\":\"https:\\\/\\\/www.fcbarcelonanoticias.com\\\/en\\\/wp-content\\\/uploads\\\/sites\\\/2\\\/2023\\\/07\\\/joan-laporta-presidente-del-fc-barcelona.jpeg\",\"contentUrl\":\"https:\\\/\\\/www.fcbarcelonanoticias.com\\\/en\\\/wp-content\\\/uploads\\\/sites\\\/2\\\/2023\\\/07\\\/joan-laporta-presidente-del-fc-barcelona.jpeg\",\"width\":1250,\"height\":750},{\"@type\":\"BreadcrumbList\",\"@id\":\"https:\\\/\\\/www.fcbarcelonanoticias.com\\\/en\\\/transfers\\\/laporta-raises-chest-by-barca-possible-arrival-mbappe-madrid_294550_102.html#breadcrumb\",\"itemListElement\":[{\"@type\":\"ListItem\",\"position\":1,\"name\":\"Portada\",\"item\":\"https:\\\/\\\/www.fcbarcelonanoticias.com\\\/en\\\/\"},{\"@type\":\"ListItem\",\"position\":2,\"name\":\"Laporta &#8216;sticks out his chest&#8217; for Bar\u00e7a before the possible arrival of Mbapp\u00e9 to Madrid\"}]},{\"@type\":\"WebSite\",\"@id\":\"https:\\\/\\\/www.fcbarcelonanoticias.com\\\/en\\\/#website\",\"url\":\"https:\\\/\\\/www.fcbarcelonanoticias.com\\\/en\\\/\",\"name\":\"EN - FC Barcelona Noticias\",\"description\":\"\",\"potentialAction\":[{\"@type\":\"SearchAction\",\"target\":{\"@type\":\"EntryPoint\",\"urlTemplate\":\"https:\\\/\\\/www.fcbarcelonanoticias.com\\\/en\\\/?s={search_term_string}\"},\"query-input\":{\"@type\":\"PropertyValueSpecification\",\"valueRequired\":true,\"valueName\":\"search_term_string\"}}],\"inLanguage\":\"en-US\"}]}<\/script>\n<!-- \/ Yoast SEO plugin. -->","yoast_head_json":{"title":"Laporta 'sticks out his chest' for Bar\u00e7a before the possible arrival of Mbapp\u00e9 to Madrid","description":"The president of Bar\u00e7a, Joan Laporta, has offered some statements in which he gets 'wet' about the current situation of cul\u00e9 in contrast to that of Real Madrid for next season","robots":{"index":"index","follow":"follow","max-snippet":"max-snippet:-1","max-image-preview":"max-image-preview:large","max-video-preview":"max-video-preview:-1"},"canonical":"https:\/\/www.fcbarcelonanoticias.com\/en\/transfers\/laporta-raises-chest-by-barca-possible-arrival-mbappe-madrid_294550_102.html","og_locale":"en_US","og_type":"article","og_title":"Laporta 'sticks out his chest' for Bar\u00e7a before the possible arrival of Mbapp\u00e9 to Madrid","og_description":"The president of Bar\u00e7a, Joan Laporta, has offered some statements in which he gets 'wet' about the current situation of cul\u00e9 in contrast to that of Real Madrid for next season","og_url":"https:\/\/www.fcbarcelonanoticias.com\/en\/transfers\/laporta-raises-chest-by-barca-possible-arrival-mbappe-madrid_294550_102.html","og_site_name":"EN - FC Barcelona Noticias","article_published_time":"2023-07-28T13:18:00+00:00","og_image":[{"width":1250,"height":750,"url":"https:\/\/www.fcbarcelonanoticias.com\/en\/wp-content\/uploads\/sites\/2\/2023\/07\/joan-laporta-presidente-del-fc-barcelona.jpeg","type":"image\/jpeg"}],"twitter_card":"summary_large_image","twitter_misc":{"Est. reading time":"2 minutes"},"schema":{"@context":"https:\/\/schema.org","@graph":[{"@type":"Article","@id":"https:\/\/www.fcbarcelonanoticias.com\/en\/transfers\/laporta-raises-chest-by-barca-possible-arrival-mbappe-madrid_294550_102.html#article","isPartOf":{"@id":"https:\/\/www.fcbarcelonanoticias.com\/en\/transfers\/laporta-raises-chest-by-barca-possible-arrival-mbappe-madrid_294550_102.html"},"author":{"name":"","@id":""},"headline":"Laporta &#8216;sticks out his chest&#8217; for Bar\u00e7a before the possible arrival of Mbapp\u00e9 to Madrid","datePublished":"2023-07-28T13:18:00+00:00","mainEntityOfPage":{"@id":"https:\/\/www.fcbarcelonanoticias.com\/en\/transfers\/laporta-raises-chest-by-barca-possible-arrival-mbappe-madrid_294550_102.html"},"wordCount":505,"image":{"@id":"https:\/\/www.fcbarcelonanoticias.com\/en\/transfers\/laporta-raises-chest-by-barca-possible-arrival-mbappe-madrid_294550_102.html#primaryimage"},"thumbnailUrl":"https:\/\/www.fcbarcelonanoticias.com\/en\/wp-content\/uploads\/sites\/2\/2023\/07\/joan-laporta-presidente-del-fc-barcelona.jpeg","keywords":["Joan Laporta","Mbapp\u00e9","Paris Saint-Germain"],"articleSection":["Transfers","Transfers"],"inLanguage":"en-US"},{"@type":"WebPage","@id":"https:\/\/www.fcbarcelonanoticias.com\/en\/transfers\/laporta-raises-chest-by-barca-possible-arrival-mbappe-madrid_294550_102.html","url":"https:\/\/www.fcbarcelonanoticias.com\/en\/transfers\/laporta-raises-chest-by-barca-possible-arrival-mbappe-madrid_294550_102.html","name":"Laporta 'sticks out his chest' for Bar\u00e7a before the possible arrival of Mbapp\u00e9 to Madrid","isPartOf":{"@id":"https:\/\/www.fcbarcelonanoticias.com\/en\/#website"},"primaryImageOfPage":{"@id":"https:\/\/www.fcbarcelonanoticias.com\/en\/transfers\/laporta-raises-chest-by-barca-possible-arrival-mbappe-madrid_294550_102.html#primaryimage"},"image":{"@id":"https:\/\/www.fcbarcelonanoticias.com\/en\/transfers\/laporta-raises-chest-by-barca-possible-arrival-mbappe-madrid_294550_102.html#primaryimage"},"thumbnailUrl":"https:\/\/www.fcbarcelonanoticias.com\/en\/wp-content\/uploads\/sites\/2\/2023\/07\/joan-laporta-presidente-del-fc-barcelona.jpeg","datePublished":"2023-07-28T13:18:00+00:00","author":{"@id":""},"description":"The president of Bar\u00e7a, Joan Laporta, has offered some statements in which he gets 'wet' about the current situation of cul\u00e9 in contrast to that of Real Madrid for next season","breadcrumb":{"@id":"https:\/\/www.fcbarcelonanoticias.com\/en\/transfers\/laporta-raises-chest-by-barca-possible-arrival-mbappe-madrid_294550_102.html#breadcrumb"},"inLanguage":"en-US","potentialAction":[{"@type":"ReadAction","target":["https:\/\/www.fcbarcelonanoticias.com\/en\/transfers\/laporta-raises-chest-by-barca-possible-arrival-mbappe-madrid_294550_102.html"]}]},{"@type":"ImageObject","inLanguage":"en-US","@id":"https:\/\/www.fcbarcelonanoticias.com\/en\/transfers\/laporta-raises-chest-by-barca-possible-arrival-mbappe-madrid_294550_102.html#primaryimage","url":"https:\/\/www.fcbarcelonanoticias.com\/en\/wp-content\/uploads\/sites\/2\/2023\/07\/joan-laporta-presidente-del-fc-barcelona.jpeg","contentUrl":"https:\/\/www.fcbarcelonanoticias.com\/en\/wp-content\/uploads\/sites\/2\/2023\/07\/joan-laporta-presidente-del-fc-barcelona.jpeg","width":1250,"height":750},{"@type":"BreadcrumbList","@id":"https:\/\/www.fcbarcelonanoticias.com\/en\/transfers\/laporta-raises-chest-by-barca-possible-arrival-mbappe-madrid_294550_102.html#breadcrumb","itemListElement":[{"@type":"ListItem","position":1,"name":"Portada","item":"https:\/\/www.fcbarcelonanoticias.com\/en\/"},{"@type":"ListItem","position":2,"name":"Laporta &#8216;sticks out his chest&#8217; for Bar\u00e7a before the possible arrival of Mbapp\u00e9 to Madrid"}]},{"@type":"WebSite","@id":"https:\/\/www.fcbarcelonanoticias.com\/en\/#website","url":"https:\/\/www.fcbarcelonanoticias.com\/en\/","name":"EN - FC Barcelona Noticias","description":"","potentialAction":[{"@type":"SearchAction","target":{"@type":"EntryPoint","urlTemplate":"https:\/\/www.fcbarcelonanoticias.com\/en\/?s={search_term_string}"},"query-input":{"@type":"PropertyValueSpecification","valueRequired":true,"valueName":"search_term_string"}}],"inLanguage":"en-US"}]}},"_links":{"self":[{"href":"https:\/\/www.fcbarcelonanoticias.com\/en\/wp-json\/wp\/v2\/posts\/91625","targetHints":{"allow":["GET"]}}],"collection":[{"href":"https:\/\/www.fcbarcelonanoticias.com\/en\/wp-json\/wp\/v2\/posts"}],"about":[{"href":"https:\/\/www.fcbarcelonanoticias.com\/en\/wp-json\/wp\/v2\/types\/post"}],"replies":[{"embeddable":true,"href":"https:\/\/www.fcbarcelonanoticias.com\/en\/wp-json\/wp\/v2\/comments?post=91625"}],"version-history":[{"count":1,"href":"https:\/\/www.fcbarcelonanoticias.com\/en\/wp-json\/wp\/v2\/posts\/91625\/revisions"}],"predecessor-version":[{"id":130640,"href":"https:\/\/www.fcbarcelonanoticias.com\/en\/wp-json\/wp\/v2\/posts\/91625\/revisions\/130640"}],"wp:featuredmedia":[{"embeddable":true,"href":"https:\/\/www.fcbarcelonanoticias.com\/en\/wp-json\/wp\/v2\/media\/91681"}],"wp:attachment":[{"href":"https:\/\/www.fcbarcelonanoticias.com\/en\/wp-json\/wp\/v2\/media?parent=91625"}],"wp:term":[{"taxonomy":"category","embeddable":true,"href":"https:\/\/www.fcbarcelonanoticias.com\/en\/wp-json\/wp\/v2\/categories?post=91625"},{"taxonomy":"post_tag","embeddable":true,"href":"https:\/\/www.fcbarcelonanoticias.com\/en\/wp-json\/wp\/v2\/tags?post=91625"}],"curies":[{"name":"wp","href":"https:\/\/api.w.org\/{rel}","templated":true}]}}