{"id":91919,"date":"2023-03-07T11:40:00","date_gmt":"2023-03-07T10:40:00","guid":{"rendered":"https:\/\/weisetech.dev\/fc-barcelona-noticias\/en\/motives-barcelona-sign-laporte-during-summer_290285_102\/"},"modified":"2023-03-07T11:40:00","modified_gmt":"2023-03-07T10:40:00","slug":"motives-barcelona-sign-laporte-during-summer_290285_102","status":"publish","type":"post","link":"https:\/\/www.fcbarcelonanoticias.com\/en\/transfers\/motives-barcelona-sign-laporte-during-summer_290285_102.html","title":{"rendered":"Bar\u00e7a&#8217;s reasons for signing Laporte during the summer"},"content":{"rendered":"<h2 class=\"wp-block-heading\">Bar\u00e7a is very attentive to market movements and they would not look badly on hiring Aymeric Laporte in the summer. Xavi Hern\u00e1ndez has his reasons and sees in him a center back with quality and hierarchy<\/h2>  \r\n<div class=\"article-addons\">\r\n    <a href=\"https:\/\/www.fcbarcelonanoticias.com\/en\/calendar-fc-barcelona.html\"\r\n       target=\"_self\"\r\n       title=\"Calendar of FC Barcelona\"\r\n       class=\"blue-gredient-btn\">\r\n       \r\n        Calendar of FC Barcelona    <\/a>\r\n<\/div>   <p>The FC Barcelona has kept contact with several footballers of face to the next market of signings. <strong><a data-external=\"0\" data-intl-links-en=\"https:\/\/www.fcbarcelonanoticias.com\/en\/transfers\/barca-aymeric-laporte-option_290255_102.html\" data-intl-links-es=\"https:\/\/www.fcbarcelonanoticias.com\/fichajes\/barca-primera-opcion-aymeric-laporte-abandonar-manchester-city_290255_102.html\" href=\"https:\/\/www.fcbarcelonanoticias.com\/en\/transfers\/barca-aymeric-laporte-option_290255_102.html\" rel=\"follow\" target=\"_self\" title=\"El Bar\u00e7a, primera opci\u00f3n de Aymeric Laporte para abandonar el Manchester City\">Between the candidates to reinforce the saga is Aymeric Laporte<\/a>,<\/strong> the one who as multiple report of the media <strong>would be by the work to change of airs because of his fault of leadership in the Manchester City.<\/strong> It is thus that the Spotify Camp Nou presents like one of his possible destinations and the own Xavi Hern\u00e1ndez would have his reasons to hire him of face to the 2023\/24.<\/p>  <p><strong>Nowadays between the natural head offices of the Bar\u00e7a there is not any left-handed.<\/strong> Ronald Ara\u00fajo, Jules Kound\u00e9, Andreas Christensen and Eric Garc\u00eda are right-handed, whereas Marcos Alonso has worked in the axis of the saga but his favourite role is the one of side. <strong>Laporte Would bring achieve this necessary profile<\/strong> without mattering that Samuel Umtiti and Cl\u00e9ment Lenglet could return of his cession at the end of the course.<\/p>  <p>Another characteristic of the French nationalised Spanish is his good exit with the balloon. <strong>Pep Guardiola has commissioned to perfect his game from the bottom<\/strong> although since it was a member of the rows of the Athletic Bilbao already had good handle of the spherical.<strong> From 10 years ago that the Barcelona has had him in looks it by the good reports that have left his observers<\/strong> and everything aims that this time his signing if it could arrive to good port. This yes, as long as the Fair Play financial of the club fit.<\/p>  <p>Besides, <strong><a data-external=\"0\" data-intl-links-en=\"https:\/\/www.fcbarcelonanoticias.com\/en\/transfers\/amrabat-continues-on-the-agenda-fc-barcelona-east-market-summer-transfers_290283_102.html\" data-intl-links-es=\"https:\/\/www.fcbarcelonanoticias.com\/fichajes\/amrabat-sigue-en-agenda-fc-barcelona-este-mercado-fichajes-veraniego_290283_102.html\" href=\"https:\/\/www.fcbarcelonanoticias.com\/en\/transfers\/amrabat-continues-on-the-agenda-fc-barcelona-east-market-summer-transfers_290283_102.html\" rel=\"follow\" target=\"_self\" title=\"Amrabat sigue en la agenda del FC Barcelona para este mercado de fichajes veraniego\">it is known that to Xavi like him the players experienced<\/a><\/strong> and east is one of the attributes that reinforces the candidature of Laporte. <strong>His 170 commitments in the City do him a big competitor of elite and in the breast of the club already know what is to have footballers of the Premier<\/strong> that mark differences, as Pierre-Emerick Aubameyang, Andreas Christensen, Marcos Alonso and Raphinha. With four English leagues under the arm, <strong>the international Spanish wants to return to his earth<\/strong> and his 28 years turn him into a player of present and future for the Catalans.<\/p>  <h3>Already it knows LaLiga<\/h3>  <p>Laporte Played during five seasons and average in the Bilbao and <strong>knows to perfection how move the threads inside LaLiga.<\/strong> His adaptation to the Barcelona would not be complicated due to the fact that the style of the &#8216;citizens&#8217; is similar to the cul\u00e9 and also<strong> possesses several faces known inside the staff.<\/strong> His go through &#8216;The Red&#8217; has familiarised him with Jordi Alba, Sergio Busquets, Marcos Alonso and the more youngsters of the team, by what would go in fast in dynamics. Added to this, <strong>have minutes would help him to win a place inside the announcement of Luis de la Fuente for the Eurocopa of Germany 2024,<\/strong> a clear aim for the player of face to the future.<\/p> ","protected":false},"excerpt":{"rendered":"<p>Bar\u00e7a is very attentive to market movements and they would not look badly on hiring Aymeric Laporte in the summer. Xavi Hern\u00e1ndez has his reasons and sees in him a center back with quality and hierarchy The FC Barcelona has kept contact with several footballers of face to the next market of signings. Between the [&hellip;]<\/p>\n","protected":false},"author":0,"featured_media":91966,"comment_status":"closed","ping_status":"open","sticky":false,"template":"","format":"standard","meta":{"_acf_changed":false,"inline_featured_image":false,"_nextfly_llmd_date_locked":false,"footnotes":""},"categories":[449,106],"tags":[385,97],"class_list":["post-91919","post","type-post","status-publish","format-standard","has-post-thumbnail","hentry","category-transfers-2","category-transfers","tag-aymeric-laporte","tag-manchester-city"],"acf":[],"yoast_head":"<!-- This site is optimized with the Yoast SEO plugin v27.3 - https:\/\/yoast.com\/product\/yoast-seo-wordpress\/ -->\n<title>Bar\u00e7a&#039;s reasons for signing Laporte during the summer<\/title>\n<meta name=\"description\" content=\"Bar\u00e7a is very attentive to market movements and they would not look badly on hiring Aymeric Laporte in the summer. Xavi Hern\u00e1ndez has his reasons and sees in him a center back with quality and hierarchy\" \/>\n<meta name=\"robots\" content=\"index, follow, max-snippet:-1, max-image-preview:large, max-video-preview:-1\" \/>\n<link rel=\"canonical\" href=\"https:\/\/www.fcbarcelonanoticias.com\/en\/transfers\/motives-barcelona-sign-laporte-during-summer_290285_102.html\" \/>\n<meta property=\"og:locale\" content=\"en_US\" \/>\n<meta property=\"og:type\" content=\"article\" \/>\n<meta property=\"og:title\" content=\"Bar\u00e7a&#039;s reasons for signing Laporte during the summer\" \/>\n<meta property=\"og:description\" content=\"Bar\u00e7a is very attentive to market movements and they would not look badly on hiring Aymeric Laporte in the summer. Xavi Hern\u00e1ndez has his reasons and sees in him a center back with quality and hierarchy\" \/>\n<meta property=\"og:url\" content=\"https:\/\/www.fcbarcelonanoticias.com\/en\/transfers\/motives-barcelona-sign-laporte-during-summer_290285_102.html\" \/>\n<meta property=\"og:site_name\" content=\"EN - FC Barcelona Noticias\" \/>\n<meta property=\"article:published_time\" content=\"2023-03-07T10:40:00+00:00\" \/>\n<meta property=\"og:image\" content=\"https:\/\/www.fcbarcelonanoticias.com\/en\/wp-content\/uploads\/sites\/2\/2023\/03\/aymeric-laporte-65-millones-de-euros-manchester-city.jpeg\" \/>\n\t<meta property=\"og:image:width\" content=\"1200\" \/>\n\t<meta property=\"og:image:height\" content=\"699\" \/>\n\t<meta property=\"og:image:type\" content=\"image\/jpeg\" \/>\n<meta name=\"twitter:card\" content=\"summary_large_image\" \/>\n<meta name=\"twitter:label1\" content=\"Est. reading time\" \/>\n\t<meta name=\"twitter:data1\" content=\"3 minutes\" \/>\n<script type=\"application\/ld+json\" class=\"yoast-schema-graph\">{\"@context\":\"https:\\\/\\\/schema.org\",\"@graph\":[{\"@type\":\"Article\",\"@id\":\"https:\\\/\\\/www.fcbarcelonanoticias.com\\\/en\\\/transfers\\\/motives-barcelona-sign-laporte-during-summer_290285_102.html#article\",\"isPartOf\":{\"@id\":\"https:\\\/\\\/www.fcbarcelonanoticias.com\\\/en\\\/transfers\\\/motives-barcelona-sign-laporte-during-summer_290285_102.html\"},\"author\":{\"name\":\"\",\"@id\":\"\"},\"headline\":\"Bar\u00e7a&#8217;s reasons for signing Laporte during the summer\",\"datePublished\":\"2023-03-07T10:40:00+00:00\",\"mainEntityOfPage\":{\"@id\":\"https:\\\/\\\/www.fcbarcelonanoticias.com\\\/en\\\/transfers\\\/motives-barcelona-sign-laporte-during-summer_290285_102.html\"},\"wordCount\":524,\"image\":{\"@id\":\"https:\\\/\\\/www.fcbarcelonanoticias.com\\\/en\\\/transfers\\\/motives-barcelona-sign-laporte-during-summer_290285_102.html#primaryimage\"},\"thumbnailUrl\":\"https:\\\/\\\/www.fcbarcelonanoticias.com\\\/en\\\/wp-content\\\/uploads\\\/sites\\\/2\\\/2023\\\/03\\\/aymeric-laporte-65-millones-de-euros-manchester-city.jpeg\",\"keywords\":[\"Aymeric Laporte\",\"Manchester City\"],\"articleSection\":[\"Transfers\",\"Transfers\"],\"inLanguage\":\"en-US\"},{\"@type\":\"WebPage\",\"@id\":\"https:\\\/\\\/www.fcbarcelonanoticias.com\\\/en\\\/transfers\\\/motives-barcelona-sign-laporte-during-summer_290285_102.html\",\"url\":\"https:\\\/\\\/www.fcbarcelonanoticias.com\\\/en\\\/transfers\\\/motives-barcelona-sign-laporte-during-summer_290285_102.html\",\"name\":\"Bar\u00e7a's reasons for signing Laporte during the summer\",\"isPartOf\":{\"@id\":\"https:\\\/\\\/www.fcbarcelonanoticias.com\\\/en\\\/#website\"},\"primaryImageOfPage\":{\"@id\":\"https:\\\/\\\/www.fcbarcelonanoticias.com\\\/en\\\/transfers\\\/motives-barcelona-sign-laporte-during-summer_290285_102.html#primaryimage\"},\"image\":{\"@id\":\"https:\\\/\\\/www.fcbarcelonanoticias.com\\\/en\\\/transfers\\\/motives-barcelona-sign-laporte-during-summer_290285_102.html#primaryimage\"},\"thumbnailUrl\":\"https:\\\/\\\/www.fcbarcelonanoticias.com\\\/en\\\/wp-content\\\/uploads\\\/sites\\\/2\\\/2023\\\/03\\\/aymeric-laporte-65-millones-de-euros-manchester-city.jpeg\",\"datePublished\":\"2023-03-07T10:40:00+00:00\",\"author\":{\"@id\":\"\"},\"description\":\"Bar\u00e7a is very attentive to market movements and they would not look badly on hiring Aymeric Laporte in the summer. Xavi Hern\u00e1ndez has his reasons and sees in him a center back with quality and hierarchy\",\"breadcrumb\":{\"@id\":\"https:\\\/\\\/www.fcbarcelonanoticias.com\\\/en\\\/transfers\\\/motives-barcelona-sign-laporte-during-summer_290285_102.html#breadcrumb\"},\"inLanguage\":\"en-US\",\"potentialAction\":[{\"@type\":\"ReadAction\",\"target\":[\"https:\\\/\\\/www.fcbarcelonanoticias.com\\\/en\\\/transfers\\\/motives-barcelona-sign-laporte-during-summer_290285_102.html\"]}]},{\"@type\":\"ImageObject\",\"inLanguage\":\"en-US\",\"@id\":\"https:\\\/\\\/www.fcbarcelonanoticias.com\\\/en\\\/transfers\\\/motives-barcelona-sign-laporte-during-summer_290285_102.html#primaryimage\",\"url\":\"https:\\\/\\\/www.fcbarcelonanoticias.com\\\/en\\\/wp-content\\\/uploads\\\/sites\\\/2\\\/2023\\\/03\\\/aymeric-laporte-65-millones-de-euros-manchester-city.jpeg\",\"contentUrl\":\"https:\\\/\\\/www.fcbarcelonanoticias.com\\\/en\\\/wp-content\\\/uploads\\\/sites\\\/2\\\/2023\\\/03\\\/aymeric-laporte-65-millones-de-euros-manchester-city.jpeg\",\"width\":1200,\"height\":699},{\"@type\":\"BreadcrumbList\",\"@id\":\"https:\\\/\\\/www.fcbarcelonanoticias.com\\\/en\\\/transfers\\\/motives-barcelona-sign-laporte-during-summer_290285_102.html#breadcrumb\",\"itemListElement\":[{\"@type\":\"ListItem\",\"position\":1,\"name\":\"Portada\",\"item\":\"https:\\\/\\\/www.fcbarcelonanoticias.com\\\/en\\\/\"},{\"@type\":\"ListItem\",\"position\":2,\"name\":\"Bar\u00e7a&#8217;s reasons for signing Laporte during the summer\"}]},{\"@type\":\"WebSite\",\"@id\":\"https:\\\/\\\/www.fcbarcelonanoticias.com\\\/en\\\/#website\",\"url\":\"https:\\\/\\\/www.fcbarcelonanoticias.com\\\/en\\\/\",\"name\":\"EN - FC Barcelona Noticias\",\"description\":\"\",\"potentialAction\":[{\"@type\":\"SearchAction\",\"target\":{\"@type\":\"EntryPoint\",\"urlTemplate\":\"https:\\\/\\\/www.fcbarcelonanoticias.com\\\/en\\\/?s={search_term_string}\"},\"query-input\":{\"@type\":\"PropertyValueSpecification\",\"valueRequired\":true,\"valueName\":\"search_term_string\"}}],\"inLanguage\":\"en-US\"}]}<\/script>\n<!-- \/ Yoast SEO plugin. -->","yoast_head_json":{"title":"Bar\u00e7a's reasons for signing Laporte during the summer","description":"Bar\u00e7a is very attentive to market movements and they would not look badly on hiring Aymeric Laporte in the summer. Xavi Hern\u00e1ndez has his reasons and sees in him a center back with quality and hierarchy","robots":{"index":"index","follow":"follow","max-snippet":"max-snippet:-1","max-image-preview":"max-image-preview:large","max-video-preview":"max-video-preview:-1"},"canonical":"https:\/\/www.fcbarcelonanoticias.com\/en\/transfers\/motives-barcelona-sign-laporte-during-summer_290285_102.html","og_locale":"en_US","og_type":"article","og_title":"Bar\u00e7a's reasons for signing Laporte during the summer","og_description":"Bar\u00e7a is very attentive to market movements and they would not look badly on hiring Aymeric Laporte in the summer. Xavi Hern\u00e1ndez has his reasons and sees in him a center back with quality and hierarchy","og_url":"https:\/\/www.fcbarcelonanoticias.com\/en\/transfers\/motives-barcelona-sign-laporte-during-summer_290285_102.html","og_site_name":"EN - FC Barcelona Noticias","article_published_time":"2023-03-07T10:40:00+00:00","og_image":[{"width":1200,"height":699,"url":"https:\/\/www.fcbarcelonanoticias.com\/en\/wp-content\/uploads\/sites\/2\/2023\/03\/aymeric-laporte-65-millones-de-euros-manchester-city.jpeg","type":"image\/jpeg"}],"twitter_card":"summary_large_image","twitter_misc":{"Est. reading time":"3 minutes"},"schema":{"@context":"https:\/\/schema.org","@graph":[{"@type":"Article","@id":"https:\/\/www.fcbarcelonanoticias.com\/en\/transfers\/motives-barcelona-sign-laporte-during-summer_290285_102.html#article","isPartOf":{"@id":"https:\/\/www.fcbarcelonanoticias.com\/en\/transfers\/motives-barcelona-sign-laporte-during-summer_290285_102.html"},"author":{"name":"","@id":""},"headline":"Bar\u00e7a&#8217;s reasons for signing Laporte during the summer","datePublished":"2023-03-07T10:40:00+00:00","mainEntityOfPage":{"@id":"https:\/\/www.fcbarcelonanoticias.com\/en\/transfers\/motives-barcelona-sign-laporte-during-summer_290285_102.html"},"wordCount":524,"image":{"@id":"https:\/\/www.fcbarcelonanoticias.com\/en\/transfers\/motives-barcelona-sign-laporte-during-summer_290285_102.html#primaryimage"},"thumbnailUrl":"https:\/\/www.fcbarcelonanoticias.com\/en\/wp-content\/uploads\/sites\/2\/2023\/03\/aymeric-laporte-65-millones-de-euros-manchester-city.jpeg","keywords":["Aymeric Laporte","Manchester City"],"articleSection":["Transfers","Transfers"],"inLanguage":"en-US"},{"@type":"WebPage","@id":"https:\/\/www.fcbarcelonanoticias.com\/en\/transfers\/motives-barcelona-sign-laporte-during-summer_290285_102.html","url":"https:\/\/www.fcbarcelonanoticias.com\/en\/transfers\/motives-barcelona-sign-laporte-during-summer_290285_102.html","name":"Bar\u00e7a's reasons for signing Laporte during the summer","isPartOf":{"@id":"https:\/\/www.fcbarcelonanoticias.com\/en\/#website"},"primaryImageOfPage":{"@id":"https:\/\/www.fcbarcelonanoticias.com\/en\/transfers\/motives-barcelona-sign-laporte-during-summer_290285_102.html#primaryimage"},"image":{"@id":"https:\/\/www.fcbarcelonanoticias.com\/en\/transfers\/motives-barcelona-sign-laporte-during-summer_290285_102.html#primaryimage"},"thumbnailUrl":"https:\/\/www.fcbarcelonanoticias.com\/en\/wp-content\/uploads\/sites\/2\/2023\/03\/aymeric-laporte-65-millones-de-euros-manchester-city.jpeg","datePublished":"2023-03-07T10:40:00+00:00","author":{"@id":""},"description":"Bar\u00e7a is very attentive to market movements and they would not look badly on hiring Aymeric Laporte in the summer. Xavi Hern\u00e1ndez has his reasons and sees in him a center back with quality and hierarchy","breadcrumb":{"@id":"https:\/\/www.fcbarcelonanoticias.com\/en\/transfers\/motives-barcelona-sign-laporte-during-summer_290285_102.html#breadcrumb"},"inLanguage":"en-US","potentialAction":[{"@type":"ReadAction","target":["https:\/\/www.fcbarcelonanoticias.com\/en\/transfers\/motives-barcelona-sign-laporte-during-summer_290285_102.html"]}]},{"@type":"ImageObject","inLanguage":"en-US","@id":"https:\/\/www.fcbarcelonanoticias.com\/en\/transfers\/motives-barcelona-sign-laporte-during-summer_290285_102.html#primaryimage","url":"https:\/\/www.fcbarcelonanoticias.com\/en\/wp-content\/uploads\/sites\/2\/2023\/03\/aymeric-laporte-65-millones-de-euros-manchester-city.jpeg","contentUrl":"https:\/\/www.fcbarcelonanoticias.com\/en\/wp-content\/uploads\/sites\/2\/2023\/03\/aymeric-laporte-65-millones-de-euros-manchester-city.jpeg","width":1200,"height":699},{"@type":"BreadcrumbList","@id":"https:\/\/www.fcbarcelonanoticias.com\/en\/transfers\/motives-barcelona-sign-laporte-during-summer_290285_102.html#breadcrumb","itemListElement":[{"@type":"ListItem","position":1,"name":"Portada","item":"https:\/\/www.fcbarcelonanoticias.com\/en\/"},{"@type":"ListItem","position":2,"name":"Bar\u00e7a&#8217;s reasons for signing Laporte during the summer"}]},{"@type":"WebSite","@id":"https:\/\/www.fcbarcelonanoticias.com\/en\/#website","url":"https:\/\/www.fcbarcelonanoticias.com\/en\/","name":"EN - FC Barcelona Noticias","description":"","potentialAction":[{"@type":"SearchAction","target":{"@type":"EntryPoint","urlTemplate":"https:\/\/www.fcbarcelonanoticias.com\/en\/?s={search_term_string}"},"query-input":{"@type":"PropertyValueSpecification","valueRequired":true,"valueName":"search_term_string"}}],"inLanguage":"en-US"}]}},"_links":{"self":[{"href":"https:\/\/www.fcbarcelonanoticias.com\/en\/wp-json\/wp\/v2\/posts\/91919","targetHints":{"allow":["GET"]}}],"collection":[{"href":"https:\/\/www.fcbarcelonanoticias.com\/en\/wp-json\/wp\/v2\/posts"}],"about":[{"href":"https:\/\/www.fcbarcelonanoticias.com\/en\/wp-json\/wp\/v2\/types\/post"}],"replies":[{"embeddable":true,"href":"https:\/\/www.fcbarcelonanoticias.com\/en\/wp-json\/wp\/v2\/comments?post=91919"}],"version-history":[{"count":1,"href":"https:\/\/www.fcbarcelonanoticias.com\/en\/wp-json\/wp\/v2\/posts\/91919\/revisions"}],"predecessor-version":[{"id":130642,"href":"https:\/\/www.fcbarcelonanoticias.com\/en\/wp-json\/wp\/v2\/posts\/91919\/revisions\/130642"}],"wp:featuredmedia":[{"embeddable":true,"href":"https:\/\/www.fcbarcelonanoticias.com\/en\/wp-json\/wp\/v2\/media\/91966"}],"wp:attachment":[{"href":"https:\/\/www.fcbarcelonanoticias.com\/en\/wp-json\/wp\/v2\/media?parent=91919"}],"wp:term":[{"taxonomy":"category","embeddable":true,"href":"https:\/\/www.fcbarcelonanoticias.com\/en\/wp-json\/wp\/v2\/categories?post=91919"},{"taxonomy":"post_tag","embeddable":true,"href":"https:\/\/www.fcbarcelonanoticias.com\/en\/wp-json\/wp\/v2\/tags?post=91919"}],"curies":[{"name":"wp","href":"https:\/\/api.w.org\/{rel}","templated":true}]}}