{"id":92222,"date":"2026-01-26T22:32:00","date_gmt":"2026-01-26T21:32:00","guid":{"rendered":"https:\/\/weisetech.dev\/fc-barcelona-noticias\/en\/barcelona-closes-renewal-of-fermin-lopez-until-2031_315846_102\/"},"modified":"2026-01-26T22:32:00","modified_gmt":"2026-01-26T21:32:00","slug":"barcelona-closes-renewal-of-fermin-lopez-until-2031_315846_102","status":"publish","type":"post","link":"https:\/\/www.fcbarcelonanoticias.com\/en\/transfers\/barcelona-closes-renewal-of-fermin-lopez-until-2031_315846_102.html","title":{"rendered":"Barcelona closes the renewal of Ferm\u00edn L\u00f3pez until 2031"},"content":{"rendered":"<h2 class=\"wp-block-heading\">Barcelona&#8217;s board and Ferm\u00edn L\u00f3pez have reached an agreement to extend his contract for a couple more seasons, until June 2031. The attacking midfielder will receive a significant salary increase<\/h2>  \r\n<div class=\"article-addons\">\r\n    <a href=\"https:\/\/www.fcbarcelonanoticias.com\/en\/calendar-fc-barcelona.html\"\r\n       target=\"_self\"\r\n       title=\"Calendar of FC Barcelona\"\r\n       class=\"blue-gredient-btn\">\r\n       \r\n        Calendar of FC Barcelona    <\/a>\r\n<\/div>   <p><strong>Ferm\u00edn L\u00f3pez Mar\u00edn<\/strong> will soon sign a new contract with <strong>FC Barcelona<\/strong>. The latest information indicates the 22-year-old player&#8217;s desire to extend his link with the Blaugrana team until the summer of 2031, two seasons more than his current contract, which he signed in <a data-external=\"0\" data-intl-links-en=\"https:\/\/www.fcbarcelonanoticias.com\/en\/transfers\/official-fc-barcelona-announces-the-renewal-of-fermin-lopez-until-2029_308304_102.html\" data-intl-links-es=\"https:\/\/www.fcbarcelonanoticias.com\/fichajes\/oficial-fc-barcelona-anuncia-renovacion-fermin-lopez-hasta-2029_308304_102.html\" href=\"https:\/\/www.fcbarcelonanoticias.com\/en\/transfers\/official-fc-barcelona-announces-the-renewal-of-fermin-lopez-until-2029_308304_102.html\" rel=\"follow\" target=\"_self\" title=\"\u00a1OFICIAL! El FC Barcelona anuncia la renovaci\u00f3n de Ferm\u00edn L\u00f3pez hasta 2029\">October 2024<\/a>. At that time, the club set his release clause at <strong>500 million euros<\/strong>.<\/p>  <p>The native of El Campillo, Huelva, returned to Can Bar\u00e7a in the summer of 2023, after a season on loan at Linares. Although few bet on his staying in the first team, the midfielder managed to convince <strong>Xavi Hern\u00e1ndez<\/strong> in preseason to give him a chance for 23\/24.<\/p>  <p>In that campaign, he scored 11 goals and provided 1 assist in 43 games. In the following season, despite the signing of Dani Olmo, the Huelva-born player continued to gain importance in the team, becoming a key piece in Hansi Flick&#8217;s system. In the 25\/26 season, Ferm\u00edn has managed to establish himself as a starter, after a summer where he turned down a millionaire offer from Chelsea.<\/p>  <h2>Bar\u00e7a rewards Ferm\u00edn&#8217;s commitment with a new contract<\/h2>  <p>In the 24\/25 season, L\u00f3pez closed the course with 8 goals and 10 assists in 46 games. In the current season, after only 25 appearances, he has already surpassed these records, with **10 goals and 10 assists**. In this regard, the board considered his renewal a priority and the agreement between the parties has already been reached.<\/p>  <p>&#8220;There are a few things left, but I intend to be at Bar\u00e7a, which is the most important thing for me and the truth is I hope it happens soon. I&#8217;m very happy,&#8221; said the Spanish international in an interview for &#8216;SPORT&#8217;.<\/p>  <p>The latest meetings between Deco and his agent, <strong>Xavi Gim\u00e9nez<\/strong>, have been very positive, and journalist Fabrizio Romano assures that the signing of his new contract is imminent. In this regard, &#8216;Mundo Deportivo&#8217; states that the agreement could be formally announced this Thursday, after the Champions League match against Copenhagen, where Ferm\u00edn will likely start.<\/p>  <p>The official renewal ceremony, however, could be moved to next week at the offices of president <strong>Joan Laporta<\/strong>. The player from Huelva will sign until 2031 with a significant salary increase, around double his current wage (<strong>approximately 6 million euros gross<\/strong>).<\/p>  <h2>Ferm\u00edn L\u00f3pez&#8217;s Release Clause Will Remain Prohibitive<\/h2>  <p>Regarding his release clause, Barcelona will likely keep it at 500 million euros, a prohibitive figure to ward off investors from England and the Middle East. After two and a half seasons with the first team, Ferm\u00edn L\u00f3pez has accumulated **113 official matches in which he contributed 29 goals and 21 assists**.<\/p>  <p>Prior to his loan to **Linares**, the Huelva-born player played a single match with the reserves and another three in the **Youth League**. With his renewal, Bar\u00e7a dismisses rumors related to the interest of Chelsea and other Premier League giants who have offered figures close to 100 &#8216;kilos&#8217; for his transfer.<\/p>  <p>&#8220;I hope to help the team a lot. **It&#8217;s not a goal I set for myself** (to improve my offensive records), **but in the position I play, I know I have to score goals and provide assists to help the team.** Hopefully, I can do many more,&#8221; he emphasized about his role in the squad led by Hansi Flick, who has been one of the main proponents of his renewal.<\/p> ","protected":false},"excerpt":{"rendered":"<p>Barcelona&#8217;s board and Ferm\u00edn L\u00f3pez have reached an agreement to extend his contract for a couple more seasons, until June 2031. The attacking midfielder will receive a significant salary increase Ferm\u00edn L\u00f3pez Mar\u00edn will soon sign a new contract with FC Barcelona. The latest information indicates the 22-year-old player&#8217;s desire to extend his link with [&hellip;]<\/p>\n","protected":false},"author":347,"featured_media":92237,"comment_status":"closed","ping_status":"open","sticky":false,"template":"","format":"standard","meta":{"_acf_changed":false,"inline_featured_image":false,"_nextfly_llmd_date_locked":false,"footnotes":""},"categories":[449,106],"tags":[335,266,87,158],"class_list":["post-92222","post","type-post","status-publish","format-standard","has-post-thumbnail","hentry","category-transfers-2","category-transfers","tag-deco","tag-fermin-lopez","tag-hansi-flick","tag-joan-laporta"],"acf":[],"yoast_head":"<!-- This site is optimized with the Yoast SEO plugin v27.3 - https:\/\/yoast.com\/product\/yoast-seo-wordpress\/ -->\n<title>Barcelona closes the renewal of Ferm\u00edn L\u00f3pez until 2031<\/title>\n<meta name=\"description\" content=\"Barcelona&#039;s board and Ferm\u00edn L\u00f3pez have reached an agreement to extend his contract for a couple more seasons, until June 2031\" \/>\n<meta name=\"robots\" content=\"index, follow, max-snippet:-1, max-image-preview:large, max-video-preview:-1\" \/>\n<link rel=\"canonical\" href=\"https:\/\/www.fcbarcelonanoticias.com\/en\/transfers\/barcelona-closes-renewal-of-fermin-lopez-until-2031_315846_102.html\" \/>\n<meta property=\"og:locale\" content=\"en_US\" \/>\n<meta property=\"og:type\" content=\"article\" \/>\n<meta property=\"og:title\" content=\"Barcelona closes the renewal of Ferm\u00edn L\u00f3pez until 2031\" \/>\n<meta property=\"og:description\" content=\"Barcelona&#039;s board and Ferm\u00edn L\u00f3pez have reached an agreement to extend his contract for a couple more seasons, until June 2031\" \/>\n<meta property=\"og:url\" content=\"https:\/\/www.fcbarcelonanoticias.com\/en\/transfers\/barcelona-closes-renewal-of-fermin-lopez-until-2031_315846_102.html\" \/>\n<meta property=\"og:site_name\" content=\"EN - FC Barcelona Noticias\" \/>\n<meta property=\"article:published_time\" content=\"2026-01-26T21:32:00+00:00\" \/>\n<meta property=\"og:image\" content=\"https:\/\/www.fcbarcelonanoticias.com\/en\/wp-content\/uploads\/sites\/2\/2026\/01\/fermin-lopez-v-athletic-supercopa-2026-2.jpeg\" \/>\n\t<meta property=\"og:image:width\" content=\"1300\" \/>\n\t<meta property=\"og:image:height\" content=\"732\" \/>\n\t<meta property=\"og:image:type\" content=\"image\/jpeg\" \/>\n<meta name=\"author\" content=\"Andr\u00e9s Quiroz\" \/>\n<meta name=\"twitter:card\" content=\"summary_large_image\" \/>\n<meta name=\"twitter:label1\" content=\"Written by\" \/>\n\t<meta name=\"twitter:data1\" content=\"Andr\u00e9s Quiroz\" \/>\n\t<meta name=\"twitter:label2\" content=\"Est. reading time\" \/>\n\t<meta name=\"twitter:data2\" content=\"3 minutes\" \/>\n<script type=\"application\/ld+json\" class=\"yoast-schema-graph\">{\"@context\":\"https:\\\/\\\/schema.org\",\"@graph\":[{\"@type\":\"Article\",\"@id\":\"https:\\\/\\\/www.fcbarcelonanoticias.com\\\/en\\\/transfers\\\/barcelona-closes-renewal-of-fermin-lopez-until-2031_315846_102.html#article\",\"isPartOf\":{\"@id\":\"https:\\\/\\\/www.fcbarcelonanoticias.com\\\/en\\\/transfers\\\/barcelona-closes-renewal-of-fermin-lopez-until-2031_315846_102.html\"},\"author\":{\"name\":\"Andr\u00e9s Quiroz\",\"@id\":\"https:\\\/\\\/www.fcbarcelonanoticias.com\\\/en\\\/#\\\/schema\\\/person\\\/c2cd9f6fa1af5c0d0eccd0fefa575c88\"},\"headline\":\"Barcelona closes the renewal of Ferm\u00edn L\u00f3pez until 2031\",\"datePublished\":\"2026-01-26T21:32:00+00:00\",\"mainEntityOfPage\":{\"@id\":\"https:\\\/\\\/www.fcbarcelonanoticias.com\\\/en\\\/transfers\\\/barcelona-closes-renewal-of-fermin-lopez-until-2031_315846_102.html\"},\"wordCount\":599,\"image\":{\"@id\":\"https:\\\/\\\/www.fcbarcelonanoticias.com\\\/en\\\/transfers\\\/barcelona-closes-renewal-of-fermin-lopez-until-2031_315846_102.html#primaryimage\"},\"thumbnailUrl\":\"https:\\\/\\\/www.fcbarcelonanoticias.com\\\/en\\\/wp-content\\\/uploads\\\/sites\\\/2\\\/2026\\\/01\\\/fermin-lopez-v-athletic-supercopa-2026-2.jpeg\",\"keywords\":[\"Deco\",\"Ferm\u00edn L\u00f3pez\",\"Hansi Flick\",\"Joan Laporta\"],\"articleSection\":[\"Transfers\",\"Transfers\"],\"inLanguage\":\"en-US\"},{\"@type\":\"WebPage\",\"@id\":\"https:\\\/\\\/www.fcbarcelonanoticias.com\\\/en\\\/transfers\\\/barcelona-closes-renewal-of-fermin-lopez-until-2031_315846_102.html\",\"url\":\"https:\\\/\\\/www.fcbarcelonanoticias.com\\\/en\\\/transfers\\\/barcelona-closes-renewal-of-fermin-lopez-until-2031_315846_102.html\",\"name\":\"Barcelona closes the renewal of Ferm\u00edn L\u00f3pez until 2031\",\"isPartOf\":{\"@id\":\"https:\\\/\\\/www.fcbarcelonanoticias.com\\\/en\\\/#website\"},\"primaryImageOfPage\":{\"@id\":\"https:\\\/\\\/www.fcbarcelonanoticias.com\\\/en\\\/transfers\\\/barcelona-closes-renewal-of-fermin-lopez-until-2031_315846_102.html#primaryimage\"},\"image\":{\"@id\":\"https:\\\/\\\/www.fcbarcelonanoticias.com\\\/en\\\/transfers\\\/barcelona-closes-renewal-of-fermin-lopez-until-2031_315846_102.html#primaryimage\"},\"thumbnailUrl\":\"https:\\\/\\\/www.fcbarcelonanoticias.com\\\/en\\\/wp-content\\\/uploads\\\/sites\\\/2\\\/2026\\\/01\\\/fermin-lopez-v-athletic-supercopa-2026-2.jpeg\",\"datePublished\":\"2026-01-26T21:32:00+00:00\",\"author\":{\"@id\":\"https:\\\/\\\/www.fcbarcelonanoticias.com\\\/en\\\/#\\\/schema\\\/person\\\/c2cd9f6fa1af5c0d0eccd0fefa575c88\"},\"description\":\"Barcelona's board and Ferm\u00edn L\u00f3pez have reached an agreement to extend his contract for a couple more seasons, until June 2031\",\"breadcrumb\":{\"@id\":\"https:\\\/\\\/www.fcbarcelonanoticias.com\\\/en\\\/transfers\\\/barcelona-closes-renewal-of-fermin-lopez-until-2031_315846_102.html#breadcrumb\"},\"inLanguage\":\"en-US\",\"potentialAction\":[{\"@type\":\"ReadAction\",\"target\":[\"https:\\\/\\\/www.fcbarcelonanoticias.com\\\/en\\\/transfers\\\/barcelona-closes-renewal-of-fermin-lopez-until-2031_315846_102.html\"]}]},{\"@type\":\"ImageObject\",\"inLanguage\":\"en-US\",\"@id\":\"https:\\\/\\\/www.fcbarcelonanoticias.com\\\/en\\\/transfers\\\/barcelona-closes-renewal-of-fermin-lopez-until-2031_315846_102.html#primaryimage\",\"url\":\"https:\\\/\\\/www.fcbarcelonanoticias.com\\\/en\\\/wp-content\\\/uploads\\\/sites\\\/2\\\/2026\\\/01\\\/fermin-lopez-v-athletic-supercopa-2026-2.jpeg\",\"contentUrl\":\"https:\\\/\\\/www.fcbarcelonanoticias.com\\\/en\\\/wp-content\\\/uploads\\\/sites\\\/2\\\/2026\\\/01\\\/fermin-lopez-v-athletic-supercopa-2026-2.jpeg\",\"width\":1300,\"height\":732},{\"@type\":\"BreadcrumbList\",\"@id\":\"https:\\\/\\\/www.fcbarcelonanoticias.com\\\/en\\\/transfers\\\/barcelona-closes-renewal-of-fermin-lopez-until-2031_315846_102.html#breadcrumb\",\"itemListElement\":[{\"@type\":\"ListItem\",\"position\":1,\"name\":\"Portada\",\"item\":\"https:\\\/\\\/www.fcbarcelonanoticias.com\\\/en\\\/\"},{\"@type\":\"ListItem\",\"position\":2,\"name\":\"Barcelona closes the renewal of Ferm\u00edn L\u00f3pez until 2031\"}]},{\"@type\":\"WebSite\",\"@id\":\"https:\\\/\\\/www.fcbarcelonanoticias.com\\\/en\\\/#website\",\"url\":\"https:\\\/\\\/www.fcbarcelonanoticias.com\\\/en\\\/\",\"name\":\"EN - FC Barcelona Noticias\",\"description\":\"\",\"potentialAction\":[{\"@type\":\"SearchAction\",\"target\":{\"@type\":\"EntryPoint\",\"urlTemplate\":\"https:\\\/\\\/www.fcbarcelonanoticias.com\\\/en\\\/?s={search_term_string}\"},\"query-input\":{\"@type\":\"PropertyValueSpecification\",\"valueRequired\":true,\"valueName\":\"search_term_string\"}}],\"inLanguage\":\"en-US\"},{\"@type\":\"Person\",\"@id\":\"https:\\\/\\\/www.fcbarcelonanoticias.com\\\/en\\\/#\\\/schema\\\/person\\\/c2cd9f6fa1af5c0d0eccd0fefa575c88\",\"name\":\"Andr\u00e9s Quiroz\",\"image\":{\"@type\":\"ImageObject\",\"inLanguage\":\"en-US\",\"@id\":\"https:\\\/\\\/secure.gravatar.com\\\/avatar\\\/?s=96&d=mm&r=g\",\"url\":\"https:\\\/\\\/secure.gravatar.com\\\/avatar\\\/?s=96&d=mm&r=g\",\"contentUrl\":\"https:\\\/\\\/secure.gravatar.com\\\/avatar\\\/?s=96&d=mm&r=g\",\"caption\":\"Andr\u00e9s Quiroz\"},\"description\":\"Licenciado en Periodismo por la Universidad de los Andes. Me encargo de analizar y compartir los contenidos m\u00e1s destacados de la\u00a0actualidad del F\u00fatbol Club Barcelona, Mercado de Fichajes y F\u00fatbol Internacional en FCBN. La informaci\u00f3n es poder, pero tambi\u00e9n conocimiento.\",\"url\":\"https:\\\/\\\/www.fcbarcelonanoticias.com\\\/en\\\/fc-barcelona\\\/andres-quiroz_17_115.html\"}]}<\/script>\n<!-- \/ Yoast SEO plugin. -->","yoast_head_json":{"title":"Barcelona closes the renewal of Ferm\u00edn L\u00f3pez until 2031","description":"Barcelona's board and Ferm\u00edn L\u00f3pez have reached an agreement to extend his contract for a couple more seasons, until June 2031","robots":{"index":"index","follow":"follow","max-snippet":"max-snippet:-1","max-image-preview":"max-image-preview:large","max-video-preview":"max-video-preview:-1"},"canonical":"https:\/\/www.fcbarcelonanoticias.com\/en\/transfers\/barcelona-closes-renewal-of-fermin-lopez-until-2031_315846_102.html","og_locale":"en_US","og_type":"article","og_title":"Barcelona closes the renewal of Ferm\u00edn L\u00f3pez until 2031","og_description":"Barcelona's board and Ferm\u00edn L\u00f3pez have reached an agreement to extend his contract for a couple more seasons, until June 2031","og_url":"https:\/\/www.fcbarcelonanoticias.com\/en\/transfers\/barcelona-closes-renewal-of-fermin-lopez-until-2031_315846_102.html","og_site_name":"EN - FC Barcelona Noticias","article_published_time":"2026-01-26T21:32:00+00:00","og_image":[{"width":1300,"height":732,"url":"https:\/\/www.fcbarcelonanoticias.com\/en\/wp-content\/uploads\/sites\/2\/2026\/01\/fermin-lopez-v-athletic-supercopa-2026-2.jpeg","type":"image\/jpeg"}],"author":"Andr\u00e9s Quiroz","twitter_card":"summary_large_image","twitter_misc":{"Written by":"Andr\u00e9s Quiroz","Est. reading time":"3 minutes"},"schema":{"@context":"https:\/\/schema.org","@graph":[{"@type":"Article","@id":"https:\/\/www.fcbarcelonanoticias.com\/en\/transfers\/barcelona-closes-renewal-of-fermin-lopez-until-2031_315846_102.html#article","isPartOf":{"@id":"https:\/\/www.fcbarcelonanoticias.com\/en\/transfers\/barcelona-closes-renewal-of-fermin-lopez-until-2031_315846_102.html"},"author":{"name":"Andr\u00e9s Quiroz","@id":"https:\/\/www.fcbarcelonanoticias.com\/en\/#\/schema\/person\/c2cd9f6fa1af5c0d0eccd0fefa575c88"},"headline":"Barcelona closes the renewal of Ferm\u00edn L\u00f3pez until 2031","datePublished":"2026-01-26T21:32:00+00:00","mainEntityOfPage":{"@id":"https:\/\/www.fcbarcelonanoticias.com\/en\/transfers\/barcelona-closes-renewal-of-fermin-lopez-until-2031_315846_102.html"},"wordCount":599,"image":{"@id":"https:\/\/www.fcbarcelonanoticias.com\/en\/transfers\/barcelona-closes-renewal-of-fermin-lopez-until-2031_315846_102.html#primaryimage"},"thumbnailUrl":"https:\/\/www.fcbarcelonanoticias.com\/en\/wp-content\/uploads\/sites\/2\/2026\/01\/fermin-lopez-v-athletic-supercopa-2026-2.jpeg","keywords":["Deco","Ferm\u00edn L\u00f3pez","Hansi Flick","Joan Laporta"],"articleSection":["Transfers","Transfers"],"inLanguage":"en-US"},{"@type":"WebPage","@id":"https:\/\/www.fcbarcelonanoticias.com\/en\/transfers\/barcelona-closes-renewal-of-fermin-lopez-until-2031_315846_102.html","url":"https:\/\/www.fcbarcelonanoticias.com\/en\/transfers\/barcelona-closes-renewal-of-fermin-lopez-until-2031_315846_102.html","name":"Barcelona closes the renewal of Ferm\u00edn L\u00f3pez until 2031","isPartOf":{"@id":"https:\/\/www.fcbarcelonanoticias.com\/en\/#website"},"primaryImageOfPage":{"@id":"https:\/\/www.fcbarcelonanoticias.com\/en\/transfers\/barcelona-closes-renewal-of-fermin-lopez-until-2031_315846_102.html#primaryimage"},"image":{"@id":"https:\/\/www.fcbarcelonanoticias.com\/en\/transfers\/barcelona-closes-renewal-of-fermin-lopez-until-2031_315846_102.html#primaryimage"},"thumbnailUrl":"https:\/\/www.fcbarcelonanoticias.com\/en\/wp-content\/uploads\/sites\/2\/2026\/01\/fermin-lopez-v-athletic-supercopa-2026-2.jpeg","datePublished":"2026-01-26T21:32:00+00:00","author":{"@id":"https:\/\/www.fcbarcelonanoticias.com\/en\/#\/schema\/person\/c2cd9f6fa1af5c0d0eccd0fefa575c88"},"description":"Barcelona's board and Ferm\u00edn L\u00f3pez have reached an agreement to extend his contract for a couple more seasons, until June 2031","breadcrumb":{"@id":"https:\/\/www.fcbarcelonanoticias.com\/en\/transfers\/barcelona-closes-renewal-of-fermin-lopez-until-2031_315846_102.html#breadcrumb"},"inLanguage":"en-US","potentialAction":[{"@type":"ReadAction","target":["https:\/\/www.fcbarcelonanoticias.com\/en\/transfers\/barcelona-closes-renewal-of-fermin-lopez-until-2031_315846_102.html"]}]},{"@type":"ImageObject","inLanguage":"en-US","@id":"https:\/\/www.fcbarcelonanoticias.com\/en\/transfers\/barcelona-closes-renewal-of-fermin-lopez-until-2031_315846_102.html#primaryimage","url":"https:\/\/www.fcbarcelonanoticias.com\/en\/wp-content\/uploads\/sites\/2\/2026\/01\/fermin-lopez-v-athletic-supercopa-2026-2.jpeg","contentUrl":"https:\/\/www.fcbarcelonanoticias.com\/en\/wp-content\/uploads\/sites\/2\/2026\/01\/fermin-lopez-v-athletic-supercopa-2026-2.jpeg","width":1300,"height":732},{"@type":"BreadcrumbList","@id":"https:\/\/www.fcbarcelonanoticias.com\/en\/transfers\/barcelona-closes-renewal-of-fermin-lopez-until-2031_315846_102.html#breadcrumb","itemListElement":[{"@type":"ListItem","position":1,"name":"Portada","item":"https:\/\/www.fcbarcelonanoticias.com\/en\/"},{"@type":"ListItem","position":2,"name":"Barcelona closes the renewal of Ferm\u00edn L\u00f3pez until 2031"}]},{"@type":"WebSite","@id":"https:\/\/www.fcbarcelonanoticias.com\/en\/#website","url":"https:\/\/www.fcbarcelonanoticias.com\/en\/","name":"EN - FC Barcelona Noticias","description":"","potentialAction":[{"@type":"SearchAction","target":{"@type":"EntryPoint","urlTemplate":"https:\/\/www.fcbarcelonanoticias.com\/en\/?s={search_term_string}"},"query-input":{"@type":"PropertyValueSpecification","valueRequired":true,"valueName":"search_term_string"}}],"inLanguage":"en-US"},{"@type":"Person","@id":"https:\/\/www.fcbarcelonanoticias.com\/en\/#\/schema\/person\/c2cd9f6fa1af5c0d0eccd0fefa575c88","name":"Andr\u00e9s Quiroz","image":{"@type":"ImageObject","inLanguage":"en-US","@id":"https:\/\/secure.gravatar.com\/avatar\/?s=96&d=mm&r=g","url":"https:\/\/secure.gravatar.com\/avatar\/?s=96&d=mm&r=g","contentUrl":"https:\/\/secure.gravatar.com\/avatar\/?s=96&d=mm&r=g","caption":"Andr\u00e9s Quiroz"},"description":"Licenciado en Periodismo por la Universidad de los Andes. Me encargo de analizar y compartir los contenidos m\u00e1s destacados de la\u00a0actualidad del F\u00fatbol Club Barcelona, Mercado de Fichajes y F\u00fatbol Internacional en FCBN. La informaci\u00f3n es poder, pero tambi\u00e9n conocimiento.","url":"https:\/\/www.fcbarcelonanoticias.com\/en\/fc-barcelona\/andres-quiroz_17_115.html"}]}},"_links":{"self":[{"href":"https:\/\/www.fcbarcelonanoticias.com\/en\/wp-json\/wp\/v2\/posts\/92222","targetHints":{"allow":["GET"]}}],"collection":[{"href":"https:\/\/www.fcbarcelonanoticias.com\/en\/wp-json\/wp\/v2\/posts"}],"about":[{"href":"https:\/\/www.fcbarcelonanoticias.com\/en\/wp-json\/wp\/v2\/types\/post"}],"author":[{"embeddable":true,"href":"https:\/\/www.fcbarcelonanoticias.com\/en\/wp-json\/wp\/v2\/users\/347"}],"replies":[{"embeddable":true,"href":"https:\/\/www.fcbarcelonanoticias.com\/en\/wp-json\/wp\/v2\/comments?post=92222"}],"version-history":[{"count":1,"href":"https:\/\/www.fcbarcelonanoticias.com\/en\/wp-json\/wp\/v2\/posts\/92222\/revisions"}],"predecessor-version":[{"id":124878,"href":"https:\/\/www.fcbarcelonanoticias.com\/en\/wp-json\/wp\/v2\/posts\/92222\/revisions\/124878"}],"wp:featuredmedia":[{"embeddable":true,"href":"https:\/\/www.fcbarcelonanoticias.com\/en\/wp-json\/wp\/v2\/media\/92237"}],"wp:attachment":[{"href":"https:\/\/www.fcbarcelonanoticias.com\/en\/wp-json\/wp\/v2\/media?parent=92222"}],"wp:term":[{"taxonomy":"category","embeddable":true,"href":"https:\/\/www.fcbarcelonanoticias.com\/en\/wp-json\/wp\/v2\/categories?post=92222"},{"taxonomy":"post_tag","embeddable":true,"href":"https:\/\/www.fcbarcelonanoticias.com\/en\/wp-json\/wp\/v2\/tags?post=92222"}],"curies":[{"name":"wp","href":"https:\/\/api.w.org\/{rel}","templated":true}]}}