{"id":92270,"date":"2025-01-19T02:45:00","date_gmt":"2025-01-19T01:45:00","guid":{"rendered":"https:\/\/weisetech.dev\/fc-barcelona-noticias\/en\/barcelona-and-real-madrid-close-to-losing-alphonso-davies-for-good_310203_102\/"},"modified":"2025-01-19T08:07:00","modified_gmt":"2025-01-19T07:07:00","slug":"barcelona-and-real-madrid-close-to-losing-alphonso-davies-for-good_310203_102","status":"publish","type":"post","link":"https:\/\/www.fcbarcelonanoticias.com\/en\/transfers\/barcelona-and-real-madrid-close-to-losing-alphonso-davies-for-good_310203_102.html","title":{"rendered":"Barcelona and Real Madrid, close to losing Alphonso Davies for good"},"content":{"rendered":"<h2 class=\"wp-block-heading\">Alphonso Davies is getting closer to renewing with Bayern Munich. The Bavarians have made him a new offer and the agreement is imminent<\/h2>  \r\n<div class=\"article-addons\">\r\n    <a href=\"https:\/\/www.fcbarcelonanoticias.com\/en\/calendar-fc-barcelona.html\"\r\n       target=\"_self\"\r\n       title=\"Calendar of FC Barcelona\"\r\n       class=\"blue-gredient-btn\">\r\n       \r\n        Calendar of FC Barcelona    <\/a>\r\n<\/div>   <p>The saga of <strong>Alphonso Davies<\/strong> is getting closer to its end. After months of endless speculation about the next step in the Canadian&#8217;s career, all signs point to the player opting to continue wearing the <strong>Bayern Munich<\/strong> jersey beyond the summer of 2025.<\/p>  <p>This has been reported by journalist Fabrizio Romano, who stated that the Bavarian club has made a new offer to the player to convince him to extend his stay at the <strong>Allianz Arena<\/strong> and they have succeeded in their goal. The positions between both parties are closer than ever and the final agreement is imminent, making the defender the second highest paid in the squad with a salary close to <strong>25 million euros gross per season<\/strong>.<\/p>  <h3>Barcelona and Madrid would miss out on the option of Davies<\/h3>  <p>If the operation goes well, both <strong>FC Barcelona<\/strong> and <strong>Real Madrid<\/strong> would be left without their main target to strengthen the left-back position. The Catalan team hoped that the presence of <strong>Hansi Flick<\/strong> would tip the scales in their favor, but Davies&#8217; position, <a data-external=\"0\" data-intl-links-en=\"https:\/\/www.fcbarcelonanoticias.com\/en\/transfers\/alejandro-balde-arsenal-target-will-barcelona-let-him-go_310100_102.html\" data-intl-links-es=\"https:\/\/www.fcbarcelonanoticias.com\/fichajes\/alejandro-balde-objetivo-arsenal-le-dejara-ir-barcelona_310100_102.html\" href=\"https:\/\/www.fcbarcelonanoticias.com\/en\/transfers\/alejandro-balde-arsenal-target-will-barcelona-let-him-go_310100_102.html\" rel=\"follow\" target=\"_self\" title=\"Alejandro Balde, target of Arsenal: will Barcelona let him go?\">combined with the good performance shown by Alejandro Balde in recent matches<\/a>, has left the arrival of the North American to the Catalan city in the background.<\/p>  <p>More painful is the loss for the Madrid team, whose plans for the left side of the defense relied on signing the Canadian. In fact, <a data-external=\"0\" data-intl-links-en=\"https:\/\/www.fcbarcelonanoticias.com\/en\/transfers\/real-madrid-and-barca-do-not-give-up-the-dream-of-signing-alphonso-davies-continues_310097_102.html\" data-intl-links-es=\"https:\/\/www.fcbarcelonanoticias.com\/fichajes\/real-madrid-barca-no-se-rinden-sueno-fichar-alphonso-davies-sigue_310097_102.html\" href=\"https:\/\/www.fcbarcelonanoticias.com\/en\/transfers\/real-madrid-and-barca-do-not-give-up-the-dream-of-signing-alphonso-davies-continues_310097_102.html\" rel=\"follow\" target=\"_self\" title=\"Real Madrid and Bar\u00e7a do not give up: the dream of signing Alphonso Davies continues\">a few days ago various rumors suggested that the agreement between the whites and Alphonso was done<\/a>, but the latest move from <strong>Bayern<\/strong> would have left the Madridistas with no options, who now have a real &#8216;headache&#8217; in the most fragile position of the team.<\/p> ","protected":false},"excerpt":{"rendered":"<p>Alphonso Davies is getting closer to renewing with Bayern Munich. The Bavarians have made him a new offer and the agreement is imminent The saga of Alphonso Davies is getting closer to its end. After months of endless speculation about the next step in the Canadian&#8217;s career, all signs point to the player opting to [&hellip;]<\/p>\n","protected":false},"author":358,"featured_media":92278,"comment_status":"closed","ping_status":"open","sticky":false,"template":"","format":"standard","meta":{"_acf_changed":false,"inline_featured_image":false,"_nextfly_llmd_date_locked":false,"footnotes":""},"categories":[106,449],"tags":[],"class_list":["post-92270","post","type-post","status-publish","format-standard","has-post-thumbnail","hentry","category-transfers","category-transfers-2"],"acf":[],"yoast_head":"<!-- This site is optimized with the Yoast SEO plugin v27.3 - https:\/\/yoast.com\/product\/yoast-seo-wordpress\/ -->\n<title>Barcelona and Real Madrid, close to losing Alphonso Davies for good<\/title>\n<meta name=\"description\" content=\"Alphonso Davies is getting closer to renewing with Bayern Munich. The Bavarians have made him a new offer and the agreement is imminent\" \/>\n<meta name=\"robots\" content=\"index, follow, max-snippet:-1, max-image-preview:large, max-video-preview:-1\" \/>\n<link rel=\"canonical\" href=\"https:\/\/www.fcbarcelonanoticias.com\/en\/transfers\/barcelona-and-real-madrid-close-to-losing-alphonso-davies-for-good_310203_102.html\" \/>\n<meta property=\"og:locale\" content=\"en_US\" \/>\n<meta property=\"og:type\" content=\"article\" \/>\n<meta property=\"og:title\" content=\"Barcelona and Real Madrid, close to losing Alphonso Davies for good\" \/>\n<meta property=\"og:description\" content=\"Alphonso Davies is getting closer to renewing with Bayern Munich. The Bavarians have made him a new offer and the agreement is imminent\" \/>\n<meta property=\"og:url\" content=\"https:\/\/www.fcbarcelonanoticias.com\/en\/transfers\/barcelona-and-real-madrid-close-to-losing-alphonso-davies-for-good_310203_102.html\" \/>\n<meta property=\"og:site_name\" content=\"EN - FC Barcelona Noticias\" \/>\n<meta property=\"article:published_time\" content=\"2025-01-19T01:45:00+00:00\" \/>\n<meta property=\"article:modified_time\" content=\"2025-01-19T07:07:00+00:00\" \/>\n<meta property=\"og:image\" content=\"https:\/\/www.fcbarcelonanoticias.com\/en\/wp-content\/uploads\/sites\/2\/2025\/01\/fc-bayern-munchen-v-vfl-wolfsburg-bundesliga-1-1.jpeg\" \/>\n\t<meta property=\"og:image:width\" content=\"1200\" \/>\n\t<meta property=\"og:image:height\" content=\"675\" \/>\n\t<meta property=\"og:image:type\" content=\"image\/jpeg\" \/>\n<meta name=\"author\" content=\"Juan Pablo Berdugo\" \/>\n<meta name=\"twitter:card\" content=\"summary_large_image\" \/>\n<meta name=\"twitter:label1\" content=\"Written by\" \/>\n\t<meta name=\"twitter:data1\" content=\"Juan Pablo Berdugo\" \/>\n\t<meta name=\"twitter:label2\" content=\"Est. reading time\" \/>\n\t<meta name=\"twitter:data2\" content=\"1 minute\" \/>\n<script type=\"application\/ld+json\" class=\"yoast-schema-graph\">{\"@context\":\"https:\\\/\\\/schema.org\",\"@graph\":[{\"@type\":\"Article\",\"@id\":\"https:\\\/\\\/www.fcbarcelonanoticias.com\\\/en\\\/transfers\\\/barcelona-and-real-madrid-close-to-losing-alphonso-davies-for-good_310203_102.html#article\",\"isPartOf\":{\"@id\":\"https:\\\/\\\/www.fcbarcelonanoticias.com\\\/en\\\/transfers\\\/barcelona-and-real-madrid-close-to-losing-alphonso-davies-for-good_310203_102.html\"},\"author\":{\"name\":\"Juan Pablo Berdugo\",\"@id\":\"https:\\\/\\\/www.fcbarcelonanoticias.com\\\/en\\\/#\\\/schema\\\/person\\\/88d756918a0a1ae9fa593b5edddd1815\"},\"headline\":\"Barcelona and Real Madrid, close to losing Alphonso Davies for good\",\"datePublished\":\"2025-01-19T01:45:00+00:00\",\"dateModified\":\"2025-01-19T07:07:00+00:00\",\"mainEntityOfPage\":{\"@id\":\"https:\\\/\\\/www.fcbarcelonanoticias.com\\\/en\\\/transfers\\\/barcelona-and-real-madrid-close-to-losing-alphonso-davies-for-good_310203_102.html\"},\"wordCount\":303,\"image\":{\"@id\":\"https:\\\/\\\/www.fcbarcelonanoticias.com\\\/en\\\/transfers\\\/barcelona-and-real-madrid-close-to-losing-alphonso-davies-for-good_310203_102.html#primaryimage\"},\"thumbnailUrl\":\"https:\\\/\\\/www.fcbarcelonanoticias.com\\\/en\\\/wp-content\\\/uploads\\\/sites\\\/2\\\/2025\\\/01\\\/fc-bayern-munchen-v-vfl-wolfsburg-bundesliga-1-1.jpeg\",\"articleSection\":[\"Transfers\",\"Transfers\"],\"inLanguage\":\"en-US\"},{\"@type\":\"WebPage\",\"@id\":\"https:\\\/\\\/www.fcbarcelonanoticias.com\\\/en\\\/transfers\\\/barcelona-and-real-madrid-close-to-losing-alphonso-davies-for-good_310203_102.html\",\"url\":\"https:\\\/\\\/www.fcbarcelonanoticias.com\\\/en\\\/transfers\\\/barcelona-and-real-madrid-close-to-losing-alphonso-davies-for-good_310203_102.html\",\"name\":\"Barcelona and Real Madrid, close to losing Alphonso Davies for good\",\"isPartOf\":{\"@id\":\"https:\\\/\\\/www.fcbarcelonanoticias.com\\\/en\\\/#website\"},\"primaryImageOfPage\":{\"@id\":\"https:\\\/\\\/www.fcbarcelonanoticias.com\\\/en\\\/transfers\\\/barcelona-and-real-madrid-close-to-losing-alphonso-davies-for-good_310203_102.html#primaryimage\"},\"image\":{\"@id\":\"https:\\\/\\\/www.fcbarcelonanoticias.com\\\/en\\\/transfers\\\/barcelona-and-real-madrid-close-to-losing-alphonso-davies-for-good_310203_102.html#primaryimage\"},\"thumbnailUrl\":\"https:\\\/\\\/www.fcbarcelonanoticias.com\\\/en\\\/wp-content\\\/uploads\\\/sites\\\/2\\\/2025\\\/01\\\/fc-bayern-munchen-v-vfl-wolfsburg-bundesliga-1-1.jpeg\",\"datePublished\":\"2025-01-19T01:45:00+00:00\",\"dateModified\":\"2025-01-19T07:07:00+00:00\",\"author\":{\"@id\":\"https:\\\/\\\/www.fcbarcelonanoticias.com\\\/en\\\/#\\\/schema\\\/person\\\/88d756918a0a1ae9fa593b5edddd1815\"},\"description\":\"Alphonso Davies is getting closer to renewing with Bayern Munich. The Bavarians have made him a new offer and the agreement is imminent\",\"breadcrumb\":{\"@id\":\"https:\\\/\\\/www.fcbarcelonanoticias.com\\\/en\\\/transfers\\\/barcelona-and-real-madrid-close-to-losing-alphonso-davies-for-good_310203_102.html#breadcrumb\"},\"inLanguage\":\"en-US\",\"potentialAction\":[{\"@type\":\"ReadAction\",\"target\":[\"https:\\\/\\\/www.fcbarcelonanoticias.com\\\/en\\\/transfers\\\/barcelona-and-real-madrid-close-to-losing-alphonso-davies-for-good_310203_102.html\"]}]},{\"@type\":\"ImageObject\",\"inLanguage\":\"en-US\",\"@id\":\"https:\\\/\\\/www.fcbarcelonanoticias.com\\\/en\\\/transfers\\\/barcelona-and-real-madrid-close-to-losing-alphonso-davies-for-good_310203_102.html#primaryimage\",\"url\":\"https:\\\/\\\/www.fcbarcelonanoticias.com\\\/en\\\/wp-content\\\/uploads\\\/sites\\\/2\\\/2025\\\/01\\\/fc-bayern-munchen-v-vfl-wolfsburg-bundesliga-1-1.jpeg\",\"contentUrl\":\"https:\\\/\\\/www.fcbarcelonanoticias.com\\\/en\\\/wp-content\\\/uploads\\\/sites\\\/2\\\/2025\\\/01\\\/fc-bayern-munchen-v-vfl-wolfsburg-bundesliga-1-1.jpeg\",\"width\":1200,\"height\":675},{\"@type\":\"BreadcrumbList\",\"@id\":\"https:\\\/\\\/www.fcbarcelonanoticias.com\\\/en\\\/transfers\\\/barcelona-and-real-madrid-close-to-losing-alphonso-davies-for-good_310203_102.html#breadcrumb\",\"itemListElement\":[{\"@type\":\"ListItem\",\"position\":1,\"name\":\"Portada\",\"item\":\"https:\\\/\\\/www.fcbarcelonanoticias.com\\\/en\\\/\"},{\"@type\":\"ListItem\",\"position\":2,\"name\":\"Barcelona and Real Madrid, close to losing Alphonso Davies for good\"}]},{\"@type\":\"WebSite\",\"@id\":\"https:\\\/\\\/www.fcbarcelonanoticias.com\\\/en\\\/#website\",\"url\":\"https:\\\/\\\/www.fcbarcelonanoticias.com\\\/en\\\/\",\"name\":\"EN - FC Barcelona Noticias\",\"description\":\"\",\"potentialAction\":[{\"@type\":\"SearchAction\",\"target\":{\"@type\":\"EntryPoint\",\"urlTemplate\":\"https:\\\/\\\/www.fcbarcelonanoticias.com\\\/en\\\/?s={search_term_string}\"},\"query-input\":{\"@type\":\"PropertyValueSpecification\",\"valueRequired\":true,\"valueName\":\"search_term_string\"}}],\"inLanguage\":\"en-US\"},{\"@type\":\"Person\",\"@id\":\"https:\\\/\\\/www.fcbarcelonanoticias.com\\\/en\\\/#\\\/schema\\\/person\\\/88d756918a0a1ae9fa593b5edddd1815\",\"name\":\"Juan Pablo Berdugo\",\"image\":{\"@type\":\"ImageObject\",\"inLanguage\":\"en-US\",\"@id\":\"https:\\\/\\\/secure.gravatar.com\\\/avatar\\\/?s=96&d=mm&r=g\",\"url\":\"https:\\\/\\\/secure.gravatar.com\\\/avatar\\\/?s=96&d=mm&r=g\",\"contentUrl\":\"https:\\\/\\\/secure.gravatar.com\\\/avatar\\\/?s=96&d=mm&r=g\",\"caption\":\"Juan Pablo Berdugo\"},\"description\":\"Juan Pablo Berdugo es graduado en Periodismo. Colabora con FCBN como especialista en informaci\u00f3n del primer equipo del FC Barcelona, f\u00fatbol internacional y mercado de fichajes. Destaca por su enfoque anal\u00edtico, su rigor informativo y su capacidad para detectar tendencias emergentes en el f\u00fatbol global.\",\"url\":\"https:\\\/\\\/www.fcbarcelonanoticias.com\\\/en\\\/fc-barcelona\\\/juan-pablo-berdugo_18_115.html\"}]}<\/script>\n<!-- \/ Yoast SEO plugin. -->","yoast_head_json":{"title":"Barcelona and Real Madrid, close to losing Alphonso Davies for good","description":"Alphonso Davies is getting closer to renewing with Bayern Munich. The Bavarians have made him a new offer and the agreement is imminent","robots":{"index":"index","follow":"follow","max-snippet":"max-snippet:-1","max-image-preview":"max-image-preview:large","max-video-preview":"max-video-preview:-1"},"canonical":"https:\/\/www.fcbarcelonanoticias.com\/en\/transfers\/barcelona-and-real-madrid-close-to-losing-alphonso-davies-for-good_310203_102.html","og_locale":"en_US","og_type":"article","og_title":"Barcelona and Real Madrid, close to losing Alphonso Davies for good","og_description":"Alphonso Davies is getting closer to renewing with Bayern Munich. The Bavarians have made him a new offer and the agreement is imminent","og_url":"https:\/\/www.fcbarcelonanoticias.com\/en\/transfers\/barcelona-and-real-madrid-close-to-losing-alphonso-davies-for-good_310203_102.html","og_site_name":"EN - FC Barcelona Noticias","article_published_time":"2025-01-19T01:45:00+00:00","article_modified_time":"2025-01-19T07:07:00+00:00","og_image":[{"width":1200,"height":675,"url":"https:\/\/www.fcbarcelonanoticias.com\/en\/wp-content\/uploads\/sites\/2\/2025\/01\/fc-bayern-munchen-v-vfl-wolfsburg-bundesliga-1-1.jpeg","type":"image\/jpeg"}],"author":"Juan Pablo Berdugo","twitter_card":"summary_large_image","twitter_misc":{"Written by":"Juan Pablo Berdugo","Est. reading time":"1 minute"},"schema":{"@context":"https:\/\/schema.org","@graph":[{"@type":"Article","@id":"https:\/\/www.fcbarcelonanoticias.com\/en\/transfers\/barcelona-and-real-madrid-close-to-losing-alphonso-davies-for-good_310203_102.html#article","isPartOf":{"@id":"https:\/\/www.fcbarcelonanoticias.com\/en\/transfers\/barcelona-and-real-madrid-close-to-losing-alphonso-davies-for-good_310203_102.html"},"author":{"name":"Juan Pablo Berdugo","@id":"https:\/\/www.fcbarcelonanoticias.com\/en\/#\/schema\/person\/88d756918a0a1ae9fa593b5edddd1815"},"headline":"Barcelona and Real Madrid, close to losing Alphonso Davies for good","datePublished":"2025-01-19T01:45:00+00:00","dateModified":"2025-01-19T07:07:00+00:00","mainEntityOfPage":{"@id":"https:\/\/www.fcbarcelonanoticias.com\/en\/transfers\/barcelona-and-real-madrid-close-to-losing-alphonso-davies-for-good_310203_102.html"},"wordCount":303,"image":{"@id":"https:\/\/www.fcbarcelonanoticias.com\/en\/transfers\/barcelona-and-real-madrid-close-to-losing-alphonso-davies-for-good_310203_102.html#primaryimage"},"thumbnailUrl":"https:\/\/www.fcbarcelonanoticias.com\/en\/wp-content\/uploads\/sites\/2\/2025\/01\/fc-bayern-munchen-v-vfl-wolfsburg-bundesliga-1-1.jpeg","articleSection":["Transfers","Transfers"],"inLanguage":"en-US"},{"@type":"WebPage","@id":"https:\/\/www.fcbarcelonanoticias.com\/en\/transfers\/barcelona-and-real-madrid-close-to-losing-alphonso-davies-for-good_310203_102.html","url":"https:\/\/www.fcbarcelonanoticias.com\/en\/transfers\/barcelona-and-real-madrid-close-to-losing-alphonso-davies-for-good_310203_102.html","name":"Barcelona and Real Madrid, close to losing Alphonso Davies for good","isPartOf":{"@id":"https:\/\/www.fcbarcelonanoticias.com\/en\/#website"},"primaryImageOfPage":{"@id":"https:\/\/www.fcbarcelonanoticias.com\/en\/transfers\/barcelona-and-real-madrid-close-to-losing-alphonso-davies-for-good_310203_102.html#primaryimage"},"image":{"@id":"https:\/\/www.fcbarcelonanoticias.com\/en\/transfers\/barcelona-and-real-madrid-close-to-losing-alphonso-davies-for-good_310203_102.html#primaryimage"},"thumbnailUrl":"https:\/\/www.fcbarcelonanoticias.com\/en\/wp-content\/uploads\/sites\/2\/2025\/01\/fc-bayern-munchen-v-vfl-wolfsburg-bundesliga-1-1.jpeg","datePublished":"2025-01-19T01:45:00+00:00","dateModified":"2025-01-19T07:07:00+00:00","author":{"@id":"https:\/\/www.fcbarcelonanoticias.com\/en\/#\/schema\/person\/88d756918a0a1ae9fa593b5edddd1815"},"description":"Alphonso Davies is getting closer to renewing with Bayern Munich. The Bavarians have made him a new offer and the agreement is imminent","breadcrumb":{"@id":"https:\/\/www.fcbarcelonanoticias.com\/en\/transfers\/barcelona-and-real-madrid-close-to-losing-alphonso-davies-for-good_310203_102.html#breadcrumb"},"inLanguage":"en-US","potentialAction":[{"@type":"ReadAction","target":["https:\/\/www.fcbarcelonanoticias.com\/en\/transfers\/barcelona-and-real-madrid-close-to-losing-alphonso-davies-for-good_310203_102.html"]}]},{"@type":"ImageObject","inLanguage":"en-US","@id":"https:\/\/www.fcbarcelonanoticias.com\/en\/transfers\/barcelona-and-real-madrid-close-to-losing-alphonso-davies-for-good_310203_102.html#primaryimage","url":"https:\/\/www.fcbarcelonanoticias.com\/en\/wp-content\/uploads\/sites\/2\/2025\/01\/fc-bayern-munchen-v-vfl-wolfsburg-bundesliga-1-1.jpeg","contentUrl":"https:\/\/www.fcbarcelonanoticias.com\/en\/wp-content\/uploads\/sites\/2\/2025\/01\/fc-bayern-munchen-v-vfl-wolfsburg-bundesliga-1-1.jpeg","width":1200,"height":675},{"@type":"BreadcrumbList","@id":"https:\/\/www.fcbarcelonanoticias.com\/en\/transfers\/barcelona-and-real-madrid-close-to-losing-alphonso-davies-for-good_310203_102.html#breadcrumb","itemListElement":[{"@type":"ListItem","position":1,"name":"Portada","item":"https:\/\/www.fcbarcelonanoticias.com\/en\/"},{"@type":"ListItem","position":2,"name":"Barcelona and Real Madrid, close to losing Alphonso Davies for good"}]},{"@type":"WebSite","@id":"https:\/\/www.fcbarcelonanoticias.com\/en\/#website","url":"https:\/\/www.fcbarcelonanoticias.com\/en\/","name":"EN - FC Barcelona Noticias","description":"","potentialAction":[{"@type":"SearchAction","target":{"@type":"EntryPoint","urlTemplate":"https:\/\/www.fcbarcelonanoticias.com\/en\/?s={search_term_string}"},"query-input":{"@type":"PropertyValueSpecification","valueRequired":true,"valueName":"search_term_string"}}],"inLanguage":"en-US"},{"@type":"Person","@id":"https:\/\/www.fcbarcelonanoticias.com\/en\/#\/schema\/person\/88d756918a0a1ae9fa593b5edddd1815","name":"Juan Pablo Berdugo","image":{"@type":"ImageObject","inLanguage":"en-US","@id":"https:\/\/secure.gravatar.com\/avatar\/?s=96&d=mm&r=g","url":"https:\/\/secure.gravatar.com\/avatar\/?s=96&d=mm&r=g","contentUrl":"https:\/\/secure.gravatar.com\/avatar\/?s=96&d=mm&r=g","caption":"Juan Pablo Berdugo"},"description":"Juan Pablo Berdugo es graduado en Periodismo. Colabora con FCBN como especialista en informaci\u00f3n del primer equipo del FC Barcelona, f\u00fatbol internacional y mercado de fichajes. Destaca por su enfoque anal\u00edtico, su rigor informativo y su capacidad para detectar tendencias emergentes en el f\u00fatbol global.","url":"https:\/\/www.fcbarcelonanoticias.com\/en\/fc-barcelona\/juan-pablo-berdugo_18_115.html"}]}},"_links":{"self":[{"href":"https:\/\/www.fcbarcelonanoticias.com\/en\/wp-json\/wp\/v2\/posts\/92270","targetHints":{"allow":["GET"]}}],"collection":[{"href":"https:\/\/www.fcbarcelonanoticias.com\/en\/wp-json\/wp\/v2\/posts"}],"about":[{"href":"https:\/\/www.fcbarcelonanoticias.com\/en\/wp-json\/wp\/v2\/types\/post"}],"author":[{"embeddable":true,"href":"https:\/\/www.fcbarcelonanoticias.com\/en\/wp-json\/wp\/v2\/users\/358"}],"replies":[{"embeddable":true,"href":"https:\/\/www.fcbarcelonanoticias.com\/en\/wp-json\/wp\/v2\/comments?post=92270"}],"version-history":[{"count":1,"href":"https:\/\/www.fcbarcelonanoticias.com\/en\/wp-json\/wp\/v2\/posts\/92270\/revisions"}],"predecessor-version":[{"id":124875,"href":"https:\/\/www.fcbarcelonanoticias.com\/en\/wp-json\/wp\/v2\/posts\/92270\/revisions\/124875"}],"wp:featuredmedia":[{"embeddable":true,"href":"https:\/\/www.fcbarcelonanoticias.com\/en\/wp-json\/wp\/v2\/media\/92278"}],"wp:attachment":[{"href":"https:\/\/www.fcbarcelonanoticias.com\/en\/wp-json\/wp\/v2\/media?parent=92270"}],"wp:term":[{"taxonomy":"category","embeddable":true,"href":"https:\/\/www.fcbarcelonanoticias.com\/en\/wp-json\/wp\/v2\/categories?post=92270"},{"taxonomy":"post_tag","embeddable":true,"href":"https:\/\/www.fcbarcelonanoticias.com\/en\/wp-json\/wp\/v2\/tags?post=92270"}],"curies":[{"name":"wp","href":"https:\/\/api.w.org\/{rel}","templated":true}]}}