{"id":92559,"date":"2025-10-12T00:11:00","date_gmt":"2025-10-11T22:11:00","guid":{"rendered":"https:\/\/weisetech.dev\/fc-barcelona-noticias\/en\/barcelona-could-lose-10-millions-because-of-mingueza_315005_102\/"},"modified":"2026-03-27T11:34:33","modified_gmt":"2026-03-27T10:34:33","slug":"barcelona-could-lose-10-millions-because-of-mingueza_315005_102","status":"publish","type":"post","link":"https:\/\/www.fcbarcelonanoticias.com\/en\/transfers\/barcelona-could-lose-10-millions-because-of-mingueza_315005_102.html","title":{"rendered":"Barcelona Could Lose \u20ac10M Because of Mingueza"},"content":{"rendered":"<h2 class=\"wp-block-heading\">\u00d3scar Mingueza has yet to resolve his renewal with Celta. If the full-back decides to leave on a free transfer in 2026, Bar\u00e7a will lose the opportunity to cash in on a future sale<\/h2>  \r\n<div class=\"article-addons\">\r\n    <a href=\"https:\/\/www.fcbarcelonanoticias.com\/en\/calendar-fc-barcelona.html\"\r\n       target=\"_self\"\r\n       title=\"Calendar of FC Barcelona\"\r\n       class=\"blue-gredient-btn\">\r\n       \r\n        Calendar of FC Barcelona    <\/a>\r\n<\/div>   <p><strong>FC Barcelona<\/strong> is beginning to fear the possibility of letting 10 million euros slip away in the summer of 2026. The reason has to do with the future of <strong>\u00d3scar Mingueza<\/strong>, for whom <strong>Bar\u00e7a still retains 50% of his sporting rights<\/strong> after his departure, at &#8216;zero cost&#8217;, to Celta de Vigo in the summer of 2022.<\/p>  <p>The player from Santa Perp\u00e8tua de Mogoda <strong>was not in Xavi Hern\u00e1ndez&#8217;s plans<\/strong>, and Bar\u00e7a agreed to his departure to the Galician team, setting his release clause at <strong>20 million euros. Half of that amount (10 M\u20ac) would go to the Bar\u00e7a team<\/strong>, which would also have the first option on the market should they decide to recover him.<\/p>  <h2>Mingueza: A &#8216;Lever&#8217; Barcelona Can&#8217;t Seem to Pull<\/h2>  <p>In the summer of 2025, <a data-external=\"0\" data-intl-links-en=\"https:\/\/www.fcbarcelonanoticias.com\/en\/transfers\/mingueza-interests-marseille-barca-is-very-attentive_313063_102.html\" data-intl-links-es=\"https:\/\/www.fcbarcelonanoticias.com\/fichajes\/marsella-interes-mingueza-barcelona-beneficio-venta_313063_102.html\" href=\"https:\/\/www.fcbarcelonanoticias.com\/en\/transfers\/mingueza-interests-marseille-barca-is-very-attentive_313063_102.html\" rel=\"follow\" target=\"_self\" title=\"Mingueza interesa al Marsella: el Bar\u00e7a, muy pendiente\">several clubs were interested in Mingueza<\/a>, who earned a starting position with Celta shortly after arriving at Bala\u00eddos. However, the defender preferred to stay in Galicia, as he feels very comfortable with the Vigo team.<\/p>  <p>In total, \u00d3scar has played 109 matches with Celta, scoring 6 goals and providing 10 assists. For Bar\u00e7a, the problem with the right-back is that his contract ends in June 2026 and, if he does not renew with the Sky Blues before then or, failing that, leave via transfer to another club in the next winter market, <strong>the *cul\u00e9s* will lose their future sale rights<\/strong>.<\/p>  <p>In that sense, it is understandable that Celta are handling the renewal of the Barcelona youth player with great caution. Instead of signing a new contract, retaining only 50% of his rights, <strong>the Galician team may wait until July 2026 to offer the Catalan defender a new deal<\/strong>, with a salary increase and a signing bonus, already as a free agent.<\/p>  <p>This scenario, of course, also represents a risk for Claudio Gir\u00e1ldez&#8217;s team, as it gives Mingueza total freedom to negotiate with other clubs starting on January 1, 2026. <strong>The full-back made his debut in La Liga with Bar\u00e7a in 20\/21<\/strong> and, before his departure, played 66 official matches with the Azulgrana jersey (2 goals and 5 assists).<\/p>  <h2>\u00d3scar Mingueza Feels Comfortable at Bala\u00eddos, But His Future Is Unclear<\/h2>  <div class=\"media media-image\" data-ck-asset-wrapper=\"\"> <div class=\"media-item\"> <img loading=\"lazy\" decoding=\"async\" alt=\"\u00d3scar Mingueza, during the Madrid-Celta match (5-2)\" data-id=\"1463993\" data-resize=\"9\" height=\"563\" src=\"https:\/\/www.fcbarcelonanoticias.com\/wp-content\/uploads\/sites\/2\/2025\/10\/fcbn-1369eeb4658df90153852d5720592ac5.jpeg\" title=\"\u00d3scar Mingueza, during the Madrid-Celta match (5-2)\" width=\"1000\"><div class=\"media-title\">\u00d3scar Mingueza, during the Madrid-Celta match (5-2)<\/div> <\/div> <\/div>  <p>Mingueza, however, doesn&#8217;t seem very convinced about moving on in 2026. In a chat with the &#8216;SER&#8217; network, the 26-year-old player assured that, for now, he has no idea how negotiations are progressing between his agent and the Celta board to sign a new contract.<\/p>  <p><strong>&#8220;I&#8217;m focused on doing the best I can, but at the moment there&#8217;s nothing,&#8221;<\/strong> \u00d3scar commented. In addition, the full-back expressed his desire to stay in Vigo, as he feels very comfortable at the club. &#8220;I&#8217;ve been trying to make it happen for years (renewing), <strong>for one reason or another it hasn&#8217;t been possible,&#8221;<\/strong> the &#8216;3&#8217; pointed out.<\/p>  <p>As such, Barcelona will continue to pay close attention to the future of the player from Santa Perp\u00e8tua de Mogoda, as the 10 million euros they would receive from his future sale are not negligible for the Bar\u00e7a economy. However, the *cul\u00e9s* <a data-external=\"0\" data-intl-links-en=\"https:\/\/www.fcbarcelonanoticias.com\/en\/transfers\/uncertain-future-for-mingueza-barca-on-hold_313404_102.html\" data-intl-links-es=\"https:\/\/www.fcbarcelonanoticias.com\/fichajes\/rumbo-incierto-mingueza-barca-espera_313404_102.html\" href=\"https:\/\/www.fcbarcelonanoticias.com\/en\/transfers\/uncertain-future-for-mingueza-barca-on-hold_313404_102.html\" rel=\"follow\" target=\"_self\" title=\"Rumbo incierto para Mingueza: el Bar\u00e7a, a la espera\">are not considering bringing him back<\/a>, as Eric Garc\u00eda&#8217;s good performance as a substitute for Jules Kound\u00e9 has left the coaching staff led by Hansi Flick very satisfied.<\/p>  <ul> <li><strong>\ud83d\udc49Don&#8217;t miss the latest rumors from the FC Barcelona and LaLiga market in our <a data-external=\"0\" data-intl-links-en=\"https:\/\/www.fcbarcelonanoticias.com\/en\/transfers\" data-intl-links-es=\"https:\/\/www.fcbarcelonanoticias.com\/fichajes\" href=\"https:\/\/www.fcbarcelonanoticias.com\/en\/fc-barcelona\/transfers.html\" rel=\"follow\" target=\"_self\" title=\"Fichajes\">TRANSFERS<\/a> section.<\/strong><\/li> <\/ul> ","protected":false},"excerpt":{"rendered":"<p>\u00d3scar Mingueza has yet to resolve his renewal with Celta. If the full-back decides to leave on a free transfer in 2026, Bar\u00e7a will lose the opportunity to cash in on a future sale FC Barcelona is beginning to fear the possibility of letting 10 million euros slip away in the summer of 2026. The [&hellip;]<\/p>\n","protected":false},"author":347,"featured_media":92577,"comment_status":"closed","ping_status":"open","sticky":false,"template":"","format":"standard","meta":{"_acf_changed":false,"inline_featured_image":false,"_nextfly_llmd_date_locked":false,"footnotes":""},"categories":[449,106],"tags":[71,352],"class_list":["post-92559","post","type-post","status-publish","format-standard","has-post-thumbnail","hentry","category-transfers-2","category-transfers","tag-celtic-of-vigo","tag-mingueza"],"acf":[],"yoast_head":"<!-- This site is optimized with the Yoast SEO plugin v27.3 - https:\/\/yoast.com\/product\/yoast-seo-wordpress\/ -->\n<title>Barcelona Could Lose \u20ac10M Because of Mingueza<\/title>\n<meta name=\"description\" content=\"\u00d3scar Mingueza has yet to resolve his renewal with Celta. Bar\u00e7a retains 50% of his rights, but depends on a future sale to cash in\" \/>\n<meta name=\"robots\" content=\"index, follow, max-snippet:-1, max-image-preview:large, max-video-preview:-1\" \/>\n<link rel=\"canonical\" href=\"https:\/\/www.fcbarcelonanoticias.com\/en\/transfers\/barcelona-could-lose-10-millions-because-of-mingueza_315005_102.html\" \/>\n<meta property=\"og:locale\" content=\"en_US\" \/>\n<meta property=\"og:type\" content=\"article\" \/>\n<meta property=\"og:title\" content=\"Barcelona Could Lose \u20ac10M Because of Mingueza\" \/>\n<meta property=\"og:description\" content=\"\u00d3scar Mingueza has yet to resolve his renewal with Celta. Bar\u00e7a retains 50% of his rights, but depends on a future sale to cash in\" \/>\n<meta property=\"og:url\" content=\"https:\/\/www.fcbarcelonanoticias.com\/en\/transfers\/barcelona-could-lose-10-millions-because-of-mingueza_315005_102.html\" \/>\n<meta property=\"og:site_name\" content=\"EN - FC Barcelona Noticias\" \/>\n<meta property=\"article:published_time\" content=\"2025-10-11T22:11:00+00:00\" \/>\n<meta property=\"article:modified_time\" content=\"2026-03-27T10:34:33+00:00\" \/>\n<meta property=\"og:image\" content=\"https:\/\/www.fcbarcelonanoticias.com\/en\/wp-content\/uploads\/sites\/2\/2025\/10\/oscar-mingueza-celta-laliga-25-26.webp\" \/>\n\t<meta property=\"og:image:width\" content=\"1200\" \/>\n\t<meta property=\"og:image:height\" content=\"675\" \/>\n\t<meta property=\"og:image:type\" content=\"image\/webp\" \/>\n<meta name=\"author\" content=\"Andr\u00e9s Quiroz\" \/>\n<meta name=\"twitter:card\" content=\"summary_large_image\" \/>\n<meta name=\"twitter:label1\" content=\"Written by\" \/>\n\t<meta name=\"twitter:data1\" content=\"Andr\u00e9s Quiroz\" \/>\n\t<meta name=\"twitter:label2\" content=\"Est. reading time\" \/>\n\t<meta name=\"twitter:data2\" content=\"3 minutes\" \/>\n<script type=\"application\/ld+json\" class=\"yoast-schema-graph\">{\"@context\":\"https:\\\/\\\/schema.org\",\"@graph\":[{\"@type\":\"Article\",\"@id\":\"https:\\\/\\\/www.fcbarcelonanoticias.com\\\/en\\\/transfers\\\/barcelona-could-lose-10-millions-because-of-mingueza_315005_102.html#article\",\"isPartOf\":{\"@id\":\"https:\\\/\\\/www.fcbarcelonanoticias.com\\\/en\\\/transfers\\\/barcelona-could-lose-10-millions-because-of-mingueza_315005_102.html\"},\"author\":{\"name\":\"Andr\u00e9s Quiroz\",\"@id\":\"https:\\\/\\\/www.fcbarcelonanoticias.com\\\/en\\\/#\\\/schema\\\/person\\\/c2cd9f6fa1af5c0d0eccd0fefa575c88\"},\"headline\":\"Barcelona Could Lose \u20ac10M Because of Mingueza\",\"datePublished\":\"2025-10-11T22:11:00+00:00\",\"dateModified\":\"2026-03-27T10:34:33+00:00\",\"mainEntityOfPage\":{\"@id\":\"https:\\\/\\\/www.fcbarcelonanoticias.com\\\/en\\\/transfers\\\/barcelona-could-lose-10-millions-because-of-mingueza_315005_102.html\"},\"wordCount\":597,\"image\":{\"@id\":\"https:\\\/\\\/www.fcbarcelonanoticias.com\\\/en\\\/transfers\\\/barcelona-could-lose-10-millions-because-of-mingueza_315005_102.html#primaryimage\"},\"thumbnailUrl\":\"https:\\\/\\\/www.fcbarcelonanoticias.com\\\/en\\\/wp-content\\\/uploads\\\/sites\\\/2\\\/2025\\\/10\\\/oscar-mingueza-celta-laliga-25-26.webp\",\"keywords\":[\"Celtic of Vigo\",\"Mingueza\"],\"articleSection\":[\"Transfers\",\"Transfers\"],\"inLanguage\":\"en-US\"},{\"@type\":\"WebPage\",\"@id\":\"https:\\\/\\\/www.fcbarcelonanoticias.com\\\/en\\\/transfers\\\/barcelona-could-lose-10-millions-because-of-mingueza_315005_102.html\",\"url\":\"https:\\\/\\\/www.fcbarcelonanoticias.com\\\/en\\\/transfers\\\/barcelona-could-lose-10-millions-because-of-mingueza_315005_102.html\",\"name\":\"Barcelona Could Lose \u20ac10M Because of Mingueza\",\"isPartOf\":{\"@id\":\"https:\\\/\\\/www.fcbarcelonanoticias.com\\\/en\\\/#website\"},\"primaryImageOfPage\":{\"@id\":\"https:\\\/\\\/www.fcbarcelonanoticias.com\\\/en\\\/transfers\\\/barcelona-could-lose-10-millions-because-of-mingueza_315005_102.html#primaryimage\"},\"image\":{\"@id\":\"https:\\\/\\\/www.fcbarcelonanoticias.com\\\/en\\\/transfers\\\/barcelona-could-lose-10-millions-because-of-mingueza_315005_102.html#primaryimage\"},\"thumbnailUrl\":\"https:\\\/\\\/www.fcbarcelonanoticias.com\\\/en\\\/wp-content\\\/uploads\\\/sites\\\/2\\\/2025\\\/10\\\/oscar-mingueza-celta-laliga-25-26.webp\",\"datePublished\":\"2025-10-11T22:11:00+00:00\",\"dateModified\":\"2026-03-27T10:34:33+00:00\",\"author\":{\"@id\":\"https:\\\/\\\/www.fcbarcelonanoticias.com\\\/en\\\/#\\\/schema\\\/person\\\/c2cd9f6fa1af5c0d0eccd0fefa575c88\"},\"description\":\"\u00d3scar Mingueza has yet to resolve his renewal with Celta. Bar\u00e7a retains 50% of his rights, but depends on a future sale to cash in\",\"breadcrumb\":{\"@id\":\"https:\\\/\\\/www.fcbarcelonanoticias.com\\\/en\\\/transfers\\\/barcelona-could-lose-10-millions-because-of-mingueza_315005_102.html#breadcrumb\"},\"inLanguage\":\"en-US\",\"potentialAction\":[{\"@type\":\"ReadAction\",\"target\":[\"https:\\\/\\\/www.fcbarcelonanoticias.com\\\/en\\\/transfers\\\/barcelona-could-lose-10-millions-because-of-mingueza_315005_102.html\"]}]},{\"@type\":\"ImageObject\",\"inLanguage\":\"en-US\",\"@id\":\"https:\\\/\\\/www.fcbarcelonanoticias.com\\\/en\\\/transfers\\\/barcelona-could-lose-10-millions-because-of-mingueza_315005_102.html#primaryimage\",\"url\":\"https:\\\/\\\/www.fcbarcelonanoticias.com\\\/en\\\/wp-content\\\/uploads\\\/sites\\\/2\\\/2025\\\/10\\\/oscar-mingueza-celta-laliga-25-26.webp\",\"contentUrl\":\"https:\\\/\\\/www.fcbarcelonanoticias.com\\\/en\\\/wp-content\\\/uploads\\\/sites\\\/2\\\/2025\\\/10\\\/oscar-mingueza-celta-laliga-25-26.webp\",\"width\":1200,\"height\":675},{\"@type\":\"BreadcrumbList\",\"@id\":\"https:\\\/\\\/www.fcbarcelonanoticias.com\\\/en\\\/transfers\\\/barcelona-could-lose-10-millions-because-of-mingueza_315005_102.html#breadcrumb\",\"itemListElement\":[{\"@type\":\"ListItem\",\"position\":1,\"name\":\"Portada\",\"item\":\"https:\\\/\\\/www.fcbarcelonanoticias.com\\\/en\\\/\"},{\"@type\":\"ListItem\",\"position\":2,\"name\":\"Barcelona Could Lose \u20ac10M Because of Mingueza\"}]},{\"@type\":\"WebSite\",\"@id\":\"https:\\\/\\\/www.fcbarcelonanoticias.com\\\/en\\\/#website\",\"url\":\"https:\\\/\\\/www.fcbarcelonanoticias.com\\\/en\\\/\",\"name\":\"EN - FC Barcelona Noticias\",\"description\":\"\",\"potentialAction\":[{\"@type\":\"SearchAction\",\"target\":{\"@type\":\"EntryPoint\",\"urlTemplate\":\"https:\\\/\\\/www.fcbarcelonanoticias.com\\\/en\\\/?s={search_term_string}\"},\"query-input\":{\"@type\":\"PropertyValueSpecification\",\"valueRequired\":true,\"valueName\":\"search_term_string\"}}],\"inLanguage\":\"en-US\"},{\"@type\":\"Person\",\"@id\":\"https:\\\/\\\/www.fcbarcelonanoticias.com\\\/en\\\/#\\\/schema\\\/person\\\/c2cd9f6fa1af5c0d0eccd0fefa575c88\",\"name\":\"Andr\u00e9s Quiroz\",\"image\":{\"@type\":\"ImageObject\",\"inLanguage\":\"en-US\",\"@id\":\"https:\\\/\\\/secure.gravatar.com\\\/avatar\\\/?s=96&d=mm&r=g\",\"url\":\"https:\\\/\\\/secure.gravatar.com\\\/avatar\\\/?s=96&d=mm&r=g\",\"contentUrl\":\"https:\\\/\\\/secure.gravatar.com\\\/avatar\\\/?s=96&d=mm&r=g\",\"caption\":\"Andr\u00e9s Quiroz\"},\"description\":\"Licenciado en Periodismo por la Universidad de los Andes. Me encargo de analizar y compartir los contenidos m\u00e1s destacados de la\u00a0actualidad del F\u00fatbol Club Barcelona, Mercado de Fichajes y F\u00fatbol Internacional en FCBN. La informaci\u00f3n es poder, pero tambi\u00e9n conocimiento.\",\"url\":\"https:\\\/\\\/www.fcbarcelonanoticias.com\\\/en\\\/fc-barcelona\\\/andres-quiroz_17_115.html\"}]}<\/script>\n<!-- \/ Yoast SEO plugin. -->","yoast_head_json":{"title":"Barcelona Could Lose \u20ac10M Because of Mingueza","description":"\u00d3scar Mingueza has yet to resolve his renewal with Celta. Bar\u00e7a retains 50% of his rights, but depends on a future sale to cash in","robots":{"index":"index","follow":"follow","max-snippet":"max-snippet:-1","max-image-preview":"max-image-preview:large","max-video-preview":"max-video-preview:-1"},"canonical":"https:\/\/www.fcbarcelonanoticias.com\/en\/transfers\/barcelona-could-lose-10-millions-because-of-mingueza_315005_102.html","og_locale":"en_US","og_type":"article","og_title":"Barcelona Could Lose \u20ac10M Because of Mingueza","og_description":"\u00d3scar Mingueza has yet to resolve his renewal with Celta. Bar\u00e7a retains 50% of his rights, but depends on a future sale to cash in","og_url":"https:\/\/www.fcbarcelonanoticias.com\/en\/transfers\/barcelona-could-lose-10-millions-because-of-mingueza_315005_102.html","og_site_name":"EN - FC Barcelona Noticias","article_published_time":"2025-10-11T22:11:00+00:00","article_modified_time":"2026-03-27T10:34:33+00:00","og_image":[{"width":1200,"height":675,"url":"https:\/\/www.fcbarcelonanoticias.com\/en\/wp-content\/uploads\/sites\/2\/2025\/10\/oscar-mingueza-celta-laliga-25-26.webp","type":"image\/webp"}],"author":"Andr\u00e9s Quiroz","twitter_card":"summary_large_image","twitter_misc":{"Written by":"Andr\u00e9s Quiroz","Est. reading time":"3 minutes"},"schema":{"@context":"https:\/\/schema.org","@graph":[{"@type":"Article","@id":"https:\/\/www.fcbarcelonanoticias.com\/en\/transfers\/barcelona-could-lose-10-millions-because-of-mingueza_315005_102.html#article","isPartOf":{"@id":"https:\/\/www.fcbarcelonanoticias.com\/en\/transfers\/barcelona-could-lose-10-millions-because-of-mingueza_315005_102.html"},"author":{"name":"Andr\u00e9s Quiroz","@id":"https:\/\/www.fcbarcelonanoticias.com\/en\/#\/schema\/person\/c2cd9f6fa1af5c0d0eccd0fefa575c88"},"headline":"Barcelona Could Lose \u20ac10M Because of Mingueza","datePublished":"2025-10-11T22:11:00+00:00","dateModified":"2026-03-27T10:34:33+00:00","mainEntityOfPage":{"@id":"https:\/\/www.fcbarcelonanoticias.com\/en\/transfers\/barcelona-could-lose-10-millions-because-of-mingueza_315005_102.html"},"wordCount":597,"image":{"@id":"https:\/\/www.fcbarcelonanoticias.com\/en\/transfers\/barcelona-could-lose-10-millions-because-of-mingueza_315005_102.html#primaryimage"},"thumbnailUrl":"https:\/\/www.fcbarcelonanoticias.com\/en\/wp-content\/uploads\/sites\/2\/2025\/10\/oscar-mingueza-celta-laliga-25-26.webp","keywords":["Celtic of Vigo","Mingueza"],"articleSection":["Transfers","Transfers"],"inLanguage":"en-US"},{"@type":"WebPage","@id":"https:\/\/www.fcbarcelonanoticias.com\/en\/transfers\/barcelona-could-lose-10-millions-because-of-mingueza_315005_102.html","url":"https:\/\/www.fcbarcelonanoticias.com\/en\/transfers\/barcelona-could-lose-10-millions-because-of-mingueza_315005_102.html","name":"Barcelona Could Lose \u20ac10M Because of Mingueza","isPartOf":{"@id":"https:\/\/www.fcbarcelonanoticias.com\/en\/#website"},"primaryImageOfPage":{"@id":"https:\/\/www.fcbarcelonanoticias.com\/en\/transfers\/barcelona-could-lose-10-millions-because-of-mingueza_315005_102.html#primaryimage"},"image":{"@id":"https:\/\/www.fcbarcelonanoticias.com\/en\/transfers\/barcelona-could-lose-10-millions-because-of-mingueza_315005_102.html#primaryimage"},"thumbnailUrl":"https:\/\/www.fcbarcelonanoticias.com\/en\/wp-content\/uploads\/sites\/2\/2025\/10\/oscar-mingueza-celta-laliga-25-26.webp","datePublished":"2025-10-11T22:11:00+00:00","dateModified":"2026-03-27T10:34:33+00:00","author":{"@id":"https:\/\/www.fcbarcelonanoticias.com\/en\/#\/schema\/person\/c2cd9f6fa1af5c0d0eccd0fefa575c88"},"description":"\u00d3scar Mingueza has yet to resolve his renewal with Celta. Bar\u00e7a retains 50% of his rights, but depends on a future sale to cash in","breadcrumb":{"@id":"https:\/\/www.fcbarcelonanoticias.com\/en\/transfers\/barcelona-could-lose-10-millions-because-of-mingueza_315005_102.html#breadcrumb"},"inLanguage":"en-US","potentialAction":[{"@type":"ReadAction","target":["https:\/\/www.fcbarcelonanoticias.com\/en\/transfers\/barcelona-could-lose-10-millions-because-of-mingueza_315005_102.html"]}]},{"@type":"ImageObject","inLanguage":"en-US","@id":"https:\/\/www.fcbarcelonanoticias.com\/en\/transfers\/barcelona-could-lose-10-millions-because-of-mingueza_315005_102.html#primaryimage","url":"https:\/\/www.fcbarcelonanoticias.com\/en\/wp-content\/uploads\/sites\/2\/2025\/10\/oscar-mingueza-celta-laliga-25-26.webp","contentUrl":"https:\/\/www.fcbarcelonanoticias.com\/en\/wp-content\/uploads\/sites\/2\/2025\/10\/oscar-mingueza-celta-laliga-25-26.webp","width":1200,"height":675},{"@type":"BreadcrumbList","@id":"https:\/\/www.fcbarcelonanoticias.com\/en\/transfers\/barcelona-could-lose-10-millions-because-of-mingueza_315005_102.html#breadcrumb","itemListElement":[{"@type":"ListItem","position":1,"name":"Portada","item":"https:\/\/www.fcbarcelonanoticias.com\/en\/"},{"@type":"ListItem","position":2,"name":"Barcelona Could Lose \u20ac10M Because of Mingueza"}]},{"@type":"WebSite","@id":"https:\/\/www.fcbarcelonanoticias.com\/en\/#website","url":"https:\/\/www.fcbarcelonanoticias.com\/en\/","name":"EN - FC Barcelona Noticias","description":"","potentialAction":[{"@type":"SearchAction","target":{"@type":"EntryPoint","urlTemplate":"https:\/\/www.fcbarcelonanoticias.com\/en\/?s={search_term_string}"},"query-input":{"@type":"PropertyValueSpecification","valueRequired":true,"valueName":"search_term_string"}}],"inLanguage":"en-US"},{"@type":"Person","@id":"https:\/\/www.fcbarcelonanoticias.com\/en\/#\/schema\/person\/c2cd9f6fa1af5c0d0eccd0fefa575c88","name":"Andr\u00e9s Quiroz","image":{"@type":"ImageObject","inLanguage":"en-US","@id":"https:\/\/secure.gravatar.com\/avatar\/?s=96&d=mm&r=g","url":"https:\/\/secure.gravatar.com\/avatar\/?s=96&d=mm&r=g","contentUrl":"https:\/\/secure.gravatar.com\/avatar\/?s=96&d=mm&r=g","caption":"Andr\u00e9s Quiroz"},"description":"Licenciado en Periodismo por la Universidad de los Andes. Me encargo de analizar y compartir los contenidos m\u00e1s destacados de la\u00a0actualidad del F\u00fatbol Club Barcelona, Mercado de Fichajes y F\u00fatbol Internacional en FCBN. La informaci\u00f3n es poder, pero tambi\u00e9n conocimiento.","url":"https:\/\/www.fcbarcelonanoticias.com\/en\/fc-barcelona\/andres-quiroz_17_115.html"}]}},"_links":{"self":[{"href":"https:\/\/www.fcbarcelonanoticias.com\/en\/wp-json\/wp\/v2\/posts\/92559","targetHints":{"allow":["GET"]}}],"collection":[{"href":"https:\/\/www.fcbarcelonanoticias.com\/en\/wp-json\/wp\/v2\/posts"}],"about":[{"href":"https:\/\/www.fcbarcelonanoticias.com\/en\/wp-json\/wp\/v2\/types\/post"}],"author":[{"embeddable":true,"href":"https:\/\/www.fcbarcelonanoticias.com\/en\/wp-json\/wp\/v2\/users\/347"}],"replies":[{"embeddable":true,"href":"https:\/\/www.fcbarcelonanoticias.com\/en\/wp-json\/wp\/v2\/comments?post=92559"}],"version-history":[{"count":2,"href":"https:\/\/www.fcbarcelonanoticias.com\/en\/wp-json\/wp\/v2\/posts\/92559\/revisions"}],"predecessor-version":[{"id":159608,"href":"https:\/\/www.fcbarcelonanoticias.com\/en\/wp-json\/wp\/v2\/posts\/92559\/revisions\/159608"}],"wp:featuredmedia":[{"embeddable":true,"href":"https:\/\/www.fcbarcelonanoticias.com\/en\/wp-json\/wp\/v2\/media\/92577"}],"wp:attachment":[{"href":"https:\/\/www.fcbarcelonanoticias.com\/en\/wp-json\/wp\/v2\/media?parent=92559"}],"wp:term":[{"taxonomy":"category","embeddable":true,"href":"https:\/\/www.fcbarcelonanoticias.com\/en\/wp-json\/wp\/v2\/categories?post=92559"},{"taxonomy":"post_tag","embeddable":true,"href":"https:\/\/www.fcbarcelonanoticias.com\/en\/wp-json\/wp\/v2\/tags?post=92559"}],"curies":[{"name":"wp","href":"https:\/\/api.w.org\/{rel}","templated":true}]}}