{"id":92620,"date":"2022-09-29T21:33:00","date_gmt":"2022-09-29T19:33:00","guid":{"rendered":"https:\/\/weisetech.dev\/fc-barcelona-noticias\/en\/barcelona-could-sign-ruben-neves-bargain-price_284905_102\/"},"modified":"2022-09-29T21:33:00","modified_gmt":"2022-09-29T19:33:00","slug":"barcelona-could-sign-ruben-neves-bargain-price_284905_102","status":"publish","type":"post","link":"https:\/\/www.fcbarcelonanoticias.com\/en\/transfers\/barcelona-could-sign-ruben-neves-bargain-price_284905_102.html","title":{"rendered":"Bar\u00e7a could sign R\u00faben Neves at a &#8216;bargain&#8217; price"},"content":{"rendered":"<h2 class=\"wp-block-heading\">R\u00faben Neves is Bar\u00e7a&#8217;s great objective to renew his core in 2023. With a contract until 2024, Wolverhampton could agree to transfer the Portuguese for a figure of around 25 &#8216;kilos&#8217; so as not to lose him at zero cost<\/h2>  \r\n<div class=\"article-addons\">\r\n    <a href=\"https:\/\/www.fcbarcelonanoticias.com\/en\/calendar-fc-barcelona.html\"\r\n       target=\"_self\"\r\n       title=\"Calendar of FC Barcelona\"\r\n       class=\"blue-gredient-btn\">\r\n       \r\n        Calendar of FC Barcelona    <\/a>\r\n<\/div>   <p>The stage of <a data-external=\"0\" data-intl-links-en=\"https:\/\/www.fcbarcelonanoticias.com\/en\/tags\/sergio-busquets\" data-intl-links-es=\"https:\/\/www.fcbarcelonanoticias.com\/tags\/sergio-busquets\" href=\"https:\/\/www.fcbarcelonanoticias.com\/en\/tags\/sergio-busquets.html\" rel=\"follow\" target=\"_self\" title=\"Sergio Busquets\">Sergio Busquets<\/a> in <a data-external=\"0\" data-intl-links-en=\"https:\/\/www.fcbarcelonanoticias.com\/en\/fc-barcelona\" data-intl-links-es=\"https:\/\/www.fcbarcelonanoticias.com\/fc-barcelona\" href=\"https:\/\/www.fcbarcelonanoticias.com\/en\/football-soccer\/fc-barcelona.html\" rel=\"follow\" target=\"_self\" title=\"FC Barcelona\">the FC Barcelona<\/a> could be coming to an end. After 15 seasons in which it has contested, up to now, 685 parties and has written his name in letters &#8216;golden&#8217; inside the history of the club, the captain would abandon the one who has been his house during all his sportive career to test new challenges to his 34 years.<strong> With a year of remaining agreement, &#8216;Busi&#8217; would opt for going out like free agent and in the MLS already have touched his door<\/strong>, by what all seems to have a clear end.<\/p>  <p>For this reason, in the offices of the Spotify Camp Nou already study the possible reemplazantes of the of Bad\u00eda <strong>and R\u00faben Neves is the name that more likes in Can Bar\u00e7a to occupy the place that would leave the captain<\/strong>. The Portuguese has been in the diary of the Barcelona institution from does long and these would go back to the &#8216;load&#8217; by his contracting during the next window estival after not being able to do with his services during the past summer.<\/p>  <p>And it is that the Catalan square was very interested in the midfield player in the previous market of signings, but the requirements of the Wolverhampton prevented his arrival to the City Condal. The &#8216;wolves&#8217; are conscious that Neves is a very contributed footballer in the Premier, <strong>by what expected to perceive, at least, 50 million euros by the index card of the player<\/strong>, which had to be delivered in an alone payment. An impossible figure to reach for the barcelonistas.<\/p>  <p>However, from 30 June 2023 the &#8216;winds&#8217; would begin to &#8216;blow&#8217; in favour of the Bar\u00e7a. The reason behind this is that the agreement of R\u00faben with the &#8216;wolves&#8217; expires in 2024, by what these would see in the obligation of traspasarle if they do not want that it go out to cost zero. Thus, <strong>the 50 &#8216;kilos&#8217; that pretended to receive in return of the player during the past summer could reduce even to the half<\/strong>, as it informs &#8216;SPORT&#8217;. Besides, the English would be interested in some canteranos cul\u00e9s, which could &#8216;abartar&#8217; even more the operation.<\/p>  <h3>The player wants to be cul\u00e9<\/h3>  <p>By his part, <strong>R\u00faben Neves has very clear his wish to change of &#8216;airs&#8217; to some team of the European elite<\/strong>, being the Bar\u00e7a his destination preferred, by what does not pretend to renew his agreement. Like this then , the figure of Jorge Mendes, representative of the footballer of 25 years, begins to win &#8216;weight&#8217; in the negotiations, since his good relation with Joan Laporta could be key so that the blaugranas achieve a good price by the mediocentro.<\/p>  <h3>Far of Zubimendi<\/h3>  <p>Of equal form, the &#8216;operation Neves&#8217; antoja very different to the situation of Mart\u00edn Zubimendi. The midfield player of the Real Sociedad was the main candidate of Xavi Hern\u00e1ndez to occupy the place of Busquets in his team, but his signing is extremely complicated. The donostiarra has agreement with the &#8216;txuri-urdin&#8217; until 2025 and finds in conversations with the club to extend it until 2027. Besides, the Real does not want to give off of one of his figures by what would remit to his clause of rescission, <strong>which is valuada in 60 &#8216;kilos&#8217; and could increase to 90 millions<\/strong>. Like this then , R\u00faben follows winning whole.<\/p> ","protected":false},"excerpt":{"rendered":"<p>R\u00faben Neves is Bar\u00e7a&#8217;s great objective to renew his core in 2023. With a contract until 2024, Wolverhampton could agree to transfer the Portuguese for a figure of around 25 &#8216;kilos&#8217; so as not to lose him at zero cost The stage of Sergio Busquets in the FC Barcelona could be coming to an end. [&hellip;]<\/p>\n","protected":false},"author":358,"featured_media":92634,"comment_status":"closed","ping_status":"open","sticky":false,"template":"","format":"standard","meta":{"_acf_changed":false,"inline_featured_image":false,"_nextfly_llmd_date_locked":false,"footnotes":""},"categories":[106,449],"tags":[72],"class_list":["post-92620","post","type-post","status-publish","format-standard","has-post-thumbnail","hentry","category-transfers","category-transfers-2","tag-real-sociedad"],"acf":[],"yoast_head":"<!-- This site is optimized with the Yoast SEO plugin v27.3 - https:\/\/yoast.com\/product\/yoast-seo-wordpress\/ -->\n<title>The Bar\u00e7a could fichar to R\u00faben Neves to price of &#039;bargain&#039;<\/title>\n<meta name=\"description\" content=\"R\u00faben Neves Is the big aim of the Bar\u00e7a to renew his medullary in 2023. With agreement until 2024, the Wolverhampton could access to traspasar to the Portuguese...\" \/>\n<meta name=\"robots\" content=\"index, follow, max-snippet:-1, max-image-preview:large, max-video-preview:-1\" \/>\n<link rel=\"canonical\" href=\"https:\/\/www.fcbarcelonanoticias.com\/en\/transfers\/barcelona-could-sign-ruben-neves-bargain-price_284905_102.html\" \/>\n<meta property=\"og:locale\" content=\"en_US\" \/>\n<meta property=\"og:type\" content=\"article\" \/>\n<meta property=\"og:title\" content=\"The Bar\u00e7a could fichar to R\u00faben Neves to price of &#039;bargain&#039;\" \/>\n<meta property=\"og:description\" content=\"R\u00faben Neves Is the big aim of the Bar\u00e7a to renew his medullary in 2023. With agreement until 2024, the Wolverhampton could access to traspasar to the Portuguese...\" \/>\n<meta property=\"og:url\" content=\"https:\/\/www.fcbarcelonanoticias.com\/en\/transfers\/barcelona-could-sign-ruben-neves-bargain-price_284905_102.html\" \/>\n<meta property=\"og:site_name\" content=\"EN - FC Barcelona Noticias\" \/>\n<meta property=\"article:published_time\" content=\"2022-09-29T19:33:00+00:00\" \/>\n<meta property=\"og:image\" content=\"https:\/\/www.fcbarcelonanoticias.com\/en\/wp-content\/uploads\/sites\/2\/2022\/09\/ruben-neves-con-el-wolverhampton.jpeg\" \/>\n\t<meta property=\"og:image:width\" content=\"1300\" \/>\n\t<meta property=\"og:image:height\" content=\"733\" \/>\n\t<meta property=\"og:image:type\" content=\"image\/jpeg\" \/>\n<meta name=\"author\" content=\"Juan Pablo Berdugo\" \/>\n<meta name=\"twitter:card\" content=\"summary_large_image\" \/>\n<meta name=\"twitter:label1\" content=\"Written by\" \/>\n\t<meta name=\"twitter:data1\" content=\"Juan Pablo Berdugo\" \/>\n\t<meta name=\"twitter:label2\" content=\"Est. reading time\" \/>\n\t<meta name=\"twitter:data2\" content=\"3 minutes\" \/>\n<script type=\"application\/ld+json\" class=\"yoast-schema-graph\">{\"@context\":\"https:\\\/\\\/schema.org\",\"@graph\":[{\"@type\":\"Article\",\"@id\":\"https:\\\/\\\/www.fcbarcelonanoticias.com\\\/en\\\/transfers\\\/barcelona-could-sign-ruben-neves-bargain-price_284905_102.html#article\",\"isPartOf\":{\"@id\":\"https:\\\/\\\/www.fcbarcelonanoticias.com\\\/en\\\/transfers\\\/barcelona-could-sign-ruben-neves-bargain-price_284905_102.html\"},\"author\":{\"name\":\"Juan Pablo Berdugo\",\"@id\":\"https:\\\/\\\/www.fcbarcelonanoticias.com\\\/en\\\/#\\\/schema\\\/person\\\/88d756918a0a1ae9fa593b5edddd1815\"},\"headline\":\"Bar\u00e7a could sign R\u00faben Neves at a &#8216;bargain&#8217; price\",\"datePublished\":\"2022-09-29T19:33:00+00:00\",\"mainEntityOfPage\":{\"@id\":\"https:\\\/\\\/www.fcbarcelonanoticias.com\\\/en\\\/transfers\\\/barcelona-could-sign-ruben-neves-bargain-price_284905_102.html\"},\"wordCount\":606,\"image\":{\"@id\":\"https:\\\/\\\/www.fcbarcelonanoticias.com\\\/en\\\/transfers\\\/barcelona-could-sign-ruben-neves-bargain-price_284905_102.html#primaryimage\"},\"thumbnailUrl\":\"https:\\\/\\\/www.fcbarcelonanoticias.com\\\/en\\\/wp-content\\\/uploads\\\/sites\\\/2\\\/2022\\\/09\\\/ruben-neves-con-el-wolverhampton.jpeg\",\"keywords\":[\"Real Sociedad\"],\"articleSection\":[\"Transfers\",\"Transfers\"],\"inLanguage\":\"en-US\"},{\"@type\":\"WebPage\",\"@id\":\"https:\\\/\\\/www.fcbarcelonanoticias.com\\\/en\\\/transfers\\\/barcelona-could-sign-ruben-neves-bargain-price_284905_102.html\",\"url\":\"https:\\\/\\\/www.fcbarcelonanoticias.com\\\/en\\\/transfers\\\/barcelona-could-sign-ruben-neves-bargain-price_284905_102.html\",\"name\":\"The Bar\u00e7a could fichar to R\u00faben Neves to price of 'bargain'\",\"isPartOf\":{\"@id\":\"https:\\\/\\\/www.fcbarcelonanoticias.com\\\/en\\\/#website\"},\"primaryImageOfPage\":{\"@id\":\"https:\\\/\\\/www.fcbarcelonanoticias.com\\\/en\\\/transfers\\\/barcelona-could-sign-ruben-neves-bargain-price_284905_102.html#primaryimage\"},\"image\":{\"@id\":\"https:\\\/\\\/www.fcbarcelonanoticias.com\\\/en\\\/transfers\\\/barcelona-could-sign-ruben-neves-bargain-price_284905_102.html#primaryimage\"},\"thumbnailUrl\":\"https:\\\/\\\/www.fcbarcelonanoticias.com\\\/en\\\/wp-content\\\/uploads\\\/sites\\\/2\\\/2022\\\/09\\\/ruben-neves-con-el-wolverhampton.jpeg\",\"datePublished\":\"2022-09-29T19:33:00+00:00\",\"author\":{\"@id\":\"https:\\\/\\\/www.fcbarcelonanoticias.com\\\/en\\\/#\\\/schema\\\/person\\\/88d756918a0a1ae9fa593b5edddd1815\"},\"description\":\"R\u00faben Neves Is the big aim of the Bar\u00e7a to renew his medullary in 2023. With agreement until 2024, the Wolverhampton could access to traspasar to the Portuguese...\",\"breadcrumb\":{\"@id\":\"https:\\\/\\\/www.fcbarcelonanoticias.com\\\/en\\\/transfers\\\/barcelona-could-sign-ruben-neves-bargain-price_284905_102.html#breadcrumb\"},\"inLanguage\":\"en-US\",\"potentialAction\":[{\"@type\":\"ReadAction\",\"target\":[\"https:\\\/\\\/www.fcbarcelonanoticias.com\\\/en\\\/transfers\\\/barcelona-could-sign-ruben-neves-bargain-price_284905_102.html\"]}]},{\"@type\":\"ImageObject\",\"inLanguage\":\"en-US\",\"@id\":\"https:\\\/\\\/www.fcbarcelonanoticias.com\\\/en\\\/transfers\\\/barcelona-could-sign-ruben-neves-bargain-price_284905_102.html#primaryimage\",\"url\":\"https:\\\/\\\/www.fcbarcelonanoticias.com\\\/en\\\/wp-content\\\/uploads\\\/sites\\\/2\\\/2022\\\/09\\\/ruben-neves-con-el-wolverhampton.jpeg\",\"contentUrl\":\"https:\\\/\\\/www.fcbarcelonanoticias.com\\\/en\\\/wp-content\\\/uploads\\\/sites\\\/2\\\/2022\\\/09\\\/ruben-neves-con-el-wolverhampton.jpeg\",\"width\":1300,\"height\":733},{\"@type\":\"BreadcrumbList\",\"@id\":\"https:\\\/\\\/www.fcbarcelonanoticias.com\\\/en\\\/transfers\\\/barcelona-could-sign-ruben-neves-bargain-price_284905_102.html#breadcrumb\",\"itemListElement\":[{\"@type\":\"ListItem\",\"position\":1,\"name\":\"Portada\",\"item\":\"https:\\\/\\\/www.fcbarcelonanoticias.com\\\/en\\\/\"},{\"@type\":\"ListItem\",\"position\":2,\"name\":\"Bar\u00e7a could sign R\u00faben Neves at a &#8216;bargain&#8217; price\"}]},{\"@type\":\"WebSite\",\"@id\":\"https:\\\/\\\/www.fcbarcelonanoticias.com\\\/en\\\/#website\",\"url\":\"https:\\\/\\\/www.fcbarcelonanoticias.com\\\/en\\\/\",\"name\":\"EN - FC Barcelona Noticias\",\"description\":\"\",\"potentialAction\":[{\"@type\":\"SearchAction\",\"target\":{\"@type\":\"EntryPoint\",\"urlTemplate\":\"https:\\\/\\\/www.fcbarcelonanoticias.com\\\/en\\\/?s={search_term_string}\"},\"query-input\":{\"@type\":\"PropertyValueSpecification\",\"valueRequired\":true,\"valueName\":\"search_term_string\"}}],\"inLanguage\":\"en-US\"},{\"@type\":\"Person\",\"@id\":\"https:\\\/\\\/www.fcbarcelonanoticias.com\\\/en\\\/#\\\/schema\\\/person\\\/88d756918a0a1ae9fa593b5edddd1815\",\"name\":\"Juan Pablo Berdugo\",\"image\":{\"@type\":\"ImageObject\",\"inLanguage\":\"en-US\",\"@id\":\"https:\\\/\\\/secure.gravatar.com\\\/avatar\\\/?s=96&d=mm&r=g\",\"url\":\"https:\\\/\\\/secure.gravatar.com\\\/avatar\\\/?s=96&d=mm&r=g\",\"contentUrl\":\"https:\\\/\\\/secure.gravatar.com\\\/avatar\\\/?s=96&d=mm&r=g\",\"caption\":\"Juan Pablo Berdugo\"},\"description\":\"Juan Pablo Berdugo es graduado en Periodismo. Colabora con FCBN como especialista en informaci\u00f3n del primer equipo del FC Barcelona, f\u00fatbol internacional y mercado de fichajes. Destaca por su enfoque anal\u00edtico, su rigor informativo y su capacidad para detectar tendencias emergentes en el f\u00fatbol global.\",\"url\":\"https:\\\/\\\/www.fcbarcelonanoticias.com\\\/en\\\/fc-barcelona\\\/juan-pablo-berdugo_18_115.html\"}]}<\/script>\n<!-- \/ Yoast SEO plugin. -->","yoast_head_json":{"title":"The Bar\u00e7a could fichar to R\u00faben Neves to price of 'bargain'","description":"R\u00faben Neves Is the big aim of the Bar\u00e7a to renew his medullary in 2023. With agreement until 2024, the Wolverhampton could access to traspasar to the Portuguese...","robots":{"index":"index","follow":"follow","max-snippet":"max-snippet:-1","max-image-preview":"max-image-preview:large","max-video-preview":"max-video-preview:-1"},"canonical":"https:\/\/www.fcbarcelonanoticias.com\/en\/transfers\/barcelona-could-sign-ruben-neves-bargain-price_284905_102.html","og_locale":"en_US","og_type":"article","og_title":"The Bar\u00e7a could fichar to R\u00faben Neves to price of 'bargain'","og_description":"R\u00faben Neves Is the big aim of the Bar\u00e7a to renew his medullary in 2023. With agreement until 2024, the Wolverhampton could access to traspasar to the Portuguese...","og_url":"https:\/\/www.fcbarcelonanoticias.com\/en\/transfers\/barcelona-could-sign-ruben-neves-bargain-price_284905_102.html","og_site_name":"EN - FC Barcelona Noticias","article_published_time":"2022-09-29T19:33:00+00:00","og_image":[{"width":1300,"height":733,"url":"https:\/\/www.fcbarcelonanoticias.com\/en\/wp-content\/uploads\/sites\/2\/2022\/09\/ruben-neves-con-el-wolverhampton.jpeg","type":"image\/jpeg"}],"author":"Juan Pablo Berdugo","twitter_card":"summary_large_image","twitter_misc":{"Written by":"Juan Pablo Berdugo","Est. reading time":"3 minutes"},"schema":{"@context":"https:\/\/schema.org","@graph":[{"@type":"Article","@id":"https:\/\/www.fcbarcelonanoticias.com\/en\/transfers\/barcelona-could-sign-ruben-neves-bargain-price_284905_102.html#article","isPartOf":{"@id":"https:\/\/www.fcbarcelonanoticias.com\/en\/transfers\/barcelona-could-sign-ruben-neves-bargain-price_284905_102.html"},"author":{"name":"Juan Pablo Berdugo","@id":"https:\/\/www.fcbarcelonanoticias.com\/en\/#\/schema\/person\/88d756918a0a1ae9fa593b5edddd1815"},"headline":"Bar\u00e7a could sign R\u00faben Neves at a &#8216;bargain&#8217; price","datePublished":"2022-09-29T19:33:00+00:00","mainEntityOfPage":{"@id":"https:\/\/www.fcbarcelonanoticias.com\/en\/transfers\/barcelona-could-sign-ruben-neves-bargain-price_284905_102.html"},"wordCount":606,"image":{"@id":"https:\/\/www.fcbarcelonanoticias.com\/en\/transfers\/barcelona-could-sign-ruben-neves-bargain-price_284905_102.html#primaryimage"},"thumbnailUrl":"https:\/\/www.fcbarcelonanoticias.com\/en\/wp-content\/uploads\/sites\/2\/2022\/09\/ruben-neves-con-el-wolverhampton.jpeg","keywords":["Real Sociedad"],"articleSection":["Transfers","Transfers"],"inLanguage":"en-US"},{"@type":"WebPage","@id":"https:\/\/www.fcbarcelonanoticias.com\/en\/transfers\/barcelona-could-sign-ruben-neves-bargain-price_284905_102.html","url":"https:\/\/www.fcbarcelonanoticias.com\/en\/transfers\/barcelona-could-sign-ruben-neves-bargain-price_284905_102.html","name":"The Bar\u00e7a could fichar to R\u00faben Neves to price of 'bargain'","isPartOf":{"@id":"https:\/\/www.fcbarcelonanoticias.com\/en\/#website"},"primaryImageOfPage":{"@id":"https:\/\/www.fcbarcelonanoticias.com\/en\/transfers\/barcelona-could-sign-ruben-neves-bargain-price_284905_102.html#primaryimage"},"image":{"@id":"https:\/\/www.fcbarcelonanoticias.com\/en\/transfers\/barcelona-could-sign-ruben-neves-bargain-price_284905_102.html#primaryimage"},"thumbnailUrl":"https:\/\/www.fcbarcelonanoticias.com\/en\/wp-content\/uploads\/sites\/2\/2022\/09\/ruben-neves-con-el-wolverhampton.jpeg","datePublished":"2022-09-29T19:33:00+00:00","author":{"@id":"https:\/\/www.fcbarcelonanoticias.com\/en\/#\/schema\/person\/88d756918a0a1ae9fa593b5edddd1815"},"description":"R\u00faben Neves Is the big aim of the Bar\u00e7a to renew his medullary in 2023. With agreement until 2024, the Wolverhampton could access to traspasar to the Portuguese...","breadcrumb":{"@id":"https:\/\/www.fcbarcelonanoticias.com\/en\/transfers\/barcelona-could-sign-ruben-neves-bargain-price_284905_102.html#breadcrumb"},"inLanguage":"en-US","potentialAction":[{"@type":"ReadAction","target":["https:\/\/www.fcbarcelonanoticias.com\/en\/transfers\/barcelona-could-sign-ruben-neves-bargain-price_284905_102.html"]}]},{"@type":"ImageObject","inLanguage":"en-US","@id":"https:\/\/www.fcbarcelonanoticias.com\/en\/transfers\/barcelona-could-sign-ruben-neves-bargain-price_284905_102.html#primaryimage","url":"https:\/\/www.fcbarcelonanoticias.com\/en\/wp-content\/uploads\/sites\/2\/2022\/09\/ruben-neves-con-el-wolverhampton.jpeg","contentUrl":"https:\/\/www.fcbarcelonanoticias.com\/en\/wp-content\/uploads\/sites\/2\/2022\/09\/ruben-neves-con-el-wolverhampton.jpeg","width":1300,"height":733},{"@type":"BreadcrumbList","@id":"https:\/\/www.fcbarcelonanoticias.com\/en\/transfers\/barcelona-could-sign-ruben-neves-bargain-price_284905_102.html#breadcrumb","itemListElement":[{"@type":"ListItem","position":1,"name":"Portada","item":"https:\/\/www.fcbarcelonanoticias.com\/en\/"},{"@type":"ListItem","position":2,"name":"Bar\u00e7a could sign R\u00faben Neves at a &#8216;bargain&#8217; price"}]},{"@type":"WebSite","@id":"https:\/\/www.fcbarcelonanoticias.com\/en\/#website","url":"https:\/\/www.fcbarcelonanoticias.com\/en\/","name":"EN - FC Barcelona Noticias","description":"","potentialAction":[{"@type":"SearchAction","target":{"@type":"EntryPoint","urlTemplate":"https:\/\/www.fcbarcelonanoticias.com\/en\/?s={search_term_string}"},"query-input":{"@type":"PropertyValueSpecification","valueRequired":true,"valueName":"search_term_string"}}],"inLanguage":"en-US"},{"@type":"Person","@id":"https:\/\/www.fcbarcelonanoticias.com\/en\/#\/schema\/person\/88d756918a0a1ae9fa593b5edddd1815","name":"Juan Pablo Berdugo","image":{"@type":"ImageObject","inLanguage":"en-US","@id":"https:\/\/secure.gravatar.com\/avatar\/?s=96&d=mm&r=g","url":"https:\/\/secure.gravatar.com\/avatar\/?s=96&d=mm&r=g","contentUrl":"https:\/\/secure.gravatar.com\/avatar\/?s=96&d=mm&r=g","caption":"Juan Pablo Berdugo"},"description":"Juan Pablo Berdugo es graduado en Periodismo. Colabora con FCBN como especialista en informaci\u00f3n del primer equipo del FC Barcelona, f\u00fatbol internacional y mercado de fichajes. Destaca por su enfoque anal\u00edtico, su rigor informativo y su capacidad para detectar tendencias emergentes en el f\u00fatbol global.","url":"https:\/\/www.fcbarcelonanoticias.com\/en\/fc-barcelona\/juan-pablo-berdugo_18_115.html"}]}},"_links":{"self":[{"href":"https:\/\/www.fcbarcelonanoticias.com\/en\/wp-json\/wp\/v2\/posts\/92620","targetHints":{"allow":["GET"]}}],"collection":[{"href":"https:\/\/www.fcbarcelonanoticias.com\/en\/wp-json\/wp\/v2\/posts"}],"about":[{"href":"https:\/\/www.fcbarcelonanoticias.com\/en\/wp-json\/wp\/v2\/types\/post"}],"author":[{"embeddable":true,"href":"https:\/\/www.fcbarcelonanoticias.com\/en\/wp-json\/wp\/v2\/users\/358"}],"replies":[{"embeddable":true,"href":"https:\/\/www.fcbarcelonanoticias.com\/en\/wp-json\/wp\/v2\/comments?post=92620"}],"version-history":[{"count":1,"href":"https:\/\/www.fcbarcelonanoticias.com\/en\/wp-json\/wp\/v2\/posts\/92620\/revisions"}],"predecessor-version":[{"id":124946,"href":"https:\/\/www.fcbarcelonanoticias.com\/en\/wp-json\/wp\/v2\/posts\/92620\/revisions\/124946"}],"wp:featuredmedia":[{"embeddable":true,"href":"https:\/\/www.fcbarcelonanoticias.com\/en\/wp-json\/wp\/v2\/media\/92634"}],"wp:attachment":[{"href":"https:\/\/www.fcbarcelonanoticias.com\/en\/wp-json\/wp\/v2\/media?parent=92620"}],"wp:term":[{"taxonomy":"category","embeddable":true,"href":"https:\/\/www.fcbarcelonanoticias.com\/en\/wp-json\/wp\/v2\/categories?post=92620"},{"taxonomy":"post_tag","embeddable":true,"href":"https:\/\/www.fcbarcelonanoticias.com\/en\/wp-json\/wp\/v2\/tags?post=92620"}],"curies":[{"name":"wp","href":"https:\/\/api.w.org\/{rel}","templated":true}]}}