{"id":92642,"date":"2024-07-02T00:49:00","date_gmt":"2024-07-01T22:49:00","guid":{"rendered":"https:\/\/weisetech.dev\/fc-barcelona-noticias\/en\/mvp-france-kounde-continues-proving-fc-barcelona-doesn-t-need-to-sign-right-back_305049_102\/"},"modified":"2024-07-02T02:15:00","modified_gmt":"2024-07-02T00:15:00","slug":"mvp-france-kounde-continues-proving-fc-barcelona-doesn-t-need-to-sign-right-back_305049_102","status":"publish","type":"post","link":"https:\/\/www.fcbarcelonanoticias.com\/en\/transfers\/mvp-france-kounde-continues-proving-fc-barcelona-doesn-t-need-to-sign-right-back_305049_102.html","title":{"rendered":"MVP of France! Kound\u00e9 continues to show that FC Barcelona does not need to sign a right back"},"content":{"rendered":"<h2 class=\"wp-block-heading\">The impressive level that Jules Kound\u00e9 is showing in the Euro Cup with France raises the debate about whether FC Barcelona really needs to look for a right back in the transfer market, considering that the Frenchman could play that position on a regular basis<\/h2>  \r\n<div class=\"article-addons\">\r\n    <a href=\"https:\/\/www.fcbarcelonanoticias.com\/en\/calendar-fc-barcelona.html\"\r\n       target=\"_self\"\r\n       title=\"Calendar of FC Barcelona\"\r\n       class=\"blue-gredient-btn\">\r\n       \r\n        Calendar of FC Barcelona    <\/a>\r\n<\/div>   <p><a data-external=\"0\" data-intl-links-en=\"https:\/\/www.fcbarcelonanoticias.com\/en\/euro-2024-football-news-matches-results\/france-throw-of-fortune-in-front-of-belgium-and-will-play-the-chambers-of-the-eurocopa-1-0_305040_102.html\" data-intl-links-es=\"https:\/\/www.fcbarcelonanoticias.com\/eurocopa-2024\/francia-tira-fortuna-belgica-jugara-cuartos-eurocopa-1-0_305040_102.html\" href=\"https:\/\/www.fcbarcelonanoticias.com\/en\/euro-2024-football-news-matches-results\/france-throw-of-fortune-in-front-of-belgium-and-will-play-the-chambers-of-the-eurocopa-1-0_305040_102.html\" rel=\"follow\" target=\"_self\" title=\"Francia 'tira' de fortuna ante B\u00e9lgica y jugar\u00e1 los cuartos de la Eurocopa (1-0)\">If there was a name determinant in the victory of the selection of France in front of Belgium (1-0)<\/a>, <strong>went Jules Kound\u00e9. In fact, the UEFA recognised it like the MVP of the day.<\/strong> Although it was not directly involved in the annotation of the triumph, the Parisian defender showed big offensive and defensive provision in the right side of &#8216;Them Bleus&#8217;, where had to confront to J\u00e9r\u00e9my Doku, one of the most difficult players to contain of the combined Belgian, the one who had little margin of action thanks to the flawless work of the &#8217;23&#8217; of the Barcelona cast.<\/p>  <blockquote class=\"twitter-tweet\"> <p dir=\"ltr\" lang=\"ca\">To brilliant display from Jules Kound\u00e9 \ud83c\uddeb\ud83c\uddf7\ud83c\udf1f<a href=\"https:\/\/twitter.com\/en\/Vivo_GLOBAL?ref_src=twsrc%5Etfw\">@Alive_GLOBAL<\/a> | <a href=\"https:\/\/twitter.com\/en\/hashtag\/EUROPOTM?src=hash&amp;ref_src=twsrc%5Etfw\">#EUROPOTM<\/a> <a href=\"https:\/\/t.co\/en\/kHtSr1Q3De\">pic.twitter.com\/khtsr1q3de<\/a><\/p> \u2014 UEFA EURO 2024 (@EURO2024) <a href=\"https:\/\/twitter.com\/en\/EURO2024\/status\/1807839006786490763?ref_src=twsrc%5Etfw\">July 1, 2024<\/a> <\/blockquote> <p><strong>The exjugador of the Seville was key in the victory of the selection gala, being a wall infranqueable in his band.<\/strong> In addition to leading to his selection in effective entrances (five), showed his skill in one of the appearances that more has criticised him like right side: his offensive game. It was leader in key passes (5), centres completed (3 of 5) and created a big occasion. In summary, had an exert quite complete in the commitment in front of the &#8216;Red Devils&#8217;.<\/p>  <h2>The big performances of Kound\u00e9 like right side could strengthen him in this position in the FC Barcelona<\/h2>  <p>In this point, results unavoidable to think in the fact that <strong>while the FC Barcelona <a data-external=\"0\" data-intl-links-en=\"https:\/\/www.fcbarcelonanoticias.com\/en\/transfers\/survey-what-has-to-do-the-barca-fichar-to-frimpong-or-cancel-or-bet-by-hector-fort_304802_102.html\" data-intl-links-es=\"https:\/\/www.fcbarcelonanoticias.com\/fichajes\/encuesta-que-debe-hacer-barca-fichar-frimpong-cancelo-apostar-por-hector-fort_304802_102.html\" href=\"https:\/\/www.fcbarcelonanoticias.com\/en\/opinion\/survey-what-has-to-do-the-barca-fichar-to-frimpong-or-cancel-or-bet-by-hector-fort_304802_102.html\" rel=\"follow\" target=\"_self\" title=\"ENCUESTA: \u00bfQu\u00e9 debe hacer el Bar\u00e7a, fichar a Frimpong o Cancelo, o apostar por H\u00e9ctor Fort?\">looks for external options to reinforce the right side,<\/a> Kound\u00e9 continues having stellar performances in this demarcation<\/strong>. Although it is not his natural position, is showing like a carrilero imparable and has turned into a recurrent player in this square as much as cul\u00e9 during two consecutive seasons as in the French selection.<\/p>  <p>Under this premise, would not be surprising that Jules, if it continues in the Barcelona the next season, as all indicate, <a data-external=\"0\" data-intl-links-en=\"https:\/\/www.fcbarcelonanoticias.com\/en\/transfers\/the-factor-of-the-that-could-depend-if-jules-kounde-remains-or-goes-of-the-fc-barcelona_304797_102.html\" data-intl-links-es=\"https:\/\/www.fcbarcelonanoticias.com\/fichajes\/factor-podria-depender-si-jules-kounde-se-queda-se-va-fc-barcelona_304797_102.html\" href=\"https:\/\/www.fcbarcelonanoticias.com\/en\/transfers\/the-factor-of-the-that-could-depend-if-jules-kounde-remains-or-goes-of-the-fc-barcelona_304797_102.html\" rel=\"follow\" target=\"_self\" title=\"El factor del que podr\u00eda depender si Jules Kound\u00e9 se queda o se va del FC Barcelona\">turn into the indisputable right side of the Catalan square<\/a>. Now, this poses another question:<strong> it is really necessary the incorporation of Jo\u00e3or Cancel in this market of summer?<\/strong><\/p>  <p>In principle, the Portuguese side has a much more offensive profile that the French. However, <strong>the Parisian compensates his increasing offensive capacity with a greater defensive solidity in the right side<\/strong>. This quality could be very valued by Hansi Flick, the one who could prioritise have a side with better defensive provision, since his usual tactical diagram (4-2-3-1) promotes to that they are the extremes those that &#8216;eat&#8217; the band, leaving to the sides as &#8216;escuderos&#8217; by the side with incursions in offensive perhaps a bit more sporadic.<\/p>  <h2>H\u00e9ctor Fort, another alternative valorable to reinforce the right side cul\u00e9<\/h2>  <p>Likewise, in the position of carrilero by right, in addition to Jules Kound\u00e9, the FC Barcelona has H\u00e9ctor Fort, <a data-external=\"0\" data-intl-links-en=\"https:\/\/www.fcbarcelonanoticias.com\/en\/transfers\/departure-directed-alaves-ask-barcelona-for-transfer-hector-fort_305043_102.html\" data-intl-links-es=\"https:\/\/www.fcbarcelonanoticias.com\/fichajes\/salida-encaminada-alaves-pregunta-barcelona-por-cesion-hector-fort_305043_102.html\" href=\"https:\/\/www.fcbarcelonanoticias.com\/en\/transfers\/departure-directed-alaves-ask-barcelona-for-transfer-hector-fort_305043_102.html\" rel=\"follow\" target=\"_self\" title=\"\u00bfSalida encaminada? El Alav\u00e9s pregunta al Bar\u00e7a por la cesi\u00f3n de H\u00e9ctor Fort\">whose exit in quality of loan has rumoreado recently<\/a>, <strong>but that it could exert like second to the control in this position<\/strong>, offering depth to the staff cul\u00e9. The canterano has showed a big potential that would not have to overlook.<\/p>  <p>Then, unless the German trainer want to use to Jo\u00e3or Cancel like left side, <strong>the reality is that if the French defender continues in this excellent level, the needs in the right side would be more than covers<\/strong> and, in some way, would clear definitively the future of the Frenchman in the institution. It would happen to be a possible candidate to sale this summer to turn into a practically immovable name in the eleven of the FC Barcelona for the next season.<\/p> ","protected":false},"excerpt":{"rendered":"<p>The impressive level that Jules Kound\u00e9 is showing in the Euro Cup with France raises the debate about whether FC Barcelona really needs to look for a right back in the transfer market, considering that the Frenchman could play that position on a regular basis If there was a name determinant in the victory of [&hellip;]<\/p>\n","protected":false},"author":355,"featured_media":92656,"comment_status":"closed","ping_status":"open","sticky":false,"template":"","format":"standard","meta":{"_acf_changed":false,"inline_featured_image":false,"_nextfly_llmd_date_locked":false,"footnotes":""},"categories":[106,449],"tags":[196],"class_list":["post-92642","post","type-post","status-publish","format-standard","has-post-thumbnail","hentry","category-transfers","category-transfers-2","tag-joao-cancelo"],"acf":[],"yoast_head":"<!-- This site is optimized with the Yoast SEO plugin v27.3 - https:\/\/yoast.com\/product\/yoast-seo-wordpress\/ -->\n<title>MVP of France! Kound\u00e9 continues to show that FC Barcelona does not need to sign a right back<\/title>\n<meta name=\"description\" content=\"The impressive level that Jules Kound\u00e9 is showing in the Euro Cup with France raises the debate about whether FC Barcelona really needs to look for a right back in the transfer market, considering that the Frenchman could play that position on a regular basis\" \/>\n<meta name=\"robots\" content=\"index, follow, max-snippet:-1, max-image-preview:large, max-video-preview:-1\" \/>\n<link rel=\"canonical\" href=\"https:\/\/www.fcbarcelonanoticias.com\/en\/transfers\/mvp-france-kounde-continues-proving-fc-barcelona-doesn-t-need-to-sign-right-back_305049_102.html\" \/>\n<meta property=\"og:locale\" content=\"en_US\" \/>\n<meta property=\"og:type\" content=\"article\" \/>\n<meta property=\"og:title\" content=\"MVP of France! Kound\u00e9 continues to show that FC Barcelona does not need to sign a right back\" \/>\n<meta property=\"og:description\" content=\"The impressive level that Jules Kound\u00e9 is showing in the Euro Cup with France raises the debate about whether FC Barcelona really needs to look for a right back in the transfer market, considering that the Frenchman could play that position on a regular basis\" \/>\n<meta property=\"og:url\" content=\"https:\/\/www.fcbarcelonanoticias.com\/en\/transfers\/mvp-france-kounde-continues-proving-fc-barcelona-doesn-t-need-to-sign-right-back_305049_102.html\" \/>\n<meta property=\"og:site_name\" content=\"EN - FC Barcelona Noticias\" \/>\n<meta property=\"article:published_time\" content=\"2024-07-01T22:49:00+00:00\" \/>\n<meta property=\"article:modified_time\" content=\"2024-07-02T00:15:00+00:00\" \/>\n<meta property=\"og:image\" content=\"https:\/\/www.fcbarcelonanoticias.com\/en\/wp-content\/uploads\/sites\/2\/2024\/07\/jules-kounde-contra-jeremy-doku-en-el-duelo-de-octavos-de-final-de-la-eurocopa-2024-entre-francia-y-belgica.png\" \/>\n\t<meta property=\"og:image:width\" content=\"1300\" \/>\n\t<meta property=\"og:image:height\" content=\"732\" \/>\n\t<meta property=\"og:image:type\" content=\"image\/png\" \/>\n<meta name=\"author\" content=\"Kevin G\u00f3mez\" \/>\n<meta name=\"twitter:card\" content=\"summary_large_image\" \/>\n<meta name=\"twitter:label1\" content=\"Written by\" \/>\n\t<meta name=\"twitter:data1\" content=\"Kevin G\u00f3mez\" \/>\n\t<meta name=\"twitter:label2\" content=\"Est. reading time\" \/>\n\t<meta name=\"twitter:data2\" content=\"3 minutes\" \/>\n<script type=\"application\/ld+json\" class=\"yoast-schema-graph\">{\"@context\":\"https:\\\/\\\/schema.org\",\"@graph\":[{\"@type\":\"Article\",\"@id\":\"https:\\\/\\\/www.fcbarcelonanoticias.com\\\/en\\\/transfers\\\/mvp-france-kounde-continues-proving-fc-barcelona-doesn-t-need-to-sign-right-back_305049_102.html#article\",\"isPartOf\":{\"@id\":\"https:\\\/\\\/www.fcbarcelonanoticias.com\\\/en\\\/transfers\\\/mvp-france-kounde-continues-proving-fc-barcelona-doesn-t-need-to-sign-right-back_305049_102.html\"},\"author\":{\"name\":\"Kevin G\u00f3mez\",\"@id\":\"https:\\\/\\\/www.fcbarcelonanoticias.com\\\/en\\\/#\\\/schema\\\/person\\\/991443f134df9a64c6874f96ff984c9d\"},\"headline\":\"MVP of France! Kound\u00e9 continues to show that FC Barcelona does not need to sign a right back\",\"datePublished\":\"2024-07-01T22:49:00+00:00\",\"dateModified\":\"2024-07-02T00:15:00+00:00\",\"mainEntityOfPage\":{\"@id\":\"https:\\\/\\\/www.fcbarcelonanoticias.com\\\/en\\\/transfers\\\/mvp-france-kounde-continues-proving-fc-barcelona-doesn-t-need-to-sign-right-back_305049_102.html\"},\"wordCount\":649,\"image\":{\"@id\":\"https:\\\/\\\/www.fcbarcelonanoticias.com\\\/en\\\/transfers\\\/mvp-france-kounde-continues-proving-fc-barcelona-doesn-t-need-to-sign-right-back_305049_102.html#primaryimage\"},\"thumbnailUrl\":\"https:\\\/\\\/www.fcbarcelonanoticias.com\\\/en\\\/wp-content\\\/uploads\\\/sites\\\/2\\\/2024\\\/07\\\/jules-kounde-contra-jeremy-doku-en-el-duelo-de-octavos-de-final-de-la-eurocopa-2024-entre-francia-y-belgica.png\",\"keywords\":[\"Joao Cancelo\"],\"articleSection\":[\"Transfers\",\"Transfers\"],\"inLanguage\":\"en-US\"},{\"@type\":\"WebPage\",\"@id\":\"https:\\\/\\\/www.fcbarcelonanoticias.com\\\/en\\\/transfers\\\/mvp-france-kounde-continues-proving-fc-barcelona-doesn-t-need-to-sign-right-back_305049_102.html\",\"url\":\"https:\\\/\\\/www.fcbarcelonanoticias.com\\\/en\\\/transfers\\\/mvp-france-kounde-continues-proving-fc-barcelona-doesn-t-need-to-sign-right-back_305049_102.html\",\"name\":\"MVP of France! Kound\u00e9 continues to show that FC Barcelona does not need to sign a right back\",\"isPartOf\":{\"@id\":\"https:\\\/\\\/www.fcbarcelonanoticias.com\\\/en\\\/#website\"},\"primaryImageOfPage\":{\"@id\":\"https:\\\/\\\/www.fcbarcelonanoticias.com\\\/en\\\/transfers\\\/mvp-france-kounde-continues-proving-fc-barcelona-doesn-t-need-to-sign-right-back_305049_102.html#primaryimage\"},\"image\":{\"@id\":\"https:\\\/\\\/www.fcbarcelonanoticias.com\\\/en\\\/transfers\\\/mvp-france-kounde-continues-proving-fc-barcelona-doesn-t-need-to-sign-right-back_305049_102.html#primaryimage\"},\"thumbnailUrl\":\"https:\\\/\\\/www.fcbarcelonanoticias.com\\\/en\\\/wp-content\\\/uploads\\\/sites\\\/2\\\/2024\\\/07\\\/jules-kounde-contra-jeremy-doku-en-el-duelo-de-octavos-de-final-de-la-eurocopa-2024-entre-francia-y-belgica.png\",\"datePublished\":\"2024-07-01T22:49:00+00:00\",\"dateModified\":\"2024-07-02T00:15:00+00:00\",\"author\":{\"@id\":\"https:\\\/\\\/www.fcbarcelonanoticias.com\\\/en\\\/#\\\/schema\\\/person\\\/991443f134df9a64c6874f96ff984c9d\"},\"description\":\"The impressive level that Jules Kound\u00e9 is showing in the Euro Cup with France raises the debate about whether FC Barcelona really needs to look for a right back in the transfer market, considering that the Frenchman could play that position on a regular basis\",\"breadcrumb\":{\"@id\":\"https:\\\/\\\/www.fcbarcelonanoticias.com\\\/en\\\/transfers\\\/mvp-france-kounde-continues-proving-fc-barcelona-doesn-t-need-to-sign-right-back_305049_102.html#breadcrumb\"},\"inLanguage\":\"en-US\",\"potentialAction\":[{\"@type\":\"ReadAction\",\"target\":[\"https:\\\/\\\/www.fcbarcelonanoticias.com\\\/en\\\/transfers\\\/mvp-france-kounde-continues-proving-fc-barcelona-doesn-t-need-to-sign-right-back_305049_102.html\"]}]},{\"@type\":\"ImageObject\",\"inLanguage\":\"en-US\",\"@id\":\"https:\\\/\\\/www.fcbarcelonanoticias.com\\\/en\\\/transfers\\\/mvp-france-kounde-continues-proving-fc-barcelona-doesn-t-need-to-sign-right-back_305049_102.html#primaryimage\",\"url\":\"https:\\\/\\\/www.fcbarcelonanoticias.com\\\/en\\\/wp-content\\\/uploads\\\/sites\\\/2\\\/2024\\\/07\\\/jules-kounde-contra-jeremy-doku-en-el-duelo-de-octavos-de-final-de-la-eurocopa-2024-entre-francia-y-belgica.png\",\"contentUrl\":\"https:\\\/\\\/www.fcbarcelonanoticias.com\\\/en\\\/wp-content\\\/uploads\\\/sites\\\/2\\\/2024\\\/07\\\/jules-kounde-contra-jeremy-doku-en-el-duelo-de-octavos-de-final-de-la-eurocopa-2024-entre-francia-y-belgica.png\",\"width\":1300,\"height\":732},{\"@type\":\"BreadcrumbList\",\"@id\":\"https:\\\/\\\/www.fcbarcelonanoticias.com\\\/en\\\/transfers\\\/mvp-france-kounde-continues-proving-fc-barcelona-doesn-t-need-to-sign-right-back_305049_102.html#breadcrumb\",\"itemListElement\":[{\"@type\":\"ListItem\",\"position\":1,\"name\":\"Portada\",\"item\":\"https:\\\/\\\/www.fcbarcelonanoticias.com\\\/en\\\/\"},{\"@type\":\"ListItem\",\"position\":2,\"name\":\"MVP of France! Kound\u00e9 continues to show that FC Barcelona does not need to sign a right back\"}]},{\"@type\":\"WebSite\",\"@id\":\"https:\\\/\\\/www.fcbarcelonanoticias.com\\\/en\\\/#website\",\"url\":\"https:\\\/\\\/www.fcbarcelonanoticias.com\\\/en\\\/\",\"name\":\"EN - FC Barcelona Noticias\",\"description\":\"\",\"potentialAction\":[{\"@type\":\"SearchAction\",\"target\":{\"@type\":\"EntryPoint\",\"urlTemplate\":\"https:\\\/\\\/www.fcbarcelonanoticias.com\\\/en\\\/?s={search_term_string}\"},\"query-input\":{\"@type\":\"PropertyValueSpecification\",\"valueRequired\":true,\"valueName\":\"search_term_string\"}}],\"inLanguage\":\"en-US\"},{\"@type\":\"Person\",\"@id\":\"https:\\\/\\\/www.fcbarcelonanoticias.com\\\/en\\\/#\\\/schema\\\/person\\\/991443f134df9a64c6874f96ff984c9d\",\"name\":\"Kevin G\u00f3mez\",\"image\":{\"@type\":\"ImageObject\",\"inLanguage\":\"en-US\",\"@id\":\"https:\\\/\\\/secure.gravatar.com\\\/avatar\\\/?s=96&d=mm&r=g\",\"url\":\"https:\\\/\\\/secure.gravatar.com\\\/avatar\\\/?s=96&d=mm&r=g\",\"contentUrl\":\"https:\\\/\\\/secure.gravatar.com\\\/avatar\\\/?s=96&d=mm&r=g\",\"caption\":\"Kevin G\u00f3mez\"},\"description\":\"Licenciado\u00a0en Periodismo y Comunicaci\u00f3n Audiovisual. Redactor en FCBN responsable de cubrir toda\u00a0la informaci\u00f3n del FC Barcelona y las principales competiciones de\u00a0f\u00fatbol.\",\"url\":\"https:\\\/\\\/www.fcbarcelonanoticias.com\\\/en\\\/jugadores\\\/kevin-gomez_23_115.html\"}]}<\/script>\n<!-- \/ Yoast SEO plugin. -->","yoast_head_json":{"title":"MVP of France! Kound\u00e9 continues to show that FC Barcelona does not need to sign a right back","description":"The impressive level that Jules Kound\u00e9 is showing in the Euro Cup with France raises the debate about whether FC Barcelona really needs to look for a right back in the transfer market, considering that the Frenchman could play that position on a regular basis","robots":{"index":"index","follow":"follow","max-snippet":"max-snippet:-1","max-image-preview":"max-image-preview:large","max-video-preview":"max-video-preview:-1"},"canonical":"https:\/\/www.fcbarcelonanoticias.com\/en\/transfers\/mvp-france-kounde-continues-proving-fc-barcelona-doesn-t-need-to-sign-right-back_305049_102.html","og_locale":"en_US","og_type":"article","og_title":"MVP of France! Kound\u00e9 continues to show that FC Barcelona does not need to sign a right back","og_description":"The impressive level that Jules Kound\u00e9 is showing in the Euro Cup with France raises the debate about whether FC Barcelona really needs to look for a right back in the transfer market, considering that the Frenchman could play that position on a regular basis","og_url":"https:\/\/www.fcbarcelonanoticias.com\/en\/transfers\/mvp-france-kounde-continues-proving-fc-barcelona-doesn-t-need-to-sign-right-back_305049_102.html","og_site_name":"EN - FC Barcelona Noticias","article_published_time":"2024-07-01T22:49:00+00:00","article_modified_time":"2024-07-02T00:15:00+00:00","og_image":[{"width":1300,"height":732,"url":"https:\/\/www.fcbarcelonanoticias.com\/en\/wp-content\/uploads\/sites\/2\/2024\/07\/jules-kounde-contra-jeremy-doku-en-el-duelo-de-octavos-de-final-de-la-eurocopa-2024-entre-francia-y-belgica.png","type":"image\/png"}],"author":"Kevin G\u00f3mez","twitter_card":"summary_large_image","twitter_misc":{"Written by":"Kevin G\u00f3mez","Est. reading time":"3 minutes"},"schema":{"@context":"https:\/\/schema.org","@graph":[{"@type":"Article","@id":"https:\/\/www.fcbarcelonanoticias.com\/en\/transfers\/mvp-france-kounde-continues-proving-fc-barcelona-doesn-t-need-to-sign-right-back_305049_102.html#article","isPartOf":{"@id":"https:\/\/www.fcbarcelonanoticias.com\/en\/transfers\/mvp-france-kounde-continues-proving-fc-barcelona-doesn-t-need-to-sign-right-back_305049_102.html"},"author":{"name":"Kevin G\u00f3mez","@id":"https:\/\/www.fcbarcelonanoticias.com\/en\/#\/schema\/person\/991443f134df9a64c6874f96ff984c9d"},"headline":"MVP of France! Kound\u00e9 continues to show that FC Barcelona does not need to sign a right back","datePublished":"2024-07-01T22:49:00+00:00","dateModified":"2024-07-02T00:15:00+00:00","mainEntityOfPage":{"@id":"https:\/\/www.fcbarcelonanoticias.com\/en\/transfers\/mvp-france-kounde-continues-proving-fc-barcelona-doesn-t-need-to-sign-right-back_305049_102.html"},"wordCount":649,"image":{"@id":"https:\/\/www.fcbarcelonanoticias.com\/en\/transfers\/mvp-france-kounde-continues-proving-fc-barcelona-doesn-t-need-to-sign-right-back_305049_102.html#primaryimage"},"thumbnailUrl":"https:\/\/www.fcbarcelonanoticias.com\/en\/wp-content\/uploads\/sites\/2\/2024\/07\/jules-kounde-contra-jeremy-doku-en-el-duelo-de-octavos-de-final-de-la-eurocopa-2024-entre-francia-y-belgica.png","keywords":["Joao Cancelo"],"articleSection":["Transfers","Transfers"],"inLanguage":"en-US"},{"@type":"WebPage","@id":"https:\/\/www.fcbarcelonanoticias.com\/en\/transfers\/mvp-france-kounde-continues-proving-fc-barcelona-doesn-t-need-to-sign-right-back_305049_102.html","url":"https:\/\/www.fcbarcelonanoticias.com\/en\/transfers\/mvp-france-kounde-continues-proving-fc-barcelona-doesn-t-need-to-sign-right-back_305049_102.html","name":"MVP of France! Kound\u00e9 continues to show that FC Barcelona does not need to sign a right back","isPartOf":{"@id":"https:\/\/www.fcbarcelonanoticias.com\/en\/#website"},"primaryImageOfPage":{"@id":"https:\/\/www.fcbarcelonanoticias.com\/en\/transfers\/mvp-france-kounde-continues-proving-fc-barcelona-doesn-t-need-to-sign-right-back_305049_102.html#primaryimage"},"image":{"@id":"https:\/\/www.fcbarcelonanoticias.com\/en\/transfers\/mvp-france-kounde-continues-proving-fc-barcelona-doesn-t-need-to-sign-right-back_305049_102.html#primaryimage"},"thumbnailUrl":"https:\/\/www.fcbarcelonanoticias.com\/en\/wp-content\/uploads\/sites\/2\/2024\/07\/jules-kounde-contra-jeremy-doku-en-el-duelo-de-octavos-de-final-de-la-eurocopa-2024-entre-francia-y-belgica.png","datePublished":"2024-07-01T22:49:00+00:00","dateModified":"2024-07-02T00:15:00+00:00","author":{"@id":"https:\/\/www.fcbarcelonanoticias.com\/en\/#\/schema\/person\/991443f134df9a64c6874f96ff984c9d"},"description":"The impressive level that Jules Kound\u00e9 is showing in the Euro Cup with France raises the debate about whether FC Barcelona really needs to look for a right back in the transfer market, considering that the Frenchman could play that position on a regular basis","breadcrumb":{"@id":"https:\/\/www.fcbarcelonanoticias.com\/en\/transfers\/mvp-france-kounde-continues-proving-fc-barcelona-doesn-t-need-to-sign-right-back_305049_102.html#breadcrumb"},"inLanguage":"en-US","potentialAction":[{"@type":"ReadAction","target":["https:\/\/www.fcbarcelonanoticias.com\/en\/transfers\/mvp-france-kounde-continues-proving-fc-barcelona-doesn-t-need-to-sign-right-back_305049_102.html"]}]},{"@type":"ImageObject","inLanguage":"en-US","@id":"https:\/\/www.fcbarcelonanoticias.com\/en\/transfers\/mvp-france-kounde-continues-proving-fc-barcelona-doesn-t-need-to-sign-right-back_305049_102.html#primaryimage","url":"https:\/\/www.fcbarcelonanoticias.com\/en\/wp-content\/uploads\/sites\/2\/2024\/07\/jules-kounde-contra-jeremy-doku-en-el-duelo-de-octavos-de-final-de-la-eurocopa-2024-entre-francia-y-belgica.png","contentUrl":"https:\/\/www.fcbarcelonanoticias.com\/en\/wp-content\/uploads\/sites\/2\/2024\/07\/jules-kounde-contra-jeremy-doku-en-el-duelo-de-octavos-de-final-de-la-eurocopa-2024-entre-francia-y-belgica.png","width":1300,"height":732},{"@type":"BreadcrumbList","@id":"https:\/\/www.fcbarcelonanoticias.com\/en\/transfers\/mvp-france-kounde-continues-proving-fc-barcelona-doesn-t-need-to-sign-right-back_305049_102.html#breadcrumb","itemListElement":[{"@type":"ListItem","position":1,"name":"Portada","item":"https:\/\/www.fcbarcelonanoticias.com\/en\/"},{"@type":"ListItem","position":2,"name":"MVP of France! Kound\u00e9 continues to show that FC Barcelona does not need to sign a right back"}]},{"@type":"WebSite","@id":"https:\/\/www.fcbarcelonanoticias.com\/en\/#website","url":"https:\/\/www.fcbarcelonanoticias.com\/en\/","name":"EN - FC Barcelona Noticias","description":"","potentialAction":[{"@type":"SearchAction","target":{"@type":"EntryPoint","urlTemplate":"https:\/\/www.fcbarcelonanoticias.com\/en\/?s={search_term_string}"},"query-input":{"@type":"PropertyValueSpecification","valueRequired":true,"valueName":"search_term_string"}}],"inLanguage":"en-US"},{"@type":"Person","@id":"https:\/\/www.fcbarcelonanoticias.com\/en\/#\/schema\/person\/991443f134df9a64c6874f96ff984c9d","name":"Kevin G\u00f3mez","image":{"@type":"ImageObject","inLanguage":"en-US","@id":"https:\/\/secure.gravatar.com\/avatar\/?s=96&d=mm&r=g","url":"https:\/\/secure.gravatar.com\/avatar\/?s=96&d=mm&r=g","contentUrl":"https:\/\/secure.gravatar.com\/avatar\/?s=96&d=mm&r=g","caption":"Kevin G\u00f3mez"},"description":"Licenciado\u00a0en Periodismo y Comunicaci\u00f3n Audiovisual. Redactor en FCBN responsable de cubrir toda\u00a0la informaci\u00f3n del FC Barcelona y las principales competiciones de\u00a0f\u00fatbol.","url":"https:\/\/www.fcbarcelonanoticias.com\/en\/jugadores\/kevin-gomez_23_115.html"}]}},"_links":{"self":[{"href":"https:\/\/www.fcbarcelonanoticias.com\/en\/wp-json\/wp\/v2\/posts\/92642","targetHints":{"allow":["GET"]}}],"collection":[{"href":"https:\/\/www.fcbarcelonanoticias.com\/en\/wp-json\/wp\/v2\/posts"}],"about":[{"href":"https:\/\/www.fcbarcelonanoticias.com\/en\/wp-json\/wp\/v2\/types\/post"}],"author":[{"embeddable":true,"href":"https:\/\/www.fcbarcelonanoticias.com\/en\/wp-json\/wp\/v2\/users\/355"}],"replies":[{"embeddable":true,"href":"https:\/\/www.fcbarcelonanoticias.com\/en\/wp-json\/wp\/v2\/comments?post=92642"}],"version-history":[{"count":1,"href":"https:\/\/www.fcbarcelonanoticias.com\/en\/wp-json\/wp\/v2\/posts\/92642\/revisions"}],"predecessor-version":[{"id":130808,"href":"https:\/\/www.fcbarcelonanoticias.com\/en\/wp-json\/wp\/v2\/posts\/92642\/revisions\/130808"}],"wp:featuredmedia":[{"embeddable":true,"href":"https:\/\/www.fcbarcelonanoticias.com\/en\/wp-json\/wp\/v2\/media\/92656"}],"wp:attachment":[{"href":"https:\/\/www.fcbarcelonanoticias.com\/en\/wp-json\/wp\/v2\/media?parent=92642"}],"wp:term":[{"taxonomy":"category","embeddable":true,"href":"https:\/\/www.fcbarcelonanoticias.com\/en\/wp-json\/wp\/v2\/categories?post=92642"},{"taxonomy":"post_tag","embeddable":true,"href":"https:\/\/www.fcbarcelonanoticias.com\/en\/wp-json\/wp\/v2\/tags?post=92642"}],"curies":[{"name":"wp","href":"https:\/\/api.w.org\/{rel}","templated":true}]}}