{"id":92755,"date":"2025-12-26T23:55:00","date_gmt":"2025-12-26T22:55:00","guid":{"rendered":"https:\/\/weisetech.dev\/fc-barcelona-noticias\/en\/nathan-ake-possible-dark-horse-for-barcelona-defense-in-january_315625_102\/"},"modified":"2025-12-26T23:55:00","modified_gmt":"2025-12-26T22:55:00","slug":"nathan-ake-possible-dark-horse-for-barcelona-defense-in-january_315625_102","status":"publish","type":"post","link":"https:\/\/www.fcbarcelonanoticias.com\/en\/transfers\/nathan-ake-possible-dark-horse-for-barcelona-defense-in-january_315625_102.html","title":{"rendered":"Nathan Ak\u00e9 enters the list of possible center-backs for Barcelona"},"content":{"rendered":"<h2 class=\"wp-block-heading\">Nathan Ak\u00e9 has lost his starting position at Manchester City. The Dutchman&#8217;s contract ends in 2027 and Barcelona could negotiate a &#8216;low cost&#8217; transfer next market<\/h2>  \r\n<div class=\"article-addons\">\r\n    <a href=\"https:\/\/www.fcbarcelonanoticias.com\/en\/calendar-fc-barcelona.html\"\r\n       target=\"_self\"\r\n       title=\"Calendar of FC Barcelona\"\r\n       class=\"blue-gredient-btn\">\r\n       \r\n        Calendar of FC Barcelona    <\/a>\r\n<\/div>   <p>The signing of a center-back could become a market priority for <strong>FC Barcelona<\/strong> in 2026. With <strong>Andreas Christensen<\/strong> injured and <strong>Ronald Araujo<\/strong> still sidelined due to his low spirits, the possibility of bringing in another defender in January remains open, taking advantage of the Dane&#8217;s long-term absence.<\/p>  <p>One of the names on the Blaugrana&#8217;s radar is <strong>Nathan Ak\u00e9<\/strong>. The Manchester City defender has played very little this season with Pep Guardiola&#8217;s team, to the point of only starting in the League Cup. The 30-year-old center-back&#8217;s contract ends in 2027, and Bar\u00e7a could negotiate a loan or a &#8216;low cost&#8217; transfer in the next winter market.<\/p>  <h2>Bar\u00e7a&#8217;s Options for Negotiating the Signing of Nathan Ak\u00e9<\/h2>  <p>Ak\u00e9 has only accumulated 595 minutes of action in 13 games (6 as a starter) and City would not close the door on his departure. Looking ahead to the summer, the &#8216;sky blue&#8217; side **would accept around 20 million for the Dutch international**, who arrived at the Etihad Stadium from Bournemouth for 45.3 million in the summer of 2020.<\/p>  <p>A loan, however, would not be ruled out, this being the path that most favors Bar\u00e7a&#8217;s interests. <strong>The club does not yet operate under the 1:1 rule in LaLiga<\/strong> and the ideal scenario is to bet on a &#8216;low cost&#8217; reinforcement for the second half of 25\/26.<\/p>  <p><strong>The City center-back has scored 10 goals and provided 3 assists in 158 appearances<\/strong>, with aerial play being his main strength. However, his salary (10 million gross per year) would not be easy to fit into Bar\u00e7a&#8217;s wage bill, unless Manchester retains a percentage of his contract.<\/p>  <h2>Hansi Flick prefers to sign another center-back in January<\/h2>  <p>Hansi Flick, for the moment, has <strong>Pau Cubars\u00ed, Eric Garc\u00eda, Ronald Araujo, and Gerard Mart\u00edn<\/strong> as alternatives for the center of defense, in addition to Jules Kound\u00e9 and Andreas Christensen himself, should he receive medical clearance in the final stretch of the season.<\/p>  <p><strong>Jofre Torrents<\/strong> could also lend a hand as a center-back, alongside <strong>Marc Casad\u00f3<\/strong> himself, who has played as a right-back in recent weeks. However, the coaching staff would be delighted to bring in a defender with the experience of Nathan Ak\u00e9, a key player in the treble-winning City team in 2023.<\/p>  <p>The good form of <strong>Josko Gvardiol<\/strong> and <strong>R\u00faben Dias<\/strong> has relegated him to the bench, along with <strong>John Stones<\/strong> and the young <strong>Abdukodir Khusanov<\/strong>. Guardiola has enough cover in defense and would not block the &#8216;6&#8217;s&#8217; departure, much less if he manages to convince Barcelona to sign him.<\/p>  <h2>Bar\u00e7a wouldn&#8217;t be alone in the &#8216;race&#8217; for Nathan Ak\u00e9<\/h2>  <p>The latest information, however, points to other clubs being attentive to the Dutch international&#8217;s future. One of them would be<strong> Atl\u00e9tico de Madrid<\/strong>, which, although it has the experienced <a data-external=\"0\" data-intl-links-en=\"https:\/\/www.fcbarcelonanoticias.com\/en\/transfers\/cule-finances-how-much-money-does-barcelona-free-up-with-lenglet_313020_102.html\" data-intl-links-es=\"https:\/\/www.fcbarcelonanoticias.com\/fichajes\/millones-fair-play-libera-barcelona-con-salida-lenglet_313020_102.html\" href=\"https:\/\/www.fcbarcelonanoticias.com\/en\/transfers\/cule-finances-how-much-money-does-barcelona-free-up-with-lenglet_313020_102.html\" rel=\"follow\" target=\"_self\" title=\"Los millones en 'Fair Play' que libera el Bar\u00e7a con la salida de Lenglet\">Cl\u00e9ment Lenglet<\/a> and <strong>Jos\u00e9 Mar\u00eda Gim\u00e9nez<\/strong>, has not yet managed to find the ideal partner for <strong>Robin Le Normand<\/strong><\/p>  <p><strong>Diego Simeone<\/strong> would have asked the club to sign another center-back in winter and Ak\u00e9 would be one of the preferred options for the Argentine coach. Whether in January or next summer, everything indicates that Nathan will leave Manchester City and, probably, the English league, where he has spent practically his entire career (he arrived at Chelsea&#8217;s academy in 2013 from Feyenoord).&nbsp;<\/p> ","protected":false},"excerpt":{"rendered":"<p>Nathan Ak\u00e9 has lost his starting position at Manchester City. The Dutchman&#8217;s contract ends in 2027 and Barcelona could negotiate a &#8216;low cost&#8217; transfer next market The signing of a center-back could become a market priority for FC Barcelona in 2026. With Andreas Christensen injured and Ronald Araujo still sidelined due to his low spirits, [&hellip;]<\/p>\n","protected":false},"author":347,"featured_media":92774,"comment_status":"closed","ping_status":"open","sticky":false,"template":"","format":"standard","meta":{"_acf_changed":false,"inline_featured_image":false,"_nextfly_llmd_date_locked":false,"footnotes":""},"categories":[449,106],"tags":[97,178,261],"class_list":["post-92755","post","type-post","status-publish","format-standard","has-post-thumbnail","hentry","category-transfers-2","category-transfers","tag-manchester-city","tag-pep-guardiola","tag-football-transfer-rumors"],"acf":[],"yoast_head":"<!-- This site is optimized with the Yoast SEO plugin v27.3 - https:\/\/yoast.com\/product\/yoast-seo-wordpress\/ -->\n<title>Nathan Ak\u00e9: possible &#039;dark horse&#039; for Bar\u00e7a&#039;s defense in January<\/title>\n<meta name=\"description\" content=\"Nathan Ak\u00e9 has lost his starting position at Manchester City. The Dutchman&#039;s contract ends in 2027 and Bar\u00e7a could negotiate a &#039;low cost&#039; transfer\" \/>\n<meta name=\"robots\" content=\"index, follow, max-snippet:-1, max-image-preview:large, max-video-preview:-1\" \/>\n<link rel=\"canonical\" href=\"https:\/\/www.fcbarcelonanoticias.com\/en\/transfers\/nathan-ake-possible-dark-horse-for-barcelona-defense-in-january_315625_102.html\" \/>\n<meta property=\"og:locale\" content=\"en_US\" \/>\n<meta property=\"og:type\" content=\"article\" \/>\n<meta property=\"og:title\" content=\"Nathan Ak\u00e9: possible &#039;dark horse&#039; for Bar\u00e7a&#039;s defense in January\" \/>\n<meta property=\"og:description\" content=\"Nathan Ak\u00e9 has lost his starting position at Manchester City. The Dutchman&#039;s contract ends in 2027 and Bar\u00e7a could negotiate a &#039;low cost&#039; transfer\" \/>\n<meta property=\"og:url\" content=\"https:\/\/www.fcbarcelonanoticias.com\/en\/transfers\/nathan-ake-possible-dark-horse-for-barcelona-defense-in-january_315625_102.html\" \/>\n<meta property=\"og:site_name\" content=\"EN - FC Barcelona Noticias\" \/>\n<meta property=\"article:published_time\" content=\"2025-12-26T22:55:00+00:00\" \/>\n<meta property=\"og:image\" content=\"https:\/\/www.fcbarcelonanoticias.com\/en\/wp-content\/uploads\/sites\/2\/2025\/12\/nathan-ake-manchester-city-25-26.jpeg\" \/>\n\t<meta property=\"og:image:width\" content=\"1300\" \/>\n\t<meta property=\"og:image:height\" content=\"720\" \/>\n\t<meta property=\"og:image:type\" content=\"image\/jpeg\" \/>\n<meta name=\"author\" content=\"Andr\u00e9s Quiroz\" \/>\n<meta name=\"twitter:card\" content=\"summary_large_image\" \/>\n<meta name=\"twitter:label1\" content=\"Written by\" \/>\n\t<meta name=\"twitter:data1\" content=\"Andr\u00e9s Quiroz\" \/>\n\t<meta name=\"twitter:label2\" content=\"Est. reading time\" \/>\n\t<meta name=\"twitter:data2\" content=\"3 minutes\" \/>\n<script type=\"application\/ld+json\" class=\"yoast-schema-graph\">{\"@context\":\"https:\\\/\\\/schema.org\",\"@graph\":[{\"@type\":\"Article\",\"@id\":\"https:\\\/\\\/www.fcbarcelonanoticias.com\\\/en\\\/transfers\\\/nathan-ake-possible-dark-horse-for-barcelona-defense-in-january_315625_102.html#article\",\"isPartOf\":{\"@id\":\"https:\\\/\\\/www.fcbarcelonanoticias.com\\\/en\\\/transfers\\\/nathan-ake-possible-dark-horse-for-barcelona-defense-in-january_315625_102.html\"},\"author\":{\"name\":\"Andr\u00e9s Quiroz\",\"@id\":\"https:\\\/\\\/www.fcbarcelonanoticias.com\\\/en\\\/#\\\/schema\\\/person\\\/c2cd9f6fa1af5c0d0eccd0fefa575c88\"},\"headline\":\"Nathan Ak\u00e9 enters the list of possible center-backs for Barcelona\",\"datePublished\":\"2025-12-26T22:55:00+00:00\",\"mainEntityOfPage\":{\"@id\":\"https:\\\/\\\/www.fcbarcelonanoticias.com\\\/en\\\/transfers\\\/nathan-ake-possible-dark-horse-for-barcelona-defense-in-january_315625_102.html\"},\"wordCount\":581,\"image\":{\"@id\":\"https:\\\/\\\/www.fcbarcelonanoticias.com\\\/en\\\/transfers\\\/nathan-ake-possible-dark-horse-for-barcelona-defense-in-january_315625_102.html#primaryimage\"},\"thumbnailUrl\":\"https:\\\/\\\/www.fcbarcelonanoticias.com\\\/en\\\/wp-content\\\/uploads\\\/sites\\\/2\\\/2025\\\/12\\\/nathan-ake-manchester-city-25-26.jpeg\",\"keywords\":[\"Manchester City\",\"Pep Guardiola\",\"Transfer Rumors\"],\"articleSection\":[\"Transfers\",\"Transfers\"],\"inLanguage\":\"en-US\"},{\"@type\":\"WebPage\",\"@id\":\"https:\\\/\\\/www.fcbarcelonanoticias.com\\\/en\\\/transfers\\\/nathan-ake-possible-dark-horse-for-barcelona-defense-in-january_315625_102.html\",\"url\":\"https:\\\/\\\/www.fcbarcelonanoticias.com\\\/en\\\/transfers\\\/nathan-ake-possible-dark-horse-for-barcelona-defense-in-january_315625_102.html\",\"name\":\"Nathan Ak\u00e9: possible 'dark horse' for Bar\u00e7a's defense in January\",\"isPartOf\":{\"@id\":\"https:\\\/\\\/www.fcbarcelonanoticias.com\\\/en\\\/#website\"},\"primaryImageOfPage\":{\"@id\":\"https:\\\/\\\/www.fcbarcelonanoticias.com\\\/en\\\/transfers\\\/nathan-ake-possible-dark-horse-for-barcelona-defense-in-january_315625_102.html#primaryimage\"},\"image\":{\"@id\":\"https:\\\/\\\/www.fcbarcelonanoticias.com\\\/en\\\/transfers\\\/nathan-ake-possible-dark-horse-for-barcelona-defense-in-january_315625_102.html#primaryimage\"},\"thumbnailUrl\":\"https:\\\/\\\/www.fcbarcelonanoticias.com\\\/en\\\/wp-content\\\/uploads\\\/sites\\\/2\\\/2025\\\/12\\\/nathan-ake-manchester-city-25-26.jpeg\",\"datePublished\":\"2025-12-26T22:55:00+00:00\",\"author\":{\"@id\":\"https:\\\/\\\/www.fcbarcelonanoticias.com\\\/en\\\/#\\\/schema\\\/person\\\/c2cd9f6fa1af5c0d0eccd0fefa575c88\"},\"description\":\"Nathan Ak\u00e9 has lost his starting position at Manchester City. The Dutchman's contract ends in 2027 and Bar\u00e7a could negotiate a 'low cost' transfer\",\"breadcrumb\":{\"@id\":\"https:\\\/\\\/www.fcbarcelonanoticias.com\\\/en\\\/transfers\\\/nathan-ake-possible-dark-horse-for-barcelona-defense-in-january_315625_102.html#breadcrumb\"},\"inLanguage\":\"en-US\",\"potentialAction\":[{\"@type\":\"ReadAction\",\"target\":[\"https:\\\/\\\/www.fcbarcelonanoticias.com\\\/en\\\/transfers\\\/nathan-ake-possible-dark-horse-for-barcelona-defense-in-january_315625_102.html\"]}]},{\"@type\":\"ImageObject\",\"inLanguage\":\"en-US\",\"@id\":\"https:\\\/\\\/www.fcbarcelonanoticias.com\\\/en\\\/transfers\\\/nathan-ake-possible-dark-horse-for-barcelona-defense-in-january_315625_102.html#primaryimage\",\"url\":\"https:\\\/\\\/www.fcbarcelonanoticias.com\\\/en\\\/wp-content\\\/uploads\\\/sites\\\/2\\\/2025\\\/12\\\/nathan-ake-manchester-city-25-26.jpeg\",\"contentUrl\":\"https:\\\/\\\/www.fcbarcelonanoticias.com\\\/en\\\/wp-content\\\/uploads\\\/sites\\\/2\\\/2025\\\/12\\\/nathan-ake-manchester-city-25-26.jpeg\",\"width\":1300,\"height\":720},{\"@type\":\"BreadcrumbList\",\"@id\":\"https:\\\/\\\/www.fcbarcelonanoticias.com\\\/en\\\/transfers\\\/nathan-ake-possible-dark-horse-for-barcelona-defense-in-january_315625_102.html#breadcrumb\",\"itemListElement\":[{\"@type\":\"ListItem\",\"position\":1,\"name\":\"Portada\",\"item\":\"https:\\\/\\\/www.fcbarcelonanoticias.com\\\/en\\\/\"},{\"@type\":\"ListItem\",\"position\":2,\"name\":\"Nathan Ak\u00e9 enters the list of possible center-backs for Barcelona\"}]},{\"@type\":\"WebSite\",\"@id\":\"https:\\\/\\\/www.fcbarcelonanoticias.com\\\/en\\\/#website\",\"url\":\"https:\\\/\\\/www.fcbarcelonanoticias.com\\\/en\\\/\",\"name\":\"EN - FC Barcelona Noticias\",\"description\":\"\",\"potentialAction\":[{\"@type\":\"SearchAction\",\"target\":{\"@type\":\"EntryPoint\",\"urlTemplate\":\"https:\\\/\\\/www.fcbarcelonanoticias.com\\\/en\\\/?s={search_term_string}\"},\"query-input\":{\"@type\":\"PropertyValueSpecification\",\"valueRequired\":true,\"valueName\":\"search_term_string\"}}],\"inLanguage\":\"en-US\"},{\"@type\":\"Person\",\"@id\":\"https:\\\/\\\/www.fcbarcelonanoticias.com\\\/en\\\/#\\\/schema\\\/person\\\/c2cd9f6fa1af5c0d0eccd0fefa575c88\",\"name\":\"Andr\u00e9s Quiroz\",\"image\":{\"@type\":\"ImageObject\",\"inLanguage\":\"en-US\",\"@id\":\"https:\\\/\\\/secure.gravatar.com\\\/avatar\\\/?s=96&d=mm&r=g\",\"url\":\"https:\\\/\\\/secure.gravatar.com\\\/avatar\\\/?s=96&d=mm&r=g\",\"contentUrl\":\"https:\\\/\\\/secure.gravatar.com\\\/avatar\\\/?s=96&d=mm&r=g\",\"caption\":\"Andr\u00e9s Quiroz\"},\"description\":\"Licenciado en Periodismo por la Universidad de los Andes. Me encargo de analizar y compartir los contenidos m\u00e1s destacados de la\u00a0actualidad del F\u00fatbol Club Barcelona, Mercado de Fichajes y F\u00fatbol Internacional en FCBN. La informaci\u00f3n es poder, pero tambi\u00e9n conocimiento.\",\"url\":\"https:\\\/\\\/www.fcbarcelonanoticias.com\\\/en\\\/fc-barcelona\\\/andres-quiroz_17_115.html\"}]}<\/script>\n<!-- \/ Yoast SEO plugin. -->","yoast_head_json":{"title":"Nathan Ak\u00e9: possible 'dark horse' for Bar\u00e7a's defense in January","description":"Nathan Ak\u00e9 has lost his starting position at Manchester City. The Dutchman's contract ends in 2027 and Bar\u00e7a could negotiate a 'low cost' transfer","robots":{"index":"index","follow":"follow","max-snippet":"max-snippet:-1","max-image-preview":"max-image-preview:large","max-video-preview":"max-video-preview:-1"},"canonical":"https:\/\/www.fcbarcelonanoticias.com\/en\/transfers\/nathan-ake-possible-dark-horse-for-barcelona-defense-in-january_315625_102.html","og_locale":"en_US","og_type":"article","og_title":"Nathan Ak\u00e9: possible 'dark horse' for Bar\u00e7a's defense in January","og_description":"Nathan Ak\u00e9 has lost his starting position at Manchester City. The Dutchman's contract ends in 2027 and Bar\u00e7a could negotiate a 'low cost' transfer","og_url":"https:\/\/www.fcbarcelonanoticias.com\/en\/transfers\/nathan-ake-possible-dark-horse-for-barcelona-defense-in-january_315625_102.html","og_site_name":"EN - FC Barcelona Noticias","article_published_time":"2025-12-26T22:55:00+00:00","og_image":[{"width":1300,"height":720,"url":"https:\/\/www.fcbarcelonanoticias.com\/en\/wp-content\/uploads\/sites\/2\/2025\/12\/nathan-ake-manchester-city-25-26.jpeg","type":"image\/jpeg"}],"author":"Andr\u00e9s Quiroz","twitter_card":"summary_large_image","twitter_misc":{"Written by":"Andr\u00e9s Quiroz","Est. reading time":"3 minutes"},"schema":{"@context":"https:\/\/schema.org","@graph":[{"@type":"Article","@id":"https:\/\/www.fcbarcelonanoticias.com\/en\/transfers\/nathan-ake-possible-dark-horse-for-barcelona-defense-in-january_315625_102.html#article","isPartOf":{"@id":"https:\/\/www.fcbarcelonanoticias.com\/en\/transfers\/nathan-ake-possible-dark-horse-for-barcelona-defense-in-january_315625_102.html"},"author":{"name":"Andr\u00e9s Quiroz","@id":"https:\/\/www.fcbarcelonanoticias.com\/en\/#\/schema\/person\/c2cd9f6fa1af5c0d0eccd0fefa575c88"},"headline":"Nathan Ak\u00e9 enters the list of possible center-backs for Barcelona","datePublished":"2025-12-26T22:55:00+00:00","mainEntityOfPage":{"@id":"https:\/\/www.fcbarcelonanoticias.com\/en\/transfers\/nathan-ake-possible-dark-horse-for-barcelona-defense-in-january_315625_102.html"},"wordCount":581,"image":{"@id":"https:\/\/www.fcbarcelonanoticias.com\/en\/transfers\/nathan-ake-possible-dark-horse-for-barcelona-defense-in-january_315625_102.html#primaryimage"},"thumbnailUrl":"https:\/\/www.fcbarcelonanoticias.com\/en\/wp-content\/uploads\/sites\/2\/2025\/12\/nathan-ake-manchester-city-25-26.jpeg","keywords":["Manchester City","Pep Guardiola","Transfer Rumors"],"articleSection":["Transfers","Transfers"],"inLanguage":"en-US"},{"@type":"WebPage","@id":"https:\/\/www.fcbarcelonanoticias.com\/en\/transfers\/nathan-ake-possible-dark-horse-for-barcelona-defense-in-january_315625_102.html","url":"https:\/\/www.fcbarcelonanoticias.com\/en\/transfers\/nathan-ake-possible-dark-horse-for-barcelona-defense-in-january_315625_102.html","name":"Nathan Ak\u00e9: possible 'dark horse' for Bar\u00e7a's defense in January","isPartOf":{"@id":"https:\/\/www.fcbarcelonanoticias.com\/en\/#website"},"primaryImageOfPage":{"@id":"https:\/\/www.fcbarcelonanoticias.com\/en\/transfers\/nathan-ake-possible-dark-horse-for-barcelona-defense-in-january_315625_102.html#primaryimage"},"image":{"@id":"https:\/\/www.fcbarcelonanoticias.com\/en\/transfers\/nathan-ake-possible-dark-horse-for-barcelona-defense-in-january_315625_102.html#primaryimage"},"thumbnailUrl":"https:\/\/www.fcbarcelonanoticias.com\/en\/wp-content\/uploads\/sites\/2\/2025\/12\/nathan-ake-manchester-city-25-26.jpeg","datePublished":"2025-12-26T22:55:00+00:00","author":{"@id":"https:\/\/www.fcbarcelonanoticias.com\/en\/#\/schema\/person\/c2cd9f6fa1af5c0d0eccd0fefa575c88"},"description":"Nathan Ak\u00e9 has lost his starting position at Manchester City. The Dutchman's contract ends in 2027 and Bar\u00e7a could negotiate a 'low cost' transfer","breadcrumb":{"@id":"https:\/\/www.fcbarcelonanoticias.com\/en\/transfers\/nathan-ake-possible-dark-horse-for-barcelona-defense-in-january_315625_102.html#breadcrumb"},"inLanguage":"en-US","potentialAction":[{"@type":"ReadAction","target":["https:\/\/www.fcbarcelonanoticias.com\/en\/transfers\/nathan-ake-possible-dark-horse-for-barcelona-defense-in-january_315625_102.html"]}]},{"@type":"ImageObject","inLanguage":"en-US","@id":"https:\/\/www.fcbarcelonanoticias.com\/en\/transfers\/nathan-ake-possible-dark-horse-for-barcelona-defense-in-january_315625_102.html#primaryimage","url":"https:\/\/www.fcbarcelonanoticias.com\/en\/wp-content\/uploads\/sites\/2\/2025\/12\/nathan-ake-manchester-city-25-26.jpeg","contentUrl":"https:\/\/www.fcbarcelonanoticias.com\/en\/wp-content\/uploads\/sites\/2\/2025\/12\/nathan-ake-manchester-city-25-26.jpeg","width":1300,"height":720},{"@type":"BreadcrumbList","@id":"https:\/\/www.fcbarcelonanoticias.com\/en\/transfers\/nathan-ake-possible-dark-horse-for-barcelona-defense-in-january_315625_102.html#breadcrumb","itemListElement":[{"@type":"ListItem","position":1,"name":"Portada","item":"https:\/\/www.fcbarcelonanoticias.com\/en\/"},{"@type":"ListItem","position":2,"name":"Nathan Ak\u00e9 enters the list of possible center-backs for Barcelona"}]},{"@type":"WebSite","@id":"https:\/\/www.fcbarcelonanoticias.com\/en\/#website","url":"https:\/\/www.fcbarcelonanoticias.com\/en\/","name":"EN - FC Barcelona Noticias","description":"","potentialAction":[{"@type":"SearchAction","target":{"@type":"EntryPoint","urlTemplate":"https:\/\/www.fcbarcelonanoticias.com\/en\/?s={search_term_string}"},"query-input":{"@type":"PropertyValueSpecification","valueRequired":true,"valueName":"search_term_string"}}],"inLanguage":"en-US"},{"@type":"Person","@id":"https:\/\/www.fcbarcelonanoticias.com\/en\/#\/schema\/person\/c2cd9f6fa1af5c0d0eccd0fefa575c88","name":"Andr\u00e9s Quiroz","image":{"@type":"ImageObject","inLanguage":"en-US","@id":"https:\/\/secure.gravatar.com\/avatar\/?s=96&d=mm&r=g","url":"https:\/\/secure.gravatar.com\/avatar\/?s=96&d=mm&r=g","contentUrl":"https:\/\/secure.gravatar.com\/avatar\/?s=96&d=mm&r=g","caption":"Andr\u00e9s Quiroz"},"description":"Licenciado en Periodismo por la Universidad de los Andes. Me encargo de analizar y compartir los contenidos m\u00e1s destacados de la\u00a0actualidad del F\u00fatbol Club Barcelona, Mercado de Fichajes y F\u00fatbol Internacional en FCBN. La informaci\u00f3n es poder, pero tambi\u00e9n conocimiento.","url":"https:\/\/www.fcbarcelonanoticias.com\/en\/fc-barcelona\/andres-quiroz_17_115.html"}]}},"_links":{"self":[{"href":"https:\/\/www.fcbarcelonanoticias.com\/en\/wp-json\/wp\/v2\/posts\/92755","targetHints":{"allow":["GET"]}}],"collection":[{"href":"https:\/\/www.fcbarcelonanoticias.com\/en\/wp-json\/wp\/v2\/posts"}],"about":[{"href":"https:\/\/www.fcbarcelonanoticias.com\/en\/wp-json\/wp\/v2\/types\/post"}],"author":[{"embeddable":true,"href":"https:\/\/www.fcbarcelonanoticias.com\/en\/wp-json\/wp\/v2\/users\/347"}],"replies":[{"embeddable":true,"href":"https:\/\/www.fcbarcelonanoticias.com\/en\/wp-json\/wp\/v2\/comments?post=92755"}],"version-history":[{"count":1,"href":"https:\/\/www.fcbarcelonanoticias.com\/en\/wp-json\/wp\/v2\/posts\/92755\/revisions"}],"predecessor-version":[{"id":130752,"href":"https:\/\/www.fcbarcelonanoticias.com\/en\/wp-json\/wp\/v2\/posts\/92755\/revisions\/130752"}],"wp:featuredmedia":[{"embeddable":true,"href":"https:\/\/www.fcbarcelonanoticias.com\/en\/wp-json\/wp\/v2\/media\/92774"}],"wp:attachment":[{"href":"https:\/\/www.fcbarcelonanoticias.com\/en\/wp-json\/wp\/v2\/media?parent=92755"}],"wp:term":[{"taxonomy":"category","embeddable":true,"href":"https:\/\/www.fcbarcelonanoticias.com\/en\/wp-json\/wp\/v2\/categories?post=92755"},{"taxonomy":"post_tag","embeddable":true,"href":"https:\/\/www.fcbarcelonanoticias.com\/en\/wp-json\/wp\/v2\/tags?post=92755"}],"curies":[{"name":"wp","href":"https:\/\/api.w.org\/{rel}","templated":true}]}}