{"id":92772,"date":"2016-08-21T17:06:00","date_gmt":"2016-08-21T15:06:00","guid":{"rendered":"https:\/\/weisetech.dev\/fc-barcelona-noticias\/en\/last-intentona-of-the-barca-for-fichar-to-paco-alcacer_187372_102\/"},"modified":"2026-04-16T09:41:03","modified_gmt":"2026-04-16T07:41:03","slug":"last-intentona-of-the-barca-for-fichar-to-paco-alcacer_187372_102","status":"publish","type":"post","link":"https:\/\/www.fcbarcelonanoticias.com\/en\/transfers\/last-intentona-of-the-barca-for-fichar-to-paco-alcacer_187372_102.html","title":{"rendered":"Last intentona of the Bar\u00e7a for fichar to Paco Alc\u00e1cer"},"content":{"rendered":"<h2 class=\"wp-block-heading\">The FC Barcelona still does not have descartado the signing of Paco Alc\u00e1cer, and could take advantage of the &#8220;internal war&#8221; that lives  in Valencia CF to do  with the signing of the leading youngster Spanish like new offensive reinforcement<\/h2>  \r\n<div class=\"article-addons\">\r\n    <a href=\"https:\/\/www.fcbarcelonanoticias.com\/en\/calendar-fc-barcelona.html\"\r\n       target=\"_self\"\r\n       title=\"Calendar of FC Barcelona\"\r\n       class=\"blue-gredient-btn\">\r\n       \r\n        Calendar of FC Barcelona    <\/a>\r\n<\/div>   <p>Valencia CF of Peter Lim is the house of the l\u00edos. <strong>The group ch\u00e9 would be &#8220;forced&#8221; to traspasar<\/strong> to some that another player contrasted to balance the economic balance, but so much the technical director <strong>Suso Garc\u00eda Pitarch<\/strong> like the president of the club, <strong>Lay Hoon<\/strong>,  oponen for the moment to traspasar to <strong>Paco Alc\u00e1cer<\/strong>, that would have a firm offer of the FC Barcelona.<\/p> <p><a href=\"https:\/\/www.fcbarcelonanoticias.com\/fichajes\/revelan-la-oferta-del-fc-barcelona-al-valencia-por-alcacer_187230_102.html\"><strong>The player would be had to give the jump to the Camp Nou<\/strong><\/a> in spite of seeing the majority of parties from the bench -at least of start-, to the time that the FC Barcelona would offer, as it ensures &#8220;MD&#8221;, 30 million euros more the cession of Munir The Haddadi or Sergi Samper, two players that need more minutes to finish to develop all his potentialities.<\/p> <p>If Valencia CF no traspasa to some player stood out will not be able to balance the Fair Play Financial of the UEFA and, therefore<strong>, will not be able to fichar to any another player before 31 August<\/strong> neither neither inscribe to which already has fichado, what would be an absolute failure only comparable to the of the Real Madrid with the faxes of Of Gea the past summer.<\/p> <p>Valencia, in this sense, would be increasingly tempted, in spite of the initial refusals, to traspasar to Paco Alc\u00e1cer, <strong>still supposing that the movement would unchain a big quantity of criticisms<\/strong> by part of the fans valencianista, that does not wish by no means see leave to his big idol.<\/p> <p><strong>Lucas P\u00e9rez, Jaime Baez, Carlos Bacca and Alexandre Lacazette<\/strong> are some players that would have sounded to relieve to Alc\u00e1cer, that if finally it finish putting course to the FC Barcelona could unchain the course of <a href=\"https:\/\/www.fcbarcelonanoticias.com\/tags\/munir-el-haddadi.html\"><strong>Munir<\/strong><\/a>. If this no sucediera, Munir will remain  in the first team and will follow enjoying of opportunities, as up to now. There is full confidence in the canterano.<\/p> ","protected":false},"excerpt":{"rendered":"<p>The FC Barcelona still does not have descartado the signing of Paco Alc\u00e1cer, and could take advantage of the &#8220;internal war&#8221; that lives in Valencia CF to do with the signing of the leading youngster Spanish like new offensive reinforcement Valencia CF of Peter Lim is the house of the l\u00edos. The group ch\u00e9 would [&hellip;]<\/p>\n","protected":false},"author":366,"featured_media":92783,"comment_status":"closed","ping_status":"open","sticky":false,"template":"","format":"standard","meta":{"_acf_changed":false,"inline_featured_image":false,"_nextfly_llmd_date_locked":false,"footnotes":""},"categories":[449,106],"tags":[350,80],"class_list":["post-92772","post","type-post","status-publish","format-standard","has-post-thumbnail","hentry","category-transfers-2","category-transfers","tag-munir-the-haddadi","tag-valencia-cf"],"acf":[],"yoast_head":"<!-- This site is optimized with the Yoast SEO plugin v27.3 - https:\/\/yoast.com\/product\/yoast-seo-wordpress\/ -->\n<title>Last intentona of the Bar\u00e7a for fichar to Paco Alc\u00e1cer<\/title>\n<meta name=\"description\" content=\"The FC Barcelona still does not have descartado the signing of Paco Alc\u00e1cer, and could take advantage of the &quot;internal war&quot; that lives in Valencia CF stops...\" \/>\n<meta name=\"robots\" content=\"index, follow, max-snippet:-1, max-image-preview:large, max-video-preview:-1\" \/>\n<link rel=\"canonical\" href=\"https:\/\/www.fcbarcelonanoticias.com\/en\/transfers\/last-intentona-of-the-barca-for-fichar-to-paco-alcacer_187372_102.html\" \/>\n<meta property=\"og:locale\" content=\"en_US\" \/>\n<meta property=\"og:type\" content=\"article\" \/>\n<meta property=\"og:title\" content=\"Last intentona of the Bar\u00e7a for fichar to Paco Alc\u00e1cer\" \/>\n<meta property=\"og:description\" content=\"The FC Barcelona still does not have descartado the signing of Paco Alc\u00e1cer, and could take advantage of the &quot;internal war&quot; that lives in Valencia CF stops...\" \/>\n<meta property=\"og:url\" content=\"https:\/\/www.fcbarcelonanoticias.com\/en\/transfers\/last-intentona-of-the-barca-for-fichar-to-paco-alcacer_187372_102.html\" \/>\n<meta property=\"og:site_name\" content=\"EN - FC Barcelona Noticias\" \/>\n<meta property=\"article:published_time\" content=\"2016-08-21T15:06:00+00:00\" \/>\n<meta property=\"article:modified_time\" content=\"2026-04-16T07:41:03+00:00\" \/>\n<meta property=\"og:image\" content=\"https:\/\/www.fcbarcelonanoticias.com\/en\/wp-content\/uploads\/sites\/2\/2016\/08\/paco-alcacer-192015-1.png\" \/>\n\t<meta property=\"og:image:width\" content=\"1197\" \/>\n\t<meta property=\"og:image:height\" content=\"673\" \/>\n\t<meta property=\"og:image:type\" content=\"image\/png\" \/>\n<meta name=\"author\" content=\"Carlos Dom\u00ednguez\" \/>\n<meta name=\"twitter:card\" content=\"summary_large_image\" \/>\n<meta name=\"twitter:label1\" content=\"Written by\" \/>\n\t<meta name=\"twitter:data1\" content=\"Carlos Dom\u00ednguez\" \/>\n\t<meta name=\"twitter:label2\" content=\"Est. reading time\" \/>\n\t<meta name=\"twitter:data2\" content=\"2 minutes\" \/>\n<script type=\"application\/ld+json\" class=\"yoast-schema-graph\">{\"@context\":\"https:\\\/\\\/schema.org\",\"@graph\":[{\"@type\":\"Article\",\"@id\":\"https:\\\/\\\/www.fcbarcelonanoticias.com\\\/en\\\/transfers\\\/last-intentona-of-the-barca-for-fichar-to-paco-alcacer_187372_102.html#article\",\"isPartOf\":{\"@id\":\"https:\\\/\\\/www.fcbarcelonanoticias.com\\\/en\\\/transfers\\\/last-intentona-of-the-barca-for-fichar-to-paco-alcacer_187372_102.html\"},\"author\":{\"name\":\"Carlos Dom\u00ednguez\",\"@id\":\"https:\\\/\\\/www.fcbarcelonanoticias.com\\\/en\\\/#\\\/schema\\\/person\\\/888e29b17b79c70d1c617d8a7bc9b8c6\"},\"headline\":\"Last intentona of the Bar\u00e7a for fichar to Paco Alc\u00e1cer\",\"datePublished\":\"2016-08-21T15:06:00+00:00\",\"dateModified\":\"2026-04-16T07:41:03+00:00\",\"mainEntityOfPage\":{\"@id\":\"https:\\\/\\\/www.fcbarcelonanoticias.com\\\/en\\\/transfers\\\/last-intentona-of-the-barca-for-fichar-to-paco-alcacer_187372_102.html\"},\"wordCount\":374,\"image\":{\"@id\":\"https:\\\/\\\/www.fcbarcelonanoticias.com\\\/en\\\/transfers\\\/last-intentona-of-the-barca-for-fichar-to-paco-alcacer_187372_102.html#primaryimage\"},\"thumbnailUrl\":\"https:\\\/\\\/www.fcbarcelonanoticias.com\\\/en\\\/wp-content\\\/uploads\\\/sites\\\/2\\\/2016\\\/08\\\/paco-alcacer-192015-1.png\",\"keywords\":[\"Munir The Haddadi\",\"Valencia CF\"],\"articleSection\":[\"Transfers\",\"Transfers\"],\"inLanguage\":\"en-US\"},{\"@type\":\"WebPage\",\"@id\":\"https:\\\/\\\/www.fcbarcelonanoticias.com\\\/en\\\/transfers\\\/last-intentona-of-the-barca-for-fichar-to-paco-alcacer_187372_102.html\",\"url\":\"https:\\\/\\\/www.fcbarcelonanoticias.com\\\/en\\\/transfers\\\/last-intentona-of-the-barca-for-fichar-to-paco-alcacer_187372_102.html\",\"name\":\"Last intentona of the Bar\u00e7a for fichar to Paco Alc\u00e1cer\",\"isPartOf\":{\"@id\":\"https:\\\/\\\/www.fcbarcelonanoticias.com\\\/en\\\/#website\"},\"primaryImageOfPage\":{\"@id\":\"https:\\\/\\\/www.fcbarcelonanoticias.com\\\/en\\\/transfers\\\/last-intentona-of-the-barca-for-fichar-to-paco-alcacer_187372_102.html#primaryimage\"},\"image\":{\"@id\":\"https:\\\/\\\/www.fcbarcelonanoticias.com\\\/en\\\/transfers\\\/last-intentona-of-the-barca-for-fichar-to-paco-alcacer_187372_102.html#primaryimage\"},\"thumbnailUrl\":\"https:\\\/\\\/www.fcbarcelonanoticias.com\\\/en\\\/wp-content\\\/uploads\\\/sites\\\/2\\\/2016\\\/08\\\/paco-alcacer-192015-1.png\",\"datePublished\":\"2016-08-21T15:06:00+00:00\",\"dateModified\":\"2026-04-16T07:41:03+00:00\",\"author\":{\"@id\":\"https:\\\/\\\/www.fcbarcelonanoticias.com\\\/en\\\/#\\\/schema\\\/person\\\/888e29b17b79c70d1c617d8a7bc9b8c6\"},\"description\":\"The FC Barcelona still does not have descartado the signing of Paco Alc\u00e1cer, and could take advantage of the \\\"internal war\\\" that lives in Valencia CF stops...\",\"breadcrumb\":{\"@id\":\"https:\\\/\\\/www.fcbarcelonanoticias.com\\\/en\\\/transfers\\\/last-intentona-of-the-barca-for-fichar-to-paco-alcacer_187372_102.html#breadcrumb\"},\"inLanguage\":\"en-US\",\"potentialAction\":[{\"@type\":\"ReadAction\",\"target\":[\"https:\\\/\\\/www.fcbarcelonanoticias.com\\\/en\\\/transfers\\\/last-intentona-of-the-barca-for-fichar-to-paco-alcacer_187372_102.html\"]}]},{\"@type\":\"ImageObject\",\"inLanguage\":\"en-US\",\"@id\":\"https:\\\/\\\/www.fcbarcelonanoticias.com\\\/en\\\/transfers\\\/last-intentona-of-the-barca-for-fichar-to-paco-alcacer_187372_102.html#primaryimage\",\"url\":\"https:\\\/\\\/www.fcbarcelonanoticias.com\\\/en\\\/wp-content\\\/uploads\\\/sites\\\/2\\\/2016\\\/08\\\/paco-alcacer-192015-1.png\",\"contentUrl\":\"https:\\\/\\\/www.fcbarcelonanoticias.com\\\/en\\\/wp-content\\\/uploads\\\/sites\\\/2\\\/2016\\\/08\\\/paco-alcacer-192015-1.png\",\"width\":1197,\"height\":673},{\"@type\":\"BreadcrumbList\",\"@id\":\"https:\\\/\\\/www.fcbarcelonanoticias.com\\\/en\\\/transfers\\\/last-intentona-of-the-barca-for-fichar-to-paco-alcacer_187372_102.html#breadcrumb\",\"itemListElement\":[{\"@type\":\"ListItem\",\"position\":1,\"name\":\"Portada\",\"item\":\"https:\\\/\\\/www.fcbarcelonanoticias.com\\\/en\\\/\"},{\"@type\":\"ListItem\",\"position\":2,\"name\":\"Last intentona of the Bar\u00e7a for fichar to Paco Alc\u00e1cer\"}]},{\"@type\":\"WebSite\",\"@id\":\"https:\\\/\\\/www.fcbarcelonanoticias.com\\\/en\\\/#website\",\"url\":\"https:\\\/\\\/www.fcbarcelonanoticias.com\\\/en\\\/\",\"name\":\"EN - FC Barcelona Noticias\",\"description\":\"\",\"potentialAction\":[{\"@type\":\"SearchAction\",\"target\":{\"@type\":\"EntryPoint\",\"urlTemplate\":\"https:\\\/\\\/www.fcbarcelonanoticias.com\\\/en\\\/?s={search_term_string}\"},\"query-input\":{\"@type\":\"PropertyValueSpecification\",\"valueRequired\":true,\"valueName\":\"search_term_string\"}}],\"inLanguage\":\"en-US\"},{\"@type\":\"Person\",\"@id\":\"https:\\\/\\\/www.fcbarcelonanoticias.com\\\/en\\\/#\\\/schema\\\/person\\\/888e29b17b79c70d1c617d8a7bc9b8c6\",\"name\":\"Carlos Dom\u00ednguez\",\"image\":{\"@type\":\"ImageObject\",\"inLanguage\":\"en-US\",\"@id\":\"https:\\\/\\\/secure.gravatar.com\\\/avatar\\\/?s=96&d=mm&r=g\",\"url\":\"https:\\\/\\\/secure.gravatar.com\\\/avatar\\\/?s=96&d=mm&r=g\",\"contentUrl\":\"https:\\\/\\\/secure.gravatar.com\\\/avatar\\\/?s=96&d=mm&r=g\",\"caption\":\"Carlos Dom\u00ednguez\"},\"url\":\"https:\\\/\\\/www.fcbarcelonanoticias.com\\\/en\\\/carlos-dominguez_2_115.html\"}]}<\/script>\n<!-- \/ Yoast SEO plugin. -->","yoast_head_json":{"title":"Last intentona of the Bar\u00e7a for fichar to Paco Alc\u00e1cer","description":"The FC Barcelona still does not have descartado the signing of Paco Alc\u00e1cer, and could take advantage of the \"internal war\" that lives in Valencia CF stops...","robots":{"index":"index","follow":"follow","max-snippet":"max-snippet:-1","max-image-preview":"max-image-preview:large","max-video-preview":"max-video-preview:-1"},"canonical":"https:\/\/www.fcbarcelonanoticias.com\/en\/transfers\/last-intentona-of-the-barca-for-fichar-to-paco-alcacer_187372_102.html","og_locale":"en_US","og_type":"article","og_title":"Last intentona of the Bar\u00e7a for fichar to Paco Alc\u00e1cer","og_description":"The FC Barcelona still does not have descartado the signing of Paco Alc\u00e1cer, and could take advantage of the \"internal war\" that lives in Valencia CF stops...","og_url":"https:\/\/www.fcbarcelonanoticias.com\/en\/transfers\/last-intentona-of-the-barca-for-fichar-to-paco-alcacer_187372_102.html","og_site_name":"EN - FC Barcelona Noticias","article_published_time":"2016-08-21T15:06:00+00:00","article_modified_time":"2026-04-16T07:41:03+00:00","og_image":[{"width":1197,"height":673,"url":"https:\/\/www.fcbarcelonanoticias.com\/en\/wp-content\/uploads\/sites\/2\/2016\/08\/paco-alcacer-192015-1.png","type":"image\/png"}],"author":"Carlos Dom\u00ednguez","twitter_card":"summary_large_image","twitter_misc":{"Written by":"Carlos Dom\u00ednguez","Est. reading time":"2 minutes"},"schema":{"@context":"https:\/\/schema.org","@graph":[{"@type":"Article","@id":"https:\/\/www.fcbarcelonanoticias.com\/en\/transfers\/last-intentona-of-the-barca-for-fichar-to-paco-alcacer_187372_102.html#article","isPartOf":{"@id":"https:\/\/www.fcbarcelonanoticias.com\/en\/transfers\/last-intentona-of-the-barca-for-fichar-to-paco-alcacer_187372_102.html"},"author":{"name":"Carlos Dom\u00ednguez","@id":"https:\/\/www.fcbarcelonanoticias.com\/en\/#\/schema\/person\/888e29b17b79c70d1c617d8a7bc9b8c6"},"headline":"Last intentona of the Bar\u00e7a for fichar to Paco Alc\u00e1cer","datePublished":"2016-08-21T15:06:00+00:00","dateModified":"2026-04-16T07:41:03+00:00","mainEntityOfPage":{"@id":"https:\/\/www.fcbarcelonanoticias.com\/en\/transfers\/last-intentona-of-the-barca-for-fichar-to-paco-alcacer_187372_102.html"},"wordCount":374,"image":{"@id":"https:\/\/www.fcbarcelonanoticias.com\/en\/transfers\/last-intentona-of-the-barca-for-fichar-to-paco-alcacer_187372_102.html#primaryimage"},"thumbnailUrl":"https:\/\/www.fcbarcelonanoticias.com\/en\/wp-content\/uploads\/sites\/2\/2016\/08\/paco-alcacer-192015-1.png","keywords":["Munir The Haddadi","Valencia CF"],"articleSection":["Transfers","Transfers"],"inLanguage":"en-US"},{"@type":"WebPage","@id":"https:\/\/www.fcbarcelonanoticias.com\/en\/transfers\/last-intentona-of-the-barca-for-fichar-to-paco-alcacer_187372_102.html","url":"https:\/\/www.fcbarcelonanoticias.com\/en\/transfers\/last-intentona-of-the-barca-for-fichar-to-paco-alcacer_187372_102.html","name":"Last intentona of the Bar\u00e7a for fichar to Paco Alc\u00e1cer","isPartOf":{"@id":"https:\/\/www.fcbarcelonanoticias.com\/en\/#website"},"primaryImageOfPage":{"@id":"https:\/\/www.fcbarcelonanoticias.com\/en\/transfers\/last-intentona-of-the-barca-for-fichar-to-paco-alcacer_187372_102.html#primaryimage"},"image":{"@id":"https:\/\/www.fcbarcelonanoticias.com\/en\/transfers\/last-intentona-of-the-barca-for-fichar-to-paco-alcacer_187372_102.html#primaryimage"},"thumbnailUrl":"https:\/\/www.fcbarcelonanoticias.com\/en\/wp-content\/uploads\/sites\/2\/2016\/08\/paco-alcacer-192015-1.png","datePublished":"2016-08-21T15:06:00+00:00","dateModified":"2026-04-16T07:41:03+00:00","author":{"@id":"https:\/\/www.fcbarcelonanoticias.com\/en\/#\/schema\/person\/888e29b17b79c70d1c617d8a7bc9b8c6"},"description":"The FC Barcelona still does not have descartado the signing of Paco Alc\u00e1cer, and could take advantage of the \"internal war\" that lives in Valencia CF stops...","breadcrumb":{"@id":"https:\/\/www.fcbarcelonanoticias.com\/en\/transfers\/last-intentona-of-the-barca-for-fichar-to-paco-alcacer_187372_102.html#breadcrumb"},"inLanguage":"en-US","potentialAction":[{"@type":"ReadAction","target":["https:\/\/www.fcbarcelonanoticias.com\/en\/transfers\/last-intentona-of-the-barca-for-fichar-to-paco-alcacer_187372_102.html"]}]},{"@type":"ImageObject","inLanguage":"en-US","@id":"https:\/\/www.fcbarcelonanoticias.com\/en\/transfers\/last-intentona-of-the-barca-for-fichar-to-paco-alcacer_187372_102.html#primaryimage","url":"https:\/\/www.fcbarcelonanoticias.com\/en\/wp-content\/uploads\/sites\/2\/2016\/08\/paco-alcacer-192015-1.png","contentUrl":"https:\/\/www.fcbarcelonanoticias.com\/en\/wp-content\/uploads\/sites\/2\/2016\/08\/paco-alcacer-192015-1.png","width":1197,"height":673},{"@type":"BreadcrumbList","@id":"https:\/\/www.fcbarcelonanoticias.com\/en\/transfers\/last-intentona-of-the-barca-for-fichar-to-paco-alcacer_187372_102.html#breadcrumb","itemListElement":[{"@type":"ListItem","position":1,"name":"Portada","item":"https:\/\/www.fcbarcelonanoticias.com\/en\/"},{"@type":"ListItem","position":2,"name":"Last intentona of the Bar\u00e7a for fichar to Paco Alc\u00e1cer"}]},{"@type":"WebSite","@id":"https:\/\/www.fcbarcelonanoticias.com\/en\/#website","url":"https:\/\/www.fcbarcelonanoticias.com\/en\/","name":"EN - FC Barcelona Noticias","description":"","potentialAction":[{"@type":"SearchAction","target":{"@type":"EntryPoint","urlTemplate":"https:\/\/www.fcbarcelonanoticias.com\/en\/?s={search_term_string}"},"query-input":{"@type":"PropertyValueSpecification","valueRequired":true,"valueName":"search_term_string"}}],"inLanguage":"en-US"},{"@type":"Person","@id":"https:\/\/www.fcbarcelonanoticias.com\/en\/#\/schema\/person\/888e29b17b79c70d1c617d8a7bc9b8c6","name":"Carlos Dom\u00ednguez","image":{"@type":"ImageObject","inLanguage":"en-US","@id":"https:\/\/secure.gravatar.com\/avatar\/?s=96&d=mm&r=g","url":"https:\/\/secure.gravatar.com\/avatar\/?s=96&d=mm&r=g","contentUrl":"https:\/\/secure.gravatar.com\/avatar\/?s=96&d=mm&r=g","caption":"Carlos Dom\u00ednguez"},"url":"https:\/\/www.fcbarcelonanoticias.com\/en\/carlos-dominguez_2_115.html"}]}},"_links":{"self":[{"href":"https:\/\/www.fcbarcelonanoticias.com\/en\/wp-json\/wp\/v2\/posts\/92772","targetHints":{"allow":["GET"]}}],"collection":[{"href":"https:\/\/www.fcbarcelonanoticias.com\/en\/wp-json\/wp\/v2\/posts"}],"about":[{"href":"https:\/\/www.fcbarcelonanoticias.com\/en\/wp-json\/wp\/v2\/types\/post"}],"author":[{"embeddable":true,"href":"https:\/\/www.fcbarcelonanoticias.com\/en\/wp-json\/wp\/v2\/users\/366"}],"replies":[{"embeddable":true,"href":"https:\/\/www.fcbarcelonanoticias.com\/en\/wp-json\/wp\/v2\/comments?post=92772"}],"version-history":[{"count":3,"href":"https:\/\/www.fcbarcelonanoticias.com\/en\/wp-json\/wp\/v2\/posts\/92772\/revisions"}],"predecessor-version":[{"id":178460,"href":"https:\/\/www.fcbarcelonanoticias.com\/en\/wp-json\/wp\/v2\/posts\/92772\/revisions\/178460"}],"wp:featuredmedia":[{"embeddable":true,"href":"https:\/\/www.fcbarcelonanoticias.com\/en\/wp-json\/wp\/v2\/media\/92783"}],"wp:attachment":[{"href":"https:\/\/www.fcbarcelonanoticias.com\/en\/wp-json\/wp\/v2\/media?parent=92772"}],"wp:term":[{"taxonomy":"category","embeddable":true,"href":"https:\/\/www.fcbarcelonanoticias.com\/en\/wp-json\/wp\/v2\/categories?post=92772"},{"taxonomy":"post_tag","embeddable":true,"href":"https:\/\/www.fcbarcelonanoticias.com\/en\/wp-json\/wp\/v2\/tags?post=92772"}],"curies":[{"name":"wp","href":"https:\/\/api.w.org\/{rel}","templated":true}]}}