{"id":92812,"date":"2023-01-31T12:19:00","date_gmt":"2023-01-31T11:19:00","guid":{"rendered":"https:\/\/weisetech.dev\/fc-barcelona-noticias\/en\/hector-bellerin-step-away-sporting-lisbon_289156_102\/"},"modified":"2023-01-31T12:32:00","modified_gmt":"2023-01-31T11:32:00","slug":"hector-bellerin-step-away-sporting-lisbon_289156_102","status":"publish","type":"post","link":"https:\/\/www.fcbarcelonanoticias.com\/en\/transfers\/hector-bellerin-step-away-sporting-lisbon_289156_102.html","title":{"rendered":"H\u00e9ctor Beller\u00edn, one step away from Sporting Lisbon"},"content":{"rendered":"<h2 class=\"wp-block-heading\">The future of H\u00e9ctor Beller\u00edn is far from Bar\u00e7a and everything indicates that he will be a new Sporting Lisbon player in the next few hours in exchange for a symbolic figure<\/h2>  \r\n<div class=\"article-addons\">\r\n    <a href=\"https:\/\/www.fcbarcelonanoticias.com\/en\/calendar-fc-barcelona.html\"\r\n       target=\"_self\"\r\n       title=\"Calendar of FC Barcelona\"\r\n       class=\"blue-gredient-btn\">\r\n       \r\n        Calendar of FC Barcelona    <\/a>\r\n<\/div>   <p>To fault of an official communiqu\u00e9, <strong>all the indications aim to <a data-external=\"0\" data-intl-links-en=\"https:\/\/www.fcbarcelonanoticias.com\/en\/tags\/hector-bellerin\" data-intl-links-es=\"https:\/\/www.fcbarcelonanoticias.com\/tags\/hector-bellerin\" href=\"https:\/\/www.fcbarcelonanoticias.com\/en\/tags\/hector-bellerin.html\" rel=\"follow\" target=\"_self\" title=\"H\u00e9ctor Beller\u00edn\">that H\u00e9ctor Beller\u00edn<\/a> will leave to be player of the FC Barcelona before the closing of the market of winter.<\/strong> The canterano will join to the discipline of the <a data-external=\"0\" data-intl-links-en=\"https:\/\/www.fcbarcelonanoticias.com\/en\/tags\/sporting-portugal\" data-intl-links-es=\"https:\/\/www.fcbarcelonanoticias.com\/tags\/sporting-portugal\" href=\"https:\/\/www.fcbarcelonanoticias.com\/en\/tags\/sporting-portugal.html\" rel=\"follow\" target=\"_self\" title=\"Sporting Portugal\">Sporting of Lisbon<\/a> after alone six months in the club in replacement of Pedro Porro, the one who split with direction to the Tottenham Hotspur and left opened a vacancy.<\/p>  <p>To his 27 years, <strong>landed in the Spotify Camp Nou to cost zero after terminating his agreement with the Arsenal of Mikel Arteta during the past summer, <\/strong>what positioned him in the staff like the only right side natural. However,<strong> his minutes were extremely scarce<\/strong> due to the fact that Xavi Hern\u00e1ndez considered that so much Jules Kound\u00e9 like Ronald Ara\u00fajo and Sergi Roberto were options solider for the band.<\/p>  <p>This left him in the ostracism during the first-half of the season, <strong>contesting 141&#8242; minutes in League and 494&#8242; between all the competitions.<\/strong> In fact, his movement would be question of hours since <strong>it has not formed part of the last train of the Bar\u00e7a<\/strong> of face to the commitment suspender belt of this Wednesday in front of the Betis in Benito Villamar\u00edn, by what will be making the medical review of the Sporting in hours of the afternoon.<\/p>  <h3>Symbolic figure<\/h3>  <p>As it aims the newspaper &#8216;SPORT&#8217;, <strong>the arks of the club will be benefited by a mount near to the million of euros between fixed and variables of performance once have signed his exit.<\/strong> It is important to remember that the Spanish arrived free after failing the signing of C\u00e9sar Azpilicueta, what keeps the right side like one of the pending duties to attend by the Managerial Board.<\/p>  <p>Like this the things, the cul\u00e9s will free a new dorsal and <strong>will expand a bit more his Fair Play financial to add at least a new incorporation during the last hours of the market.<\/strong> Benjamin Pavard, Juli\u00e1n Araujo and Wesley are the candidates to occupy the vacancy of Beller\u00edn, although any of them has at all ensured still. Everything is to the expectation.<\/p> ","protected":false},"excerpt":{"rendered":"<p>The future of H\u00e9ctor Beller\u00edn is far from Bar\u00e7a and everything indicates that he will be a new Sporting Lisbon player in the next few hours in exchange for a symbolic figure To fault of an official communiqu\u00e9, all the indications aim to that H\u00e9ctor Beller\u00edn will leave to be player of the FC Barcelona [&hellip;]<\/p>\n","protected":false},"author":0,"featured_media":92826,"comment_status":"closed","ping_status":"open","sticky":false,"template":"","format":"standard","meta":{"_acf_changed":false,"inline_featured_image":false,"_nextfly_llmd_date_locked":false,"footnotes":""},"categories":[106,449],"tags":[253,215],"class_list":["post-92812","post","type-post","status-publish","format-standard","has-post-thumbnail","hentry","category-transfers","category-transfers-2","tag-hector-bellerin","tag-sporting-portugal"],"acf":[],"yoast_head":"<!-- This site is optimized with the Yoast SEO plugin v27.3 - https:\/\/yoast.com\/product\/yoast-seo-wordpress\/ -->\n<title>H\u00e9ctor Beller\u00edn, one step away from Sporting Lisbon<\/title>\n<meta name=\"description\" content=\"The future of H\u00e9ctor Beller\u00edn is far from Bar\u00e7a and everything indicates that he will be a new Sporting Lisbon player in the next few hours in exchange for a symbolic figure\" \/>\n<meta name=\"robots\" content=\"index, follow, max-snippet:-1, max-image-preview:large, max-video-preview:-1\" \/>\n<link rel=\"canonical\" href=\"https:\/\/www.fcbarcelonanoticias.com\/en\/transfers\/hector-bellerin-step-away-sporting-lisbon_289156_102.html\" \/>\n<meta property=\"og:locale\" content=\"en_US\" \/>\n<meta property=\"og:type\" content=\"article\" \/>\n<meta property=\"og:title\" content=\"H\u00e9ctor Beller\u00edn, one step away from Sporting Lisbon\" \/>\n<meta property=\"og:description\" content=\"The future of H\u00e9ctor Beller\u00edn is far from Bar\u00e7a and everything indicates that he will be a new Sporting Lisbon player in the next few hours in exchange for a symbolic figure\" \/>\n<meta property=\"og:url\" content=\"https:\/\/www.fcbarcelonanoticias.com\/en\/transfers\/hector-bellerin-step-away-sporting-lisbon_289156_102.html\" \/>\n<meta property=\"og:site_name\" content=\"EN - FC Barcelona Noticias\" \/>\n<meta property=\"article:published_time\" content=\"2023-01-31T11:19:00+00:00\" \/>\n<meta property=\"article:modified_time\" content=\"2023-01-31T11:32:00+00:00\" \/>\n<meta property=\"og:image\" content=\"https:\/\/www.fcbarcelonanoticias.com\/en\/wp-content\/uploads\/sites\/2\/2023\/01\/hector-bellerin-fcbarcelona2.jpeg\" \/>\n\t<meta property=\"og:image:width\" content=\"1300\" \/>\n\t<meta property=\"og:image:height\" content=\"736\" \/>\n\t<meta property=\"og:image:type\" content=\"image\/jpeg\" \/>\n<meta name=\"twitter:card\" content=\"summary_large_image\" \/>\n<meta name=\"twitter:label1\" content=\"Est. reading time\" \/>\n\t<meta name=\"twitter:data1\" content=\"2 minutes\" \/>\n<script type=\"application\/ld+json\" class=\"yoast-schema-graph\">{\"@context\":\"https:\\\/\\\/schema.org\",\"@graph\":[{\"@type\":\"Article\",\"@id\":\"https:\\\/\\\/www.fcbarcelonanoticias.com\\\/en\\\/transfers\\\/hector-bellerin-step-away-sporting-lisbon_289156_102.html#article\",\"isPartOf\":{\"@id\":\"https:\\\/\\\/www.fcbarcelonanoticias.com\\\/en\\\/transfers\\\/hector-bellerin-step-away-sporting-lisbon_289156_102.html\"},\"author\":{\"name\":\"\",\"@id\":\"\"},\"headline\":\"H\u00e9ctor Beller\u00edn, one step away from Sporting Lisbon\",\"datePublished\":\"2023-01-31T11:19:00+00:00\",\"dateModified\":\"2023-01-31T11:32:00+00:00\",\"mainEntityOfPage\":{\"@id\":\"https:\\\/\\\/www.fcbarcelonanoticias.com\\\/en\\\/transfers\\\/hector-bellerin-step-away-sporting-lisbon_289156_102.html\"},\"wordCount\":405,\"image\":{\"@id\":\"https:\\\/\\\/www.fcbarcelonanoticias.com\\\/en\\\/transfers\\\/hector-bellerin-step-away-sporting-lisbon_289156_102.html#primaryimage\"},\"thumbnailUrl\":\"https:\\\/\\\/www.fcbarcelonanoticias.com\\\/en\\\/wp-content\\\/uploads\\\/sites\\\/2\\\/2023\\\/01\\\/hector-bellerin-fcbarcelona2.jpeg\",\"keywords\":[\"H\u00e9ctor Beller\u00edn\",\"Sporting Portugal\"],\"articleSection\":[\"Transfers\",\"Transfers\"],\"inLanguage\":\"en-US\"},{\"@type\":\"WebPage\",\"@id\":\"https:\\\/\\\/www.fcbarcelonanoticias.com\\\/en\\\/transfers\\\/hector-bellerin-step-away-sporting-lisbon_289156_102.html\",\"url\":\"https:\\\/\\\/www.fcbarcelonanoticias.com\\\/en\\\/transfers\\\/hector-bellerin-step-away-sporting-lisbon_289156_102.html\",\"name\":\"H\u00e9ctor Beller\u00edn, one step away from Sporting Lisbon\",\"isPartOf\":{\"@id\":\"https:\\\/\\\/www.fcbarcelonanoticias.com\\\/en\\\/#website\"},\"primaryImageOfPage\":{\"@id\":\"https:\\\/\\\/www.fcbarcelonanoticias.com\\\/en\\\/transfers\\\/hector-bellerin-step-away-sporting-lisbon_289156_102.html#primaryimage\"},\"image\":{\"@id\":\"https:\\\/\\\/www.fcbarcelonanoticias.com\\\/en\\\/transfers\\\/hector-bellerin-step-away-sporting-lisbon_289156_102.html#primaryimage\"},\"thumbnailUrl\":\"https:\\\/\\\/www.fcbarcelonanoticias.com\\\/en\\\/wp-content\\\/uploads\\\/sites\\\/2\\\/2023\\\/01\\\/hector-bellerin-fcbarcelona2.jpeg\",\"datePublished\":\"2023-01-31T11:19:00+00:00\",\"dateModified\":\"2023-01-31T11:32:00+00:00\",\"author\":{\"@id\":\"\"},\"description\":\"The future of H\u00e9ctor Beller\u00edn is far from Bar\u00e7a and everything indicates that he will be a new Sporting Lisbon player in the next few hours in exchange for a symbolic figure\",\"breadcrumb\":{\"@id\":\"https:\\\/\\\/www.fcbarcelonanoticias.com\\\/en\\\/transfers\\\/hector-bellerin-step-away-sporting-lisbon_289156_102.html#breadcrumb\"},\"inLanguage\":\"en-US\",\"potentialAction\":[{\"@type\":\"ReadAction\",\"target\":[\"https:\\\/\\\/www.fcbarcelonanoticias.com\\\/en\\\/transfers\\\/hector-bellerin-step-away-sporting-lisbon_289156_102.html\"]}]},{\"@type\":\"ImageObject\",\"inLanguage\":\"en-US\",\"@id\":\"https:\\\/\\\/www.fcbarcelonanoticias.com\\\/en\\\/transfers\\\/hector-bellerin-step-away-sporting-lisbon_289156_102.html#primaryimage\",\"url\":\"https:\\\/\\\/www.fcbarcelonanoticias.com\\\/en\\\/wp-content\\\/uploads\\\/sites\\\/2\\\/2023\\\/01\\\/hector-bellerin-fcbarcelona2.jpeg\",\"contentUrl\":\"https:\\\/\\\/www.fcbarcelonanoticias.com\\\/en\\\/wp-content\\\/uploads\\\/sites\\\/2\\\/2023\\\/01\\\/hector-bellerin-fcbarcelona2.jpeg\",\"width\":1300,\"height\":736},{\"@type\":\"BreadcrumbList\",\"@id\":\"https:\\\/\\\/www.fcbarcelonanoticias.com\\\/en\\\/transfers\\\/hector-bellerin-step-away-sporting-lisbon_289156_102.html#breadcrumb\",\"itemListElement\":[{\"@type\":\"ListItem\",\"position\":1,\"name\":\"Portada\",\"item\":\"https:\\\/\\\/www.fcbarcelonanoticias.com\\\/en\\\/\"},{\"@type\":\"ListItem\",\"position\":2,\"name\":\"H\u00e9ctor Beller\u00edn, one step away from Sporting Lisbon\"}]},{\"@type\":\"WebSite\",\"@id\":\"https:\\\/\\\/www.fcbarcelonanoticias.com\\\/en\\\/#website\",\"url\":\"https:\\\/\\\/www.fcbarcelonanoticias.com\\\/en\\\/\",\"name\":\"EN - FC Barcelona Noticias\",\"description\":\"\",\"potentialAction\":[{\"@type\":\"SearchAction\",\"target\":{\"@type\":\"EntryPoint\",\"urlTemplate\":\"https:\\\/\\\/www.fcbarcelonanoticias.com\\\/en\\\/?s={search_term_string}\"},\"query-input\":{\"@type\":\"PropertyValueSpecification\",\"valueRequired\":true,\"valueName\":\"search_term_string\"}}],\"inLanguage\":\"en-US\"}]}<\/script>\n<!-- \/ Yoast SEO plugin. -->","yoast_head_json":{"title":"H\u00e9ctor Beller\u00edn, one step away from Sporting Lisbon","description":"The future of H\u00e9ctor Beller\u00edn is far from Bar\u00e7a and everything indicates that he will be a new Sporting Lisbon player in the next few hours in exchange for a symbolic figure","robots":{"index":"index","follow":"follow","max-snippet":"max-snippet:-1","max-image-preview":"max-image-preview:large","max-video-preview":"max-video-preview:-1"},"canonical":"https:\/\/www.fcbarcelonanoticias.com\/en\/transfers\/hector-bellerin-step-away-sporting-lisbon_289156_102.html","og_locale":"en_US","og_type":"article","og_title":"H\u00e9ctor Beller\u00edn, one step away from Sporting Lisbon","og_description":"The future of H\u00e9ctor Beller\u00edn is far from Bar\u00e7a and everything indicates that he will be a new Sporting Lisbon player in the next few hours in exchange for a symbolic figure","og_url":"https:\/\/www.fcbarcelonanoticias.com\/en\/transfers\/hector-bellerin-step-away-sporting-lisbon_289156_102.html","og_site_name":"EN - FC Barcelona Noticias","article_published_time":"2023-01-31T11:19:00+00:00","article_modified_time":"2023-01-31T11:32:00+00:00","og_image":[{"width":1300,"height":736,"url":"https:\/\/www.fcbarcelonanoticias.com\/en\/wp-content\/uploads\/sites\/2\/2023\/01\/hector-bellerin-fcbarcelona2.jpeg","type":"image\/jpeg"}],"twitter_card":"summary_large_image","twitter_misc":{"Est. reading time":"2 minutes"},"schema":{"@context":"https:\/\/schema.org","@graph":[{"@type":"Article","@id":"https:\/\/www.fcbarcelonanoticias.com\/en\/transfers\/hector-bellerin-step-away-sporting-lisbon_289156_102.html#article","isPartOf":{"@id":"https:\/\/www.fcbarcelonanoticias.com\/en\/transfers\/hector-bellerin-step-away-sporting-lisbon_289156_102.html"},"author":{"name":"","@id":""},"headline":"H\u00e9ctor Beller\u00edn, one step away from Sporting Lisbon","datePublished":"2023-01-31T11:19:00+00:00","dateModified":"2023-01-31T11:32:00+00:00","mainEntityOfPage":{"@id":"https:\/\/www.fcbarcelonanoticias.com\/en\/transfers\/hector-bellerin-step-away-sporting-lisbon_289156_102.html"},"wordCount":405,"image":{"@id":"https:\/\/www.fcbarcelonanoticias.com\/en\/transfers\/hector-bellerin-step-away-sporting-lisbon_289156_102.html#primaryimage"},"thumbnailUrl":"https:\/\/www.fcbarcelonanoticias.com\/en\/wp-content\/uploads\/sites\/2\/2023\/01\/hector-bellerin-fcbarcelona2.jpeg","keywords":["H\u00e9ctor Beller\u00edn","Sporting Portugal"],"articleSection":["Transfers","Transfers"],"inLanguage":"en-US"},{"@type":"WebPage","@id":"https:\/\/www.fcbarcelonanoticias.com\/en\/transfers\/hector-bellerin-step-away-sporting-lisbon_289156_102.html","url":"https:\/\/www.fcbarcelonanoticias.com\/en\/transfers\/hector-bellerin-step-away-sporting-lisbon_289156_102.html","name":"H\u00e9ctor Beller\u00edn, one step away from Sporting Lisbon","isPartOf":{"@id":"https:\/\/www.fcbarcelonanoticias.com\/en\/#website"},"primaryImageOfPage":{"@id":"https:\/\/www.fcbarcelonanoticias.com\/en\/transfers\/hector-bellerin-step-away-sporting-lisbon_289156_102.html#primaryimage"},"image":{"@id":"https:\/\/www.fcbarcelonanoticias.com\/en\/transfers\/hector-bellerin-step-away-sporting-lisbon_289156_102.html#primaryimage"},"thumbnailUrl":"https:\/\/www.fcbarcelonanoticias.com\/en\/wp-content\/uploads\/sites\/2\/2023\/01\/hector-bellerin-fcbarcelona2.jpeg","datePublished":"2023-01-31T11:19:00+00:00","dateModified":"2023-01-31T11:32:00+00:00","author":{"@id":""},"description":"The future of H\u00e9ctor Beller\u00edn is far from Bar\u00e7a and everything indicates that he will be a new Sporting Lisbon player in the next few hours in exchange for a symbolic figure","breadcrumb":{"@id":"https:\/\/www.fcbarcelonanoticias.com\/en\/transfers\/hector-bellerin-step-away-sporting-lisbon_289156_102.html#breadcrumb"},"inLanguage":"en-US","potentialAction":[{"@type":"ReadAction","target":["https:\/\/www.fcbarcelonanoticias.com\/en\/transfers\/hector-bellerin-step-away-sporting-lisbon_289156_102.html"]}]},{"@type":"ImageObject","inLanguage":"en-US","@id":"https:\/\/www.fcbarcelonanoticias.com\/en\/transfers\/hector-bellerin-step-away-sporting-lisbon_289156_102.html#primaryimage","url":"https:\/\/www.fcbarcelonanoticias.com\/en\/wp-content\/uploads\/sites\/2\/2023\/01\/hector-bellerin-fcbarcelona2.jpeg","contentUrl":"https:\/\/www.fcbarcelonanoticias.com\/en\/wp-content\/uploads\/sites\/2\/2023\/01\/hector-bellerin-fcbarcelona2.jpeg","width":1300,"height":736},{"@type":"BreadcrumbList","@id":"https:\/\/www.fcbarcelonanoticias.com\/en\/transfers\/hector-bellerin-step-away-sporting-lisbon_289156_102.html#breadcrumb","itemListElement":[{"@type":"ListItem","position":1,"name":"Portada","item":"https:\/\/www.fcbarcelonanoticias.com\/en\/"},{"@type":"ListItem","position":2,"name":"H\u00e9ctor Beller\u00edn, one step away from Sporting Lisbon"}]},{"@type":"WebSite","@id":"https:\/\/www.fcbarcelonanoticias.com\/en\/#website","url":"https:\/\/www.fcbarcelonanoticias.com\/en\/","name":"EN - FC Barcelona Noticias","description":"","potentialAction":[{"@type":"SearchAction","target":{"@type":"EntryPoint","urlTemplate":"https:\/\/www.fcbarcelonanoticias.com\/en\/?s={search_term_string}"},"query-input":{"@type":"PropertyValueSpecification","valueRequired":true,"valueName":"search_term_string"}}],"inLanguage":"en-US"}]}},"_links":{"self":[{"href":"https:\/\/www.fcbarcelonanoticias.com\/en\/wp-json\/wp\/v2\/posts\/92812","targetHints":{"allow":["GET"]}}],"collection":[{"href":"https:\/\/www.fcbarcelonanoticias.com\/en\/wp-json\/wp\/v2\/posts"}],"about":[{"href":"https:\/\/www.fcbarcelonanoticias.com\/en\/wp-json\/wp\/v2\/types\/post"}],"replies":[{"embeddable":true,"href":"https:\/\/www.fcbarcelonanoticias.com\/en\/wp-json\/wp\/v2\/comments?post=92812"}],"version-history":[{"count":1,"href":"https:\/\/www.fcbarcelonanoticias.com\/en\/wp-json\/wp\/v2\/posts\/92812\/revisions"}],"predecessor-version":[{"id":126465,"href":"https:\/\/www.fcbarcelonanoticias.com\/en\/wp-json\/wp\/v2\/posts\/92812\/revisions\/126465"}],"wp:featuredmedia":[{"embeddable":true,"href":"https:\/\/www.fcbarcelonanoticias.com\/en\/wp-json\/wp\/v2\/media\/92826"}],"wp:attachment":[{"href":"https:\/\/www.fcbarcelonanoticias.com\/en\/wp-json\/wp\/v2\/media?parent=92812"}],"wp:term":[{"taxonomy":"category","embeddable":true,"href":"https:\/\/www.fcbarcelonanoticias.com\/en\/wp-json\/wp\/v2\/categories?post=92812"},{"taxonomy":"post_tag","embeddable":true,"href":"https:\/\/www.fcbarcelonanoticias.com\/en\/wp-json\/wp\/v2\/tags?post=92812"}],"curies":[{"name":"wp","href":"https:\/\/api.w.org\/{rel}","templated":true}]}}