{"id":92949,"date":"2023-07-22T17:25:00","date_gmt":"2023-07-22T15:25:00","guid":{"rendered":"https:\/\/weisetech.dev\/fc-barcelona-noticias\/en\/barcelona-discards-signing-joao-felix-this-summer_294355_102\/"},"modified":"2023-07-22T19:07:00","modified_gmt":"2023-07-22T17:07:00","slug":"barcelona-discards-signing-joao-felix-this-summer_294355_102","status":"publish","type":"post","link":"https:\/\/www.fcbarcelonanoticias.com\/en\/transfers\/barcelona-discards-signing-joao-felix-this-summer_294355_102.html","title":{"rendered":"Bar\u00e7a rules out the signing of Joao F\u00e9lix this summer"},"content":{"rendered":"<h2 class=\"wp-block-heading\">FC Barcelona would have ruled out the possibility of Joao F\u00e9lix reinforcing Xavi Hern\u00e1ndez&#8217;s squad this summer. The coach has made it clear to the leaders that he does not see his incorporation as &#8216;clear&#8217;<\/h2>  \r\n<div class=\"article-addons\">\r\n    <a href=\"https:\/\/www.fcbarcelonanoticias.com\/en\/calendar-fc-barcelona.html\"\r\n       target=\"_self\"\r\n       title=\"Calendar of FC Barcelona\"\r\n       class=\"blue-gredient-btn\">\r\n       \r\n        Calendar of FC Barcelona    <\/a>\r\n<\/div>   <p><strong>Joao F\u00e9lix has been the fashionable name this week in the FC Barcelona<\/strong>, in front of the interest of Joan Laporta of ficharle from the Athletic of Madrid and the statements of the own footballer in which it recognised that it would like him dress of Barcelona. In spite of this, <a data-external=\"0\" data-intl-links-en=\"https:\/\/www.fcbarcelonanoticias.com\/en\/transfers\/stance-xavi-on-possible-signing-joao-felix_294294_102.html\" data-intl-links-es=\"https:\/\/www.fcbarcelonanoticias.com\/fichajes\/postura-xavi-sobre-posible-fichaje-joao-felix_294294_102.html\" href=\"https:\/\/www.fcbarcelonanoticias.com\/en\/transfers\/stance-xavi-on-possible-signing-joao-felix_294294_102.html\" rel=\"follow\" target=\"_self\" title=\"La postura de Xavi sobre el posible fichaje de Joao F\u00e9lix\">from the technical body have refused the possible incorporation of the Portuguese<\/a>. They have closed in band and the sportive direction there would be descartado, definitively, the option.<\/p>  <p>Xavi Hern\u00e1ndez has showed some distrust regarding the possibility that F\u00e9lix land in the City Condal because it understands that it is not a player that would be &#8216;indispensable&#8217;. <strong>It has insisted in that the priority is to achieve the signing of a player that can serve like interior and urged to the club to do without the alternative of the attacker &#8216;colchonero&#8217;,<\/strong> according to a recent information of the journalist Javier Miguel.<\/p>  <h2>Joao F\u00e9lix, descartado definitively?<\/h2>  <p>The trainer egarense has two reasons to refuse the option of Joao for his staff. Of agreement to the before quoted source, <strong>&#8220;does not see it clear&#8221; so much in the sportive point of view like economic.<\/strong> The luso would not have the profile that he is looking for in the actuality, although it is a very versatile footballer that can appear in the three positions of the attack, like mediapunta or even like mediocentro offensive, as it has showed in the Athletic Chelsea and Benfica. For Xavi, is not the ideal reinforcement for the Bar\u00e7a in these moments.<\/p>  <p>Another point that takes in consideration is the economic. In the last days have desvelado several formulas with which the blaugrana could tackle the incorporation of the player of 23 years. From a cession by a season until a barter with other players of the staff, but as it was, will suppose an investment that to day of today is inasumible for the Catalans.<strong> Even with a loan, would have to pay a mount &#8216;extra&#8217;, as already it did it Chelsea in January (11 million euros, apr\u00f3ximadamente) more his wage. The operation would finish rondando, at least, the 18 &#8216;kilos&#8217;. <\/strong><\/p>  <h2>Another &#8216;battle&#8217; between the directive and Xavi<\/h2>  <p>Everything seems to indicate to<strong> that the posture of Xavi Hern\u00e1ndez will impose again, as it already happened before with R\u00faben Neves, to the that the c\u00fapula Barcelona wanted to fichar to reinforce the midfield<\/strong>. It does not be necessary to overlook that they are players represented by Jorge Mendes, with the one who Joan Laporta keeps a very near relation and the one who also represents to several members of the current staff. The president cul\u00e9, as it comes informing in the last days, is a big admirer of Joao F\u00e9lix and understood that his become friends with the Portuguese agent could serve to achieve a discount of the Athletic, but finally could not trascending this option.<\/p> ","protected":false},"excerpt":{"rendered":"<p>FC Barcelona would have ruled out the possibility of Joao F\u00e9lix reinforcing Xavi Hern\u00e1ndez&#8217;s squad this summer. The coach has made it clear to the leaders that he does not see his incorporation as &#8216;clear&#8217; Joao F\u00e9lix has been the fashionable name this week in the FC Barcelona, in front of the interest of Joan [&hellip;]<\/p>\n","protected":false},"author":0,"featured_media":92971,"comment_status":"closed","ping_status":"open","sticky":false,"template":"","format":"standard","meta":{"_acf_changed":false,"inline_featured_image":false,"_nextfly_llmd_date_locked":false,"footnotes":""},"categories":[106,449],"tags":[48],"class_list":["post-92949","post","type-post","status-publish","format-standard","has-post-thumbnail","hentry","category-transfers","category-transfers-2","tag-xavi-hernandez"],"acf":[],"yoast_head":"<!-- This site is optimized with the Yoast SEO plugin v27.3 - https:\/\/yoast.com\/product\/yoast-seo-wordpress\/ -->\n<title>Bar\u00e7a rules out the signing of Joao F\u00e9lix this summer<\/title>\n<meta name=\"description\" content=\"The FC Barcelona there would be descartado the possibility that Joao F\u00e9lix reinforce the staff of Xavi Hern\u00e1ndez this summer. The trainer has left clear to the leaders that does not see &#039;clear&#039; his incorporation\" \/>\n<meta name=\"robots\" content=\"index, follow, max-snippet:-1, max-image-preview:large, max-video-preview:-1\" \/>\n<link rel=\"canonical\" href=\"https:\/\/www.fcbarcelonanoticias.com\/en\/transfers\/barcelona-discards-signing-joao-felix-this-summer_294355_102.html\" \/>\n<meta property=\"og:locale\" content=\"en_US\" \/>\n<meta property=\"og:type\" content=\"article\" \/>\n<meta property=\"og:title\" content=\"Bar\u00e7a rules out the signing of Joao F\u00e9lix this summer\" \/>\n<meta property=\"og:description\" content=\"The FC Barcelona there would be descartado the possibility that Joao F\u00e9lix reinforce the staff of Xavi Hern\u00e1ndez this summer. The trainer has left clear to the leaders that does not see &#039;clear&#039; his incorporation\" \/>\n<meta property=\"og:url\" content=\"https:\/\/www.fcbarcelonanoticias.com\/en\/transfers\/barcelona-discards-signing-joao-felix-this-summer_294355_102.html\" \/>\n<meta property=\"og:site_name\" content=\"EN - FC Barcelona Noticias\" \/>\n<meta property=\"article:published_time\" content=\"2023-07-22T15:25:00+00:00\" \/>\n<meta property=\"article:modified_time\" content=\"2023-07-22T17:07:00+00:00\" \/>\n<meta property=\"og:image\" content=\"https:\/\/www.fcbarcelonanoticias.com\/en\/wp-content\/uploads\/sites\/2\/2023\/07\/fbl-wc-2022-match60-mar-por-1.jpeg\" \/>\n\t<meta property=\"og:image:width\" content=\"1200\" \/>\n\t<meta property=\"og:image:height\" content=\"719\" \/>\n\t<meta property=\"og:image:type\" content=\"image\/jpeg\" \/>\n<meta name=\"twitter:card\" content=\"summary_large_image\" \/>\n<meta name=\"twitter:label1\" content=\"Est. reading time\" \/>\n\t<meta name=\"twitter:data1\" content=\"3 minutes\" \/>\n<script type=\"application\/ld+json\" class=\"yoast-schema-graph\">{\"@context\":\"https:\\\/\\\/schema.org\",\"@graph\":[{\"@type\":\"Article\",\"@id\":\"https:\\\/\\\/www.fcbarcelonanoticias.com\\\/en\\\/transfers\\\/barcelona-discards-signing-joao-felix-this-summer_294355_102.html#article\",\"isPartOf\":{\"@id\":\"https:\\\/\\\/www.fcbarcelonanoticias.com\\\/en\\\/transfers\\\/barcelona-discards-signing-joao-felix-this-summer_294355_102.html\"},\"author\":{\"name\":\"\",\"@id\":\"\"},\"headline\":\"Bar\u00e7a rules out the signing of Joao F\u00e9lix this summer\",\"datePublished\":\"2023-07-22T15:25:00+00:00\",\"dateModified\":\"2023-07-22T17:07:00+00:00\",\"mainEntityOfPage\":{\"@id\":\"https:\\\/\\\/www.fcbarcelonanoticias.com\\\/en\\\/transfers\\\/barcelona-discards-signing-joao-felix-this-summer_294355_102.html\"},\"wordCount\":537,\"image\":{\"@id\":\"https:\\\/\\\/www.fcbarcelonanoticias.com\\\/en\\\/transfers\\\/barcelona-discards-signing-joao-felix-this-summer_294355_102.html#primaryimage\"},\"thumbnailUrl\":\"https:\\\/\\\/www.fcbarcelonanoticias.com\\\/en\\\/wp-content\\\/uploads\\\/sites\\\/2\\\/2023\\\/07\\\/fbl-wc-2022-match60-mar-por-1.jpeg\",\"keywords\":[\"Xavi Hern\u00e1ndez\"],\"articleSection\":[\"Transfers\",\"Transfers\"],\"inLanguage\":\"en-US\"},{\"@type\":\"WebPage\",\"@id\":\"https:\\\/\\\/www.fcbarcelonanoticias.com\\\/en\\\/transfers\\\/barcelona-discards-signing-joao-felix-this-summer_294355_102.html\",\"url\":\"https:\\\/\\\/www.fcbarcelonanoticias.com\\\/en\\\/transfers\\\/barcelona-discards-signing-joao-felix-this-summer_294355_102.html\",\"name\":\"Bar\u00e7a rules out the signing of Joao F\u00e9lix this summer\",\"isPartOf\":{\"@id\":\"https:\\\/\\\/www.fcbarcelonanoticias.com\\\/en\\\/#website\"},\"primaryImageOfPage\":{\"@id\":\"https:\\\/\\\/www.fcbarcelonanoticias.com\\\/en\\\/transfers\\\/barcelona-discards-signing-joao-felix-this-summer_294355_102.html#primaryimage\"},\"image\":{\"@id\":\"https:\\\/\\\/www.fcbarcelonanoticias.com\\\/en\\\/transfers\\\/barcelona-discards-signing-joao-felix-this-summer_294355_102.html#primaryimage\"},\"thumbnailUrl\":\"https:\\\/\\\/www.fcbarcelonanoticias.com\\\/en\\\/wp-content\\\/uploads\\\/sites\\\/2\\\/2023\\\/07\\\/fbl-wc-2022-match60-mar-por-1.jpeg\",\"datePublished\":\"2023-07-22T15:25:00+00:00\",\"dateModified\":\"2023-07-22T17:07:00+00:00\",\"author\":{\"@id\":\"\"},\"description\":\"The FC Barcelona there would be descartado the possibility that Joao F\u00e9lix reinforce the staff of Xavi Hern\u00e1ndez this summer. The trainer has left clear to the leaders that does not see 'clear' his incorporation\",\"breadcrumb\":{\"@id\":\"https:\\\/\\\/www.fcbarcelonanoticias.com\\\/en\\\/transfers\\\/barcelona-discards-signing-joao-felix-this-summer_294355_102.html#breadcrumb\"},\"inLanguage\":\"en-US\",\"potentialAction\":[{\"@type\":\"ReadAction\",\"target\":[\"https:\\\/\\\/www.fcbarcelonanoticias.com\\\/en\\\/transfers\\\/barcelona-discards-signing-joao-felix-this-summer_294355_102.html\"]}]},{\"@type\":\"ImageObject\",\"inLanguage\":\"en-US\",\"@id\":\"https:\\\/\\\/www.fcbarcelonanoticias.com\\\/en\\\/transfers\\\/barcelona-discards-signing-joao-felix-this-summer_294355_102.html#primaryimage\",\"url\":\"https:\\\/\\\/www.fcbarcelonanoticias.com\\\/en\\\/wp-content\\\/uploads\\\/sites\\\/2\\\/2023\\\/07\\\/fbl-wc-2022-match60-mar-por-1.jpeg\",\"contentUrl\":\"https:\\\/\\\/www.fcbarcelonanoticias.com\\\/en\\\/wp-content\\\/uploads\\\/sites\\\/2\\\/2023\\\/07\\\/fbl-wc-2022-match60-mar-por-1.jpeg\",\"width\":1200,\"height\":719},{\"@type\":\"BreadcrumbList\",\"@id\":\"https:\\\/\\\/www.fcbarcelonanoticias.com\\\/en\\\/transfers\\\/barcelona-discards-signing-joao-felix-this-summer_294355_102.html#breadcrumb\",\"itemListElement\":[{\"@type\":\"ListItem\",\"position\":1,\"name\":\"Portada\",\"item\":\"https:\\\/\\\/www.fcbarcelonanoticias.com\\\/en\\\/\"},{\"@type\":\"ListItem\",\"position\":2,\"name\":\"Bar\u00e7a rules out the signing of Joao F\u00e9lix this summer\"}]},{\"@type\":\"WebSite\",\"@id\":\"https:\\\/\\\/www.fcbarcelonanoticias.com\\\/en\\\/#website\",\"url\":\"https:\\\/\\\/www.fcbarcelonanoticias.com\\\/en\\\/\",\"name\":\"EN - FC Barcelona Noticias\",\"description\":\"\",\"potentialAction\":[{\"@type\":\"SearchAction\",\"target\":{\"@type\":\"EntryPoint\",\"urlTemplate\":\"https:\\\/\\\/www.fcbarcelonanoticias.com\\\/en\\\/?s={search_term_string}\"},\"query-input\":{\"@type\":\"PropertyValueSpecification\",\"valueRequired\":true,\"valueName\":\"search_term_string\"}}],\"inLanguage\":\"en-US\"}]}<\/script>\n<!-- \/ Yoast SEO plugin. -->","yoast_head_json":{"title":"Bar\u00e7a rules out the signing of Joao F\u00e9lix this summer","description":"The FC Barcelona there would be descartado the possibility that Joao F\u00e9lix reinforce the staff of Xavi Hern\u00e1ndez this summer. The trainer has left clear to the leaders that does not see 'clear' his incorporation","robots":{"index":"index","follow":"follow","max-snippet":"max-snippet:-1","max-image-preview":"max-image-preview:large","max-video-preview":"max-video-preview:-1"},"canonical":"https:\/\/www.fcbarcelonanoticias.com\/en\/transfers\/barcelona-discards-signing-joao-felix-this-summer_294355_102.html","og_locale":"en_US","og_type":"article","og_title":"Bar\u00e7a rules out the signing of Joao F\u00e9lix this summer","og_description":"The FC Barcelona there would be descartado the possibility that Joao F\u00e9lix reinforce the staff of Xavi Hern\u00e1ndez this summer. The trainer has left clear to the leaders that does not see 'clear' his incorporation","og_url":"https:\/\/www.fcbarcelonanoticias.com\/en\/transfers\/barcelona-discards-signing-joao-felix-this-summer_294355_102.html","og_site_name":"EN - FC Barcelona Noticias","article_published_time":"2023-07-22T15:25:00+00:00","article_modified_time":"2023-07-22T17:07:00+00:00","og_image":[{"width":1200,"height":719,"url":"https:\/\/www.fcbarcelonanoticias.com\/en\/wp-content\/uploads\/sites\/2\/2023\/07\/fbl-wc-2022-match60-mar-por-1.jpeg","type":"image\/jpeg"}],"twitter_card":"summary_large_image","twitter_misc":{"Est. reading time":"3 minutes"},"schema":{"@context":"https:\/\/schema.org","@graph":[{"@type":"Article","@id":"https:\/\/www.fcbarcelonanoticias.com\/en\/transfers\/barcelona-discards-signing-joao-felix-this-summer_294355_102.html#article","isPartOf":{"@id":"https:\/\/www.fcbarcelonanoticias.com\/en\/transfers\/barcelona-discards-signing-joao-felix-this-summer_294355_102.html"},"author":{"name":"","@id":""},"headline":"Bar\u00e7a rules out the signing of Joao F\u00e9lix this summer","datePublished":"2023-07-22T15:25:00+00:00","dateModified":"2023-07-22T17:07:00+00:00","mainEntityOfPage":{"@id":"https:\/\/www.fcbarcelonanoticias.com\/en\/transfers\/barcelona-discards-signing-joao-felix-this-summer_294355_102.html"},"wordCount":537,"image":{"@id":"https:\/\/www.fcbarcelonanoticias.com\/en\/transfers\/barcelona-discards-signing-joao-felix-this-summer_294355_102.html#primaryimage"},"thumbnailUrl":"https:\/\/www.fcbarcelonanoticias.com\/en\/wp-content\/uploads\/sites\/2\/2023\/07\/fbl-wc-2022-match60-mar-por-1.jpeg","keywords":["Xavi Hern\u00e1ndez"],"articleSection":["Transfers","Transfers"],"inLanguage":"en-US"},{"@type":"WebPage","@id":"https:\/\/www.fcbarcelonanoticias.com\/en\/transfers\/barcelona-discards-signing-joao-felix-this-summer_294355_102.html","url":"https:\/\/www.fcbarcelonanoticias.com\/en\/transfers\/barcelona-discards-signing-joao-felix-this-summer_294355_102.html","name":"Bar\u00e7a rules out the signing of Joao F\u00e9lix this summer","isPartOf":{"@id":"https:\/\/www.fcbarcelonanoticias.com\/en\/#website"},"primaryImageOfPage":{"@id":"https:\/\/www.fcbarcelonanoticias.com\/en\/transfers\/barcelona-discards-signing-joao-felix-this-summer_294355_102.html#primaryimage"},"image":{"@id":"https:\/\/www.fcbarcelonanoticias.com\/en\/transfers\/barcelona-discards-signing-joao-felix-this-summer_294355_102.html#primaryimage"},"thumbnailUrl":"https:\/\/www.fcbarcelonanoticias.com\/en\/wp-content\/uploads\/sites\/2\/2023\/07\/fbl-wc-2022-match60-mar-por-1.jpeg","datePublished":"2023-07-22T15:25:00+00:00","dateModified":"2023-07-22T17:07:00+00:00","author":{"@id":""},"description":"The FC Barcelona there would be descartado the possibility that Joao F\u00e9lix reinforce the staff of Xavi Hern\u00e1ndez this summer. The trainer has left clear to the leaders that does not see 'clear' his incorporation","breadcrumb":{"@id":"https:\/\/www.fcbarcelonanoticias.com\/en\/transfers\/barcelona-discards-signing-joao-felix-this-summer_294355_102.html#breadcrumb"},"inLanguage":"en-US","potentialAction":[{"@type":"ReadAction","target":["https:\/\/www.fcbarcelonanoticias.com\/en\/transfers\/barcelona-discards-signing-joao-felix-this-summer_294355_102.html"]}]},{"@type":"ImageObject","inLanguage":"en-US","@id":"https:\/\/www.fcbarcelonanoticias.com\/en\/transfers\/barcelona-discards-signing-joao-felix-this-summer_294355_102.html#primaryimage","url":"https:\/\/www.fcbarcelonanoticias.com\/en\/wp-content\/uploads\/sites\/2\/2023\/07\/fbl-wc-2022-match60-mar-por-1.jpeg","contentUrl":"https:\/\/www.fcbarcelonanoticias.com\/en\/wp-content\/uploads\/sites\/2\/2023\/07\/fbl-wc-2022-match60-mar-por-1.jpeg","width":1200,"height":719},{"@type":"BreadcrumbList","@id":"https:\/\/www.fcbarcelonanoticias.com\/en\/transfers\/barcelona-discards-signing-joao-felix-this-summer_294355_102.html#breadcrumb","itemListElement":[{"@type":"ListItem","position":1,"name":"Portada","item":"https:\/\/www.fcbarcelonanoticias.com\/en\/"},{"@type":"ListItem","position":2,"name":"Bar\u00e7a rules out the signing of Joao F\u00e9lix this summer"}]},{"@type":"WebSite","@id":"https:\/\/www.fcbarcelonanoticias.com\/en\/#website","url":"https:\/\/www.fcbarcelonanoticias.com\/en\/","name":"EN - FC Barcelona Noticias","description":"","potentialAction":[{"@type":"SearchAction","target":{"@type":"EntryPoint","urlTemplate":"https:\/\/www.fcbarcelonanoticias.com\/en\/?s={search_term_string}"},"query-input":{"@type":"PropertyValueSpecification","valueRequired":true,"valueName":"search_term_string"}}],"inLanguage":"en-US"}]}},"_links":{"self":[{"href":"https:\/\/www.fcbarcelonanoticias.com\/en\/wp-json\/wp\/v2\/posts\/92949","targetHints":{"allow":["GET"]}}],"collection":[{"href":"https:\/\/www.fcbarcelonanoticias.com\/en\/wp-json\/wp\/v2\/posts"}],"about":[{"href":"https:\/\/www.fcbarcelonanoticias.com\/en\/wp-json\/wp\/v2\/types\/post"}],"replies":[{"embeddable":true,"href":"https:\/\/www.fcbarcelonanoticias.com\/en\/wp-json\/wp\/v2\/comments?post=92949"}],"version-history":[{"count":1,"href":"https:\/\/www.fcbarcelonanoticias.com\/en\/wp-json\/wp\/v2\/posts\/92949\/revisions"}],"predecessor-version":[{"id":124977,"href":"https:\/\/www.fcbarcelonanoticias.com\/en\/wp-json\/wp\/v2\/posts\/92949\/revisions\/124977"}],"wp:featuredmedia":[{"embeddable":true,"href":"https:\/\/www.fcbarcelonanoticias.com\/en\/wp-json\/wp\/v2\/media\/92971"}],"wp:attachment":[{"href":"https:\/\/www.fcbarcelonanoticias.com\/en\/wp-json\/wp\/v2\/media?parent=92949"}],"wp:term":[{"taxonomy":"category","embeddable":true,"href":"https:\/\/www.fcbarcelonanoticias.com\/en\/wp-json\/wp\/v2\/categories?post=92949"},{"taxonomy":"post_tag","embeddable":true,"href":"https:\/\/www.fcbarcelonanoticias.com\/en\/wp-json\/wp\/v2\/tags?post=92949"}],"curies":[{"name":"wp","href":"https:\/\/api.w.org\/{rel}","templated":true}]}}