{"id":92973,"date":"2024-12-03T00:07:00","date_gmt":"2024-12-02T23:07:00","guid":{"rendered":"https:\/\/weisetech.dev\/fc-barcelona-noticias\/en\/fc-barcelona-chooses-serie-star-to-reinforce-the-left-wing_309030_102\/"},"modified":"2024-12-03T02:37:00","modified_gmt":"2024-12-03T01:37:00","slug":"fc-barcelona-chooses-serie-star-to-reinforce-the-left-wing_309030_102","status":"publish","type":"post","link":"https:\/\/www.fcbarcelonanoticias.com\/en\/transfers\/fc-barcelona-chooses-serie-star-to-reinforce-the-left-wing_309030_102.html","title":{"rendered":"FC Barcelona chooses a Serie A star to reinforce the left wing"},"content":{"rendered":"<h2 class=\"wp-block-heading\">Khvicha Kvaratskhelia is reportedly making a name for himself at Bar\u00e7a. The Catalans see him as the ideal option both financially and sportingly<\/h2>  \r\n<div class=\"article-addons\">\r\n    <a href=\"https:\/\/www.fcbarcelonanoticias.com\/en\/calendar-fc-barcelona.html\"\r\n       target=\"_self\"\r\n       title=\"Calendar of FC Barcelona\"\r\n       class=\"blue-gredient-btn\">\r\n       \r\n        Calendar of FC Barcelona    <\/a>\r\n<\/div>   <p>After last summer <strong>FC Barcelona<\/strong> was unable to sign a left winger due to various factors, <a data-external=\"0\" data-intl-links-en=\"https:\/\/www.fcbarcelonanoticias.com\/en\/transfers\/forget-barcelona-turn-180-degrees-with-extreme-future-cule-radar_308772_102.html\" data-intl-links-es=\"https:\/\/www.fcbarcelonanoticias.com\/fichajes\/se-olvida-barcelona-giro-180-grados-con-futuro-extremo-radar-cule_308772_102.html\" href=\"https:\/\/www.fcbarcelonanoticias.com\/en\/transfers\/forget-barcelona-turn-180-degrees-with-extreme-future-cule-radar_308772_102.html\" rel=\"follow\" target=\"_self\" title=\"Forget Barcelona? 180\u00b0 turn with the future of a winger on the cul\u00e9 radar\">the Catalans have decided to strengthen the position in the next summer window<\/a>. There are many names on the agenda for the Catalans, but <strong>Rafael Leao<\/strong> and <strong>Khvicha Kvaratskhelia<\/strong> are the two preferred by the Catalan club.<\/p>  <p>In this sense, the sporting management considers the Georgian to be a more feasible option for the transfer market. According to &#8216;SPORT&#8217;, the Blaugranas believe that due to age, projection, quality and, above all, economics, <a data-external=\"0\" data-intl-links-en=\"https:\/\/www.fcbarcelonanoticias.com\/en\/transfers\/pay-attention-barca-napoli-position-regarding-the-possible-sale-of-kvaratskhelia_308739_102.html\" data-intl-links-es=\"https:\/\/www.fcbarcelonanoticias.com\/fichajes\/atento-barca-postura-napoles-con-respecto-posible-venta-kvaratskhelia_308739_102.html\" href=\"https:\/\/www.fcbarcelonanoticias.com\/en\/transfers\/pay-attention-barca-napoli-position-regarding-the-possible-sale-of-kvaratskhelia_308739_102.html\" rel=\"follow\" target=\"_self\" title=\"Pay attention, Bar\u00e7a! Napoli's position regarding the possible sale of Kvaratskhelia\">the Napoli player is the ideal candidate to strengthen the left side of the forward line<\/a>.<\/p>  <h3>The great obstacle to the Kvaratskhelia operation<\/h3>  <p>The winger has been one of the most outstanding players for the Neapolitan team this season, and his salary makes him an unbeatable alternative for <strong>Bar\u00e7a<\/strong>. <strong>Kvaratskhelia <\/strong>would earn around 1.5 million euros per season, and his renewal would be &#8216;stalled&#8217;. In fact, the Italians are reportedly considering <strong>Federico Chiesa<\/strong> as a possible replacement for Khvicha in the team, which would make his transfer even easier.<\/p>  <p>However, and as not everything that glitters is gold, the operation would find its biggest &#8216;stumbling block&#8217; in <strong>Aurelio De Laurentiis<\/strong>. The president of <strong>Napoli <\/strong>is known for being a &#8216;tough nut to crack&#8217; when it comes to negotiating, and the striker does not have a termination clause to execute his signing, so the Catalans would have to overcome this obstacle to get his signature. At the moment, all options remain on the table.<\/p> ","protected":false},"excerpt":{"rendered":"<p>Khvicha Kvaratskhelia is reportedly making a name for himself at Bar\u00e7a. The Catalans see him as the ideal option both financially and sportingly After last summer FC Barcelona was unable to sign a left winger due to various factors, the Catalans have decided to strengthen the position in the next summer window. There are many [&hellip;]<\/p>\n","protected":false},"author":358,"featured_media":92984,"comment_status":"closed","ping_status":"open","sticky":false,"template":"","format":"standard","meta":{"_acf_changed":false,"inline_featured_image":false,"_nextfly_llmd_date_locked":false,"footnotes":""},"categories":[106,449],"tags":[51],"class_list":["post-92973","post","type-post","status-publish","format-standard","has-post-thumbnail","hentry","category-transfers","category-transfers-2","tag-napoli"],"acf":[],"yoast_head":"<!-- This site is optimized with the Yoast SEO plugin v27.3 - https:\/\/yoast.com\/product\/yoast-seo-wordpress\/ -->\n<title>FC Barcelona chooses a Serie A star to reinforce the left wing<\/title>\n<meta name=\"description\" content=\"Khvicha Kvaratskhelia is reportedly making a name for himself at Bar\u00e7a. The Catalans see him as the ideal option both financially and sportingly\" \/>\n<meta name=\"robots\" content=\"index, follow, max-snippet:-1, max-image-preview:large, max-video-preview:-1\" \/>\n<link rel=\"canonical\" href=\"https:\/\/www.fcbarcelonanoticias.com\/en\/transfers\/fc-barcelona-chooses-serie-star-to-reinforce-the-left-wing_309030_102.html\" \/>\n<meta property=\"og:locale\" content=\"en_US\" \/>\n<meta property=\"og:type\" content=\"article\" \/>\n<meta property=\"og:title\" content=\"FC Barcelona chooses a Serie A star to reinforce the left wing\" \/>\n<meta property=\"og:description\" content=\"Khvicha Kvaratskhelia is reportedly making a name for himself at Bar\u00e7a. The Catalans see him as the ideal option both financially and sportingly\" \/>\n<meta property=\"og:url\" content=\"https:\/\/www.fcbarcelonanoticias.com\/en\/transfers\/fc-barcelona-chooses-serie-star-to-reinforce-the-left-wing_309030_102.html\" \/>\n<meta property=\"og:site_name\" content=\"EN - FC Barcelona Noticias\" \/>\n<meta property=\"article:published_time\" content=\"2024-12-02T23:07:00+00:00\" \/>\n<meta property=\"article:modified_time\" content=\"2024-12-03T01:37:00+00:00\" \/>\n<meta property=\"og:image\" content=\"https:\/\/www.fcbarcelonanoticias.com\/en\/wp-content\/uploads\/sites\/2\/2024\/12\/ac-milan-v-ssc-napoli-serie-a-1-scaled.jpeg\" \/>\n\t<meta property=\"og:image:width\" content=\"2560\" \/>\n\t<meta property=\"og:image:height\" content=\"1737\" \/>\n\t<meta property=\"og:image:type\" content=\"image\/jpeg\" \/>\n<meta name=\"author\" content=\"Juan Pablo Berdugo\" \/>\n<meta name=\"twitter:card\" content=\"summary_large_image\" \/>\n<meta name=\"twitter:label1\" content=\"Written by\" \/>\n\t<meta name=\"twitter:data1\" content=\"Juan Pablo Berdugo\" \/>\n\t<meta name=\"twitter:label2\" content=\"Est. reading time\" \/>\n\t<meta name=\"twitter:data2\" content=\"1 minute\" \/>\n<script type=\"application\/ld+json\" class=\"yoast-schema-graph\">{\"@context\":\"https:\\\/\\\/schema.org\",\"@graph\":[{\"@type\":\"Article\",\"@id\":\"https:\\\/\\\/www.fcbarcelonanoticias.com\\\/en\\\/transfers\\\/fc-barcelona-chooses-serie-star-to-reinforce-the-left-wing_309030_102.html#article\",\"isPartOf\":{\"@id\":\"https:\\\/\\\/www.fcbarcelonanoticias.com\\\/en\\\/transfers\\\/fc-barcelona-chooses-serie-star-to-reinforce-the-left-wing_309030_102.html\"},\"author\":{\"name\":\"Juan Pablo Berdugo\",\"@id\":\"https:\\\/\\\/www.fcbarcelonanoticias.com\\\/en\\\/#\\\/schema\\\/person\\\/88d756918a0a1ae9fa593b5edddd1815\"},\"headline\":\"FC Barcelona chooses a Serie A star to reinforce the left wing\",\"datePublished\":\"2024-12-02T23:07:00+00:00\",\"dateModified\":\"2024-12-03T01:37:00+00:00\",\"mainEntityOfPage\":{\"@id\":\"https:\\\/\\\/www.fcbarcelonanoticias.com\\\/en\\\/transfers\\\/fc-barcelona-chooses-serie-star-to-reinforce-the-left-wing_309030_102.html\"},\"wordCount\":287,\"image\":{\"@id\":\"https:\\\/\\\/www.fcbarcelonanoticias.com\\\/en\\\/transfers\\\/fc-barcelona-chooses-serie-star-to-reinforce-the-left-wing_309030_102.html#primaryimage\"},\"thumbnailUrl\":\"https:\\\/\\\/www.fcbarcelonanoticias.com\\\/en\\\/wp-content\\\/uploads\\\/sites\\\/2\\\/2024\\\/12\\\/ac-milan-v-ssc-napoli-serie-a-1-scaled.jpeg\",\"keywords\":[\"Napoli\"],\"articleSection\":[\"Transfers\",\"Transfers\"],\"inLanguage\":\"en-US\"},{\"@type\":\"WebPage\",\"@id\":\"https:\\\/\\\/www.fcbarcelonanoticias.com\\\/en\\\/transfers\\\/fc-barcelona-chooses-serie-star-to-reinforce-the-left-wing_309030_102.html\",\"url\":\"https:\\\/\\\/www.fcbarcelonanoticias.com\\\/en\\\/transfers\\\/fc-barcelona-chooses-serie-star-to-reinforce-the-left-wing_309030_102.html\",\"name\":\"FC Barcelona chooses a Serie A star to reinforce the left wing\",\"isPartOf\":{\"@id\":\"https:\\\/\\\/www.fcbarcelonanoticias.com\\\/en\\\/#website\"},\"primaryImageOfPage\":{\"@id\":\"https:\\\/\\\/www.fcbarcelonanoticias.com\\\/en\\\/transfers\\\/fc-barcelona-chooses-serie-star-to-reinforce-the-left-wing_309030_102.html#primaryimage\"},\"image\":{\"@id\":\"https:\\\/\\\/www.fcbarcelonanoticias.com\\\/en\\\/transfers\\\/fc-barcelona-chooses-serie-star-to-reinforce-the-left-wing_309030_102.html#primaryimage\"},\"thumbnailUrl\":\"https:\\\/\\\/www.fcbarcelonanoticias.com\\\/en\\\/wp-content\\\/uploads\\\/sites\\\/2\\\/2024\\\/12\\\/ac-milan-v-ssc-napoli-serie-a-1-scaled.jpeg\",\"datePublished\":\"2024-12-02T23:07:00+00:00\",\"dateModified\":\"2024-12-03T01:37:00+00:00\",\"author\":{\"@id\":\"https:\\\/\\\/www.fcbarcelonanoticias.com\\\/en\\\/#\\\/schema\\\/person\\\/88d756918a0a1ae9fa593b5edddd1815\"},\"description\":\"Khvicha Kvaratskhelia is reportedly making a name for himself at Bar\u00e7a. The Catalans see him as the ideal option both financially and sportingly\",\"breadcrumb\":{\"@id\":\"https:\\\/\\\/www.fcbarcelonanoticias.com\\\/en\\\/transfers\\\/fc-barcelona-chooses-serie-star-to-reinforce-the-left-wing_309030_102.html#breadcrumb\"},\"inLanguage\":\"en-US\",\"potentialAction\":[{\"@type\":\"ReadAction\",\"target\":[\"https:\\\/\\\/www.fcbarcelonanoticias.com\\\/en\\\/transfers\\\/fc-barcelona-chooses-serie-star-to-reinforce-the-left-wing_309030_102.html\"]}]},{\"@type\":\"ImageObject\",\"inLanguage\":\"en-US\",\"@id\":\"https:\\\/\\\/www.fcbarcelonanoticias.com\\\/en\\\/transfers\\\/fc-barcelona-chooses-serie-star-to-reinforce-the-left-wing_309030_102.html#primaryimage\",\"url\":\"https:\\\/\\\/www.fcbarcelonanoticias.com\\\/en\\\/wp-content\\\/uploads\\\/sites\\\/2\\\/2024\\\/12\\\/ac-milan-v-ssc-napoli-serie-a-1-scaled.jpeg\",\"contentUrl\":\"https:\\\/\\\/www.fcbarcelonanoticias.com\\\/en\\\/wp-content\\\/uploads\\\/sites\\\/2\\\/2024\\\/12\\\/ac-milan-v-ssc-napoli-serie-a-1-scaled.jpeg\",\"width\":2560,\"height\":1737},{\"@type\":\"BreadcrumbList\",\"@id\":\"https:\\\/\\\/www.fcbarcelonanoticias.com\\\/en\\\/transfers\\\/fc-barcelona-chooses-serie-star-to-reinforce-the-left-wing_309030_102.html#breadcrumb\",\"itemListElement\":[{\"@type\":\"ListItem\",\"position\":1,\"name\":\"Portada\",\"item\":\"https:\\\/\\\/www.fcbarcelonanoticias.com\\\/en\\\/\"},{\"@type\":\"ListItem\",\"position\":2,\"name\":\"FC Barcelona chooses a Serie A star to reinforce the left wing\"}]},{\"@type\":\"WebSite\",\"@id\":\"https:\\\/\\\/www.fcbarcelonanoticias.com\\\/en\\\/#website\",\"url\":\"https:\\\/\\\/www.fcbarcelonanoticias.com\\\/en\\\/\",\"name\":\"EN - FC Barcelona Noticias\",\"description\":\"\",\"potentialAction\":[{\"@type\":\"SearchAction\",\"target\":{\"@type\":\"EntryPoint\",\"urlTemplate\":\"https:\\\/\\\/www.fcbarcelonanoticias.com\\\/en\\\/?s={search_term_string}\"},\"query-input\":{\"@type\":\"PropertyValueSpecification\",\"valueRequired\":true,\"valueName\":\"search_term_string\"}}],\"inLanguage\":\"en-US\"},{\"@type\":\"Person\",\"@id\":\"https:\\\/\\\/www.fcbarcelonanoticias.com\\\/en\\\/#\\\/schema\\\/person\\\/88d756918a0a1ae9fa593b5edddd1815\",\"name\":\"Juan Pablo Berdugo\",\"image\":{\"@type\":\"ImageObject\",\"inLanguage\":\"en-US\",\"@id\":\"https:\\\/\\\/secure.gravatar.com\\\/avatar\\\/?s=96&d=mm&r=g\",\"url\":\"https:\\\/\\\/secure.gravatar.com\\\/avatar\\\/?s=96&d=mm&r=g\",\"contentUrl\":\"https:\\\/\\\/secure.gravatar.com\\\/avatar\\\/?s=96&d=mm&r=g\",\"caption\":\"Juan Pablo Berdugo\"},\"description\":\"Juan Pablo Berdugo es graduado en Periodismo. Colabora con FCBN como especialista en informaci\u00f3n del primer equipo del FC Barcelona, f\u00fatbol internacional y mercado de fichajes. Destaca por su enfoque anal\u00edtico, su rigor informativo y su capacidad para detectar tendencias emergentes en el f\u00fatbol global.\",\"url\":\"https:\\\/\\\/www.fcbarcelonanoticias.com\\\/en\\\/fc-barcelona\\\/juan-pablo-berdugo_18_115.html\"}]}<\/script>\n<!-- \/ Yoast SEO plugin. -->","yoast_head_json":{"title":"FC Barcelona chooses a Serie A star to reinforce the left wing","description":"Khvicha Kvaratskhelia is reportedly making a name for himself at Bar\u00e7a. The Catalans see him as the ideal option both financially and sportingly","robots":{"index":"index","follow":"follow","max-snippet":"max-snippet:-1","max-image-preview":"max-image-preview:large","max-video-preview":"max-video-preview:-1"},"canonical":"https:\/\/www.fcbarcelonanoticias.com\/en\/transfers\/fc-barcelona-chooses-serie-star-to-reinforce-the-left-wing_309030_102.html","og_locale":"en_US","og_type":"article","og_title":"FC Barcelona chooses a Serie A star to reinforce the left wing","og_description":"Khvicha Kvaratskhelia is reportedly making a name for himself at Bar\u00e7a. The Catalans see him as the ideal option both financially and sportingly","og_url":"https:\/\/www.fcbarcelonanoticias.com\/en\/transfers\/fc-barcelona-chooses-serie-star-to-reinforce-the-left-wing_309030_102.html","og_site_name":"EN - FC Barcelona Noticias","article_published_time":"2024-12-02T23:07:00+00:00","article_modified_time":"2024-12-03T01:37:00+00:00","og_image":[{"width":2560,"height":1737,"url":"https:\/\/www.fcbarcelonanoticias.com\/en\/wp-content\/uploads\/sites\/2\/2024\/12\/ac-milan-v-ssc-napoli-serie-a-1-scaled.jpeg","type":"image\/jpeg"}],"author":"Juan Pablo Berdugo","twitter_card":"summary_large_image","twitter_misc":{"Written by":"Juan Pablo Berdugo","Est. reading time":"1 minute"},"schema":{"@context":"https:\/\/schema.org","@graph":[{"@type":"Article","@id":"https:\/\/www.fcbarcelonanoticias.com\/en\/transfers\/fc-barcelona-chooses-serie-star-to-reinforce-the-left-wing_309030_102.html#article","isPartOf":{"@id":"https:\/\/www.fcbarcelonanoticias.com\/en\/transfers\/fc-barcelona-chooses-serie-star-to-reinforce-the-left-wing_309030_102.html"},"author":{"name":"Juan Pablo Berdugo","@id":"https:\/\/www.fcbarcelonanoticias.com\/en\/#\/schema\/person\/88d756918a0a1ae9fa593b5edddd1815"},"headline":"FC Barcelona chooses a Serie A star to reinforce the left wing","datePublished":"2024-12-02T23:07:00+00:00","dateModified":"2024-12-03T01:37:00+00:00","mainEntityOfPage":{"@id":"https:\/\/www.fcbarcelonanoticias.com\/en\/transfers\/fc-barcelona-chooses-serie-star-to-reinforce-the-left-wing_309030_102.html"},"wordCount":287,"image":{"@id":"https:\/\/www.fcbarcelonanoticias.com\/en\/transfers\/fc-barcelona-chooses-serie-star-to-reinforce-the-left-wing_309030_102.html#primaryimage"},"thumbnailUrl":"https:\/\/www.fcbarcelonanoticias.com\/en\/wp-content\/uploads\/sites\/2\/2024\/12\/ac-milan-v-ssc-napoli-serie-a-1-scaled.jpeg","keywords":["Napoli"],"articleSection":["Transfers","Transfers"],"inLanguage":"en-US"},{"@type":"WebPage","@id":"https:\/\/www.fcbarcelonanoticias.com\/en\/transfers\/fc-barcelona-chooses-serie-star-to-reinforce-the-left-wing_309030_102.html","url":"https:\/\/www.fcbarcelonanoticias.com\/en\/transfers\/fc-barcelona-chooses-serie-star-to-reinforce-the-left-wing_309030_102.html","name":"FC Barcelona chooses a Serie A star to reinforce the left wing","isPartOf":{"@id":"https:\/\/www.fcbarcelonanoticias.com\/en\/#website"},"primaryImageOfPage":{"@id":"https:\/\/www.fcbarcelonanoticias.com\/en\/transfers\/fc-barcelona-chooses-serie-star-to-reinforce-the-left-wing_309030_102.html#primaryimage"},"image":{"@id":"https:\/\/www.fcbarcelonanoticias.com\/en\/transfers\/fc-barcelona-chooses-serie-star-to-reinforce-the-left-wing_309030_102.html#primaryimage"},"thumbnailUrl":"https:\/\/www.fcbarcelonanoticias.com\/en\/wp-content\/uploads\/sites\/2\/2024\/12\/ac-milan-v-ssc-napoli-serie-a-1-scaled.jpeg","datePublished":"2024-12-02T23:07:00+00:00","dateModified":"2024-12-03T01:37:00+00:00","author":{"@id":"https:\/\/www.fcbarcelonanoticias.com\/en\/#\/schema\/person\/88d756918a0a1ae9fa593b5edddd1815"},"description":"Khvicha Kvaratskhelia is reportedly making a name for himself at Bar\u00e7a. The Catalans see him as the ideal option both financially and sportingly","breadcrumb":{"@id":"https:\/\/www.fcbarcelonanoticias.com\/en\/transfers\/fc-barcelona-chooses-serie-star-to-reinforce-the-left-wing_309030_102.html#breadcrumb"},"inLanguage":"en-US","potentialAction":[{"@type":"ReadAction","target":["https:\/\/www.fcbarcelonanoticias.com\/en\/transfers\/fc-barcelona-chooses-serie-star-to-reinforce-the-left-wing_309030_102.html"]}]},{"@type":"ImageObject","inLanguage":"en-US","@id":"https:\/\/www.fcbarcelonanoticias.com\/en\/transfers\/fc-barcelona-chooses-serie-star-to-reinforce-the-left-wing_309030_102.html#primaryimage","url":"https:\/\/www.fcbarcelonanoticias.com\/en\/wp-content\/uploads\/sites\/2\/2024\/12\/ac-milan-v-ssc-napoli-serie-a-1-scaled.jpeg","contentUrl":"https:\/\/www.fcbarcelonanoticias.com\/en\/wp-content\/uploads\/sites\/2\/2024\/12\/ac-milan-v-ssc-napoli-serie-a-1-scaled.jpeg","width":2560,"height":1737},{"@type":"BreadcrumbList","@id":"https:\/\/www.fcbarcelonanoticias.com\/en\/transfers\/fc-barcelona-chooses-serie-star-to-reinforce-the-left-wing_309030_102.html#breadcrumb","itemListElement":[{"@type":"ListItem","position":1,"name":"Portada","item":"https:\/\/www.fcbarcelonanoticias.com\/en\/"},{"@type":"ListItem","position":2,"name":"FC Barcelona chooses a Serie A star to reinforce the left wing"}]},{"@type":"WebSite","@id":"https:\/\/www.fcbarcelonanoticias.com\/en\/#website","url":"https:\/\/www.fcbarcelonanoticias.com\/en\/","name":"EN - FC Barcelona Noticias","description":"","potentialAction":[{"@type":"SearchAction","target":{"@type":"EntryPoint","urlTemplate":"https:\/\/www.fcbarcelonanoticias.com\/en\/?s={search_term_string}"},"query-input":{"@type":"PropertyValueSpecification","valueRequired":true,"valueName":"search_term_string"}}],"inLanguage":"en-US"},{"@type":"Person","@id":"https:\/\/www.fcbarcelonanoticias.com\/en\/#\/schema\/person\/88d756918a0a1ae9fa593b5edddd1815","name":"Juan Pablo Berdugo","image":{"@type":"ImageObject","inLanguage":"en-US","@id":"https:\/\/secure.gravatar.com\/avatar\/?s=96&d=mm&r=g","url":"https:\/\/secure.gravatar.com\/avatar\/?s=96&d=mm&r=g","contentUrl":"https:\/\/secure.gravatar.com\/avatar\/?s=96&d=mm&r=g","caption":"Juan Pablo Berdugo"},"description":"Juan Pablo Berdugo es graduado en Periodismo. Colabora con FCBN como especialista en informaci\u00f3n del primer equipo del FC Barcelona, f\u00fatbol internacional y mercado de fichajes. Destaca por su enfoque anal\u00edtico, su rigor informativo y su capacidad para detectar tendencias emergentes en el f\u00fatbol global.","url":"https:\/\/www.fcbarcelonanoticias.com\/en\/fc-barcelona\/juan-pablo-berdugo_18_115.html"}]}},"_links":{"self":[{"href":"https:\/\/www.fcbarcelonanoticias.com\/en\/wp-json\/wp\/v2\/posts\/92973","targetHints":{"allow":["GET"]}}],"collection":[{"href":"https:\/\/www.fcbarcelonanoticias.com\/en\/wp-json\/wp\/v2\/posts"}],"about":[{"href":"https:\/\/www.fcbarcelonanoticias.com\/en\/wp-json\/wp\/v2\/types\/post"}],"author":[{"embeddable":true,"href":"https:\/\/www.fcbarcelonanoticias.com\/en\/wp-json\/wp\/v2\/users\/358"}],"replies":[{"embeddable":true,"href":"https:\/\/www.fcbarcelonanoticias.com\/en\/wp-json\/wp\/v2\/comments?post=92973"}],"version-history":[{"count":1,"href":"https:\/\/www.fcbarcelonanoticias.com\/en\/wp-json\/wp\/v2\/posts\/92973\/revisions"}],"predecessor-version":[{"id":126536,"href":"https:\/\/www.fcbarcelonanoticias.com\/en\/wp-json\/wp\/v2\/posts\/92973\/revisions\/126536"}],"wp:featuredmedia":[{"embeddable":true,"href":"https:\/\/www.fcbarcelonanoticias.com\/en\/wp-json\/wp\/v2\/media\/92984"}],"wp:attachment":[{"href":"https:\/\/www.fcbarcelonanoticias.com\/en\/wp-json\/wp\/v2\/media?parent=92973"}],"wp:term":[{"taxonomy":"category","embeddable":true,"href":"https:\/\/www.fcbarcelonanoticias.com\/en\/wp-json\/wp\/v2\/categories?post=92973"},{"taxonomy":"post_tag","embeddable":true,"href":"https:\/\/www.fcbarcelonanoticias.com\/en\/wp-json\/wp\/v2\/tags?post=92973"}],"curies":[{"name":"wp","href":"https:\/\/api.w.org\/{rel}","templated":true}]}}