{"id":93012,"date":"2023-01-20T15:16:00","date_gmt":"2023-01-20T14:16:00","guid":{"rendered":"https:\/\/weisetech.dev\/fc-barcelona-noticias\/en\/barcelona-details-officially-purchase-option-by-carrasco_288811_102\/"},"modified":"2023-01-20T15:20:00","modified_gmt":"2023-01-20T14:20:00","slug":"barcelona-details-officially-purchase-option-by-carrasco_288811_102","status":"publish","type":"post","link":"https:\/\/www.fcbarcelonanoticias.com\/en\/transfers\/barcelona-details-officially-purchase-option-by-carrasco_288811_102.html","title":{"rendered":"Bar\u00e7a officially details the purchase option for Carrasco"},"content":{"rendered":"<h2 class=\"wp-block-heading\">Bar\u00e7a have made official the departure of Memphis Depay to Atl\u00e9tico de Madrid, and along with it, a preferential purchase option for Yannick Carrasco for the summer market<\/h2>  \r\n<div class=\"article-addons\">\r\n    <a href=\"https:\/\/www.fcbarcelonanoticias.com\/en\/calendar-fc-barcelona.html\"\r\n       target=\"_self\"\r\n       title=\"Calendar of FC Barcelona\"\r\n       class=\"blue-gredient-btn\">\r\n       \r\n        Calendar of FC Barcelona    <\/a>\r\n<\/div>   <p>The traspaso official of <a data-external=\"0\" data-intl-links-en=\"https:\/\/www.fcbarcelonanoticias.com\/en\/tags\/memphis-depay\" data-intl-links-es=\"https:\/\/www.fcbarcelonanoticias.com\/tags\/memphis-depay\" href=\"https:\/\/www.fcbarcelonanoticias.com\/en\/tags\/memphis-depay.html\" rel=\"follow\" target=\"_self\" title=\"Memphis Depay\">Memphis Depay<\/a> to the Athletic of Madrid from the FC Barcelona has desvelado achieve one of the most important details of the operation. <strong>And it is that the Barcelona group has ensured an option of preferential purchase by Yannick Carrasco<\/strong> of face to the next market veraniego.<\/p>  <p><strong>For anybody is a secret that the Belgian forward likes to Xavi Hern\u00e1ndez by his capacity in the one against one,<\/strong> in addition to that his leadership with the &#8216;Cholo&#8217; has gone in hammered in this season. In fact, his representative, Pini Zahavi, the one who has a big relation with Joan Laporta, ensured publicly that the wish of the player goes through to dress of blaugrana.<\/p>  <p>In principle, <strong>the idea of the the sportive direction cul\u00e9 went through to make a barter of footballers,<\/strong> but the posture of the colchoneros kept firm when considering that would be diminishing the real value of his player in the operation. It is thus that <strong>the formula that fit for all the parts was to add an option of purchase no compulsory<\/strong> in the purchase of Memphis.<\/p>  <h3>The figures of the agreement<\/h3>  <p>Although the mount fixed by <a data-external=\"0\" data-intl-links-en=\"https:\/\/www.fcbarcelonanoticias.com\/en\/tags\/atletico-de-madrid\" data-intl-links-es=\"https:\/\/www.fcbarcelonanoticias.com\/tags\/atletico-de-madrid\" href=\"https:\/\/www.fcbarcelonanoticias.com\/en\/tags\/atletico-de-madrid.html\" rel=\"follow\" target=\"_self\" title=\"Atl\u00e9tico de Madrid\">Carrasco<\/a> has not been desvelado by any of the entities, the true is that some media have desvelado which would be the numbers. As it aims the newspaper &#8216;Sportive World&#8217;, the<strong> option of purchase would be for the month of June and is valued in 20 million euros. <\/strong>However, the journalist Gerard Romero has a different information to the one of the newspaper.<\/p>  <p>The driver of &#8216;Jijantes FC&#8217; sustains that <strong>from the breast of the Bar\u00e7a aim that this mount would be of 15 millions, <\/strong>by what exists a dance between the quantities of this clause of purchase by the Belgian attacker. Anyway, the club has ensured be the first option for the forward of face to the 2023\/24. Xavi understands that has a big arsenal in the offensive front but no all will keep inside the once finalised team the course. <strong>Players like Ferran Torres and Raphinha have not left good feelings in the first-half of the season,<\/strong> what will leave them in the ramp of exit if they do not attain to improve his performance in the final stretch of the campaign. Everything is on the table<\/p> ","protected":false},"excerpt":{"rendered":"<p>Bar\u00e7a have made official the departure of Memphis Depay to Atl\u00e9tico de Madrid, and along with it, a preferential purchase option for Yannick Carrasco for the summer market The traspaso official of Memphis Depay to the Athletic of Madrid from the FC Barcelona has desvelado achieve one of the most important details of the operation. [&hellip;]<\/p>\n","protected":false},"author":0,"featured_media":93032,"comment_status":"closed","ping_status":"open","sticky":false,"template":"","format":"standard","meta":{"_acf_changed":false,"inline_featured_image":false,"_nextfly_llmd_date_locked":false,"footnotes":""},"categories":[449,106],"tags":[59,142],"class_list":["post-93012","post","type-post","status-publish","format-standard","has-post-thumbnail","hentry","category-transfers-2","category-transfers","tag-atletico-de-madrid","tag-memphis-depay"],"acf":[],"yoast_head":"<!-- This site is optimized with the Yoast SEO plugin v27.3 - https:\/\/yoast.com\/product\/yoast-seo-wordpress\/ -->\n<title>Bar\u00e7a officially details the purchase option for Carrasco<\/title>\n<meta name=\"description\" content=\"Bar\u00e7a have made official the departure of Memphis Depay to Atl\u00e9tico de Madrid, and along with it, a preferential purchase option for Yannick Carrasco for the summer market\" \/>\n<meta name=\"robots\" content=\"index, follow, max-snippet:-1, max-image-preview:large, max-video-preview:-1\" \/>\n<link rel=\"canonical\" href=\"https:\/\/www.fcbarcelonanoticias.com\/en\/transfers\/barcelona-details-officially-purchase-option-by-carrasco_288811_102.html\" \/>\n<meta property=\"og:locale\" content=\"en_US\" \/>\n<meta property=\"og:type\" content=\"article\" \/>\n<meta property=\"og:title\" content=\"Bar\u00e7a officially details the purchase option for Carrasco\" \/>\n<meta property=\"og:description\" content=\"Bar\u00e7a have made official the departure of Memphis Depay to Atl\u00e9tico de Madrid, and along with it, a preferential purchase option for Yannick Carrasco for the summer market\" \/>\n<meta property=\"og:url\" content=\"https:\/\/www.fcbarcelonanoticias.com\/en\/transfers\/barcelona-details-officially-purchase-option-by-carrasco_288811_102.html\" \/>\n<meta property=\"og:site_name\" content=\"EN - FC Barcelona Noticias\" \/>\n<meta property=\"article:published_time\" content=\"2023-01-20T14:16:00+00:00\" \/>\n<meta property=\"article:modified_time\" content=\"2023-01-20T14:20:00+00:00\" \/>\n<meta property=\"og:image\" content=\"https:\/\/www.fcbarcelonanoticias.com\/en\/wp-content\/uploads\/sites\/2\/2023\/01\/yannick-carrasco-con-el-atletico-de-madrid.jpeg\" \/>\n\t<meta property=\"og:image:width\" content=\"1300\" \/>\n\t<meta property=\"og:image:height\" content=\"749\" \/>\n\t<meta property=\"og:image:type\" content=\"image\/jpeg\" \/>\n<meta name=\"twitter:card\" content=\"summary_large_image\" \/>\n<meta name=\"twitter:label1\" content=\"Est. reading time\" \/>\n\t<meta name=\"twitter:data1\" content=\"2 minutes\" \/>\n<script type=\"application\/ld+json\" class=\"yoast-schema-graph\">{\"@context\":\"https:\\\/\\\/schema.org\",\"@graph\":[{\"@type\":\"Article\",\"@id\":\"https:\\\/\\\/www.fcbarcelonanoticias.com\\\/en\\\/transfers\\\/barcelona-details-officially-purchase-option-by-carrasco_288811_102.html#article\",\"isPartOf\":{\"@id\":\"https:\\\/\\\/www.fcbarcelonanoticias.com\\\/en\\\/transfers\\\/barcelona-details-officially-purchase-option-by-carrasco_288811_102.html\"},\"author\":{\"name\":\"\",\"@id\":\"\"},\"headline\":\"Bar\u00e7a officially details the purchase option for Carrasco\",\"datePublished\":\"2023-01-20T14:16:00+00:00\",\"dateModified\":\"2023-01-20T14:20:00+00:00\",\"mainEntityOfPage\":{\"@id\":\"https:\\\/\\\/www.fcbarcelonanoticias.com\\\/en\\\/transfers\\\/barcelona-details-officially-purchase-option-by-carrasco_288811_102.html\"},\"wordCount\":422,\"image\":{\"@id\":\"https:\\\/\\\/www.fcbarcelonanoticias.com\\\/en\\\/transfers\\\/barcelona-details-officially-purchase-option-by-carrasco_288811_102.html#primaryimage\"},\"thumbnailUrl\":\"https:\\\/\\\/www.fcbarcelonanoticias.com\\\/en\\\/wp-content\\\/uploads\\\/sites\\\/2\\\/2023\\\/01\\\/yannick-carrasco-con-el-atletico-de-madrid.jpeg\",\"keywords\":[\"Atl\u00e9tico de Madrid\",\"Memphis Depay\"],\"articleSection\":[\"Transfers\",\"Transfers\"],\"inLanguage\":\"en-US\"},{\"@type\":\"WebPage\",\"@id\":\"https:\\\/\\\/www.fcbarcelonanoticias.com\\\/en\\\/transfers\\\/barcelona-details-officially-purchase-option-by-carrasco_288811_102.html\",\"url\":\"https:\\\/\\\/www.fcbarcelonanoticias.com\\\/en\\\/transfers\\\/barcelona-details-officially-purchase-option-by-carrasco_288811_102.html\",\"name\":\"Bar\u00e7a officially details the purchase option for Carrasco\",\"isPartOf\":{\"@id\":\"https:\\\/\\\/www.fcbarcelonanoticias.com\\\/en\\\/#website\"},\"primaryImageOfPage\":{\"@id\":\"https:\\\/\\\/www.fcbarcelonanoticias.com\\\/en\\\/transfers\\\/barcelona-details-officially-purchase-option-by-carrasco_288811_102.html#primaryimage\"},\"image\":{\"@id\":\"https:\\\/\\\/www.fcbarcelonanoticias.com\\\/en\\\/transfers\\\/barcelona-details-officially-purchase-option-by-carrasco_288811_102.html#primaryimage\"},\"thumbnailUrl\":\"https:\\\/\\\/www.fcbarcelonanoticias.com\\\/en\\\/wp-content\\\/uploads\\\/sites\\\/2\\\/2023\\\/01\\\/yannick-carrasco-con-el-atletico-de-madrid.jpeg\",\"datePublished\":\"2023-01-20T14:16:00+00:00\",\"dateModified\":\"2023-01-20T14:20:00+00:00\",\"author\":{\"@id\":\"\"},\"description\":\"Bar\u00e7a have made official the departure of Memphis Depay to Atl\u00e9tico de Madrid, and along with it, a preferential purchase option for Yannick Carrasco for the summer market\",\"breadcrumb\":{\"@id\":\"https:\\\/\\\/www.fcbarcelonanoticias.com\\\/en\\\/transfers\\\/barcelona-details-officially-purchase-option-by-carrasco_288811_102.html#breadcrumb\"},\"inLanguage\":\"en-US\",\"potentialAction\":[{\"@type\":\"ReadAction\",\"target\":[\"https:\\\/\\\/www.fcbarcelonanoticias.com\\\/en\\\/transfers\\\/barcelona-details-officially-purchase-option-by-carrasco_288811_102.html\"]}]},{\"@type\":\"ImageObject\",\"inLanguage\":\"en-US\",\"@id\":\"https:\\\/\\\/www.fcbarcelonanoticias.com\\\/en\\\/transfers\\\/barcelona-details-officially-purchase-option-by-carrasco_288811_102.html#primaryimage\",\"url\":\"https:\\\/\\\/www.fcbarcelonanoticias.com\\\/en\\\/wp-content\\\/uploads\\\/sites\\\/2\\\/2023\\\/01\\\/yannick-carrasco-con-el-atletico-de-madrid.jpeg\",\"contentUrl\":\"https:\\\/\\\/www.fcbarcelonanoticias.com\\\/en\\\/wp-content\\\/uploads\\\/sites\\\/2\\\/2023\\\/01\\\/yannick-carrasco-con-el-atletico-de-madrid.jpeg\",\"width\":1300,\"height\":749},{\"@type\":\"BreadcrumbList\",\"@id\":\"https:\\\/\\\/www.fcbarcelonanoticias.com\\\/en\\\/transfers\\\/barcelona-details-officially-purchase-option-by-carrasco_288811_102.html#breadcrumb\",\"itemListElement\":[{\"@type\":\"ListItem\",\"position\":1,\"name\":\"Portada\",\"item\":\"https:\\\/\\\/www.fcbarcelonanoticias.com\\\/en\\\/\"},{\"@type\":\"ListItem\",\"position\":2,\"name\":\"Bar\u00e7a officially details the purchase option for Carrasco\"}]},{\"@type\":\"WebSite\",\"@id\":\"https:\\\/\\\/www.fcbarcelonanoticias.com\\\/en\\\/#website\",\"url\":\"https:\\\/\\\/www.fcbarcelonanoticias.com\\\/en\\\/\",\"name\":\"EN - FC Barcelona Noticias\",\"description\":\"\",\"potentialAction\":[{\"@type\":\"SearchAction\",\"target\":{\"@type\":\"EntryPoint\",\"urlTemplate\":\"https:\\\/\\\/www.fcbarcelonanoticias.com\\\/en\\\/?s={search_term_string}\"},\"query-input\":{\"@type\":\"PropertyValueSpecification\",\"valueRequired\":true,\"valueName\":\"search_term_string\"}}],\"inLanguage\":\"en-US\"}]}<\/script>\n<!-- \/ Yoast SEO plugin. -->","yoast_head_json":{"title":"Bar\u00e7a officially details the purchase option for Carrasco","description":"Bar\u00e7a have made official the departure of Memphis Depay to Atl\u00e9tico de Madrid, and along with it, a preferential purchase option for Yannick Carrasco for the summer market","robots":{"index":"index","follow":"follow","max-snippet":"max-snippet:-1","max-image-preview":"max-image-preview:large","max-video-preview":"max-video-preview:-1"},"canonical":"https:\/\/www.fcbarcelonanoticias.com\/en\/transfers\/barcelona-details-officially-purchase-option-by-carrasco_288811_102.html","og_locale":"en_US","og_type":"article","og_title":"Bar\u00e7a officially details the purchase option for Carrasco","og_description":"Bar\u00e7a have made official the departure of Memphis Depay to Atl\u00e9tico de Madrid, and along with it, a preferential purchase option for Yannick Carrasco for the summer market","og_url":"https:\/\/www.fcbarcelonanoticias.com\/en\/transfers\/barcelona-details-officially-purchase-option-by-carrasco_288811_102.html","og_site_name":"EN - FC Barcelona Noticias","article_published_time":"2023-01-20T14:16:00+00:00","article_modified_time":"2023-01-20T14:20:00+00:00","og_image":[{"width":1300,"height":749,"url":"https:\/\/www.fcbarcelonanoticias.com\/en\/wp-content\/uploads\/sites\/2\/2023\/01\/yannick-carrasco-con-el-atletico-de-madrid.jpeg","type":"image\/jpeg"}],"twitter_card":"summary_large_image","twitter_misc":{"Est. reading time":"2 minutes"},"schema":{"@context":"https:\/\/schema.org","@graph":[{"@type":"Article","@id":"https:\/\/www.fcbarcelonanoticias.com\/en\/transfers\/barcelona-details-officially-purchase-option-by-carrasco_288811_102.html#article","isPartOf":{"@id":"https:\/\/www.fcbarcelonanoticias.com\/en\/transfers\/barcelona-details-officially-purchase-option-by-carrasco_288811_102.html"},"author":{"name":"","@id":""},"headline":"Bar\u00e7a officially details the purchase option for Carrasco","datePublished":"2023-01-20T14:16:00+00:00","dateModified":"2023-01-20T14:20:00+00:00","mainEntityOfPage":{"@id":"https:\/\/www.fcbarcelonanoticias.com\/en\/transfers\/barcelona-details-officially-purchase-option-by-carrasco_288811_102.html"},"wordCount":422,"image":{"@id":"https:\/\/www.fcbarcelonanoticias.com\/en\/transfers\/barcelona-details-officially-purchase-option-by-carrasco_288811_102.html#primaryimage"},"thumbnailUrl":"https:\/\/www.fcbarcelonanoticias.com\/en\/wp-content\/uploads\/sites\/2\/2023\/01\/yannick-carrasco-con-el-atletico-de-madrid.jpeg","keywords":["Atl\u00e9tico de Madrid","Memphis Depay"],"articleSection":["Transfers","Transfers"],"inLanguage":"en-US"},{"@type":"WebPage","@id":"https:\/\/www.fcbarcelonanoticias.com\/en\/transfers\/barcelona-details-officially-purchase-option-by-carrasco_288811_102.html","url":"https:\/\/www.fcbarcelonanoticias.com\/en\/transfers\/barcelona-details-officially-purchase-option-by-carrasco_288811_102.html","name":"Bar\u00e7a officially details the purchase option for Carrasco","isPartOf":{"@id":"https:\/\/www.fcbarcelonanoticias.com\/en\/#website"},"primaryImageOfPage":{"@id":"https:\/\/www.fcbarcelonanoticias.com\/en\/transfers\/barcelona-details-officially-purchase-option-by-carrasco_288811_102.html#primaryimage"},"image":{"@id":"https:\/\/www.fcbarcelonanoticias.com\/en\/transfers\/barcelona-details-officially-purchase-option-by-carrasco_288811_102.html#primaryimage"},"thumbnailUrl":"https:\/\/www.fcbarcelonanoticias.com\/en\/wp-content\/uploads\/sites\/2\/2023\/01\/yannick-carrasco-con-el-atletico-de-madrid.jpeg","datePublished":"2023-01-20T14:16:00+00:00","dateModified":"2023-01-20T14:20:00+00:00","author":{"@id":""},"description":"Bar\u00e7a have made official the departure of Memphis Depay to Atl\u00e9tico de Madrid, and along with it, a preferential purchase option for Yannick Carrasco for the summer market","breadcrumb":{"@id":"https:\/\/www.fcbarcelonanoticias.com\/en\/transfers\/barcelona-details-officially-purchase-option-by-carrasco_288811_102.html#breadcrumb"},"inLanguage":"en-US","potentialAction":[{"@type":"ReadAction","target":["https:\/\/www.fcbarcelonanoticias.com\/en\/transfers\/barcelona-details-officially-purchase-option-by-carrasco_288811_102.html"]}]},{"@type":"ImageObject","inLanguage":"en-US","@id":"https:\/\/www.fcbarcelonanoticias.com\/en\/transfers\/barcelona-details-officially-purchase-option-by-carrasco_288811_102.html#primaryimage","url":"https:\/\/www.fcbarcelonanoticias.com\/en\/wp-content\/uploads\/sites\/2\/2023\/01\/yannick-carrasco-con-el-atletico-de-madrid.jpeg","contentUrl":"https:\/\/www.fcbarcelonanoticias.com\/en\/wp-content\/uploads\/sites\/2\/2023\/01\/yannick-carrasco-con-el-atletico-de-madrid.jpeg","width":1300,"height":749},{"@type":"BreadcrumbList","@id":"https:\/\/www.fcbarcelonanoticias.com\/en\/transfers\/barcelona-details-officially-purchase-option-by-carrasco_288811_102.html#breadcrumb","itemListElement":[{"@type":"ListItem","position":1,"name":"Portada","item":"https:\/\/www.fcbarcelonanoticias.com\/en\/"},{"@type":"ListItem","position":2,"name":"Bar\u00e7a officially details the purchase option for Carrasco"}]},{"@type":"WebSite","@id":"https:\/\/www.fcbarcelonanoticias.com\/en\/#website","url":"https:\/\/www.fcbarcelonanoticias.com\/en\/","name":"EN - FC Barcelona Noticias","description":"","potentialAction":[{"@type":"SearchAction","target":{"@type":"EntryPoint","urlTemplate":"https:\/\/www.fcbarcelonanoticias.com\/en\/?s={search_term_string}"},"query-input":{"@type":"PropertyValueSpecification","valueRequired":true,"valueName":"search_term_string"}}],"inLanguage":"en-US"}]}},"_links":{"self":[{"href":"https:\/\/www.fcbarcelonanoticias.com\/en\/wp-json\/wp\/v2\/posts\/93012","targetHints":{"allow":["GET"]}}],"collection":[{"href":"https:\/\/www.fcbarcelonanoticias.com\/en\/wp-json\/wp\/v2\/posts"}],"about":[{"href":"https:\/\/www.fcbarcelonanoticias.com\/en\/wp-json\/wp\/v2\/types\/post"}],"replies":[{"embeddable":true,"href":"https:\/\/www.fcbarcelonanoticias.com\/en\/wp-json\/wp\/v2\/comments?post=93012"}],"version-history":[{"count":1,"href":"https:\/\/www.fcbarcelonanoticias.com\/en\/wp-json\/wp\/v2\/posts\/93012\/revisions"}],"predecessor-version":[{"id":124927,"href":"https:\/\/www.fcbarcelonanoticias.com\/en\/wp-json\/wp\/v2\/posts\/93012\/revisions\/124927"}],"wp:featuredmedia":[{"embeddable":true,"href":"https:\/\/www.fcbarcelonanoticias.com\/en\/wp-json\/wp\/v2\/media\/93032"}],"wp:attachment":[{"href":"https:\/\/www.fcbarcelonanoticias.com\/en\/wp-json\/wp\/v2\/media?parent=93012"}],"wp:term":[{"taxonomy":"category","embeddable":true,"href":"https:\/\/www.fcbarcelonanoticias.com\/en\/wp-json\/wp\/v2\/categories?post=93012"},{"taxonomy":"post_tag","embeddable":true,"href":"https:\/\/www.fcbarcelonanoticias.com\/en\/wp-json\/wp\/v2\/tags?post=93012"}],"curies":[{"name":"wp","href":"https:\/\/api.w.org\/{rel}","templated":true}]}}