{"id":93215,"date":"2024-11-17T08:45:00","date_gmt":"2024-11-17T07:45:00","guid":{"rendered":"https:\/\/weisetech.dev\/fc-barcelona-noticias\/en\/barcelona-firm-stance-on-the-future-of-mainstay-hansi-flick_308665_102\/"},"modified":"2024-11-18T08:29:00","modified_gmt":"2024-11-18T07:29:00","slug":"barcelona-firm-stance-on-the-future-of-mainstay-hansi-flick_308665_102","status":"publish","type":"post","link":"https:\/\/www.fcbarcelonanoticias.com\/en\/transfers\/barcelona-firm-stance-on-the-future-of-mainstay-hansi-flick_308665_102.html","title":{"rendered":"Barcelona&#8217;s firm stance on the future of a &#8216;mainstay&#8217; Hansi Flick"},"content":{"rendered":"<h2 class=\"wp-block-heading\">I\u00f1igo Mart\u00ednez has earned his continuity at Bar\u00e7a. The Catalans are delighted with the Basque&#8217;s performance and will renew his contract no matter what<\/h2>  \r\n<div class=\"article-addons\">\r\n    <a href=\"https:\/\/www.fcbarcelonanoticias.com\/en\/calendar-fc-barcelona.html\"\r\n       target=\"_self\"\r\n       title=\"Calendar of FC Barcelona\"\r\n       class=\"blue-gredient-btn\">\r\n       \r\n        Calendar of FC Barcelona    <\/a>\r\n<\/div>   <p><strong>I\u00f1igo Mart\u00ednez<\/strong> is playing his breakthrough season at <strong>FC Barcelona<\/strong>. The Basque has played in 16 official matches for the Blaugrana team, and with 20 more matches he will ensure his automatic renewal for another year until the 2025-26 season, since his contract stipulates that he must play 60% of the Bar\u00e7a team&#8217;s official matches to extend his contract for another year.<\/p>  <p>However, <a data-external=\"0\" data-intl-links-en=\"https:\/\/www.fcbarcelonanoticias.com\/en\/transfers\/deco-meets-with-the-agent-of-barcelona-veteran-to-speed-up-his-renewal_308588_102.html\" data-intl-links-es=\"https:\/\/www.fcbarcelonanoticias.com\/fichajes\/deco-se-reune-con-agente-veterano-barcelona-para-apurar-su-renovacion_308588_102.html\" href=\"https:\/\/www.fcbarcelonanoticias.com\/en\/transfers\/deco-meets-with-the-agent-of-barcelona-veteran-to-speed-up-his-renewal_308588_102.html\" rel=\"follow\" target=\"_self\" title=\"Deco meets with the agent of a Barcelona veteran... to speed up his renewal?\">at Can Bar\u00e7a they intend to extend the defender&#8217;s commitment beyond what was agreed on paper<\/a>. The Catalans are more than satisfied with his performance and the player is having a &#8216;sweet&#8217; moment under the orders of <strong>Hansi Flick<\/strong>, who considers it a priority to close Mart\u00ednez&#8217;s continuity for another season.<\/p>  <h3>I\u00f1igo&#8217;s renewal is practically confirmed<\/h3>  <p>Thus, and as reported in &#8216;SPORT&#8217;, <strong>I\u00f1igo&#8217;s renewal until June 2026 is practically confirmed <\/strong>and only the deadlines for it would be missing, since, at the moment, there are more urgent files such <a data-external=\"0\" data-intl-links-en=\"https:\/\/www.fcbarcelonanoticias.com\/en\/transfers\/dani-olmo-fixes-position-regarding-his-future-barcelona-laporta-breathes_308603_102.html\" data-intl-links-es=\"https:\/\/www.fcbarcelonanoticias.com\/fichajes\/dani-olmo-fija-postura-con-respecto-su-futuro-barcelona-laporta-respira_308603_102.html\" href=\"https:\/\/www.fcbarcelonanoticias.com\/en\/transfers\/dani-olmo-fixes-position-regarding-his-future-barcelona-laporta-breathes_308603_102.html\" rel=\"follow\" target=\"_self\" title=\"Dani Olmo sets his position regarding his future at Barcelona, \u200b\u200bLaporta breathes\">as those of Dani Olmo and Pau V\u00edctor, which must be resolved from January 1<\/a>.<\/p>  <p>The extension of the central defender&#8217;s stay in Barcelona is a reward for his great present in the team. The player forms one of the most reliable duos on the continent together with <strong>Pau Cubars\u00ed<\/strong>, and his importance transcends the playing fields, since his leadership and hierarchy keep him as a &#8216;mirror&#8217; for the youngest.<\/p>  <p>Details that delight the coach and the sports management, who do not want to miss one of the bastions of the new project that is being developed at the <strong>Spotify Camp Nou<\/strong> with <strong>Flick <\/strong>at the helm.<\/p> ","protected":false},"excerpt":{"rendered":"<p>I\u00f1igo Mart\u00ednez has earned his continuity at Bar\u00e7a. The Catalans are delighted with the Basque&#8217;s performance and will renew his contract no matter what I\u00f1igo Mart\u00ednez is playing his breakthrough season at FC Barcelona. The Basque has played in 16 official matches for the Blaugrana team, and with 20 more matches he will ensure his [&hellip;]<\/p>\n","protected":false},"author":358,"featured_media":93237,"comment_status":"closed","ping_status":"open","sticky":false,"template":"","format":"standard","meta":{"_acf_changed":false,"inline_featured_image":false,"_nextfly_llmd_date_locked":false,"footnotes":""},"categories":[449,106],"tags":[87],"class_list":["post-93215","post","type-post","status-publish","format-standard","has-post-thumbnail","hentry","category-transfers-2","category-transfers","tag-hansi-flick"],"acf":[],"yoast_head":"<!-- This site is optimized with the Yoast SEO plugin v27.3 - https:\/\/yoast.com\/product\/yoast-seo-wordpress\/ -->\n<title>Barcelona&#039;s firm stance on the future of a &#039;mainstay&#039; Hansi Flick<\/title>\n<meta name=\"description\" content=\"I\u00f1igo Mart\u00ednez has earned his continuity at Bar\u00e7a. The Catalans are delighted with the Basque&#039;s performance and will renew his contract no matter what\" \/>\n<meta name=\"robots\" content=\"index, follow, max-snippet:-1, max-image-preview:large, max-video-preview:-1\" \/>\n<link rel=\"canonical\" href=\"https:\/\/www.fcbarcelonanoticias.com\/en\/transfers\/barcelona-firm-stance-on-the-future-of-mainstay-hansi-flick_308665_102.html\" \/>\n<meta property=\"og:locale\" content=\"en_US\" \/>\n<meta property=\"og:type\" content=\"article\" \/>\n<meta property=\"og:title\" content=\"Barcelona&#039;s firm stance on the future of a &#039;mainstay&#039; Hansi Flick\" \/>\n<meta property=\"og:description\" content=\"I\u00f1igo Mart\u00ednez has earned his continuity at Bar\u00e7a. The Catalans are delighted with the Basque&#039;s performance and will renew his contract no matter what\" \/>\n<meta property=\"og:url\" content=\"https:\/\/www.fcbarcelonanoticias.com\/en\/transfers\/barcelona-firm-stance-on-the-future-of-mainstay-hansi-flick_308665_102.html\" \/>\n<meta property=\"og:site_name\" content=\"EN - FC Barcelona Noticias\" \/>\n<meta property=\"article:published_time\" content=\"2024-11-17T07:45:00+00:00\" \/>\n<meta property=\"article:modified_time\" content=\"2024-11-18T07:29:00+00:00\" \/>\n<meta property=\"og:image\" content=\"https:\/\/www.fcbarcelonanoticias.com\/en\/wp-content\/uploads\/sites\/2\/2024\/11\/inigo-martinez-raphinha.jpeg\" \/>\n\t<meta property=\"og:image:width\" content=\"1250\" \/>\n\t<meta property=\"og:image:height\" content=\"730\" \/>\n\t<meta property=\"og:image:type\" content=\"image\/jpeg\" \/>\n<meta name=\"author\" content=\"Juan Pablo Berdugo\" \/>\n<meta name=\"twitter:card\" content=\"summary_large_image\" \/>\n<meta name=\"twitter:label1\" content=\"Written by\" \/>\n\t<meta name=\"twitter:data1\" content=\"Juan Pablo Berdugo\" \/>\n\t<meta name=\"twitter:label2\" content=\"Est. reading time\" \/>\n\t<meta name=\"twitter:data2\" content=\"1 minute\" \/>\n<script type=\"application\/ld+json\" class=\"yoast-schema-graph\">{\"@context\":\"https:\\\/\\\/schema.org\",\"@graph\":[{\"@type\":\"Article\",\"@id\":\"https:\\\/\\\/www.fcbarcelonanoticias.com\\\/en\\\/transfers\\\/barcelona-firm-stance-on-the-future-of-mainstay-hansi-flick_308665_102.html#article\",\"isPartOf\":{\"@id\":\"https:\\\/\\\/www.fcbarcelonanoticias.com\\\/en\\\/transfers\\\/barcelona-firm-stance-on-the-future-of-mainstay-hansi-flick_308665_102.html\"},\"author\":{\"name\":\"Juan Pablo Berdugo\",\"@id\":\"https:\\\/\\\/www.fcbarcelonanoticias.com\\\/en\\\/#\\\/schema\\\/person\\\/88d756918a0a1ae9fa593b5edddd1815\"},\"headline\":\"Barcelona&#8217;s firm stance on the future of a &#8216;mainstay&#8217; Hansi Flick\",\"datePublished\":\"2024-11-17T07:45:00+00:00\",\"dateModified\":\"2024-11-18T07:29:00+00:00\",\"mainEntityOfPage\":{\"@id\":\"https:\\\/\\\/www.fcbarcelonanoticias.com\\\/en\\\/transfers\\\/barcelona-firm-stance-on-the-future-of-mainstay-hansi-flick_308665_102.html\"},\"wordCount\":308,\"image\":{\"@id\":\"https:\\\/\\\/www.fcbarcelonanoticias.com\\\/en\\\/transfers\\\/barcelona-firm-stance-on-the-future-of-mainstay-hansi-flick_308665_102.html#primaryimage\"},\"thumbnailUrl\":\"https:\\\/\\\/www.fcbarcelonanoticias.com\\\/en\\\/wp-content\\\/uploads\\\/sites\\\/2\\\/2024\\\/11\\\/inigo-martinez-raphinha.jpeg\",\"keywords\":[\"Hansi Flick\"],\"articleSection\":[\"Transfers\",\"Transfers\"],\"inLanguage\":\"en-US\"},{\"@type\":\"WebPage\",\"@id\":\"https:\\\/\\\/www.fcbarcelonanoticias.com\\\/en\\\/transfers\\\/barcelona-firm-stance-on-the-future-of-mainstay-hansi-flick_308665_102.html\",\"url\":\"https:\\\/\\\/www.fcbarcelonanoticias.com\\\/en\\\/transfers\\\/barcelona-firm-stance-on-the-future-of-mainstay-hansi-flick_308665_102.html\",\"name\":\"Barcelona's firm stance on the future of a 'mainstay' Hansi Flick\",\"isPartOf\":{\"@id\":\"https:\\\/\\\/www.fcbarcelonanoticias.com\\\/en\\\/#website\"},\"primaryImageOfPage\":{\"@id\":\"https:\\\/\\\/www.fcbarcelonanoticias.com\\\/en\\\/transfers\\\/barcelona-firm-stance-on-the-future-of-mainstay-hansi-flick_308665_102.html#primaryimage\"},\"image\":{\"@id\":\"https:\\\/\\\/www.fcbarcelonanoticias.com\\\/en\\\/transfers\\\/barcelona-firm-stance-on-the-future-of-mainstay-hansi-flick_308665_102.html#primaryimage\"},\"thumbnailUrl\":\"https:\\\/\\\/www.fcbarcelonanoticias.com\\\/en\\\/wp-content\\\/uploads\\\/sites\\\/2\\\/2024\\\/11\\\/inigo-martinez-raphinha.jpeg\",\"datePublished\":\"2024-11-17T07:45:00+00:00\",\"dateModified\":\"2024-11-18T07:29:00+00:00\",\"author\":{\"@id\":\"https:\\\/\\\/www.fcbarcelonanoticias.com\\\/en\\\/#\\\/schema\\\/person\\\/88d756918a0a1ae9fa593b5edddd1815\"},\"description\":\"I\u00f1igo Mart\u00ednez has earned his continuity at Bar\u00e7a. The Catalans are delighted with the Basque's performance and will renew his contract no matter what\",\"breadcrumb\":{\"@id\":\"https:\\\/\\\/www.fcbarcelonanoticias.com\\\/en\\\/transfers\\\/barcelona-firm-stance-on-the-future-of-mainstay-hansi-flick_308665_102.html#breadcrumb\"},\"inLanguage\":\"en-US\",\"potentialAction\":[{\"@type\":\"ReadAction\",\"target\":[\"https:\\\/\\\/www.fcbarcelonanoticias.com\\\/en\\\/transfers\\\/barcelona-firm-stance-on-the-future-of-mainstay-hansi-flick_308665_102.html\"]}]},{\"@type\":\"ImageObject\",\"inLanguage\":\"en-US\",\"@id\":\"https:\\\/\\\/www.fcbarcelonanoticias.com\\\/en\\\/transfers\\\/barcelona-firm-stance-on-the-future-of-mainstay-hansi-flick_308665_102.html#primaryimage\",\"url\":\"https:\\\/\\\/www.fcbarcelonanoticias.com\\\/en\\\/wp-content\\\/uploads\\\/sites\\\/2\\\/2024\\\/11\\\/inigo-martinez-raphinha.jpeg\",\"contentUrl\":\"https:\\\/\\\/www.fcbarcelonanoticias.com\\\/en\\\/wp-content\\\/uploads\\\/sites\\\/2\\\/2024\\\/11\\\/inigo-martinez-raphinha.jpeg\",\"width\":1250,\"height\":730},{\"@type\":\"BreadcrumbList\",\"@id\":\"https:\\\/\\\/www.fcbarcelonanoticias.com\\\/en\\\/transfers\\\/barcelona-firm-stance-on-the-future-of-mainstay-hansi-flick_308665_102.html#breadcrumb\",\"itemListElement\":[{\"@type\":\"ListItem\",\"position\":1,\"name\":\"Portada\",\"item\":\"https:\\\/\\\/www.fcbarcelonanoticias.com\\\/en\\\/\"},{\"@type\":\"ListItem\",\"position\":2,\"name\":\"Barcelona&#8217;s firm stance on the future of a &#8216;mainstay&#8217; Hansi Flick\"}]},{\"@type\":\"WebSite\",\"@id\":\"https:\\\/\\\/www.fcbarcelonanoticias.com\\\/en\\\/#website\",\"url\":\"https:\\\/\\\/www.fcbarcelonanoticias.com\\\/en\\\/\",\"name\":\"EN - FC Barcelona Noticias\",\"description\":\"\",\"potentialAction\":[{\"@type\":\"SearchAction\",\"target\":{\"@type\":\"EntryPoint\",\"urlTemplate\":\"https:\\\/\\\/www.fcbarcelonanoticias.com\\\/en\\\/?s={search_term_string}\"},\"query-input\":{\"@type\":\"PropertyValueSpecification\",\"valueRequired\":true,\"valueName\":\"search_term_string\"}}],\"inLanguage\":\"en-US\"},{\"@type\":\"Person\",\"@id\":\"https:\\\/\\\/www.fcbarcelonanoticias.com\\\/en\\\/#\\\/schema\\\/person\\\/88d756918a0a1ae9fa593b5edddd1815\",\"name\":\"Juan Pablo Berdugo\",\"image\":{\"@type\":\"ImageObject\",\"inLanguage\":\"en-US\",\"@id\":\"https:\\\/\\\/secure.gravatar.com\\\/avatar\\\/?s=96&d=mm&r=g\",\"url\":\"https:\\\/\\\/secure.gravatar.com\\\/avatar\\\/?s=96&d=mm&r=g\",\"contentUrl\":\"https:\\\/\\\/secure.gravatar.com\\\/avatar\\\/?s=96&d=mm&r=g\",\"caption\":\"Juan Pablo Berdugo\"},\"description\":\"Juan Pablo Berdugo es graduado en Periodismo. Colabora con FCBN como especialista en informaci\u00f3n del primer equipo del FC Barcelona, f\u00fatbol internacional y mercado de fichajes. Destaca por su enfoque anal\u00edtico, su rigor informativo y su capacidad para detectar tendencias emergentes en el f\u00fatbol global.\",\"url\":\"https:\\\/\\\/www.fcbarcelonanoticias.com\\\/en\\\/fc-barcelona\\\/juan-pablo-berdugo_18_115.html\"}]}<\/script>\n<!-- \/ Yoast SEO plugin. -->","yoast_head_json":{"title":"Barcelona's firm stance on the future of a 'mainstay' Hansi Flick","description":"I\u00f1igo Mart\u00ednez has earned his continuity at Bar\u00e7a. The Catalans are delighted with the Basque's performance and will renew his contract no matter what","robots":{"index":"index","follow":"follow","max-snippet":"max-snippet:-1","max-image-preview":"max-image-preview:large","max-video-preview":"max-video-preview:-1"},"canonical":"https:\/\/www.fcbarcelonanoticias.com\/en\/transfers\/barcelona-firm-stance-on-the-future-of-mainstay-hansi-flick_308665_102.html","og_locale":"en_US","og_type":"article","og_title":"Barcelona's firm stance on the future of a 'mainstay' Hansi Flick","og_description":"I\u00f1igo Mart\u00ednez has earned his continuity at Bar\u00e7a. The Catalans are delighted with the Basque's performance and will renew his contract no matter what","og_url":"https:\/\/www.fcbarcelonanoticias.com\/en\/transfers\/barcelona-firm-stance-on-the-future-of-mainstay-hansi-flick_308665_102.html","og_site_name":"EN - FC Barcelona Noticias","article_published_time":"2024-11-17T07:45:00+00:00","article_modified_time":"2024-11-18T07:29:00+00:00","og_image":[{"width":1250,"height":730,"url":"https:\/\/www.fcbarcelonanoticias.com\/en\/wp-content\/uploads\/sites\/2\/2024\/11\/inigo-martinez-raphinha.jpeg","type":"image\/jpeg"}],"author":"Juan Pablo Berdugo","twitter_card":"summary_large_image","twitter_misc":{"Written by":"Juan Pablo Berdugo","Est. reading time":"1 minute"},"schema":{"@context":"https:\/\/schema.org","@graph":[{"@type":"Article","@id":"https:\/\/www.fcbarcelonanoticias.com\/en\/transfers\/barcelona-firm-stance-on-the-future-of-mainstay-hansi-flick_308665_102.html#article","isPartOf":{"@id":"https:\/\/www.fcbarcelonanoticias.com\/en\/transfers\/barcelona-firm-stance-on-the-future-of-mainstay-hansi-flick_308665_102.html"},"author":{"name":"Juan Pablo Berdugo","@id":"https:\/\/www.fcbarcelonanoticias.com\/en\/#\/schema\/person\/88d756918a0a1ae9fa593b5edddd1815"},"headline":"Barcelona&#8217;s firm stance on the future of a &#8216;mainstay&#8217; Hansi Flick","datePublished":"2024-11-17T07:45:00+00:00","dateModified":"2024-11-18T07:29:00+00:00","mainEntityOfPage":{"@id":"https:\/\/www.fcbarcelonanoticias.com\/en\/transfers\/barcelona-firm-stance-on-the-future-of-mainstay-hansi-flick_308665_102.html"},"wordCount":308,"image":{"@id":"https:\/\/www.fcbarcelonanoticias.com\/en\/transfers\/barcelona-firm-stance-on-the-future-of-mainstay-hansi-flick_308665_102.html#primaryimage"},"thumbnailUrl":"https:\/\/www.fcbarcelonanoticias.com\/en\/wp-content\/uploads\/sites\/2\/2024\/11\/inigo-martinez-raphinha.jpeg","keywords":["Hansi Flick"],"articleSection":["Transfers","Transfers"],"inLanguage":"en-US"},{"@type":"WebPage","@id":"https:\/\/www.fcbarcelonanoticias.com\/en\/transfers\/barcelona-firm-stance-on-the-future-of-mainstay-hansi-flick_308665_102.html","url":"https:\/\/www.fcbarcelonanoticias.com\/en\/transfers\/barcelona-firm-stance-on-the-future-of-mainstay-hansi-flick_308665_102.html","name":"Barcelona's firm stance on the future of a 'mainstay' Hansi Flick","isPartOf":{"@id":"https:\/\/www.fcbarcelonanoticias.com\/en\/#website"},"primaryImageOfPage":{"@id":"https:\/\/www.fcbarcelonanoticias.com\/en\/transfers\/barcelona-firm-stance-on-the-future-of-mainstay-hansi-flick_308665_102.html#primaryimage"},"image":{"@id":"https:\/\/www.fcbarcelonanoticias.com\/en\/transfers\/barcelona-firm-stance-on-the-future-of-mainstay-hansi-flick_308665_102.html#primaryimage"},"thumbnailUrl":"https:\/\/www.fcbarcelonanoticias.com\/en\/wp-content\/uploads\/sites\/2\/2024\/11\/inigo-martinez-raphinha.jpeg","datePublished":"2024-11-17T07:45:00+00:00","dateModified":"2024-11-18T07:29:00+00:00","author":{"@id":"https:\/\/www.fcbarcelonanoticias.com\/en\/#\/schema\/person\/88d756918a0a1ae9fa593b5edddd1815"},"description":"I\u00f1igo Mart\u00ednez has earned his continuity at Bar\u00e7a. The Catalans are delighted with the Basque's performance and will renew his contract no matter what","breadcrumb":{"@id":"https:\/\/www.fcbarcelonanoticias.com\/en\/transfers\/barcelona-firm-stance-on-the-future-of-mainstay-hansi-flick_308665_102.html#breadcrumb"},"inLanguage":"en-US","potentialAction":[{"@type":"ReadAction","target":["https:\/\/www.fcbarcelonanoticias.com\/en\/transfers\/barcelona-firm-stance-on-the-future-of-mainstay-hansi-flick_308665_102.html"]}]},{"@type":"ImageObject","inLanguage":"en-US","@id":"https:\/\/www.fcbarcelonanoticias.com\/en\/transfers\/barcelona-firm-stance-on-the-future-of-mainstay-hansi-flick_308665_102.html#primaryimage","url":"https:\/\/www.fcbarcelonanoticias.com\/en\/wp-content\/uploads\/sites\/2\/2024\/11\/inigo-martinez-raphinha.jpeg","contentUrl":"https:\/\/www.fcbarcelonanoticias.com\/en\/wp-content\/uploads\/sites\/2\/2024\/11\/inigo-martinez-raphinha.jpeg","width":1250,"height":730},{"@type":"BreadcrumbList","@id":"https:\/\/www.fcbarcelonanoticias.com\/en\/transfers\/barcelona-firm-stance-on-the-future-of-mainstay-hansi-flick_308665_102.html#breadcrumb","itemListElement":[{"@type":"ListItem","position":1,"name":"Portada","item":"https:\/\/www.fcbarcelonanoticias.com\/en\/"},{"@type":"ListItem","position":2,"name":"Barcelona&#8217;s firm stance on the future of a &#8216;mainstay&#8217; Hansi Flick"}]},{"@type":"WebSite","@id":"https:\/\/www.fcbarcelonanoticias.com\/en\/#website","url":"https:\/\/www.fcbarcelonanoticias.com\/en\/","name":"EN - FC Barcelona Noticias","description":"","potentialAction":[{"@type":"SearchAction","target":{"@type":"EntryPoint","urlTemplate":"https:\/\/www.fcbarcelonanoticias.com\/en\/?s={search_term_string}"},"query-input":{"@type":"PropertyValueSpecification","valueRequired":true,"valueName":"search_term_string"}}],"inLanguage":"en-US"},{"@type":"Person","@id":"https:\/\/www.fcbarcelonanoticias.com\/en\/#\/schema\/person\/88d756918a0a1ae9fa593b5edddd1815","name":"Juan Pablo Berdugo","image":{"@type":"ImageObject","inLanguage":"en-US","@id":"https:\/\/secure.gravatar.com\/avatar\/?s=96&d=mm&r=g","url":"https:\/\/secure.gravatar.com\/avatar\/?s=96&d=mm&r=g","contentUrl":"https:\/\/secure.gravatar.com\/avatar\/?s=96&d=mm&r=g","caption":"Juan Pablo Berdugo"},"description":"Juan Pablo Berdugo es graduado en Periodismo. Colabora con FCBN como especialista en informaci\u00f3n del primer equipo del FC Barcelona, f\u00fatbol internacional y mercado de fichajes. Destaca por su enfoque anal\u00edtico, su rigor informativo y su capacidad para detectar tendencias emergentes en el f\u00fatbol global.","url":"https:\/\/www.fcbarcelonanoticias.com\/en\/fc-barcelona\/juan-pablo-berdugo_18_115.html"}]}},"_links":{"self":[{"href":"https:\/\/www.fcbarcelonanoticias.com\/en\/wp-json\/wp\/v2\/posts\/93215","targetHints":{"allow":["GET"]}}],"collection":[{"href":"https:\/\/www.fcbarcelonanoticias.com\/en\/wp-json\/wp\/v2\/posts"}],"about":[{"href":"https:\/\/www.fcbarcelonanoticias.com\/en\/wp-json\/wp\/v2\/types\/post"}],"author":[{"embeddable":true,"href":"https:\/\/www.fcbarcelonanoticias.com\/en\/wp-json\/wp\/v2\/users\/358"}],"replies":[{"embeddable":true,"href":"https:\/\/www.fcbarcelonanoticias.com\/en\/wp-json\/wp\/v2\/comments?post=93215"}],"version-history":[{"count":1,"href":"https:\/\/www.fcbarcelonanoticias.com\/en\/wp-json\/wp\/v2\/posts\/93215\/revisions"}],"predecessor-version":[{"id":125068,"href":"https:\/\/www.fcbarcelonanoticias.com\/en\/wp-json\/wp\/v2\/posts\/93215\/revisions\/125068"}],"wp:featuredmedia":[{"embeddable":true,"href":"https:\/\/www.fcbarcelonanoticias.com\/en\/wp-json\/wp\/v2\/media\/93237"}],"wp:attachment":[{"href":"https:\/\/www.fcbarcelonanoticias.com\/en\/wp-json\/wp\/v2\/media?parent=93215"}],"wp:term":[{"taxonomy":"category","embeddable":true,"href":"https:\/\/www.fcbarcelonanoticias.com\/en\/wp-json\/wp\/v2\/categories?post=93215"},{"taxonomy":"post_tag","embeddable":true,"href":"https:\/\/www.fcbarcelonanoticias.com\/en\/wp-json\/wp\/v2\/tags?post=93215"}],"curies":[{"name":"wp","href":"https:\/\/api.w.org\/{rel}","templated":true}]}}