{"id":93310,"date":"2023-04-23T10:58:00","date_gmt":"2023-04-23T08:58:00","guid":{"rendered":"https:\/\/weisetech.dev\/fc-barcelona-noticias\/en\/barcelona-doesn-t-rule-noussair-mazraoui-summer_291773_102\/"},"modified":"2023-04-23T12:15:00","modified_gmt":"2023-04-23T10:15:00","slug":"barcelona-doesn-t-rule-noussair-mazraoui-summer_291773_102","status":"publish","type":"post","link":"https:\/\/www.fcbarcelonanoticias.com\/en\/transfers\/barcelona-doesn-t-rule-noussair-mazraoui-summer_291773_102.html","title":{"rendered":"Bar\u00e7a does not rule out Noussair Mazraoui for the summer"},"content":{"rendered":"<h2 class=\"wp-block-heading\">FC Barcelona does not rule out the possibility of signing a right-back in the next market. Although the squad has up to four variants for the position, Xavi insists on signing a natural winger and Noussair Mazraoui is an option<\/h2>  \r\n<div class=\"article-addons\">\r\n    <a href=\"https:\/\/www.fcbarcelonanoticias.com\/en\/calendar-fc-barcelona.html\"\r\n       target=\"_self\"\r\n       title=\"Calendar of FC Barcelona\"\r\n       class=\"blue-gredient-btn\">\r\n       \r\n        Calendar of FC Barcelona    <\/a>\r\n<\/div>   <p>Noussair Mazraoui Went back to play with the Bayern Munich the Saturday in the party in which the Bavarians fell in front of the Mainz (3-1). The defeat cost him the leadership of the Bundesliga to the ones of Thomas Tuchel and <strong>fed the doubts on the continuity of the Moroccan defender in the team<\/strong> afterwards ingresar in the minute 9 of party after the injury of Alphonso Davies. At the end, the side played 81 minutes and could not contribute in at all to avoid the Bavarian fall.<\/p>  <p>In this sense, <strong>the FC Barcelona follows attentive to the future of the player of 25 years<\/strong>, the one who already was in the orbit cul\u00e9 the past year. Fichar A right side is not descartado in the plans of the directive for the summer, <a data-external=\"0\" data-intl-links-en=\"https:\/\/www.fcbarcelonanoticias.com\/en\/players\/fcbarcelona-will-not-be-able-to-count-signings-of-2022-to-reduce-wage-bill_291509_102.html\" data-intl-links-es=\"https:\/\/www.fcbarcelonanoticias.com\/jugadores\/fc-barcelona-no-podra-contar-con-sus-fichajes-2022-rebajar-la-masa-salarial_291509_102.html\" href=\"https:\/\/www.fcbarcelonanoticias.com\/en\/players\/fcbarcelona-will-not-be-able-to-count-signings-of-2022-to-reduce-wage-bill_291509_102.html\" rel=\"follow\" target=\"_self\" title=\"El FC Barcelona no podr\u00e1 contar con sus fichajes del 2022 para rebajar la&nbsp;masa&nbsp;salarial\">as long as the &#8216;Fair Play&#8217; financial allow it<\/a> and the one of Leiderdorp is an interesting alternative, still when it do not cross his best moment in Germany.<\/p>  <h2>The Bayern will open the door to Mazraoui<\/h2>  <p>For the Bavarians, the summer will be intense regarding signings and exits. The possibility to close the season without titles augura an authentic revolution in the staff and Mazaraoui is one of the names that could go out. <strong>With agreement until June of 2026 and a value of market of 25 million euros, the Bayern hardly will leave him go out by less than 30 &#8216;kilos&#8217;<\/strong>, but the Bar\u00e7a would look for to negotiate a cession without option of compulsory purchase.<\/p>  <p>However, the another obstacle for ficharle is his wage. Noussair Signed by four seasons at a rate of 8 net millions to the year, a wage impagable for a Barcelona urgido for going down mass salarial to be able to close signings and renewals in summer. Besides, <a data-external=\"0\" data-intl-links-en=\"https:\/\/www.fcbarcelonanoticias.com\/en\/players\/lionel-messi\/leo-messi-returns-to-barcelona-and-shoot-the-rumours-on-his-future_291768_102.html\" data-intl-links-es=\"https:\/\/www.fcbarcelonanoticias.com\/jugadores\/lionel-messi\/leo-messi-regresa-barcelona-se-disparan-rumores-sobre-su-futuro_291768_102.html\" href=\"https:\/\/www.fcbarcelonanoticias.com\/en\/players\/lionel-messi\/leo-messi-returns-to-barcelona-and-shoot-the-rumours-on-his-future_291768_102.html\" rel=\"follow\" target=\"_self\" title=\"Leo Messi regresa a Barcelona y se disparan los rumores sobre su futuro\">the managerial cul\u00e9 will do a big effort to close the return of Leo Messi<\/a>, by which the upper wages to 5 or 6 &#8216;kilos&#8217; for the next season are almost descartados.<\/p>  <h2>Mazraoui Will do an effort for going out<\/h2>  <p>Conscious of the complicated of his future in Germany, the Moroccan and his agent already have initiated contacts with other clubs. In this sense, the defender would be had to negotiate a discount salarial with the Bayern to facilitate his exit, since it is clear that in the 2023\/24 his situation hardly will change. <strong>&#8220;I am disappointed with my current situation. Before the World-wide was headline, now am in shape and do not have of minutes&#8221;,<\/strong> said Mazaraoui in an interview with the German journalist Maximilian Koch.<\/p>  <p>This &#8216;rajada&#8217; would have finished to sentence his future in Munich, but to the defender little matters him this. His priority is to play and recover the confidence lost this year, where already was two months separated of the Bavarian staff by cardiac problems derived of a contagion by covid-19. <strong>The Bar\u00e7a has until four alternatives in the staff for the right side (Ara\u00fajo, Kound\u00e9, Sergi Roberto, Balde)<\/strong>, but any of them is natural in the place. From here that Mazaraoui and other options &#8216;low cost&#8217; follow on the table.<\/p> ","protected":false},"excerpt":{"rendered":"<p>FC Barcelona does not rule out the possibility of signing a right-back in the next market. Although the squad has up to four variants for the position, Xavi insists on signing a natural winger and Noussair Mazraoui is an option Noussair Mazraoui Went back to play with the Bayern Munich the Saturday in the party [&hellip;]<\/p>\n","protected":false},"author":347,"featured_media":93322,"comment_status":"closed","ping_status":"open","sticky":false,"template":"","format":"standard","meta":{"_acf_changed":false,"inline_featured_image":false,"_nextfly_llmd_date_locked":false,"footnotes":""},"categories":[106,449],"tags":[104],"class_list":["post-93310","post","type-post","status-publish","format-standard","has-post-thumbnail","hentry","category-transfers","category-transfers-2","tag-bayern-munich"],"acf":[],"yoast_head":"<!-- This site is optimized with the Yoast SEO plugin v27.3 - https:\/\/yoast.com\/product\/yoast-seo-wordpress\/ -->\n<title>Bar\u00e7a does not rule out Noussair Mazraoui for the summer<\/title>\n<meta name=\"description\" content=\"FC Barcelona does not rule out the possibility of signing a right-back in the next market. Although the squad has up to four variants for the position, Xavi insists on signing a natural winger and Noussair Mazraoui is an option\" \/>\n<meta name=\"robots\" content=\"index, follow, max-snippet:-1, max-image-preview:large, max-video-preview:-1\" \/>\n<link rel=\"canonical\" href=\"https:\/\/www.fcbarcelonanoticias.com\/en\/transfers\/barcelona-doesn-t-rule-noussair-mazraoui-summer_291773_102.html\" \/>\n<meta property=\"og:locale\" content=\"en_US\" \/>\n<meta property=\"og:type\" content=\"article\" \/>\n<meta property=\"og:title\" content=\"Bar\u00e7a does not rule out Noussair Mazraoui for the summer\" \/>\n<meta property=\"og:description\" content=\"FC Barcelona does not rule out the possibility of signing a right-back in the next market. Although the squad has up to four variants for the position, Xavi insists on signing a natural winger and Noussair Mazraoui is an option\" \/>\n<meta property=\"og:url\" content=\"https:\/\/www.fcbarcelonanoticias.com\/en\/transfers\/barcelona-doesn-t-rule-noussair-mazraoui-summer_291773_102.html\" \/>\n<meta property=\"og:site_name\" content=\"EN - FC Barcelona Noticias\" \/>\n<meta property=\"article:published_time\" content=\"2023-04-23T08:58:00+00:00\" \/>\n<meta property=\"article:modified_time\" content=\"2023-04-23T10:15:00+00:00\" \/>\n<meta property=\"og:image\" content=\"https:\/\/www.fcbarcelonanoticias.com\/en\/wp-content\/uploads\/sites\/2\/2023\/04\/noussair-mazraoui-bayern-munich-1.jpeg\" \/>\n\t<meta property=\"og:image:width\" content=\"1300\" \/>\n\t<meta property=\"og:image:height\" content=\"732\" \/>\n\t<meta property=\"og:image:type\" content=\"image\/jpeg\" \/>\n<meta name=\"author\" content=\"Andr\u00e9s Quiroz\" \/>\n<meta name=\"twitter:card\" content=\"summary_large_image\" \/>\n<meta name=\"twitter:label1\" content=\"Written by\" \/>\n\t<meta name=\"twitter:data1\" content=\"Andr\u00e9s Quiroz\" \/>\n\t<meta name=\"twitter:label2\" content=\"Est. reading time\" \/>\n\t<meta name=\"twitter:data2\" content=\"3 minutes\" \/>\n<script type=\"application\/ld+json\" class=\"yoast-schema-graph\">{\"@context\":\"https:\\\/\\\/schema.org\",\"@graph\":[{\"@type\":\"Article\",\"@id\":\"https:\\\/\\\/www.fcbarcelonanoticias.com\\\/en\\\/transfers\\\/barcelona-doesn-t-rule-noussair-mazraoui-summer_291773_102.html#article\",\"isPartOf\":{\"@id\":\"https:\\\/\\\/www.fcbarcelonanoticias.com\\\/en\\\/transfers\\\/barcelona-doesn-t-rule-noussair-mazraoui-summer_291773_102.html\"},\"author\":{\"name\":\"Andr\u00e9s Quiroz\",\"@id\":\"https:\\\/\\\/www.fcbarcelonanoticias.com\\\/en\\\/#\\\/schema\\\/person\\\/c2cd9f6fa1af5c0d0eccd0fefa575c88\"},\"headline\":\"Bar\u00e7a does not rule out Noussair Mazraoui for the summer\",\"datePublished\":\"2023-04-23T08:58:00+00:00\",\"dateModified\":\"2023-04-23T10:15:00+00:00\",\"mainEntityOfPage\":{\"@id\":\"https:\\\/\\\/www.fcbarcelonanoticias.com\\\/en\\\/transfers\\\/barcelona-doesn-t-rule-noussair-mazraoui-summer_291773_102.html\"},\"wordCount\":560,\"image\":{\"@id\":\"https:\\\/\\\/www.fcbarcelonanoticias.com\\\/en\\\/transfers\\\/barcelona-doesn-t-rule-noussair-mazraoui-summer_291773_102.html#primaryimage\"},\"thumbnailUrl\":\"https:\\\/\\\/www.fcbarcelonanoticias.com\\\/en\\\/wp-content\\\/uploads\\\/sites\\\/2\\\/2023\\\/04\\\/noussair-mazraoui-bayern-munich-1.jpeg\",\"keywords\":[\"Bayern Munich\"],\"articleSection\":[\"Transfers\",\"Transfers\"],\"inLanguage\":\"en-US\"},{\"@type\":\"WebPage\",\"@id\":\"https:\\\/\\\/www.fcbarcelonanoticias.com\\\/en\\\/transfers\\\/barcelona-doesn-t-rule-noussair-mazraoui-summer_291773_102.html\",\"url\":\"https:\\\/\\\/www.fcbarcelonanoticias.com\\\/en\\\/transfers\\\/barcelona-doesn-t-rule-noussair-mazraoui-summer_291773_102.html\",\"name\":\"Bar\u00e7a does not rule out Noussair Mazraoui for the summer\",\"isPartOf\":{\"@id\":\"https:\\\/\\\/www.fcbarcelonanoticias.com\\\/en\\\/#website\"},\"primaryImageOfPage\":{\"@id\":\"https:\\\/\\\/www.fcbarcelonanoticias.com\\\/en\\\/transfers\\\/barcelona-doesn-t-rule-noussair-mazraoui-summer_291773_102.html#primaryimage\"},\"image\":{\"@id\":\"https:\\\/\\\/www.fcbarcelonanoticias.com\\\/en\\\/transfers\\\/barcelona-doesn-t-rule-noussair-mazraoui-summer_291773_102.html#primaryimage\"},\"thumbnailUrl\":\"https:\\\/\\\/www.fcbarcelonanoticias.com\\\/en\\\/wp-content\\\/uploads\\\/sites\\\/2\\\/2023\\\/04\\\/noussair-mazraoui-bayern-munich-1.jpeg\",\"datePublished\":\"2023-04-23T08:58:00+00:00\",\"dateModified\":\"2023-04-23T10:15:00+00:00\",\"author\":{\"@id\":\"https:\\\/\\\/www.fcbarcelonanoticias.com\\\/en\\\/#\\\/schema\\\/person\\\/c2cd9f6fa1af5c0d0eccd0fefa575c88\"},\"description\":\"FC Barcelona does not rule out the possibility of signing a right-back in the next market. Although the squad has up to four variants for the position, Xavi insists on signing a natural winger and Noussair Mazraoui is an option\",\"breadcrumb\":{\"@id\":\"https:\\\/\\\/www.fcbarcelonanoticias.com\\\/en\\\/transfers\\\/barcelona-doesn-t-rule-noussair-mazraoui-summer_291773_102.html#breadcrumb\"},\"inLanguage\":\"en-US\",\"potentialAction\":[{\"@type\":\"ReadAction\",\"target\":[\"https:\\\/\\\/www.fcbarcelonanoticias.com\\\/en\\\/transfers\\\/barcelona-doesn-t-rule-noussair-mazraoui-summer_291773_102.html\"]}]},{\"@type\":\"ImageObject\",\"inLanguage\":\"en-US\",\"@id\":\"https:\\\/\\\/www.fcbarcelonanoticias.com\\\/en\\\/transfers\\\/barcelona-doesn-t-rule-noussair-mazraoui-summer_291773_102.html#primaryimage\",\"url\":\"https:\\\/\\\/www.fcbarcelonanoticias.com\\\/en\\\/wp-content\\\/uploads\\\/sites\\\/2\\\/2023\\\/04\\\/noussair-mazraoui-bayern-munich-1.jpeg\",\"contentUrl\":\"https:\\\/\\\/www.fcbarcelonanoticias.com\\\/en\\\/wp-content\\\/uploads\\\/sites\\\/2\\\/2023\\\/04\\\/noussair-mazraoui-bayern-munich-1.jpeg\",\"width\":1300,\"height\":732},{\"@type\":\"BreadcrumbList\",\"@id\":\"https:\\\/\\\/www.fcbarcelonanoticias.com\\\/en\\\/transfers\\\/barcelona-doesn-t-rule-noussair-mazraoui-summer_291773_102.html#breadcrumb\",\"itemListElement\":[{\"@type\":\"ListItem\",\"position\":1,\"name\":\"Portada\",\"item\":\"https:\\\/\\\/www.fcbarcelonanoticias.com\\\/en\\\/\"},{\"@type\":\"ListItem\",\"position\":2,\"name\":\"Bar\u00e7a does not rule out Noussair Mazraoui for the summer\"}]},{\"@type\":\"WebSite\",\"@id\":\"https:\\\/\\\/www.fcbarcelonanoticias.com\\\/en\\\/#website\",\"url\":\"https:\\\/\\\/www.fcbarcelonanoticias.com\\\/en\\\/\",\"name\":\"EN - FC Barcelona Noticias\",\"description\":\"\",\"potentialAction\":[{\"@type\":\"SearchAction\",\"target\":{\"@type\":\"EntryPoint\",\"urlTemplate\":\"https:\\\/\\\/www.fcbarcelonanoticias.com\\\/en\\\/?s={search_term_string}\"},\"query-input\":{\"@type\":\"PropertyValueSpecification\",\"valueRequired\":true,\"valueName\":\"search_term_string\"}}],\"inLanguage\":\"en-US\"},{\"@type\":\"Person\",\"@id\":\"https:\\\/\\\/www.fcbarcelonanoticias.com\\\/en\\\/#\\\/schema\\\/person\\\/c2cd9f6fa1af5c0d0eccd0fefa575c88\",\"name\":\"Andr\u00e9s Quiroz\",\"image\":{\"@type\":\"ImageObject\",\"inLanguage\":\"en-US\",\"@id\":\"https:\\\/\\\/secure.gravatar.com\\\/avatar\\\/?s=96&d=mm&r=g\",\"url\":\"https:\\\/\\\/secure.gravatar.com\\\/avatar\\\/?s=96&d=mm&r=g\",\"contentUrl\":\"https:\\\/\\\/secure.gravatar.com\\\/avatar\\\/?s=96&d=mm&r=g\",\"caption\":\"Andr\u00e9s Quiroz\"},\"description\":\"Licenciado en Periodismo por la Universidad de los Andes. Me encargo de analizar y compartir los contenidos m\u00e1s destacados de la\u00a0actualidad del F\u00fatbol Club Barcelona, Mercado de Fichajes y F\u00fatbol Internacional en FCBN. La informaci\u00f3n es poder, pero tambi\u00e9n conocimiento.\",\"url\":\"https:\\\/\\\/www.fcbarcelonanoticias.com\\\/en\\\/fc-barcelona\\\/andres-quiroz_17_115.html\"}]}<\/script>\n<!-- \/ Yoast SEO plugin. -->","yoast_head_json":{"title":"Bar\u00e7a does not rule out Noussair Mazraoui for the summer","description":"FC Barcelona does not rule out the possibility of signing a right-back in the next market. Although the squad has up to four variants for the position, Xavi insists on signing a natural winger and Noussair Mazraoui is an option","robots":{"index":"index","follow":"follow","max-snippet":"max-snippet:-1","max-image-preview":"max-image-preview:large","max-video-preview":"max-video-preview:-1"},"canonical":"https:\/\/www.fcbarcelonanoticias.com\/en\/transfers\/barcelona-doesn-t-rule-noussair-mazraoui-summer_291773_102.html","og_locale":"en_US","og_type":"article","og_title":"Bar\u00e7a does not rule out Noussair Mazraoui for the summer","og_description":"FC Barcelona does not rule out the possibility of signing a right-back in the next market. Although the squad has up to four variants for the position, Xavi insists on signing a natural winger and Noussair Mazraoui is an option","og_url":"https:\/\/www.fcbarcelonanoticias.com\/en\/transfers\/barcelona-doesn-t-rule-noussair-mazraoui-summer_291773_102.html","og_site_name":"EN - FC Barcelona Noticias","article_published_time":"2023-04-23T08:58:00+00:00","article_modified_time":"2023-04-23T10:15:00+00:00","og_image":[{"width":1300,"height":732,"url":"https:\/\/www.fcbarcelonanoticias.com\/en\/wp-content\/uploads\/sites\/2\/2023\/04\/noussair-mazraoui-bayern-munich-1.jpeg","type":"image\/jpeg"}],"author":"Andr\u00e9s Quiroz","twitter_card":"summary_large_image","twitter_misc":{"Written by":"Andr\u00e9s Quiroz","Est. reading time":"3 minutes"},"schema":{"@context":"https:\/\/schema.org","@graph":[{"@type":"Article","@id":"https:\/\/www.fcbarcelonanoticias.com\/en\/transfers\/barcelona-doesn-t-rule-noussair-mazraoui-summer_291773_102.html#article","isPartOf":{"@id":"https:\/\/www.fcbarcelonanoticias.com\/en\/transfers\/barcelona-doesn-t-rule-noussair-mazraoui-summer_291773_102.html"},"author":{"name":"Andr\u00e9s Quiroz","@id":"https:\/\/www.fcbarcelonanoticias.com\/en\/#\/schema\/person\/c2cd9f6fa1af5c0d0eccd0fefa575c88"},"headline":"Bar\u00e7a does not rule out Noussair Mazraoui for the summer","datePublished":"2023-04-23T08:58:00+00:00","dateModified":"2023-04-23T10:15:00+00:00","mainEntityOfPage":{"@id":"https:\/\/www.fcbarcelonanoticias.com\/en\/transfers\/barcelona-doesn-t-rule-noussair-mazraoui-summer_291773_102.html"},"wordCount":560,"image":{"@id":"https:\/\/www.fcbarcelonanoticias.com\/en\/transfers\/barcelona-doesn-t-rule-noussair-mazraoui-summer_291773_102.html#primaryimage"},"thumbnailUrl":"https:\/\/www.fcbarcelonanoticias.com\/en\/wp-content\/uploads\/sites\/2\/2023\/04\/noussair-mazraoui-bayern-munich-1.jpeg","keywords":["Bayern Munich"],"articleSection":["Transfers","Transfers"],"inLanguage":"en-US"},{"@type":"WebPage","@id":"https:\/\/www.fcbarcelonanoticias.com\/en\/transfers\/barcelona-doesn-t-rule-noussair-mazraoui-summer_291773_102.html","url":"https:\/\/www.fcbarcelonanoticias.com\/en\/transfers\/barcelona-doesn-t-rule-noussair-mazraoui-summer_291773_102.html","name":"Bar\u00e7a does not rule out Noussair Mazraoui for the summer","isPartOf":{"@id":"https:\/\/www.fcbarcelonanoticias.com\/en\/#website"},"primaryImageOfPage":{"@id":"https:\/\/www.fcbarcelonanoticias.com\/en\/transfers\/barcelona-doesn-t-rule-noussair-mazraoui-summer_291773_102.html#primaryimage"},"image":{"@id":"https:\/\/www.fcbarcelonanoticias.com\/en\/transfers\/barcelona-doesn-t-rule-noussair-mazraoui-summer_291773_102.html#primaryimage"},"thumbnailUrl":"https:\/\/www.fcbarcelonanoticias.com\/en\/wp-content\/uploads\/sites\/2\/2023\/04\/noussair-mazraoui-bayern-munich-1.jpeg","datePublished":"2023-04-23T08:58:00+00:00","dateModified":"2023-04-23T10:15:00+00:00","author":{"@id":"https:\/\/www.fcbarcelonanoticias.com\/en\/#\/schema\/person\/c2cd9f6fa1af5c0d0eccd0fefa575c88"},"description":"FC Barcelona does not rule out the possibility of signing a right-back in the next market. Although the squad has up to four variants for the position, Xavi insists on signing a natural winger and Noussair Mazraoui is an option","breadcrumb":{"@id":"https:\/\/www.fcbarcelonanoticias.com\/en\/transfers\/barcelona-doesn-t-rule-noussair-mazraoui-summer_291773_102.html#breadcrumb"},"inLanguage":"en-US","potentialAction":[{"@type":"ReadAction","target":["https:\/\/www.fcbarcelonanoticias.com\/en\/transfers\/barcelona-doesn-t-rule-noussair-mazraoui-summer_291773_102.html"]}]},{"@type":"ImageObject","inLanguage":"en-US","@id":"https:\/\/www.fcbarcelonanoticias.com\/en\/transfers\/barcelona-doesn-t-rule-noussair-mazraoui-summer_291773_102.html#primaryimage","url":"https:\/\/www.fcbarcelonanoticias.com\/en\/wp-content\/uploads\/sites\/2\/2023\/04\/noussair-mazraoui-bayern-munich-1.jpeg","contentUrl":"https:\/\/www.fcbarcelonanoticias.com\/en\/wp-content\/uploads\/sites\/2\/2023\/04\/noussair-mazraoui-bayern-munich-1.jpeg","width":1300,"height":732},{"@type":"BreadcrumbList","@id":"https:\/\/www.fcbarcelonanoticias.com\/en\/transfers\/barcelona-doesn-t-rule-noussair-mazraoui-summer_291773_102.html#breadcrumb","itemListElement":[{"@type":"ListItem","position":1,"name":"Portada","item":"https:\/\/www.fcbarcelonanoticias.com\/en\/"},{"@type":"ListItem","position":2,"name":"Bar\u00e7a does not rule out Noussair Mazraoui for the summer"}]},{"@type":"WebSite","@id":"https:\/\/www.fcbarcelonanoticias.com\/en\/#website","url":"https:\/\/www.fcbarcelonanoticias.com\/en\/","name":"EN - FC Barcelona Noticias","description":"","potentialAction":[{"@type":"SearchAction","target":{"@type":"EntryPoint","urlTemplate":"https:\/\/www.fcbarcelonanoticias.com\/en\/?s={search_term_string}"},"query-input":{"@type":"PropertyValueSpecification","valueRequired":true,"valueName":"search_term_string"}}],"inLanguage":"en-US"},{"@type":"Person","@id":"https:\/\/www.fcbarcelonanoticias.com\/en\/#\/schema\/person\/c2cd9f6fa1af5c0d0eccd0fefa575c88","name":"Andr\u00e9s Quiroz","image":{"@type":"ImageObject","inLanguage":"en-US","@id":"https:\/\/secure.gravatar.com\/avatar\/?s=96&d=mm&r=g","url":"https:\/\/secure.gravatar.com\/avatar\/?s=96&d=mm&r=g","contentUrl":"https:\/\/secure.gravatar.com\/avatar\/?s=96&d=mm&r=g","caption":"Andr\u00e9s Quiroz"},"description":"Licenciado en Periodismo por la Universidad de los Andes. Me encargo de analizar y compartir los contenidos m\u00e1s destacados de la\u00a0actualidad del F\u00fatbol Club Barcelona, Mercado de Fichajes y F\u00fatbol Internacional en FCBN. La informaci\u00f3n es poder, pero tambi\u00e9n conocimiento.","url":"https:\/\/www.fcbarcelonanoticias.com\/en\/fc-barcelona\/andres-quiroz_17_115.html"}]}},"_links":{"self":[{"href":"https:\/\/www.fcbarcelonanoticias.com\/en\/wp-json\/wp\/v2\/posts\/93310","targetHints":{"allow":["GET"]}}],"collection":[{"href":"https:\/\/www.fcbarcelonanoticias.com\/en\/wp-json\/wp\/v2\/posts"}],"about":[{"href":"https:\/\/www.fcbarcelonanoticias.com\/en\/wp-json\/wp\/v2\/types\/post"}],"author":[{"embeddable":true,"href":"https:\/\/www.fcbarcelonanoticias.com\/en\/wp-json\/wp\/v2\/users\/347"}],"replies":[{"embeddable":true,"href":"https:\/\/www.fcbarcelonanoticias.com\/en\/wp-json\/wp\/v2\/comments?post=93310"}],"version-history":[{"count":1,"href":"https:\/\/www.fcbarcelonanoticias.com\/en\/wp-json\/wp\/v2\/posts\/93310\/revisions"}],"predecessor-version":[{"id":125030,"href":"https:\/\/www.fcbarcelonanoticias.com\/en\/wp-json\/wp\/v2\/posts\/93310\/revisions\/125030"}],"wp:featuredmedia":[{"embeddable":true,"href":"https:\/\/www.fcbarcelonanoticias.com\/en\/wp-json\/wp\/v2\/media\/93322"}],"wp:attachment":[{"href":"https:\/\/www.fcbarcelonanoticias.com\/en\/wp-json\/wp\/v2\/media?parent=93310"}],"wp:term":[{"taxonomy":"category","embeddable":true,"href":"https:\/\/www.fcbarcelonanoticias.com\/en\/wp-json\/wp\/v2\/categories?post=93310"},{"taxonomy":"post_tag","embeddable":true,"href":"https:\/\/www.fcbarcelonanoticias.com\/en\/wp-json\/wp\/v2\/tags?post=93310"}],"curies":[{"name":"wp","href":"https:\/\/api.w.org\/{rel}","templated":true}]}}