{"id":93339,"date":"2024-05-14T10:50:00","date_gmt":"2024-05-14T08:50:00","guid":{"rendered":"https:\/\/weisetech.dev\/fc-barcelona-noticias\/en\/porto-negotiate-for-vitor-roque-with-barca-very-attentive-to-pepe_303503_102\/"},"modified":"2024-05-14T16:25:00","modified_gmt":"2024-05-14T14:25:00","slug":"porto-negotiate-for-vitor-roque-with-barca-very-attentive-to-pepe_303503_102","status":"publish","type":"post","link":"https:\/\/www.fcbarcelonanoticias.com\/en\/transfers\/porto-negotiate-for-vitor-roque-with-barca-very-attentive-to-pepe_303503_102.html","title":{"rendered":"Porto negotiate for Vitor Roque with Bar\u00e7a very attentive to Pepe"},"content":{"rendered":"<h2 class=\"wp-block-heading\">Vitor Roque&#8217;s future remains unclear, although Porto seem to be able to bet heavily on the striker for next season<\/h2>  \r\n<div class=\"article-addons\">\r\n    <a href=\"https:\/\/www.fcbarcelonanoticias.com\/en\/calendar-fc-barcelona.html\"\r\n       target=\"_self\"\r\n       title=\"Calendar of FC Barcelona\"\r\n       class=\"blue-gredient-btn\">\r\n       \r\n        Calendar of FC Barcelona    <\/a>\r\n<\/div>   <p>As we already explain this Monday in FCBN, <a data-external=\"0\" data-intl-links-en=\"https:\/\/www.fcbarcelonanoticias.com\/en\/transfers\/decos-unilateral-decision-vitor-roque-will-not-be-remain-at-barca-the-24-25-season_303477_102.html\" data-intl-links-es=\"https:\/\/www.fcbarcelonanoticias.com\/fichajes\/decision-unilateral-deco-vitor-roque-no-seguira-en-barca-temporada-24-25_303477_102.html\" href=\"https:\/\/www.fcbarcelonanoticias.com\/en\/transfers\/decos-unilateral-decision-vitor-roque-will-not-be-remain-at-barca-the-24-25-season_303477_102.html\" rel=\"follow\" target=\"_self\" title=\"\u00a1Decisi\u00f3n unilateral de Deco! Vitor Roque no seguir\u00e1 en el Bar\u00e7a la temporada&nbsp;24\/25\">the sportive area of the FC Barcelona has decided that Vitor Roque<\/a> do not continue the next season and leave yielded, or directly traspasado. <strong>The idea of the cul\u00e9s seems that it goes through not having to inscribe to the Brazilian for the new course and like this have something more than &#8216;fair-play&#8217; financial available,<\/strong> especially for having other pending registrations.<\/p>  <p>In front of this, the &#8216;9&#8217; is directly in the market and now remains of part of his agent, Andr\u00e9 Cury, that can find a project the sufficiently attractive so that the player ilusione with the idea to go out of the Bar\u00e7a, six months after his arrival. <strong>And one of these possibilities, as it informs &#8216;To Ball&#8217; this Tuesday, is the Port wine, rival of the Bar\u00e7a this season in the phase of groups of the Champions League.<\/strong><\/p>  <h2>Vitor Roque Could leave to Portugal of the hand of an exazulgrana<\/h2>  <p>The information signals that the team luso is very interested in doing with the cession of Roque for the season 2024-25, including with an option of purchase that could execute inside a year.<strong> The Portuguese newspaper signals that the exfutbolista Barcelona, Andoni Zubizarreta, would be the elder interested in concretising the operation, <\/strong>taking advantage of that in brief will be the new sportive director in the project of the new president, the exentrenador Andr\u00e9 Villas-Boas.<\/p>  <h2>Possible profit for the Bar\u00e7a with one of his aims of market<\/h2>  <p>This interest of the Port wine, that this season remained to almost 20 points to be able to struggle the title of League, already in hands of the Sporting of Lisbon does several weeks, does that it also exist the possibility to see a change of chromiums with Vitor Roque and Pep\u00ea, <a data-external=\"0\" data-intl-links-en=\"https:\/\/www.fcbarcelonanoticias.com\/en\/transfers\/the-porto-winger-that-barca-would-have-on-agenda-for-summer_303383_102.html\" data-intl-links-es=\"https:\/\/www.fcbarcelonanoticias.com\/fichajes\/extremo-oporto-tendria-barca-en-agenda-para-verano_303383_102.html\" href=\"https:\/\/www.fcbarcelonanoticias.com\/en\/transfers\/the-porto-winger-that-barca-would-have-on-agenda-for-summer_303383_102.html\" rel=\"follow\" target=\"_self\" title=\"El extremo del Oporto que tendr\u00eda el Bar\u00e7a en la agenda&nbsp;para&nbsp;verano\">the Brazilian extreme that is in the diary cul\u00e9<\/a>. The forward of the lusos has agreement until 2027 and a clause of 75 million euros, <strong>a figure that clearly is not in the plans of the group cul\u00e9, although yes that it could have an agreement by a very inferior quantity if it went in Vitor Roque in the operation.<\/strong><\/p>  <p>With this possibility on the table, it is necessary to remember that it is slope a meeting in Barcelona between the Barcelona sportive direction and Andr\u00e9 Cury to clear the situation of Vitor Roque. <strong>This &#8216;summit&#8217; has to produce in the next two weeks, especially if a cession to the Port wine continues showing as an alternative in which all the parts could be benefited.<\/strong><\/p> ","protected":false},"excerpt":{"rendered":"<p>Vitor Roque&#8217;s future remains unclear, although Porto seem to be able to bet heavily on the striker for next season As we already explain this Monday in FCBN, the sportive area of the FC Barcelona has decided that Vitor Roque do not continue the next season and leave yielded, or directly traspasado. The idea of [&hellip;]<\/p>\n","protected":false},"author":345,"featured_media":93357,"comment_status":"closed","ping_status":"open","sticky":false,"template":"","format":"standard","meta":{"_acf_changed":false,"inline_featured_image":false,"_nextfly_llmd_date_locked":false,"footnotes":""},"categories":[106,449],"tags":[335,85,158,327,48],"class_list":["post-93339","post","type-post","status-publish","format-standard","has-post-thumbnail","hentry","category-transfers","category-transfers-2","tag-deco","tag-fc-oporto","tag-joan-laporta","tag-vitor-roque","tag-xavi-hernandez"],"acf":[],"yoast_head":"<!-- This site is optimized with the Yoast SEO plugin v27.3 - https:\/\/yoast.com\/product\/yoast-seo-wordpress\/ -->\n<title>Porto negotiate for Vitor Roque with Bar\u00e7a very attentive to Pepe<\/title>\n<meta name=\"description\" content=\"Vitor Roque&#039;s future remains unclear, although Porto seem to be able to bet heavily on the striker for next season\" \/>\n<meta name=\"robots\" content=\"index, follow, max-snippet:-1, max-image-preview:large, max-video-preview:-1\" \/>\n<link rel=\"canonical\" href=\"https:\/\/www.fcbarcelonanoticias.com\/en\/transfers\/porto-negotiate-for-vitor-roque-with-barca-very-attentive-to-pepe_303503_102.html\" \/>\n<meta property=\"og:locale\" content=\"en_US\" \/>\n<meta property=\"og:type\" content=\"article\" \/>\n<meta property=\"og:title\" content=\"Porto negotiate for Vitor Roque with Bar\u00e7a very attentive to Pepe\" \/>\n<meta property=\"og:description\" content=\"Vitor Roque&#039;s future remains unclear, although Porto seem to be able to bet heavily on the striker for next season\" \/>\n<meta property=\"og:url\" content=\"https:\/\/www.fcbarcelonanoticias.com\/en\/transfers\/porto-negotiate-for-vitor-roque-with-barca-very-attentive-to-pepe_303503_102.html\" \/>\n<meta property=\"og:site_name\" content=\"EN - FC Barcelona Noticias\" \/>\n<meta property=\"article:published_time\" content=\"2024-05-14T08:50:00+00:00\" \/>\n<meta property=\"article:modified_time\" content=\"2024-05-14T14:25:00+00:00\" \/>\n<meta property=\"og:image\" content=\"https:\/\/www.fcbarcelonanoticias.com\/en\/wp-content\/uploads\/sites\/2\/2024\/05\/vitor-roque-en-una-entrada-en-calor-con-el-fc-barcelona-previo-al-duelo-ante-el-napoles-en-la-uefa-champions-league.png\" \/>\n\t<meta property=\"og:image:width\" content=\"1300\" \/>\n\t<meta property=\"og:image:height\" content=\"732\" \/>\n\t<meta property=\"og:image:type\" content=\"image\/png\" \/>\n<meta name=\"author\" content=\"Carlos Montenegro\" \/>\n<meta name=\"twitter:card\" content=\"summary_large_image\" \/>\n<meta name=\"twitter:label1\" content=\"Written by\" \/>\n\t<meta name=\"twitter:data1\" content=\"Carlos Montenegro\" \/>\n\t<meta name=\"twitter:label2\" content=\"Est. reading time\" \/>\n\t<meta name=\"twitter:data2\" content=\"2 minutes\" \/>\n<script type=\"application\/ld+json\" class=\"yoast-schema-graph\">{\"@context\":\"https:\\\/\\\/schema.org\",\"@graph\":[{\"@type\":\"Article\",\"@id\":\"https:\\\/\\\/www.fcbarcelonanoticias.com\\\/en\\\/transfers\\\/porto-negotiate-for-vitor-roque-with-barca-very-attentive-to-pepe_303503_102.html#article\",\"isPartOf\":{\"@id\":\"https:\\\/\\\/www.fcbarcelonanoticias.com\\\/en\\\/transfers\\\/porto-negotiate-for-vitor-roque-with-barca-very-attentive-to-pepe_303503_102.html\"},\"author\":{\"name\":\"Carlos Montenegro\",\"@id\":\"https:\\\/\\\/www.fcbarcelonanoticias.com\\\/en\\\/#\\\/schema\\\/person\\\/aa1d038709c262cb247e240f6b39bbf5\"},\"headline\":\"Porto negotiate for Vitor Roque with Bar\u00e7a very attentive to Pepe\",\"datePublished\":\"2024-05-14T08:50:00+00:00\",\"dateModified\":\"2024-05-14T14:25:00+00:00\",\"mainEntityOfPage\":{\"@id\":\"https:\\\/\\\/www.fcbarcelonanoticias.com\\\/en\\\/transfers\\\/porto-negotiate-for-vitor-roque-with-barca-very-attentive-to-pepe_303503_102.html\"},\"wordCount\":457,\"image\":{\"@id\":\"https:\\\/\\\/www.fcbarcelonanoticias.com\\\/en\\\/transfers\\\/porto-negotiate-for-vitor-roque-with-barca-very-attentive-to-pepe_303503_102.html#primaryimage\"},\"thumbnailUrl\":\"https:\\\/\\\/www.fcbarcelonanoticias.com\\\/en\\\/wp-content\\\/uploads\\\/sites\\\/2\\\/2024\\\/05\\\/vitor-roque-en-una-entrada-en-calor-con-el-fc-barcelona-previo-al-duelo-ante-el-napoles-en-la-uefa-champions-league.png\",\"keywords\":[\"Deco\",\"FC Oporto\",\"Joan Laporta\",\"Vitor Roque\",\"Xavi Hern\u00e1ndez\"],\"articleSection\":[\"Transfers\",\"Transfers\"],\"inLanguage\":\"en-US\"},{\"@type\":\"WebPage\",\"@id\":\"https:\\\/\\\/www.fcbarcelonanoticias.com\\\/en\\\/transfers\\\/porto-negotiate-for-vitor-roque-with-barca-very-attentive-to-pepe_303503_102.html\",\"url\":\"https:\\\/\\\/www.fcbarcelonanoticias.com\\\/en\\\/transfers\\\/porto-negotiate-for-vitor-roque-with-barca-very-attentive-to-pepe_303503_102.html\",\"name\":\"Porto negotiate for Vitor Roque with Bar\u00e7a very attentive to Pepe\",\"isPartOf\":{\"@id\":\"https:\\\/\\\/www.fcbarcelonanoticias.com\\\/en\\\/#website\"},\"primaryImageOfPage\":{\"@id\":\"https:\\\/\\\/www.fcbarcelonanoticias.com\\\/en\\\/transfers\\\/porto-negotiate-for-vitor-roque-with-barca-very-attentive-to-pepe_303503_102.html#primaryimage\"},\"image\":{\"@id\":\"https:\\\/\\\/www.fcbarcelonanoticias.com\\\/en\\\/transfers\\\/porto-negotiate-for-vitor-roque-with-barca-very-attentive-to-pepe_303503_102.html#primaryimage\"},\"thumbnailUrl\":\"https:\\\/\\\/www.fcbarcelonanoticias.com\\\/en\\\/wp-content\\\/uploads\\\/sites\\\/2\\\/2024\\\/05\\\/vitor-roque-en-una-entrada-en-calor-con-el-fc-barcelona-previo-al-duelo-ante-el-napoles-en-la-uefa-champions-league.png\",\"datePublished\":\"2024-05-14T08:50:00+00:00\",\"dateModified\":\"2024-05-14T14:25:00+00:00\",\"author\":{\"@id\":\"https:\\\/\\\/www.fcbarcelonanoticias.com\\\/en\\\/#\\\/schema\\\/person\\\/aa1d038709c262cb247e240f6b39bbf5\"},\"description\":\"Vitor Roque's future remains unclear, although Porto seem to be able to bet heavily on the striker for next season\",\"breadcrumb\":{\"@id\":\"https:\\\/\\\/www.fcbarcelonanoticias.com\\\/en\\\/transfers\\\/porto-negotiate-for-vitor-roque-with-barca-very-attentive-to-pepe_303503_102.html#breadcrumb\"},\"inLanguage\":\"en-US\",\"potentialAction\":[{\"@type\":\"ReadAction\",\"target\":[\"https:\\\/\\\/www.fcbarcelonanoticias.com\\\/en\\\/transfers\\\/porto-negotiate-for-vitor-roque-with-barca-very-attentive-to-pepe_303503_102.html\"]}]},{\"@type\":\"ImageObject\",\"inLanguage\":\"en-US\",\"@id\":\"https:\\\/\\\/www.fcbarcelonanoticias.com\\\/en\\\/transfers\\\/porto-negotiate-for-vitor-roque-with-barca-very-attentive-to-pepe_303503_102.html#primaryimage\",\"url\":\"https:\\\/\\\/www.fcbarcelonanoticias.com\\\/en\\\/wp-content\\\/uploads\\\/sites\\\/2\\\/2024\\\/05\\\/vitor-roque-en-una-entrada-en-calor-con-el-fc-barcelona-previo-al-duelo-ante-el-napoles-en-la-uefa-champions-league.png\",\"contentUrl\":\"https:\\\/\\\/www.fcbarcelonanoticias.com\\\/en\\\/wp-content\\\/uploads\\\/sites\\\/2\\\/2024\\\/05\\\/vitor-roque-en-una-entrada-en-calor-con-el-fc-barcelona-previo-al-duelo-ante-el-napoles-en-la-uefa-champions-league.png\",\"width\":1300,\"height\":732},{\"@type\":\"BreadcrumbList\",\"@id\":\"https:\\\/\\\/www.fcbarcelonanoticias.com\\\/en\\\/transfers\\\/porto-negotiate-for-vitor-roque-with-barca-very-attentive-to-pepe_303503_102.html#breadcrumb\",\"itemListElement\":[{\"@type\":\"ListItem\",\"position\":1,\"name\":\"Portada\",\"item\":\"https:\\\/\\\/www.fcbarcelonanoticias.com\\\/en\\\/\"},{\"@type\":\"ListItem\",\"position\":2,\"name\":\"Porto negotiate for Vitor Roque with Bar\u00e7a very attentive to Pepe\"}]},{\"@type\":\"WebSite\",\"@id\":\"https:\\\/\\\/www.fcbarcelonanoticias.com\\\/en\\\/#website\",\"url\":\"https:\\\/\\\/www.fcbarcelonanoticias.com\\\/en\\\/\",\"name\":\"EN - FC Barcelona Noticias\",\"description\":\"\",\"potentialAction\":[{\"@type\":\"SearchAction\",\"target\":{\"@type\":\"EntryPoint\",\"urlTemplate\":\"https:\\\/\\\/www.fcbarcelonanoticias.com\\\/en\\\/?s={search_term_string}\"},\"query-input\":{\"@type\":\"PropertyValueSpecification\",\"valueRequired\":true,\"valueName\":\"search_term_string\"}}],\"inLanguage\":\"en-US\"},{\"@type\":\"Person\",\"@id\":\"https:\\\/\\\/www.fcbarcelonanoticias.com\\\/en\\\/#\\\/schema\\\/person\\\/aa1d038709c262cb247e240f6b39bbf5\",\"name\":\"Carlos Montenegro\",\"image\":{\"@type\":\"ImageObject\",\"inLanguage\":\"en-US\",\"@id\":\"https:\\\/\\\/secure.gravatar.com\\\/avatar\\\/?s=96&d=mm&r=g\",\"url\":\"https:\\\/\\\/secure.gravatar.com\\\/avatar\\\/?s=96&d=mm&r=g\",\"contentUrl\":\"https:\\\/\\\/secure.gravatar.com\\\/avatar\\\/?s=96&d=mm&r=g\",\"caption\":\"Carlos Montenegro\"},\"url\":\"https:\\\/\\\/www.fcbarcelonanoticias.com\\\/en\\\/carlos-montenegro_20_115.html\"}]}<\/script>\n<!-- \/ Yoast SEO plugin. -->","yoast_head_json":{"title":"Porto negotiate for Vitor Roque with Bar\u00e7a very attentive to Pepe","description":"Vitor Roque's future remains unclear, although Porto seem to be able to bet heavily on the striker for next season","robots":{"index":"index","follow":"follow","max-snippet":"max-snippet:-1","max-image-preview":"max-image-preview:large","max-video-preview":"max-video-preview:-1"},"canonical":"https:\/\/www.fcbarcelonanoticias.com\/en\/transfers\/porto-negotiate-for-vitor-roque-with-barca-very-attentive-to-pepe_303503_102.html","og_locale":"en_US","og_type":"article","og_title":"Porto negotiate for Vitor Roque with Bar\u00e7a very attentive to Pepe","og_description":"Vitor Roque's future remains unclear, although Porto seem to be able to bet heavily on the striker for next season","og_url":"https:\/\/www.fcbarcelonanoticias.com\/en\/transfers\/porto-negotiate-for-vitor-roque-with-barca-very-attentive-to-pepe_303503_102.html","og_site_name":"EN - FC Barcelona Noticias","article_published_time":"2024-05-14T08:50:00+00:00","article_modified_time":"2024-05-14T14:25:00+00:00","og_image":[{"width":1300,"height":732,"url":"https:\/\/www.fcbarcelonanoticias.com\/en\/wp-content\/uploads\/sites\/2\/2024\/05\/vitor-roque-en-una-entrada-en-calor-con-el-fc-barcelona-previo-al-duelo-ante-el-napoles-en-la-uefa-champions-league.png","type":"image\/png"}],"author":"Carlos Montenegro","twitter_card":"summary_large_image","twitter_misc":{"Written by":"Carlos Montenegro","Est. reading time":"2 minutes"},"schema":{"@context":"https:\/\/schema.org","@graph":[{"@type":"Article","@id":"https:\/\/www.fcbarcelonanoticias.com\/en\/transfers\/porto-negotiate-for-vitor-roque-with-barca-very-attentive-to-pepe_303503_102.html#article","isPartOf":{"@id":"https:\/\/www.fcbarcelonanoticias.com\/en\/transfers\/porto-negotiate-for-vitor-roque-with-barca-very-attentive-to-pepe_303503_102.html"},"author":{"name":"Carlos Montenegro","@id":"https:\/\/www.fcbarcelonanoticias.com\/en\/#\/schema\/person\/aa1d038709c262cb247e240f6b39bbf5"},"headline":"Porto negotiate for Vitor Roque with Bar\u00e7a very attentive to Pepe","datePublished":"2024-05-14T08:50:00+00:00","dateModified":"2024-05-14T14:25:00+00:00","mainEntityOfPage":{"@id":"https:\/\/www.fcbarcelonanoticias.com\/en\/transfers\/porto-negotiate-for-vitor-roque-with-barca-very-attentive-to-pepe_303503_102.html"},"wordCount":457,"image":{"@id":"https:\/\/www.fcbarcelonanoticias.com\/en\/transfers\/porto-negotiate-for-vitor-roque-with-barca-very-attentive-to-pepe_303503_102.html#primaryimage"},"thumbnailUrl":"https:\/\/www.fcbarcelonanoticias.com\/en\/wp-content\/uploads\/sites\/2\/2024\/05\/vitor-roque-en-una-entrada-en-calor-con-el-fc-barcelona-previo-al-duelo-ante-el-napoles-en-la-uefa-champions-league.png","keywords":["Deco","FC Oporto","Joan Laporta","Vitor Roque","Xavi Hern\u00e1ndez"],"articleSection":["Transfers","Transfers"],"inLanguage":"en-US"},{"@type":"WebPage","@id":"https:\/\/www.fcbarcelonanoticias.com\/en\/transfers\/porto-negotiate-for-vitor-roque-with-barca-very-attentive-to-pepe_303503_102.html","url":"https:\/\/www.fcbarcelonanoticias.com\/en\/transfers\/porto-negotiate-for-vitor-roque-with-barca-very-attentive-to-pepe_303503_102.html","name":"Porto negotiate for Vitor Roque with Bar\u00e7a very attentive to Pepe","isPartOf":{"@id":"https:\/\/www.fcbarcelonanoticias.com\/en\/#website"},"primaryImageOfPage":{"@id":"https:\/\/www.fcbarcelonanoticias.com\/en\/transfers\/porto-negotiate-for-vitor-roque-with-barca-very-attentive-to-pepe_303503_102.html#primaryimage"},"image":{"@id":"https:\/\/www.fcbarcelonanoticias.com\/en\/transfers\/porto-negotiate-for-vitor-roque-with-barca-very-attentive-to-pepe_303503_102.html#primaryimage"},"thumbnailUrl":"https:\/\/www.fcbarcelonanoticias.com\/en\/wp-content\/uploads\/sites\/2\/2024\/05\/vitor-roque-en-una-entrada-en-calor-con-el-fc-barcelona-previo-al-duelo-ante-el-napoles-en-la-uefa-champions-league.png","datePublished":"2024-05-14T08:50:00+00:00","dateModified":"2024-05-14T14:25:00+00:00","author":{"@id":"https:\/\/www.fcbarcelonanoticias.com\/en\/#\/schema\/person\/aa1d038709c262cb247e240f6b39bbf5"},"description":"Vitor Roque's future remains unclear, although Porto seem to be able to bet heavily on the striker for next season","breadcrumb":{"@id":"https:\/\/www.fcbarcelonanoticias.com\/en\/transfers\/porto-negotiate-for-vitor-roque-with-barca-very-attentive-to-pepe_303503_102.html#breadcrumb"},"inLanguage":"en-US","potentialAction":[{"@type":"ReadAction","target":["https:\/\/www.fcbarcelonanoticias.com\/en\/transfers\/porto-negotiate-for-vitor-roque-with-barca-very-attentive-to-pepe_303503_102.html"]}]},{"@type":"ImageObject","inLanguage":"en-US","@id":"https:\/\/www.fcbarcelonanoticias.com\/en\/transfers\/porto-negotiate-for-vitor-roque-with-barca-very-attentive-to-pepe_303503_102.html#primaryimage","url":"https:\/\/www.fcbarcelonanoticias.com\/en\/wp-content\/uploads\/sites\/2\/2024\/05\/vitor-roque-en-una-entrada-en-calor-con-el-fc-barcelona-previo-al-duelo-ante-el-napoles-en-la-uefa-champions-league.png","contentUrl":"https:\/\/www.fcbarcelonanoticias.com\/en\/wp-content\/uploads\/sites\/2\/2024\/05\/vitor-roque-en-una-entrada-en-calor-con-el-fc-barcelona-previo-al-duelo-ante-el-napoles-en-la-uefa-champions-league.png","width":1300,"height":732},{"@type":"BreadcrumbList","@id":"https:\/\/www.fcbarcelonanoticias.com\/en\/transfers\/porto-negotiate-for-vitor-roque-with-barca-very-attentive-to-pepe_303503_102.html#breadcrumb","itemListElement":[{"@type":"ListItem","position":1,"name":"Portada","item":"https:\/\/www.fcbarcelonanoticias.com\/en\/"},{"@type":"ListItem","position":2,"name":"Porto negotiate for Vitor Roque with Bar\u00e7a very attentive to Pepe"}]},{"@type":"WebSite","@id":"https:\/\/www.fcbarcelonanoticias.com\/en\/#website","url":"https:\/\/www.fcbarcelonanoticias.com\/en\/","name":"EN - FC Barcelona Noticias","description":"","potentialAction":[{"@type":"SearchAction","target":{"@type":"EntryPoint","urlTemplate":"https:\/\/www.fcbarcelonanoticias.com\/en\/?s={search_term_string}"},"query-input":{"@type":"PropertyValueSpecification","valueRequired":true,"valueName":"search_term_string"}}],"inLanguage":"en-US"},{"@type":"Person","@id":"https:\/\/www.fcbarcelonanoticias.com\/en\/#\/schema\/person\/aa1d038709c262cb247e240f6b39bbf5","name":"Carlos Montenegro","image":{"@type":"ImageObject","inLanguage":"en-US","@id":"https:\/\/secure.gravatar.com\/avatar\/?s=96&d=mm&r=g","url":"https:\/\/secure.gravatar.com\/avatar\/?s=96&d=mm&r=g","contentUrl":"https:\/\/secure.gravatar.com\/avatar\/?s=96&d=mm&r=g","caption":"Carlos Montenegro"},"url":"https:\/\/www.fcbarcelonanoticias.com\/en\/carlos-montenegro_20_115.html"}]}},"_links":{"self":[{"href":"https:\/\/www.fcbarcelonanoticias.com\/en\/wp-json\/wp\/v2\/posts\/93339","targetHints":{"allow":["GET"]}}],"collection":[{"href":"https:\/\/www.fcbarcelonanoticias.com\/en\/wp-json\/wp\/v2\/posts"}],"about":[{"href":"https:\/\/www.fcbarcelonanoticias.com\/en\/wp-json\/wp\/v2\/types\/post"}],"author":[{"embeddable":true,"href":"https:\/\/www.fcbarcelonanoticias.com\/en\/wp-json\/wp\/v2\/users\/345"}],"replies":[{"embeddable":true,"href":"https:\/\/www.fcbarcelonanoticias.com\/en\/wp-json\/wp\/v2\/comments?post=93339"}],"version-history":[{"count":1,"href":"https:\/\/www.fcbarcelonanoticias.com\/en\/wp-json\/wp\/v2\/posts\/93339\/revisions"}],"predecessor-version":[{"id":130721,"href":"https:\/\/www.fcbarcelonanoticias.com\/en\/wp-json\/wp\/v2\/posts\/93339\/revisions\/130721"}],"wp:featuredmedia":[{"embeddable":true,"href":"https:\/\/www.fcbarcelonanoticias.com\/en\/wp-json\/wp\/v2\/media\/93357"}],"wp:attachment":[{"href":"https:\/\/www.fcbarcelonanoticias.com\/en\/wp-json\/wp\/v2\/media?parent=93339"}],"wp:term":[{"taxonomy":"category","embeddable":true,"href":"https:\/\/www.fcbarcelonanoticias.com\/en\/wp-json\/wp\/v2\/categories?post=93339"},{"taxonomy":"post_tag","embeddable":true,"href":"https:\/\/www.fcbarcelonanoticias.com\/en\/wp-json\/wp\/v2\/tags?post=93339"}],"curies":[{"name":"wp","href":"https:\/\/api.w.org\/{rel}","templated":true}]}}