{"id":93341,"date":"2024-07-26T15:59:00","date_gmt":"2024-07-26T13:59:00","guid":{"rendered":"https:\/\/weisetech.dev\/fc-barcelona-noticias\/en\/barcelona-dream-dani-elm-happened-of-european-giant-to-join-to-the-fc-barcelona_305835_102\/"},"modified":"2024-07-26T15:59:00","modified_gmt":"2024-07-26T13:59:00","slug":"barcelona-dream-dani-elm-happened-of-european-giant-to-join-to-the-fc-barcelona_305835_102","status":"publish","type":"post","link":"https:\/\/www.fcbarcelonanoticias.com\/en\/transfers\/barcelona-dream-dani-elm-happened-of-european-giant-to-join-to-the-fc-barcelona_305835_102.html","title":{"rendered":"&#8216;Barcelona dream&#8217;! Dani Olmo &#8216;passed&#8217; from a European giant to join FC Barcelona"},"content":{"rendered":"<h2 class=\"wp-block-heading\">Bayern Munich was close to adding Dani Olmo to their ranks. However, Bar\u00e7a&#8217;s interest changed the midfielder&#8217;s plans. whose priority is to return to Barcelona<\/h2>  \r\n<div class=\"article-addons\">\r\n    <a href=\"https:\/\/www.fcbarcelonanoticias.com\/en\/calendar-fc-barcelona.html\"\r\n       target=\"_self\"\r\n       title=\"Calendar of FC Barcelona\"\r\n       class=\"blue-gredient-btn\">\r\n       \r\n        Calendar of FC Barcelona    <\/a>\r\n<\/div>   <p><strong>The signing of Dani Elm is one of the big dreams of the FC Barcelona for this window of signings<\/strong>. The midfield player is, beside Nico Williams, one of the priorities of the Barcelona entity this summer, and although all will depend of the &#8216;fair play&#8217; financial and some that another exit, the intention of the cul\u00e9s is &#8216;break&#8217; the market with the incorporation of two of the greater stars of the Spanish selection in the Eurocopa 2024.<\/p>  <p><strong>In Can Bar\u00e7a give firm steps to attain the aim and the sportive director of the institution, Deco, already has kept several meetings with Juanma L\u00f3pez and Andy Bara, representatives of the footballer<\/strong>. Besides, the Catalans <a data-external=\"0\" data-intl-links-en=\"https:\/\/www.fcbarcelonanoticias.com\/en\/transfers\/leipzig-puts-pressure-on-fcbarcelona-with-dani-olmo_305827_102.html\" data-intl-links-es=\"https:\/\/www.fcbarcelonanoticias.com\/fichajes\/leipzig-mete-prisa-fc-barcelona-con-dani-olmo_305827_102.html\" href=\"https:\/\/www.fcbarcelonanoticias.com\/en\/transfers\/leipzig-puts-pressure-on-fcbarcelona-with-dani-olmo_305827_102.html\" rel=\"follow\" target=\"_self\" title=\"El Leipzig le mete prisa al FC Barcelona&nbsp;con&nbsp;Dani&nbsp;Olmo\">already would have presented him to the RB Leipzig a first offer by the index card of the egeranse<\/a>, which rondar\u00eda the 40 million fixed euros more 20 in variables. However, the Red Bulls would have refused it because the blaugranas pretend to pay the 40 &#8216;kilos&#8217; in terms from the 2025.<\/p>  <p>The interest of the club barcelonista in Dani Elm is not new, since, when being a footballer formed in the Masia, the cul\u00e9s have had him in his diary from does a pair of years. Nevertheless, the wish of the Barcelona to incorporate him intensified during this summer after the enormous performance showed by the mediocentro in the Eurocopa, <strong>where was one of the managers of the championship achieved by the group of Luis de la Fuente, to the that contributed with three goals and a pair of assistances<\/strong>.<\/p>  <p>By his part, to the footballer would love him return to which went his house before splitting to Croatia, where formed part of the rows of the Dinamo Zagreb, reason whereby there would be &#8216;descartado&#8217; the interest of another European giant. As &#8216;SPORT&#8217;, <strong>The Bayern Munich had to the of Terrasa like one of his main aims for this summer<\/strong>, being Max Eberl, sportive general director of the club, his main valedor. The Bavarians kept contacts with his agents and were had to pay the clause of rescission that the player had until the past 20 July, valuada in 60 million euros. In spite of this, the intromisi\u00f3n of the Bar\u00e7a in his operation did that the footballer &#8216;paralysed&#8217; the movements made from Baviera.<\/p>  <h2>Elm is to the expectation<\/h2>  <p>In the meantime, Elm follows attentive to the development of the events from Ibiza, where enjoys of his holidays. <a data-external=\"0\" data-intl-links-en=\"https:\/\/www.fcbarcelonanoticias.com\/en\/transfers\/the-role-and-salary-that-dani-olmo-would-have-asked-for-from-fc-barcelona_305801_102.html\" data-intl-links-es=\"https:\/\/www.fcbarcelonanoticias.com\/fichajes\/rol-sueldo-habria-pedido-dani-olmo-fc-barcelona_305801_102.html\" href=\"https:\/\/www.fcbarcelonanoticias.com\/en\/transfers\/the-role-and-salary-that-dani-olmo-would-have-asked-for-from-fc-barcelona_305801_102.html\" rel=\"follow\" target=\"_self\" title=\"El rol y el sueldo que habr\u00eda pedido Dani Olmo al FC Barcelona\">The footballer has like priority go back to the City Condal<\/a>, but his landing will depend of the &#8216;fair play&#8217; financial and of some important exit. By his part, <strong>in the Allianz Sand do not lose the hope and, of not to concretise his arrival to the Spotify Camp Nou, are the best planted to do with the services of the mediocampista<\/strong>.<\/p> ","protected":false},"excerpt":{"rendered":"<p>Bayern Munich was close to adding Dani Olmo to their ranks. However, Bar\u00e7a&#8217;s interest changed the midfielder&#8217;s plans. whose priority is to return to Barcelona The signing of Dani Elm is one of the big dreams of the FC Barcelona for this window of signings. The midfield player is, beside Nico Williams, one of the [&hellip;]<\/p>\n","protected":false},"author":358,"featured_media":93351,"comment_status":"closed","ping_status":"open","sticky":false,"template":"","format":"standard","meta":{"_acf_changed":false,"inline_featured_image":false,"_nextfly_llmd_date_locked":false,"footnotes":""},"categories":[449,106],"tags":[104],"class_list":["post-93341","post","type-post","status-publish","format-standard","has-post-thumbnail","hentry","category-transfers-2","category-transfers","tag-bayern-munich"],"acf":[],"yoast_head":"<!-- This site is optimized with the Yoast SEO plugin v27.3 - https:\/\/yoast.com\/product\/yoast-seo-wordpress\/ -->\n<title>&#039;Barcelona dream&#039;! Dani Elm &#039;happened&#039; of a European giant to join to the FC Barcelona<\/title>\n<meta name=\"description\" content=\"The Bayern Munich was near to incorporate to Dani Elm to his rows. However, the interest of the Bar\u00e7a changed the plans of the midfield player. Whose priority is to go back to the City Condal\" \/>\n<meta name=\"robots\" content=\"index, follow, max-snippet:-1, max-image-preview:large, max-video-preview:-1\" \/>\n<link rel=\"canonical\" href=\"https:\/\/www.fcbarcelonanoticias.com\/en\/transfers\/barcelona-dream-dani-elm-happened-of-european-giant-to-join-to-the-fc-barcelona_305835_102.html\" \/>\n<meta property=\"og:locale\" content=\"en_US\" \/>\n<meta property=\"og:type\" content=\"article\" \/>\n<meta property=\"og:title\" content=\"&#039;Barcelona dream&#039;! Dani Elm &#039;happened&#039; of a European giant to join to the FC Barcelona\" \/>\n<meta property=\"og:description\" content=\"The Bayern Munich was near to incorporate to Dani Elm to his rows. However, the interest of the Bar\u00e7a changed the plans of the midfield player. Whose priority is to go back to the City Condal\" \/>\n<meta property=\"og:url\" content=\"https:\/\/www.fcbarcelonanoticias.com\/en\/transfers\/barcelona-dream-dani-elm-happened-of-european-giant-to-join-to-the-fc-barcelona_305835_102.html\" \/>\n<meta property=\"og:site_name\" content=\"EN - FC Barcelona Noticias\" \/>\n<meta property=\"article:published_time\" content=\"2024-07-26T13:59:00+00:00\" \/>\n<meta property=\"og:image\" content=\"https:\/\/www.fcbarcelonanoticias.com\/en\/wp-content\/uploads\/sites\/2\/2024\/07\/dani-olmo-espana-1.jpeg\" \/>\n\t<meta property=\"og:image:width\" content=\"1300\" \/>\n\t<meta property=\"og:image:height\" content=\"732\" \/>\n\t<meta property=\"og:image:type\" content=\"image\/jpeg\" \/>\n<meta name=\"author\" content=\"Juan Pablo Berdugo\" \/>\n<meta name=\"twitter:card\" content=\"summary_large_image\" \/>\n<meta name=\"twitter:label1\" content=\"Written by\" \/>\n\t<meta name=\"twitter:data1\" content=\"Juan Pablo Berdugo\" \/>\n\t<meta name=\"twitter:label2\" content=\"Est. reading time\" \/>\n\t<meta name=\"twitter:data2\" content=\"2 minutes\" \/>\n<script type=\"application\/ld+json\" class=\"yoast-schema-graph\">{\"@context\":\"https:\\\/\\\/schema.org\",\"@graph\":[{\"@type\":\"Article\",\"@id\":\"https:\\\/\\\/www.fcbarcelonanoticias.com\\\/en\\\/transfers\\\/barcelona-dream-dani-elm-happened-of-european-giant-to-join-to-the-fc-barcelona_305835_102.html#article\",\"isPartOf\":{\"@id\":\"https:\\\/\\\/www.fcbarcelonanoticias.com\\\/en\\\/transfers\\\/barcelona-dream-dani-elm-happened-of-european-giant-to-join-to-the-fc-barcelona_305835_102.html\"},\"author\":{\"name\":\"Juan Pablo Berdugo\",\"@id\":\"https:\\\/\\\/www.fcbarcelonanoticias.com\\\/en\\\/#\\\/schema\\\/person\\\/88d756918a0a1ae9fa593b5edddd1815\"},\"headline\":\"&#8216;Barcelona dream&#8217;! Dani Olmo &#8216;passed&#8217; from a European giant to join FC Barcelona\",\"datePublished\":\"2024-07-26T13:59:00+00:00\",\"mainEntityOfPage\":{\"@id\":\"https:\\\/\\\/www.fcbarcelonanoticias.com\\\/en\\\/transfers\\\/barcelona-dream-dani-elm-happened-of-european-giant-to-join-to-the-fc-barcelona_305835_102.html\"},\"wordCount\":506,\"image\":{\"@id\":\"https:\\\/\\\/www.fcbarcelonanoticias.com\\\/en\\\/transfers\\\/barcelona-dream-dani-elm-happened-of-european-giant-to-join-to-the-fc-barcelona_305835_102.html#primaryimage\"},\"thumbnailUrl\":\"https:\\\/\\\/www.fcbarcelonanoticias.com\\\/en\\\/wp-content\\\/uploads\\\/sites\\\/2\\\/2024\\\/07\\\/dani-olmo-espana-1.jpeg\",\"keywords\":[\"Bayern Munich\"],\"articleSection\":[\"Transfers\",\"Transfers\"],\"inLanguage\":\"en-US\"},{\"@type\":\"WebPage\",\"@id\":\"https:\\\/\\\/www.fcbarcelonanoticias.com\\\/en\\\/transfers\\\/barcelona-dream-dani-elm-happened-of-european-giant-to-join-to-the-fc-barcelona_305835_102.html\",\"url\":\"https:\\\/\\\/www.fcbarcelonanoticias.com\\\/en\\\/transfers\\\/barcelona-dream-dani-elm-happened-of-european-giant-to-join-to-the-fc-barcelona_305835_102.html\",\"name\":\"'Barcelona dream'! Dani Elm 'happened' of a European giant to join to the FC Barcelona\",\"isPartOf\":{\"@id\":\"https:\\\/\\\/www.fcbarcelonanoticias.com\\\/en\\\/#website\"},\"primaryImageOfPage\":{\"@id\":\"https:\\\/\\\/www.fcbarcelonanoticias.com\\\/en\\\/transfers\\\/barcelona-dream-dani-elm-happened-of-european-giant-to-join-to-the-fc-barcelona_305835_102.html#primaryimage\"},\"image\":{\"@id\":\"https:\\\/\\\/www.fcbarcelonanoticias.com\\\/en\\\/transfers\\\/barcelona-dream-dani-elm-happened-of-european-giant-to-join-to-the-fc-barcelona_305835_102.html#primaryimage\"},\"thumbnailUrl\":\"https:\\\/\\\/www.fcbarcelonanoticias.com\\\/en\\\/wp-content\\\/uploads\\\/sites\\\/2\\\/2024\\\/07\\\/dani-olmo-espana-1.jpeg\",\"datePublished\":\"2024-07-26T13:59:00+00:00\",\"author\":{\"@id\":\"https:\\\/\\\/www.fcbarcelonanoticias.com\\\/en\\\/#\\\/schema\\\/person\\\/88d756918a0a1ae9fa593b5edddd1815\"},\"description\":\"The Bayern Munich was near to incorporate to Dani Elm to his rows. However, the interest of the Bar\u00e7a changed the plans of the midfield player. Whose priority is to go back to the City Condal\",\"breadcrumb\":{\"@id\":\"https:\\\/\\\/www.fcbarcelonanoticias.com\\\/en\\\/transfers\\\/barcelona-dream-dani-elm-happened-of-european-giant-to-join-to-the-fc-barcelona_305835_102.html#breadcrumb\"},\"inLanguage\":\"en-US\",\"potentialAction\":[{\"@type\":\"ReadAction\",\"target\":[\"https:\\\/\\\/www.fcbarcelonanoticias.com\\\/en\\\/transfers\\\/barcelona-dream-dani-elm-happened-of-european-giant-to-join-to-the-fc-barcelona_305835_102.html\"]}]},{\"@type\":\"ImageObject\",\"inLanguage\":\"en-US\",\"@id\":\"https:\\\/\\\/www.fcbarcelonanoticias.com\\\/en\\\/transfers\\\/barcelona-dream-dani-elm-happened-of-european-giant-to-join-to-the-fc-barcelona_305835_102.html#primaryimage\",\"url\":\"https:\\\/\\\/www.fcbarcelonanoticias.com\\\/en\\\/wp-content\\\/uploads\\\/sites\\\/2\\\/2024\\\/07\\\/dani-olmo-espana-1.jpeg\",\"contentUrl\":\"https:\\\/\\\/www.fcbarcelonanoticias.com\\\/en\\\/wp-content\\\/uploads\\\/sites\\\/2\\\/2024\\\/07\\\/dani-olmo-espana-1.jpeg\",\"width\":1300,\"height\":732},{\"@type\":\"BreadcrumbList\",\"@id\":\"https:\\\/\\\/www.fcbarcelonanoticias.com\\\/en\\\/transfers\\\/barcelona-dream-dani-elm-happened-of-european-giant-to-join-to-the-fc-barcelona_305835_102.html#breadcrumb\",\"itemListElement\":[{\"@type\":\"ListItem\",\"position\":1,\"name\":\"Portada\",\"item\":\"https:\\\/\\\/www.fcbarcelonanoticias.com\\\/en\\\/\"},{\"@type\":\"ListItem\",\"position\":2,\"name\":\"&#8216;Barcelona dream&#8217;! Dani Olmo &#8216;passed&#8217; from a European giant to join FC Barcelona\"}]},{\"@type\":\"WebSite\",\"@id\":\"https:\\\/\\\/www.fcbarcelonanoticias.com\\\/en\\\/#website\",\"url\":\"https:\\\/\\\/www.fcbarcelonanoticias.com\\\/en\\\/\",\"name\":\"EN - FC Barcelona Noticias\",\"description\":\"\",\"potentialAction\":[{\"@type\":\"SearchAction\",\"target\":{\"@type\":\"EntryPoint\",\"urlTemplate\":\"https:\\\/\\\/www.fcbarcelonanoticias.com\\\/en\\\/?s={search_term_string}\"},\"query-input\":{\"@type\":\"PropertyValueSpecification\",\"valueRequired\":true,\"valueName\":\"search_term_string\"}}],\"inLanguage\":\"en-US\"},{\"@type\":\"Person\",\"@id\":\"https:\\\/\\\/www.fcbarcelonanoticias.com\\\/en\\\/#\\\/schema\\\/person\\\/88d756918a0a1ae9fa593b5edddd1815\",\"name\":\"Juan Pablo Berdugo\",\"image\":{\"@type\":\"ImageObject\",\"inLanguage\":\"en-US\",\"@id\":\"https:\\\/\\\/secure.gravatar.com\\\/avatar\\\/?s=96&d=mm&r=g\",\"url\":\"https:\\\/\\\/secure.gravatar.com\\\/avatar\\\/?s=96&d=mm&r=g\",\"contentUrl\":\"https:\\\/\\\/secure.gravatar.com\\\/avatar\\\/?s=96&d=mm&r=g\",\"caption\":\"Juan Pablo Berdugo\"},\"description\":\"Juan Pablo Berdugo es graduado en Periodismo. Colabora con FCBN como especialista en informaci\u00f3n del primer equipo del FC Barcelona, f\u00fatbol internacional y mercado de fichajes. Destaca por su enfoque anal\u00edtico, su rigor informativo y su capacidad para detectar tendencias emergentes en el f\u00fatbol global.\",\"url\":\"https:\\\/\\\/www.fcbarcelonanoticias.com\\\/en\\\/fc-barcelona\\\/juan-pablo-berdugo_18_115.html\"}]}<\/script>\n<!-- \/ Yoast SEO plugin. -->","yoast_head_json":{"title":"'Barcelona dream'! Dani Elm 'happened' of a European giant to join to the FC Barcelona","description":"The Bayern Munich was near to incorporate to Dani Elm to his rows. However, the interest of the Bar\u00e7a changed the plans of the midfield player. Whose priority is to go back to the City Condal","robots":{"index":"index","follow":"follow","max-snippet":"max-snippet:-1","max-image-preview":"max-image-preview:large","max-video-preview":"max-video-preview:-1"},"canonical":"https:\/\/www.fcbarcelonanoticias.com\/en\/transfers\/barcelona-dream-dani-elm-happened-of-european-giant-to-join-to-the-fc-barcelona_305835_102.html","og_locale":"en_US","og_type":"article","og_title":"'Barcelona dream'! Dani Elm 'happened' of a European giant to join to the FC Barcelona","og_description":"The Bayern Munich was near to incorporate to Dani Elm to his rows. However, the interest of the Bar\u00e7a changed the plans of the midfield player. Whose priority is to go back to the City Condal","og_url":"https:\/\/www.fcbarcelonanoticias.com\/en\/transfers\/barcelona-dream-dani-elm-happened-of-european-giant-to-join-to-the-fc-barcelona_305835_102.html","og_site_name":"EN - FC Barcelona Noticias","article_published_time":"2024-07-26T13:59:00+00:00","og_image":[{"width":1300,"height":732,"url":"https:\/\/www.fcbarcelonanoticias.com\/en\/wp-content\/uploads\/sites\/2\/2024\/07\/dani-olmo-espana-1.jpeg","type":"image\/jpeg"}],"author":"Juan Pablo Berdugo","twitter_card":"summary_large_image","twitter_misc":{"Written by":"Juan Pablo Berdugo","Est. reading time":"2 minutes"},"schema":{"@context":"https:\/\/schema.org","@graph":[{"@type":"Article","@id":"https:\/\/www.fcbarcelonanoticias.com\/en\/transfers\/barcelona-dream-dani-elm-happened-of-european-giant-to-join-to-the-fc-barcelona_305835_102.html#article","isPartOf":{"@id":"https:\/\/www.fcbarcelonanoticias.com\/en\/transfers\/barcelona-dream-dani-elm-happened-of-european-giant-to-join-to-the-fc-barcelona_305835_102.html"},"author":{"name":"Juan Pablo Berdugo","@id":"https:\/\/www.fcbarcelonanoticias.com\/en\/#\/schema\/person\/88d756918a0a1ae9fa593b5edddd1815"},"headline":"&#8216;Barcelona dream&#8217;! Dani Olmo &#8216;passed&#8217; from a European giant to join FC Barcelona","datePublished":"2024-07-26T13:59:00+00:00","mainEntityOfPage":{"@id":"https:\/\/www.fcbarcelonanoticias.com\/en\/transfers\/barcelona-dream-dani-elm-happened-of-european-giant-to-join-to-the-fc-barcelona_305835_102.html"},"wordCount":506,"image":{"@id":"https:\/\/www.fcbarcelonanoticias.com\/en\/transfers\/barcelona-dream-dani-elm-happened-of-european-giant-to-join-to-the-fc-barcelona_305835_102.html#primaryimage"},"thumbnailUrl":"https:\/\/www.fcbarcelonanoticias.com\/en\/wp-content\/uploads\/sites\/2\/2024\/07\/dani-olmo-espana-1.jpeg","keywords":["Bayern Munich"],"articleSection":["Transfers","Transfers"],"inLanguage":"en-US"},{"@type":"WebPage","@id":"https:\/\/www.fcbarcelonanoticias.com\/en\/transfers\/barcelona-dream-dani-elm-happened-of-european-giant-to-join-to-the-fc-barcelona_305835_102.html","url":"https:\/\/www.fcbarcelonanoticias.com\/en\/transfers\/barcelona-dream-dani-elm-happened-of-european-giant-to-join-to-the-fc-barcelona_305835_102.html","name":"'Barcelona dream'! Dani Elm 'happened' of a European giant to join to the FC Barcelona","isPartOf":{"@id":"https:\/\/www.fcbarcelonanoticias.com\/en\/#website"},"primaryImageOfPage":{"@id":"https:\/\/www.fcbarcelonanoticias.com\/en\/transfers\/barcelona-dream-dani-elm-happened-of-european-giant-to-join-to-the-fc-barcelona_305835_102.html#primaryimage"},"image":{"@id":"https:\/\/www.fcbarcelonanoticias.com\/en\/transfers\/barcelona-dream-dani-elm-happened-of-european-giant-to-join-to-the-fc-barcelona_305835_102.html#primaryimage"},"thumbnailUrl":"https:\/\/www.fcbarcelonanoticias.com\/en\/wp-content\/uploads\/sites\/2\/2024\/07\/dani-olmo-espana-1.jpeg","datePublished":"2024-07-26T13:59:00+00:00","author":{"@id":"https:\/\/www.fcbarcelonanoticias.com\/en\/#\/schema\/person\/88d756918a0a1ae9fa593b5edddd1815"},"description":"The Bayern Munich was near to incorporate to Dani Elm to his rows. However, the interest of the Bar\u00e7a changed the plans of the midfield player. Whose priority is to go back to the City Condal","breadcrumb":{"@id":"https:\/\/www.fcbarcelonanoticias.com\/en\/transfers\/barcelona-dream-dani-elm-happened-of-european-giant-to-join-to-the-fc-barcelona_305835_102.html#breadcrumb"},"inLanguage":"en-US","potentialAction":[{"@type":"ReadAction","target":["https:\/\/www.fcbarcelonanoticias.com\/en\/transfers\/barcelona-dream-dani-elm-happened-of-european-giant-to-join-to-the-fc-barcelona_305835_102.html"]}]},{"@type":"ImageObject","inLanguage":"en-US","@id":"https:\/\/www.fcbarcelonanoticias.com\/en\/transfers\/barcelona-dream-dani-elm-happened-of-european-giant-to-join-to-the-fc-barcelona_305835_102.html#primaryimage","url":"https:\/\/www.fcbarcelonanoticias.com\/en\/wp-content\/uploads\/sites\/2\/2024\/07\/dani-olmo-espana-1.jpeg","contentUrl":"https:\/\/www.fcbarcelonanoticias.com\/en\/wp-content\/uploads\/sites\/2\/2024\/07\/dani-olmo-espana-1.jpeg","width":1300,"height":732},{"@type":"BreadcrumbList","@id":"https:\/\/www.fcbarcelonanoticias.com\/en\/transfers\/barcelona-dream-dani-elm-happened-of-european-giant-to-join-to-the-fc-barcelona_305835_102.html#breadcrumb","itemListElement":[{"@type":"ListItem","position":1,"name":"Portada","item":"https:\/\/www.fcbarcelonanoticias.com\/en\/"},{"@type":"ListItem","position":2,"name":"&#8216;Barcelona dream&#8217;! Dani Olmo &#8216;passed&#8217; from a European giant to join FC Barcelona"}]},{"@type":"WebSite","@id":"https:\/\/www.fcbarcelonanoticias.com\/en\/#website","url":"https:\/\/www.fcbarcelonanoticias.com\/en\/","name":"EN - FC Barcelona Noticias","description":"","potentialAction":[{"@type":"SearchAction","target":{"@type":"EntryPoint","urlTemplate":"https:\/\/www.fcbarcelonanoticias.com\/en\/?s={search_term_string}"},"query-input":{"@type":"PropertyValueSpecification","valueRequired":true,"valueName":"search_term_string"}}],"inLanguage":"en-US"},{"@type":"Person","@id":"https:\/\/www.fcbarcelonanoticias.com\/en\/#\/schema\/person\/88d756918a0a1ae9fa593b5edddd1815","name":"Juan Pablo Berdugo","image":{"@type":"ImageObject","inLanguage":"en-US","@id":"https:\/\/secure.gravatar.com\/avatar\/?s=96&d=mm&r=g","url":"https:\/\/secure.gravatar.com\/avatar\/?s=96&d=mm&r=g","contentUrl":"https:\/\/secure.gravatar.com\/avatar\/?s=96&d=mm&r=g","caption":"Juan Pablo Berdugo"},"description":"Juan Pablo Berdugo es graduado en Periodismo. Colabora con FCBN como especialista en informaci\u00f3n del primer equipo del FC Barcelona, f\u00fatbol internacional y mercado de fichajes. Destaca por su enfoque anal\u00edtico, su rigor informativo y su capacidad para detectar tendencias emergentes en el f\u00fatbol global.","url":"https:\/\/www.fcbarcelonanoticias.com\/en\/fc-barcelona\/juan-pablo-berdugo_18_115.html"}]}},"_links":{"self":[{"href":"https:\/\/www.fcbarcelonanoticias.com\/en\/wp-json\/wp\/v2\/posts\/93341","targetHints":{"allow":["GET"]}}],"collection":[{"href":"https:\/\/www.fcbarcelonanoticias.com\/en\/wp-json\/wp\/v2\/posts"}],"about":[{"href":"https:\/\/www.fcbarcelonanoticias.com\/en\/wp-json\/wp\/v2\/types\/post"}],"author":[{"embeddable":true,"href":"https:\/\/www.fcbarcelonanoticias.com\/en\/wp-json\/wp\/v2\/users\/358"}],"replies":[{"embeddable":true,"href":"https:\/\/www.fcbarcelonanoticias.com\/en\/wp-json\/wp\/v2\/comments?post=93341"}],"version-history":[{"count":1,"href":"https:\/\/www.fcbarcelonanoticias.com\/en\/wp-json\/wp\/v2\/posts\/93341\/revisions"}],"predecessor-version":[{"id":124995,"href":"https:\/\/www.fcbarcelonanoticias.com\/en\/wp-json\/wp\/v2\/posts\/93341\/revisions\/124995"}],"wp:featuredmedia":[{"embeddable":true,"href":"https:\/\/www.fcbarcelonanoticias.com\/en\/wp-json\/wp\/v2\/media\/93351"}],"wp:attachment":[{"href":"https:\/\/www.fcbarcelonanoticias.com\/en\/wp-json\/wp\/v2\/media?parent=93341"}],"wp:term":[{"taxonomy":"category","embeddable":true,"href":"https:\/\/www.fcbarcelonanoticias.com\/en\/wp-json\/wp\/v2\/categories?post=93341"},{"taxonomy":"post_tag","embeddable":true,"href":"https:\/\/www.fcbarcelonanoticias.com\/en\/wp-json\/wp\/v2\/tags?post=93341"}],"curies":[{"name":"wp","href":"https:\/\/api.w.org\/{rel}","templated":true}]}}