{"id":93381,"date":"2024-04-19T10:11:00","date_gmt":"2024-04-19T08:11:00","guid":{"rendered":"https:\/\/weisetech.dev\/fc-barcelona-noticias\/en\/chelsea-gain-ground-with-amadou-onana-and-will-force-barca-to-make-a-move_302758_102\/"},"modified":"2024-04-20T03:31:00","modified_gmt":"2024-04-20T01:31:00","slug":"chelsea-gain-ground-with-amadou-onana-and-will-force-barca-to-make-a-move_302758_102","status":"publish","type":"post","link":"https:\/\/www.fcbarcelonanoticias.com\/en\/transfers\/chelsea-gain-ground-with-amadou-onana-and-will-force-barca-to-make-a-move_302758_102.html","title":{"rendered":"Chelsea gain ground with Amadou Onana and will force Bar\u00e7a to make a move"},"content":{"rendered":"<h2 class=\"wp-block-heading\">Amadou Onana seems to have secured a change of scenery this summer, also having several possibilities for a new challenge in his career, something that for Bar\u00e7a means many more problems in their idea of signing him<\/h2>  \r\n<div class=\"article-addons\">\r\n    <a href=\"https:\/\/www.fcbarcelonanoticias.com\/en\/calendar-fc-barcelona.html\"\r\n       target=\"_self\"\r\n       title=\"Calendar of FC Barcelona\"\r\n       class=\"blue-gredient-btn\">\r\n       \r\n        Calendar of FC Barcelona    <\/a>\r\n<\/div>   <p>The Everton follows trying find other options to remedy his economic problems that was not to leave go to his more important players next summer, but the continuous sportive sanctions complicate him even more any expectation to short and half term. <strong>It is thus that two key footballers, as Jarrad Branthwaite and Amadou Onana, already are in the ramp of exit of face to the following market.<\/strong><\/p>  <p>Like this it informs it the English press, <strong>aiming that the British team has accepted that it has to sell to his big stars to solve the grave economic crisis and sportive that is living.<\/strong> The normative forces him to sanear his accounts and will not have more remedy that attend to the market, one in which <a data-external=\"0\" data-intl-links-en=\"https:\/\/www.fcbarcelonanoticias.com\/en\/champions-league\/fcbarcelona-fans-showed-their-total-faith-in-the-team-in-despite-the-elimination-in-champions-league_302706_102.html\" data-intl-links-es=\"https:\/\/www.fcbarcelonanoticias.com\/champions-league\/aficion-fc-barcelona-demostro-su-fe-total-en-equipo-pese-eliminacion-en-champions_302706_102.html\" href=\"https:\/\/www.fcbarcelonanoticias.com\/en\/champions-league\/fcbarcelona-fans-showed-their-total-faith-in-the-team-in-despite-the-elimination-in-champions-league_302706_102.html\" rel=\"follow\" target=\"_self\" title=\"La afici\u00f3n del FC Barcelona demostr\u00f3 su fe total en el equipo pese a la eliminaci\u00f3n&nbsp;en&nbsp;Champions\">the FC Barcelona<\/a> is very attentive to the case of Onana, although Chelsea also has decided that will go in of full in the bidding by the mediocampista.<\/p>  <h2>The Bar\u00e7a knows very well that the operation follows complicating<\/h2>  <p>In fact, in England already take for granted that the club londinense has presented a first offer by Onana, <strong>one that still does not approach to the 70 million euros that the Everton expects to receive by the Belgian, highlighting of course that the Bar\u00e7a neither is in conditions to invest a so high quantity in an alone player.<\/strong> The cul\u00e9s have posed the option to include to several footballers to recess the requirements of the Everton, but the negotiations did not go further in that moment.<\/p>  <p>It remains clear that the big problem of the operation, of the side cul\u00e9, roots in the economic potential of the Premier. While the Bar\u00e7a rebusca formulas to go in in a bidding by footballers with big future, <strong>other clubs like Chelsea already have showed that it can follow spending, still when they come of two consecutive seasons in which they do not attain to go further of the half of the table.<\/strong><\/p>  <h2>Another competitor more for the Bar\u00e7a in the Premier<\/h2>  <p>It is worthwhile to add also that the Newcastle United is evaluating his options of face to the next market and one of the main priorities is to reinforce his centre of the field. <strong>There it goes in the name of Onana, especially in front of the possible exit of Bruno Guimaraes, <\/strong>a situation that would leave a sufficient entry so that the urracas can move index card by the Belgian, complicating even more the options of the Bar\u00e7a.<\/p> ","protected":false},"excerpt":{"rendered":"<p>Amadou Onana seems to have secured a change of scenery this summer, also having several possibilities for a new challenge in his career, something that for Bar\u00e7a means many more problems in their idea of signing him The Everton follows trying find other options to remedy his economic problems that was not to leave go [&hellip;]<\/p>\n","protected":false},"author":345,"featured_media":93398,"comment_status":"closed","ping_status":"open","sticky":false,"template":"","format":"standard","meta":{"_acf_changed":false,"inline_featured_image":false,"_nextfly_llmd_date_locked":false,"footnotes":""},"categories":[106,449],"tags":[407,161,335,158],"class_list":["post-93381","post","type-post","status-publish","format-standard","has-post-thumbnail","hentry","category-transfers","category-transfers-2","tag-amadou-onana","tag-chelsea","tag-deco","tag-joan-laporta"],"acf":[],"yoast_head":"<!-- This site is optimized with the Yoast SEO plugin v27.3 - https:\/\/yoast.com\/product\/yoast-seo-wordpress\/ -->\n<title>Chelsea gain ground with Amadou Onana and will force Bar\u00e7a to make a move<\/title>\n<meta name=\"description\" content=\"Amadou Onana seems to have secured a change of scenery this summer, also having several possibilities for a new challenge in his career, something that for Bar\u00e7a means many more problems in their idea of signing him\" \/>\n<meta name=\"robots\" content=\"index, follow, max-snippet:-1, max-image-preview:large, max-video-preview:-1\" \/>\n<link rel=\"canonical\" href=\"https:\/\/www.fcbarcelonanoticias.com\/en\/transfers\/chelsea-gain-ground-with-amadou-onana-and-will-force-barca-to-make-a-move_302758_102.html\" \/>\n<meta property=\"og:locale\" content=\"en_US\" \/>\n<meta property=\"og:type\" content=\"article\" \/>\n<meta property=\"og:title\" content=\"Chelsea gain ground with Amadou Onana and will force Bar\u00e7a to make a move\" \/>\n<meta property=\"og:description\" content=\"Amadou Onana seems to have secured a change of scenery this summer, also having several possibilities for a new challenge in his career, something that for Bar\u00e7a means many more problems in their idea of signing him\" \/>\n<meta property=\"og:url\" content=\"https:\/\/www.fcbarcelonanoticias.com\/en\/transfers\/chelsea-gain-ground-with-amadou-onana-and-will-force-barca-to-make-a-move_302758_102.html\" \/>\n<meta property=\"og:site_name\" content=\"EN - FC Barcelona Noticias\" \/>\n<meta property=\"article:published_time\" content=\"2024-04-19T08:11:00+00:00\" \/>\n<meta property=\"article:modified_time\" content=\"2024-04-20T01:31:00+00:00\" \/>\n<meta property=\"og:image\" content=\"https:\/\/www.fcbarcelonanoticias.com\/en\/wp-content\/uploads\/sites\/2\/2024\/04\/amadou-onana-barca.jpeg\" \/>\n\t<meta property=\"og:image:width\" content=\"1300\" \/>\n\t<meta property=\"og:image:height\" content=\"731\" \/>\n\t<meta property=\"og:image:type\" content=\"image\/jpeg\" \/>\n<meta name=\"author\" content=\"Carlos Montenegro\" \/>\n<meta name=\"twitter:card\" content=\"summary_large_image\" \/>\n<meta name=\"twitter:label1\" content=\"Written by\" \/>\n\t<meta name=\"twitter:data1\" content=\"Carlos Montenegro\" \/>\n\t<meta name=\"twitter:label2\" content=\"Est. reading time\" \/>\n\t<meta name=\"twitter:data2\" content=\"2 minutes\" \/>\n<script type=\"application\/ld+json\" class=\"yoast-schema-graph\">{\"@context\":\"https:\\\/\\\/schema.org\",\"@graph\":[{\"@type\":\"Article\",\"@id\":\"https:\\\/\\\/www.fcbarcelonanoticias.com\\\/en\\\/transfers\\\/chelsea-gain-ground-with-amadou-onana-and-will-force-barca-to-make-a-move_302758_102.html#article\",\"isPartOf\":{\"@id\":\"https:\\\/\\\/www.fcbarcelonanoticias.com\\\/en\\\/transfers\\\/chelsea-gain-ground-with-amadou-onana-and-will-force-barca-to-make-a-move_302758_102.html\"},\"author\":{\"name\":\"Carlos Montenegro\",\"@id\":\"https:\\\/\\\/www.fcbarcelonanoticias.com\\\/en\\\/#\\\/schema\\\/person\\\/aa1d038709c262cb247e240f6b39bbf5\"},\"headline\":\"Chelsea gain ground with Amadou Onana and will force Bar\u00e7a to make a move\",\"datePublished\":\"2024-04-19T08:11:00+00:00\",\"dateModified\":\"2024-04-20T01:31:00+00:00\",\"mainEntityOfPage\":{\"@id\":\"https:\\\/\\\/www.fcbarcelonanoticias.com\\\/en\\\/transfers\\\/chelsea-gain-ground-with-amadou-onana-and-will-force-barca-to-make-a-move_302758_102.html\"},\"wordCount\":468,\"image\":{\"@id\":\"https:\\\/\\\/www.fcbarcelonanoticias.com\\\/en\\\/transfers\\\/chelsea-gain-ground-with-amadou-onana-and-will-force-barca-to-make-a-move_302758_102.html#primaryimage\"},\"thumbnailUrl\":\"https:\\\/\\\/www.fcbarcelonanoticias.com\\\/en\\\/wp-content\\\/uploads\\\/sites\\\/2\\\/2024\\\/04\\\/amadou-onana-barca.jpeg\",\"keywords\":[\"Amadou Onana\",\"Chelsea\",\"Deco\",\"Joan Laporta\"],\"articleSection\":[\"Transfers\",\"Transfers\"],\"inLanguage\":\"en-US\"},{\"@type\":\"WebPage\",\"@id\":\"https:\\\/\\\/www.fcbarcelonanoticias.com\\\/en\\\/transfers\\\/chelsea-gain-ground-with-amadou-onana-and-will-force-barca-to-make-a-move_302758_102.html\",\"url\":\"https:\\\/\\\/www.fcbarcelonanoticias.com\\\/en\\\/transfers\\\/chelsea-gain-ground-with-amadou-onana-and-will-force-barca-to-make-a-move_302758_102.html\",\"name\":\"Chelsea gain ground with Amadou Onana and will force Bar\u00e7a to make a move\",\"isPartOf\":{\"@id\":\"https:\\\/\\\/www.fcbarcelonanoticias.com\\\/en\\\/#website\"},\"primaryImageOfPage\":{\"@id\":\"https:\\\/\\\/www.fcbarcelonanoticias.com\\\/en\\\/transfers\\\/chelsea-gain-ground-with-amadou-onana-and-will-force-barca-to-make-a-move_302758_102.html#primaryimage\"},\"image\":{\"@id\":\"https:\\\/\\\/www.fcbarcelonanoticias.com\\\/en\\\/transfers\\\/chelsea-gain-ground-with-amadou-onana-and-will-force-barca-to-make-a-move_302758_102.html#primaryimage\"},\"thumbnailUrl\":\"https:\\\/\\\/www.fcbarcelonanoticias.com\\\/en\\\/wp-content\\\/uploads\\\/sites\\\/2\\\/2024\\\/04\\\/amadou-onana-barca.jpeg\",\"datePublished\":\"2024-04-19T08:11:00+00:00\",\"dateModified\":\"2024-04-20T01:31:00+00:00\",\"author\":{\"@id\":\"https:\\\/\\\/www.fcbarcelonanoticias.com\\\/en\\\/#\\\/schema\\\/person\\\/aa1d038709c262cb247e240f6b39bbf5\"},\"description\":\"Amadou Onana seems to have secured a change of scenery this summer, also having several possibilities for a new challenge in his career, something that for Bar\u00e7a means many more problems in their idea of signing him\",\"breadcrumb\":{\"@id\":\"https:\\\/\\\/www.fcbarcelonanoticias.com\\\/en\\\/transfers\\\/chelsea-gain-ground-with-amadou-onana-and-will-force-barca-to-make-a-move_302758_102.html#breadcrumb\"},\"inLanguage\":\"en-US\",\"potentialAction\":[{\"@type\":\"ReadAction\",\"target\":[\"https:\\\/\\\/www.fcbarcelonanoticias.com\\\/en\\\/transfers\\\/chelsea-gain-ground-with-amadou-onana-and-will-force-barca-to-make-a-move_302758_102.html\"]}]},{\"@type\":\"ImageObject\",\"inLanguage\":\"en-US\",\"@id\":\"https:\\\/\\\/www.fcbarcelonanoticias.com\\\/en\\\/transfers\\\/chelsea-gain-ground-with-amadou-onana-and-will-force-barca-to-make-a-move_302758_102.html#primaryimage\",\"url\":\"https:\\\/\\\/www.fcbarcelonanoticias.com\\\/en\\\/wp-content\\\/uploads\\\/sites\\\/2\\\/2024\\\/04\\\/amadou-onana-barca.jpeg\",\"contentUrl\":\"https:\\\/\\\/www.fcbarcelonanoticias.com\\\/en\\\/wp-content\\\/uploads\\\/sites\\\/2\\\/2024\\\/04\\\/amadou-onana-barca.jpeg\",\"width\":1300,\"height\":731},{\"@type\":\"BreadcrumbList\",\"@id\":\"https:\\\/\\\/www.fcbarcelonanoticias.com\\\/en\\\/transfers\\\/chelsea-gain-ground-with-amadou-onana-and-will-force-barca-to-make-a-move_302758_102.html#breadcrumb\",\"itemListElement\":[{\"@type\":\"ListItem\",\"position\":1,\"name\":\"Portada\",\"item\":\"https:\\\/\\\/www.fcbarcelonanoticias.com\\\/en\\\/\"},{\"@type\":\"ListItem\",\"position\":2,\"name\":\"Chelsea gain ground with Amadou Onana and will force Bar\u00e7a to make a move\"}]},{\"@type\":\"WebSite\",\"@id\":\"https:\\\/\\\/www.fcbarcelonanoticias.com\\\/en\\\/#website\",\"url\":\"https:\\\/\\\/www.fcbarcelonanoticias.com\\\/en\\\/\",\"name\":\"EN - FC Barcelona Noticias\",\"description\":\"\",\"potentialAction\":[{\"@type\":\"SearchAction\",\"target\":{\"@type\":\"EntryPoint\",\"urlTemplate\":\"https:\\\/\\\/www.fcbarcelonanoticias.com\\\/en\\\/?s={search_term_string}\"},\"query-input\":{\"@type\":\"PropertyValueSpecification\",\"valueRequired\":true,\"valueName\":\"search_term_string\"}}],\"inLanguage\":\"en-US\"},{\"@type\":\"Person\",\"@id\":\"https:\\\/\\\/www.fcbarcelonanoticias.com\\\/en\\\/#\\\/schema\\\/person\\\/aa1d038709c262cb247e240f6b39bbf5\",\"name\":\"Carlos Montenegro\",\"image\":{\"@type\":\"ImageObject\",\"inLanguage\":\"en-US\",\"@id\":\"https:\\\/\\\/secure.gravatar.com\\\/avatar\\\/?s=96&d=mm&r=g\",\"url\":\"https:\\\/\\\/secure.gravatar.com\\\/avatar\\\/?s=96&d=mm&r=g\",\"contentUrl\":\"https:\\\/\\\/secure.gravatar.com\\\/avatar\\\/?s=96&d=mm&r=g\",\"caption\":\"Carlos Montenegro\"},\"url\":\"https:\\\/\\\/www.fcbarcelonanoticias.com\\\/en\\\/carlos-montenegro_20_115.html\"}]}<\/script>\n<!-- \/ Yoast SEO plugin. -->","yoast_head_json":{"title":"Chelsea gain ground with Amadou Onana and will force Bar\u00e7a to make a move","description":"Amadou Onana seems to have secured a change of scenery this summer, also having several possibilities for a new challenge in his career, something that for Bar\u00e7a means many more problems in their idea of signing him","robots":{"index":"index","follow":"follow","max-snippet":"max-snippet:-1","max-image-preview":"max-image-preview:large","max-video-preview":"max-video-preview:-1"},"canonical":"https:\/\/www.fcbarcelonanoticias.com\/en\/transfers\/chelsea-gain-ground-with-amadou-onana-and-will-force-barca-to-make-a-move_302758_102.html","og_locale":"en_US","og_type":"article","og_title":"Chelsea gain ground with Amadou Onana and will force Bar\u00e7a to make a move","og_description":"Amadou Onana seems to have secured a change of scenery this summer, also having several possibilities for a new challenge in his career, something that for Bar\u00e7a means many more problems in their idea of signing him","og_url":"https:\/\/www.fcbarcelonanoticias.com\/en\/transfers\/chelsea-gain-ground-with-amadou-onana-and-will-force-barca-to-make-a-move_302758_102.html","og_site_name":"EN - FC Barcelona Noticias","article_published_time":"2024-04-19T08:11:00+00:00","article_modified_time":"2024-04-20T01:31:00+00:00","og_image":[{"width":1300,"height":731,"url":"https:\/\/www.fcbarcelonanoticias.com\/en\/wp-content\/uploads\/sites\/2\/2024\/04\/amadou-onana-barca.jpeg","type":"image\/jpeg"}],"author":"Carlos Montenegro","twitter_card":"summary_large_image","twitter_misc":{"Written by":"Carlos Montenegro","Est. reading time":"2 minutes"},"schema":{"@context":"https:\/\/schema.org","@graph":[{"@type":"Article","@id":"https:\/\/www.fcbarcelonanoticias.com\/en\/transfers\/chelsea-gain-ground-with-amadou-onana-and-will-force-barca-to-make-a-move_302758_102.html#article","isPartOf":{"@id":"https:\/\/www.fcbarcelonanoticias.com\/en\/transfers\/chelsea-gain-ground-with-amadou-onana-and-will-force-barca-to-make-a-move_302758_102.html"},"author":{"name":"Carlos Montenegro","@id":"https:\/\/www.fcbarcelonanoticias.com\/en\/#\/schema\/person\/aa1d038709c262cb247e240f6b39bbf5"},"headline":"Chelsea gain ground with Amadou Onana and will force Bar\u00e7a to make a move","datePublished":"2024-04-19T08:11:00+00:00","dateModified":"2024-04-20T01:31:00+00:00","mainEntityOfPage":{"@id":"https:\/\/www.fcbarcelonanoticias.com\/en\/transfers\/chelsea-gain-ground-with-amadou-onana-and-will-force-barca-to-make-a-move_302758_102.html"},"wordCount":468,"image":{"@id":"https:\/\/www.fcbarcelonanoticias.com\/en\/transfers\/chelsea-gain-ground-with-amadou-onana-and-will-force-barca-to-make-a-move_302758_102.html#primaryimage"},"thumbnailUrl":"https:\/\/www.fcbarcelonanoticias.com\/en\/wp-content\/uploads\/sites\/2\/2024\/04\/amadou-onana-barca.jpeg","keywords":["Amadou Onana","Chelsea","Deco","Joan Laporta"],"articleSection":["Transfers","Transfers"],"inLanguage":"en-US"},{"@type":"WebPage","@id":"https:\/\/www.fcbarcelonanoticias.com\/en\/transfers\/chelsea-gain-ground-with-amadou-onana-and-will-force-barca-to-make-a-move_302758_102.html","url":"https:\/\/www.fcbarcelonanoticias.com\/en\/transfers\/chelsea-gain-ground-with-amadou-onana-and-will-force-barca-to-make-a-move_302758_102.html","name":"Chelsea gain ground with Amadou Onana and will force Bar\u00e7a to make a move","isPartOf":{"@id":"https:\/\/www.fcbarcelonanoticias.com\/en\/#website"},"primaryImageOfPage":{"@id":"https:\/\/www.fcbarcelonanoticias.com\/en\/transfers\/chelsea-gain-ground-with-amadou-onana-and-will-force-barca-to-make-a-move_302758_102.html#primaryimage"},"image":{"@id":"https:\/\/www.fcbarcelonanoticias.com\/en\/transfers\/chelsea-gain-ground-with-amadou-onana-and-will-force-barca-to-make-a-move_302758_102.html#primaryimage"},"thumbnailUrl":"https:\/\/www.fcbarcelonanoticias.com\/en\/wp-content\/uploads\/sites\/2\/2024\/04\/amadou-onana-barca.jpeg","datePublished":"2024-04-19T08:11:00+00:00","dateModified":"2024-04-20T01:31:00+00:00","author":{"@id":"https:\/\/www.fcbarcelonanoticias.com\/en\/#\/schema\/person\/aa1d038709c262cb247e240f6b39bbf5"},"description":"Amadou Onana seems to have secured a change of scenery this summer, also having several possibilities for a new challenge in his career, something that for Bar\u00e7a means many more problems in their idea of signing him","breadcrumb":{"@id":"https:\/\/www.fcbarcelonanoticias.com\/en\/transfers\/chelsea-gain-ground-with-amadou-onana-and-will-force-barca-to-make-a-move_302758_102.html#breadcrumb"},"inLanguage":"en-US","potentialAction":[{"@type":"ReadAction","target":["https:\/\/www.fcbarcelonanoticias.com\/en\/transfers\/chelsea-gain-ground-with-amadou-onana-and-will-force-barca-to-make-a-move_302758_102.html"]}]},{"@type":"ImageObject","inLanguage":"en-US","@id":"https:\/\/www.fcbarcelonanoticias.com\/en\/transfers\/chelsea-gain-ground-with-amadou-onana-and-will-force-barca-to-make-a-move_302758_102.html#primaryimage","url":"https:\/\/www.fcbarcelonanoticias.com\/en\/wp-content\/uploads\/sites\/2\/2024\/04\/amadou-onana-barca.jpeg","contentUrl":"https:\/\/www.fcbarcelonanoticias.com\/en\/wp-content\/uploads\/sites\/2\/2024\/04\/amadou-onana-barca.jpeg","width":1300,"height":731},{"@type":"BreadcrumbList","@id":"https:\/\/www.fcbarcelonanoticias.com\/en\/transfers\/chelsea-gain-ground-with-amadou-onana-and-will-force-barca-to-make-a-move_302758_102.html#breadcrumb","itemListElement":[{"@type":"ListItem","position":1,"name":"Portada","item":"https:\/\/www.fcbarcelonanoticias.com\/en\/"},{"@type":"ListItem","position":2,"name":"Chelsea gain ground with Amadou Onana and will force Bar\u00e7a to make a move"}]},{"@type":"WebSite","@id":"https:\/\/www.fcbarcelonanoticias.com\/en\/#website","url":"https:\/\/www.fcbarcelonanoticias.com\/en\/","name":"EN - FC Barcelona Noticias","description":"","potentialAction":[{"@type":"SearchAction","target":{"@type":"EntryPoint","urlTemplate":"https:\/\/www.fcbarcelonanoticias.com\/en\/?s={search_term_string}"},"query-input":{"@type":"PropertyValueSpecification","valueRequired":true,"valueName":"search_term_string"}}],"inLanguage":"en-US"},{"@type":"Person","@id":"https:\/\/www.fcbarcelonanoticias.com\/en\/#\/schema\/person\/aa1d038709c262cb247e240f6b39bbf5","name":"Carlos Montenegro","image":{"@type":"ImageObject","inLanguage":"en-US","@id":"https:\/\/secure.gravatar.com\/avatar\/?s=96&d=mm&r=g","url":"https:\/\/secure.gravatar.com\/avatar\/?s=96&d=mm&r=g","contentUrl":"https:\/\/secure.gravatar.com\/avatar\/?s=96&d=mm&r=g","caption":"Carlos Montenegro"},"url":"https:\/\/www.fcbarcelonanoticias.com\/en\/carlos-montenegro_20_115.html"}]}},"_links":{"self":[{"href":"https:\/\/www.fcbarcelonanoticias.com\/en\/wp-json\/wp\/v2\/posts\/93381","targetHints":{"allow":["GET"]}}],"collection":[{"href":"https:\/\/www.fcbarcelonanoticias.com\/en\/wp-json\/wp\/v2\/posts"}],"about":[{"href":"https:\/\/www.fcbarcelonanoticias.com\/en\/wp-json\/wp\/v2\/types\/post"}],"author":[{"embeddable":true,"href":"https:\/\/www.fcbarcelonanoticias.com\/en\/wp-json\/wp\/v2\/users\/345"}],"replies":[{"embeddable":true,"href":"https:\/\/www.fcbarcelonanoticias.com\/en\/wp-json\/wp\/v2\/comments?post=93381"}],"version-history":[{"count":1,"href":"https:\/\/www.fcbarcelonanoticias.com\/en\/wp-json\/wp\/v2\/posts\/93381\/revisions"}],"predecessor-version":[{"id":126658,"href":"https:\/\/www.fcbarcelonanoticias.com\/en\/wp-json\/wp\/v2\/posts\/93381\/revisions\/126658"}],"wp:featuredmedia":[{"embeddable":true,"href":"https:\/\/www.fcbarcelonanoticias.com\/en\/wp-json\/wp\/v2\/media\/93398"}],"wp:attachment":[{"href":"https:\/\/www.fcbarcelonanoticias.com\/en\/wp-json\/wp\/v2\/media?parent=93381"}],"wp:term":[{"taxonomy":"category","embeddable":true,"href":"https:\/\/www.fcbarcelonanoticias.com\/en\/wp-json\/wp\/v2\/categories?post=93381"},{"taxonomy":"post_tag","embeddable":true,"href":"https:\/\/www.fcbarcelonanoticias.com\/en\/wp-json\/wp\/v2\/tags?post=93381"}],"curies":[{"name":"wp","href":"https:\/\/api.w.org\/{rel}","templated":true}]}}