{"id":93443,"date":"2022-06-18T20:34:00","date_gmt":"2022-06-18T18:34:00","guid":{"rendered":"https:\/\/weisetech.dev\/fc-barcelona-noticias\/en\/last-via-barcelona-renew-ousmane-dembele_281379_102\/"},"modified":"2026-04-16T09:16:02","modified_gmt":"2026-04-16T07:16:02","slug":"last-via-barcelona-renew-ousmane-dembele_281379_102","status":"publish","type":"post","link":"https:\/\/www.fcbarcelonanoticias.com\/en\/transfers\/last-via-barcelona-renew-ousmane-dembele_281379_102.html","title":{"rendered":"The last way for Bar\u00e7a to renew Ousmane Demb\u00e9l\u00e9"},"content":{"rendered":"<h2 class=\"wp-block-heading\">Ousmane Demb\u00e9l\u00e9 seemed destined to leave FC Barcelona, but his latest statements suggest that his future is not defined and he could stay at the Camp Nou: How can the Catalans renew it?<\/h2>  \r\n<div class=\"article-addons\">\r\n    <a href=\"https:\/\/www.fcbarcelonanoticias.com\/en\/calendar-fc-barcelona.html\"\r\n       target=\"_self\"\r\n       title=\"Calendar of FC Barcelona\"\r\n       class=\"blue-gredient-btn\">\r\n       \r\n        Calendar of FC Barcelona    <\/a>\r\n<\/div>   <p><strong>Ousmane Demb\u00e9l\u00e9 Is one of the big names of the market of signings of the <a href=\"https:\/\/www.fcbarcelonanoticias.com\/futbol\/fc-barcelona.html\" title=\"FC Barcelona\">FC Barcelona<\/a>.<\/strong> His agreement with the club blaugrana wins the 30 of this mesy has not communicated the final decision on his future, by what could so much finish leaving of the Camp Nou, after five years, as renewing his agreement. The uncertainty is maximum to fault of twelve days so that it arrive the end of his bond.<\/p>  <p>Until it does very little, it boasted that it already had reached an absolute agreement with Chelsea. The British press aimed that the &#8216;Mosquito&#8217; went to be<strong> the first big signing of the &#8216;new&#8217; conjoint &#8216;blue&#8217; with Tood Boehly like new owner.<\/strong> After his last statements, however, the situation is not so clear because Demb\u00e9l\u00e9 has left to see that it will remain in the Bar\u00e7a of face to the next season.<\/p>  <p><strong>&#8220;I am well in Barcelona&#8221;, said the French attacker of 25 years.<\/strong> Questioned if it will remain in the Bar\u00e7a, Demb\u00e9l\u00e9 <a data-external=\"0\" data-intl-links-en=\"https:\/\/www.fcbarcelonanoticias.com\/en\/transfers\/stays-in-barcelona-dani-alves-talks-about-his-future_280553_102.html\" data-intl-links-es=\"https:\/\/www.fcbarcelonanoticias.com\/fichajes\/se-queda-en-barcelona-dani-alves-habla-sobre-su-futuro_280553_102.html\" href=\"https:\/\/www.fcbarcelonanoticias.com\/en\/transfers\/stays-in-barcelona-dani-alves-talks-about-his-future_280553_102.html\" rel=\"follow\" target=\"_self\" title=\"\u00bfSe queda en el Bar\u00e7a? Dani Alves habla sobre su futuro\">limited to say that &#8220;yes&#8221;<\/a> and that, in definitva, is to taste in the City Condal. It would be a change of radical script in his position, put from the club are &#8216;tired&#8217; of the long that has given and of all the times that the footballer and his agent, Moussa Sissoko, have refused the offers that have put on the table.<\/p>  <p>Before it had informed that from the club blaugrana have decided that <strong>they will not step more to achieve that Demb\u00e9l\u00e9 remain , <\/strong>but with the approval of the sale of 49,9% of BLM and 25% of the television rights the situation could change so that the Bar\u00e7a improve his offer and the international with France access to remain , a stage that seemed impossible does so only some weeks.<\/p>  <h3>The situation has not changed<\/h3>  <p>In spite of this new &#8216;apparition&#8217; of Demb\u00e9l\u00e9, his situation in the Bar\u00e7a has not changed. In fact, from the club understand that, if the player has not pronounced up to now, <strong>is because it does not want to continue his way in the team to the that arrived in 2017.<\/strong> They have been too many months negotiating with his surroundings without positive answers or that generate hopes. Xavi Hern\u00e1ndez has insisted in that it would prefer that &#8216;Dembouz&#8217; remained in the team, but has not been able to finish to convince him. Neither he neither anybody in the club.<\/p>  <p>In case that the French finish leaving this summer, as it expects , the Bar\u00e7a <strong>will begin to activate definitively the option of Raphinha,<\/strong> player of the Leeds that interests to the club. To be like this, will go in in a process of negotiation quite complicated, because the English club wants to ingresar 55 million euros by the sale of the Brazilian player, a figure that it will be necessary to see if the club can allow. The extreme, in any case, wants to play in the Camp Nou.<\/p> ","protected":false},"excerpt":{"rendered":"<p>Ousmane Demb\u00e9l\u00e9 seemed destined to leave FC Barcelona, but his latest statements suggest that his future is not defined and he could stay at the Camp Nou: How can the Catalans renew it? Ousmane Demb\u00e9l\u00e9 Is one of the big names of the market of signings of the FC Barcelona. His agreement with the club [&hellip;]<\/p>\n","protected":false},"author":377,"featured_media":93455,"comment_status":"closed","ping_status":"open","sticky":false,"template":"","format":"standard","meta":{"_acf_changed":false,"inline_featured_image":false,"_nextfly_llmd_date_locked":false,"footnotes":""},"categories":[106,449],"tags":[146],"class_list":["post-93443","post","type-post","status-publish","format-standard","has-post-thumbnail","hentry","category-transfers","category-transfers-2","tag-dembele"],"acf":[],"yoast_head":"<!-- This site is optimized with the Yoast SEO plugin v27.3 - https:\/\/yoast.com\/product\/yoast-seo-wordpress\/ -->\n<title>The last road of the Bar\u00e7a to renew to Ousmane Demb\u00e9l\u00e9<\/title>\n<meta name=\"description\" content=\"Ousmane Demb\u00e9l\u00e9 Seemed allocated to leave of the FC Barcelona, but his last statements leave to glimpse that his future is not clear-cut and could quedars...\" \/>\n<meta name=\"robots\" content=\"index, follow, max-snippet:-1, max-image-preview:large, max-video-preview:-1\" \/>\n<link rel=\"canonical\" href=\"https:\/\/www.fcbarcelonanoticias.com\/en\/transfers\/last-via-barcelona-renew-ousmane-dembele_281379_102.html\" \/>\n<meta property=\"og:locale\" content=\"en_US\" \/>\n<meta property=\"og:type\" content=\"article\" \/>\n<meta property=\"og:title\" content=\"The last road of the Bar\u00e7a to renew to Ousmane Demb\u00e9l\u00e9\" \/>\n<meta property=\"og:description\" content=\"Ousmane Demb\u00e9l\u00e9 Seemed allocated to leave of the FC Barcelona, but his last statements leave to glimpse that his future is not clear-cut and could quedars...\" \/>\n<meta property=\"og:url\" content=\"https:\/\/www.fcbarcelonanoticias.com\/en\/transfers\/last-via-barcelona-renew-ousmane-dembele_281379_102.html\" \/>\n<meta property=\"og:site_name\" content=\"EN - FC Barcelona Noticias\" \/>\n<meta property=\"article:published_time\" content=\"2022-06-18T18:34:00+00:00\" \/>\n<meta property=\"article:modified_time\" content=\"2026-04-16T07:16:02+00:00\" \/>\n<meta property=\"og:image\" content=\"https:\/\/www.fcbarcelonanoticias.com\/en\/wp-content\/uploads\/sites\/2\/2022\/06\/dembele-ante-el-mallorca-1.jpeg\" \/>\n\t<meta property=\"og:image:width\" content=\"1297\" \/>\n\t<meta property=\"og:image:height\" content=\"737\" \/>\n\t<meta property=\"og:image:type\" content=\"image\/jpeg\" \/>\n<meta name=\"author\" content=\"user_4033\" \/>\n<meta name=\"twitter:card\" content=\"summary_large_image\" \/>\n<meta name=\"twitter:label1\" content=\"Written by\" \/>\n\t<meta name=\"twitter:data1\" content=\"user_4033\" \/>\n\t<meta name=\"twitter:label2\" content=\"Est. reading time\" \/>\n\t<meta name=\"twitter:data2\" content=\"3 minutes\" \/>\n<script type=\"application\/ld+json\" class=\"yoast-schema-graph\">{\"@context\":\"https:\\\/\\\/schema.org\",\"@graph\":[{\"@type\":\"Article\",\"@id\":\"https:\\\/\\\/www.fcbarcelonanoticias.com\\\/en\\\/transfers\\\/last-via-barcelona-renew-ousmane-dembele_281379_102.html#article\",\"isPartOf\":{\"@id\":\"https:\\\/\\\/www.fcbarcelonanoticias.com\\\/en\\\/transfers\\\/last-via-barcelona-renew-ousmane-dembele_281379_102.html\"},\"author\":{\"name\":\"user_4033\",\"@id\":\"https:\\\/\\\/www.fcbarcelonanoticias.com\\\/en\\\/#\\\/schema\\\/person\\\/ef17c1dea904b5d4464ec95dd322e667\"},\"headline\":\"The last way for Bar\u00e7a to renew Ousmane Demb\u00e9l\u00e9\",\"datePublished\":\"2022-06-18T18:34:00+00:00\",\"dateModified\":\"2026-04-16T07:16:02+00:00\",\"mainEntityOfPage\":{\"@id\":\"https:\\\/\\\/www.fcbarcelonanoticias.com\\\/en\\\/transfers\\\/last-via-barcelona-renew-ousmane-dembele_281379_102.html\"},\"wordCount\":541,\"image\":{\"@id\":\"https:\\\/\\\/www.fcbarcelonanoticias.com\\\/en\\\/transfers\\\/last-via-barcelona-renew-ousmane-dembele_281379_102.html#primaryimage\"},\"thumbnailUrl\":\"https:\\\/\\\/www.fcbarcelonanoticias.com\\\/en\\\/wp-content\\\/uploads\\\/sites\\\/2\\\/2022\\\/06\\\/dembele-ante-el-mallorca-1.jpeg\",\"keywords\":[\"Demb\u00e9l\u00e9\"],\"articleSection\":[\"Transfers\",\"Transfers\"],\"inLanguage\":\"en-US\"},{\"@type\":\"WebPage\",\"@id\":\"https:\\\/\\\/www.fcbarcelonanoticias.com\\\/en\\\/transfers\\\/last-via-barcelona-renew-ousmane-dembele_281379_102.html\",\"url\":\"https:\\\/\\\/www.fcbarcelonanoticias.com\\\/en\\\/transfers\\\/last-via-barcelona-renew-ousmane-dembele_281379_102.html\",\"name\":\"The last road of the Bar\u00e7a to renew to Ousmane Demb\u00e9l\u00e9\",\"isPartOf\":{\"@id\":\"https:\\\/\\\/www.fcbarcelonanoticias.com\\\/en\\\/#website\"},\"primaryImageOfPage\":{\"@id\":\"https:\\\/\\\/www.fcbarcelonanoticias.com\\\/en\\\/transfers\\\/last-via-barcelona-renew-ousmane-dembele_281379_102.html#primaryimage\"},\"image\":{\"@id\":\"https:\\\/\\\/www.fcbarcelonanoticias.com\\\/en\\\/transfers\\\/last-via-barcelona-renew-ousmane-dembele_281379_102.html#primaryimage\"},\"thumbnailUrl\":\"https:\\\/\\\/www.fcbarcelonanoticias.com\\\/en\\\/wp-content\\\/uploads\\\/sites\\\/2\\\/2022\\\/06\\\/dembele-ante-el-mallorca-1.jpeg\",\"datePublished\":\"2022-06-18T18:34:00+00:00\",\"dateModified\":\"2026-04-16T07:16:02+00:00\",\"author\":{\"@id\":\"https:\\\/\\\/www.fcbarcelonanoticias.com\\\/en\\\/#\\\/schema\\\/person\\\/ef17c1dea904b5d4464ec95dd322e667\"},\"description\":\"Ousmane Demb\u00e9l\u00e9 Seemed allocated to leave of the FC Barcelona, but his last statements leave to glimpse that his future is not clear-cut and could quedars...\",\"breadcrumb\":{\"@id\":\"https:\\\/\\\/www.fcbarcelonanoticias.com\\\/en\\\/transfers\\\/last-via-barcelona-renew-ousmane-dembele_281379_102.html#breadcrumb\"},\"inLanguage\":\"en-US\",\"potentialAction\":[{\"@type\":\"ReadAction\",\"target\":[\"https:\\\/\\\/www.fcbarcelonanoticias.com\\\/en\\\/transfers\\\/last-via-barcelona-renew-ousmane-dembele_281379_102.html\"]}]},{\"@type\":\"ImageObject\",\"inLanguage\":\"en-US\",\"@id\":\"https:\\\/\\\/www.fcbarcelonanoticias.com\\\/en\\\/transfers\\\/last-via-barcelona-renew-ousmane-dembele_281379_102.html#primaryimage\",\"url\":\"https:\\\/\\\/www.fcbarcelonanoticias.com\\\/en\\\/wp-content\\\/uploads\\\/sites\\\/2\\\/2022\\\/06\\\/dembele-ante-el-mallorca-1.jpeg\",\"contentUrl\":\"https:\\\/\\\/www.fcbarcelonanoticias.com\\\/en\\\/wp-content\\\/uploads\\\/sites\\\/2\\\/2022\\\/06\\\/dembele-ante-el-mallorca-1.jpeg\",\"width\":1297,\"height\":737},{\"@type\":\"BreadcrumbList\",\"@id\":\"https:\\\/\\\/www.fcbarcelonanoticias.com\\\/en\\\/transfers\\\/last-via-barcelona-renew-ousmane-dembele_281379_102.html#breadcrumb\",\"itemListElement\":[{\"@type\":\"ListItem\",\"position\":1,\"name\":\"Portada\",\"item\":\"https:\\\/\\\/www.fcbarcelonanoticias.com\\\/en\\\/\"},{\"@type\":\"ListItem\",\"position\":2,\"name\":\"The last way for Bar\u00e7a to renew Ousmane Demb\u00e9l\u00e9\"}]},{\"@type\":\"WebSite\",\"@id\":\"https:\\\/\\\/www.fcbarcelonanoticias.com\\\/en\\\/#website\",\"url\":\"https:\\\/\\\/www.fcbarcelonanoticias.com\\\/en\\\/\",\"name\":\"EN - FC Barcelona Noticias\",\"description\":\"\",\"potentialAction\":[{\"@type\":\"SearchAction\",\"target\":{\"@type\":\"EntryPoint\",\"urlTemplate\":\"https:\\\/\\\/www.fcbarcelonanoticias.com\\\/en\\\/?s={search_term_string}\"},\"query-input\":{\"@type\":\"PropertyValueSpecification\",\"valueRequired\":true,\"valueName\":\"search_term_string\"}}],\"inLanguage\":\"en-US\"},{\"@type\":\"Person\",\"@id\":\"https:\\\/\\\/www.fcbarcelonanoticias.com\\\/en\\\/#\\\/schema\\\/person\\\/ef17c1dea904b5d4464ec95dd322e667\",\"name\":\"user_4033\",\"image\":{\"@type\":\"ImageObject\",\"inLanguage\":\"en-US\",\"@id\":\"https:\\\/\\\/secure.gravatar.com\\\/avatar\\\/?s=96&d=mm&r=g\",\"url\":\"https:\\\/\\\/secure.gravatar.com\\\/avatar\\\/?s=96&d=mm&r=g\",\"contentUrl\":\"https:\\\/\\\/secure.gravatar.com\\\/avatar\\\/?s=96&d=mm&r=g\",\"caption\":\"user_4033\"},\"url\":\"https:\\\/\\\/www.fcbarcelonanoticias.com\\\/en\\\/user_4033.html\"}]}<\/script>\n<!-- \/ Yoast SEO plugin. -->","yoast_head_json":{"title":"The last road of the Bar\u00e7a to renew to Ousmane Demb\u00e9l\u00e9","description":"Ousmane Demb\u00e9l\u00e9 Seemed allocated to leave of the FC Barcelona, but his last statements leave to glimpse that his future is not clear-cut and could quedars...","robots":{"index":"index","follow":"follow","max-snippet":"max-snippet:-1","max-image-preview":"max-image-preview:large","max-video-preview":"max-video-preview:-1"},"canonical":"https:\/\/www.fcbarcelonanoticias.com\/en\/transfers\/last-via-barcelona-renew-ousmane-dembele_281379_102.html","og_locale":"en_US","og_type":"article","og_title":"The last road of the Bar\u00e7a to renew to Ousmane Demb\u00e9l\u00e9","og_description":"Ousmane Demb\u00e9l\u00e9 Seemed allocated to leave of the FC Barcelona, but his last statements leave to glimpse that his future is not clear-cut and could quedars...","og_url":"https:\/\/www.fcbarcelonanoticias.com\/en\/transfers\/last-via-barcelona-renew-ousmane-dembele_281379_102.html","og_site_name":"EN - FC Barcelona Noticias","article_published_time":"2022-06-18T18:34:00+00:00","article_modified_time":"2026-04-16T07:16:02+00:00","og_image":[{"width":1297,"height":737,"url":"https:\/\/www.fcbarcelonanoticias.com\/en\/wp-content\/uploads\/sites\/2\/2022\/06\/dembele-ante-el-mallorca-1.jpeg","type":"image\/jpeg"}],"author":"user_4033","twitter_card":"summary_large_image","twitter_misc":{"Written by":"user_4033","Est. reading time":"3 minutes"},"schema":{"@context":"https:\/\/schema.org","@graph":[{"@type":"Article","@id":"https:\/\/www.fcbarcelonanoticias.com\/en\/transfers\/last-via-barcelona-renew-ousmane-dembele_281379_102.html#article","isPartOf":{"@id":"https:\/\/www.fcbarcelonanoticias.com\/en\/transfers\/last-via-barcelona-renew-ousmane-dembele_281379_102.html"},"author":{"name":"user_4033","@id":"https:\/\/www.fcbarcelonanoticias.com\/en\/#\/schema\/person\/ef17c1dea904b5d4464ec95dd322e667"},"headline":"The last way for Bar\u00e7a to renew Ousmane Demb\u00e9l\u00e9","datePublished":"2022-06-18T18:34:00+00:00","dateModified":"2026-04-16T07:16:02+00:00","mainEntityOfPage":{"@id":"https:\/\/www.fcbarcelonanoticias.com\/en\/transfers\/last-via-barcelona-renew-ousmane-dembele_281379_102.html"},"wordCount":541,"image":{"@id":"https:\/\/www.fcbarcelonanoticias.com\/en\/transfers\/last-via-barcelona-renew-ousmane-dembele_281379_102.html#primaryimage"},"thumbnailUrl":"https:\/\/www.fcbarcelonanoticias.com\/en\/wp-content\/uploads\/sites\/2\/2022\/06\/dembele-ante-el-mallorca-1.jpeg","keywords":["Demb\u00e9l\u00e9"],"articleSection":["Transfers","Transfers"],"inLanguage":"en-US"},{"@type":"WebPage","@id":"https:\/\/www.fcbarcelonanoticias.com\/en\/transfers\/last-via-barcelona-renew-ousmane-dembele_281379_102.html","url":"https:\/\/www.fcbarcelonanoticias.com\/en\/transfers\/last-via-barcelona-renew-ousmane-dembele_281379_102.html","name":"The last road of the Bar\u00e7a to renew to Ousmane Demb\u00e9l\u00e9","isPartOf":{"@id":"https:\/\/www.fcbarcelonanoticias.com\/en\/#website"},"primaryImageOfPage":{"@id":"https:\/\/www.fcbarcelonanoticias.com\/en\/transfers\/last-via-barcelona-renew-ousmane-dembele_281379_102.html#primaryimage"},"image":{"@id":"https:\/\/www.fcbarcelonanoticias.com\/en\/transfers\/last-via-barcelona-renew-ousmane-dembele_281379_102.html#primaryimage"},"thumbnailUrl":"https:\/\/www.fcbarcelonanoticias.com\/en\/wp-content\/uploads\/sites\/2\/2022\/06\/dembele-ante-el-mallorca-1.jpeg","datePublished":"2022-06-18T18:34:00+00:00","dateModified":"2026-04-16T07:16:02+00:00","author":{"@id":"https:\/\/www.fcbarcelonanoticias.com\/en\/#\/schema\/person\/ef17c1dea904b5d4464ec95dd322e667"},"description":"Ousmane Demb\u00e9l\u00e9 Seemed allocated to leave of the FC Barcelona, but his last statements leave to glimpse that his future is not clear-cut and could quedars...","breadcrumb":{"@id":"https:\/\/www.fcbarcelonanoticias.com\/en\/transfers\/last-via-barcelona-renew-ousmane-dembele_281379_102.html#breadcrumb"},"inLanguage":"en-US","potentialAction":[{"@type":"ReadAction","target":["https:\/\/www.fcbarcelonanoticias.com\/en\/transfers\/last-via-barcelona-renew-ousmane-dembele_281379_102.html"]}]},{"@type":"ImageObject","inLanguage":"en-US","@id":"https:\/\/www.fcbarcelonanoticias.com\/en\/transfers\/last-via-barcelona-renew-ousmane-dembele_281379_102.html#primaryimage","url":"https:\/\/www.fcbarcelonanoticias.com\/en\/wp-content\/uploads\/sites\/2\/2022\/06\/dembele-ante-el-mallorca-1.jpeg","contentUrl":"https:\/\/www.fcbarcelonanoticias.com\/en\/wp-content\/uploads\/sites\/2\/2022\/06\/dembele-ante-el-mallorca-1.jpeg","width":1297,"height":737},{"@type":"BreadcrumbList","@id":"https:\/\/www.fcbarcelonanoticias.com\/en\/transfers\/last-via-barcelona-renew-ousmane-dembele_281379_102.html#breadcrumb","itemListElement":[{"@type":"ListItem","position":1,"name":"Portada","item":"https:\/\/www.fcbarcelonanoticias.com\/en\/"},{"@type":"ListItem","position":2,"name":"The last way for Bar\u00e7a to renew Ousmane Demb\u00e9l\u00e9"}]},{"@type":"WebSite","@id":"https:\/\/www.fcbarcelonanoticias.com\/en\/#website","url":"https:\/\/www.fcbarcelonanoticias.com\/en\/","name":"EN - FC Barcelona Noticias","description":"","potentialAction":[{"@type":"SearchAction","target":{"@type":"EntryPoint","urlTemplate":"https:\/\/www.fcbarcelonanoticias.com\/en\/?s={search_term_string}"},"query-input":{"@type":"PropertyValueSpecification","valueRequired":true,"valueName":"search_term_string"}}],"inLanguage":"en-US"},{"@type":"Person","@id":"https:\/\/www.fcbarcelonanoticias.com\/en\/#\/schema\/person\/ef17c1dea904b5d4464ec95dd322e667","name":"user_4033","image":{"@type":"ImageObject","inLanguage":"en-US","@id":"https:\/\/secure.gravatar.com\/avatar\/?s=96&d=mm&r=g","url":"https:\/\/secure.gravatar.com\/avatar\/?s=96&d=mm&r=g","contentUrl":"https:\/\/secure.gravatar.com\/avatar\/?s=96&d=mm&r=g","caption":"user_4033"},"url":"https:\/\/www.fcbarcelonanoticias.com\/en\/user_4033.html"}]}},"_links":{"self":[{"href":"https:\/\/www.fcbarcelonanoticias.com\/en\/wp-json\/wp\/v2\/posts\/93443","targetHints":{"allow":["GET"]}}],"collection":[{"href":"https:\/\/www.fcbarcelonanoticias.com\/en\/wp-json\/wp\/v2\/posts"}],"about":[{"href":"https:\/\/www.fcbarcelonanoticias.com\/en\/wp-json\/wp\/v2\/types\/post"}],"author":[{"embeddable":true,"href":"https:\/\/www.fcbarcelonanoticias.com\/en\/wp-json\/wp\/v2\/users\/377"}],"replies":[{"embeddable":true,"href":"https:\/\/www.fcbarcelonanoticias.com\/en\/wp-json\/wp\/v2\/comments?post=93443"}],"version-history":[{"count":2,"href":"https:\/\/www.fcbarcelonanoticias.com\/en\/wp-json\/wp\/v2\/posts\/93443\/revisions"}],"predecessor-version":[{"id":170539,"href":"https:\/\/www.fcbarcelonanoticias.com\/en\/wp-json\/wp\/v2\/posts\/93443\/revisions\/170539"}],"wp:featuredmedia":[{"embeddable":true,"href":"https:\/\/www.fcbarcelonanoticias.com\/en\/wp-json\/wp\/v2\/media\/93455"}],"wp:attachment":[{"href":"https:\/\/www.fcbarcelonanoticias.com\/en\/wp-json\/wp\/v2\/media?parent=93443"}],"wp:term":[{"taxonomy":"category","embeddable":true,"href":"https:\/\/www.fcbarcelonanoticias.com\/en\/wp-json\/wp\/v2\/categories?post=93443"},{"taxonomy":"post_tag","embeddable":true,"href":"https:\/\/www.fcbarcelonanoticias.com\/en\/wp-json\/wp\/v2\/tags?post=93443"}],"curies":[{"name":"wp","href":"https:\/\/api.w.org\/{rel}","templated":true}]}}