{"id":93483,"date":"2024-08-23T12:28:00","date_gmt":"2024-08-23T10:28:00","guid":{"rendered":"https:\/\/weisetech.dev\/fc-barcelona-noticias\/en\/possible-low-key-in-fc-barcelona-play-athletic_306708_102\/"},"modified":"2024-08-24T02:11:00","modified_gmt":"2024-08-24T00:11:00","slug":"possible-low-key-in-fc-barcelona-play-athletic_306708_102","status":"publish","type":"post","link":"https:\/\/www.fcbarcelonanoticias.com\/en\/transfers\/possible-low-key-in-fc-barcelona-play-athletic_306708_102.html","title":{"rendered":"Possible key loss at FC Barcelona to play against Athletic"},"content":{"rendered":"<h2 class=\"wp-block-heading\">FC Barcelona experienced an unexpected absence during training this Friday. In that work session directed by Hansi Flick, the Danish defender was noted to be missing. The reason? We explain it to you at FCBN<\/h2>  \r\n<div class=\"article-addons\">\r\n    <a href=\"https:\/\/www.fcbarcelonanoticias.com\/en\/calendar-fc-barcelona.html\"\r\n       target=\"_self\"\r\n       title=\"Calendar of FC Barcelona\"\r\n       class=\"blue-gredient-btn\">\r\n       \r\n        Calendar of FC Barcelona    <\/a>\r\n<\/div>   <p>The FC Barcelona training session this Friday aimed to finalize the necessary adjustments for the matchday 2 of LaLiga EA Sports 2024\/25 that will take place this Saturday at 7:00 PM against Athletic Club at Montju\u00efc. <strong>However, there was an unexpected absence during this workday.<\/strong><\/p>  <p>In addition to the already expected absences of players like <a href=\"https:\/\/www.fcbarcelonanoticias.com\/en\/transfers\/sale-ready-fc-barcelona-manages-to-get-rid-of-one-of-its-great-transferees_306694_102.html\" target=\"_self\" title=\"Sale ready! FC Barcelona manages to get rid of one of its great transferees\">Mika Faye, who despite not training due to waiting to finalize his link with Stade Rennes<\/a>, being present at the Joan Gamper Sports City, and Vitor Roque, <strong>who is in negotiations to finalize his loan to Real Betis<\/strong>, the Bar\u00e7a training session suffered another significant absence. This time, <strong>one of the missing pieces in the workday of the cul\u00e9 team was Andreas Christensen.<\/strong><\/p>  <h2>What happened to Andreas Christensen?<\/h2>  <p>The Danish defender, <a href=\"https:\/\/www.fcbarcelonanoticias.com\/en\/transfers\/stance-christensen-on-his-possible-exit-fc-barcelona_306679_102.html\" target=\"_self\" title=\"Christensen's stance on his possible exit from FC Barcelona\">whose future is shrouded in speculation<\/a>, could not participate in Friday&#8217;s training due to a purely physical reason. According to several reports, <strong>Christensen&#8217;s absence was due to physical discomfort in the Achilles tendon<\/strong>, which prevented him from stepping onto the field and kept him doing exercises in the gym.<\/p>  <p>It is important to remember that <strong>this has been a recurring issue for the former Chelsea player since last season<\/strong>. In fact, this same situation prevented him from playing in the matches of matchdays 29 and 30 of LaLiga EA Sports 2023\/24 against Atl\u00e9tico de Madrid and UD Las Palmas respectively, as well as in the March FIFA international break, depriving him of the opportunity to participate in the Danish national team friendlies against Switzerland and the Faroe Islands.<\/p>  <h2>The Dane, a doubt for FC Barcelona&#8217;s match against Athletic<\/h2>  <p><strong>Now it remains to be seen whether he will be able to be called up for the match against the Basque team, which would mean missing his first match of the 2024\/25 season<\/strong>. It is worth mentioning that Andreas Christensen was present in FC Barcelona&#8217;s debut in LaLiga EA Sports 24\/25 at Mestalla against Valencia CF. Although he was not part of the starting eleven, he came on in the 64th minute to replace a cautioned Pau Cubars\u00ed, becoming one of the defensive pillars alongside I\u00f1igo Mart\u00ednez.<\/p> ","protected":false},"excerpt":{"rendered":"<p>FC Barcelona experienced an unexpected absence during training this Friday. In that work session directed by Hansi Flick, the Danish defender was noted to be missing. The reason? We explain it to you at FCBN The FC Barcelona training session this Friday aimed to finalize the necessary adjustments for the matchday 2 of LaLiga EA [&hellip;]<\/p>\n","protected":false},"author":355,"featured_media":93501,"comment_status":"closed","ping_status":"open","sticky":false,"template":"","format":"standard","meta":{"_acf_changed":false,"inline_featured_image":false,"_nextfly_llmd_date_locked":false,"footnotes":""},"categories":[106,449],"tags":[87],"class_list":["post-93483","post","type-post","status-publish","format-standard","has-post-thumbnail","hentry","category-transfers","category-transfers-2","tag-hansi-flick"],"acf":[],"yoast_head":"<!-- This site is optimized with the Yoast SEO plugin v27.3 - https:\/\/yoast.com\/product\/yoast-seo-wordpress\/ -->\n<title>Possible key loss at FC Barcelona to play against Athletic<\/title>\n<meta name=\"description\" content=\"FC Barcelona experienced an unexpected absence during training this Friday. In that work session directed by Hansi Flick, the Danish defender was noted to be missing. The reason? We explain it to you at FCBN\" \/>\n<meta name=\"robots\" content=\"index, follow, max-snippet:-1, max-image-preview:large, max-video-preview:-1\" \/>\n<link rel=\"canonical\" href=\"https:\/\/www.fcbarcelonanoticias.com\/en\/transfers\/possible-low-key-in-fc-barcelona-play-athletic_306708_102.html\" \/>\n<meta property=\"og:locale\" content=\"en_US\" \/>\n<meta property=\"og:type\" content=\"article\" \/>\n<meta property=\"og:title\" content=\"Possible key loss at FC Barcelona to play against Athletic\" \/>\n<meta property=\"og:description\" content=\"FC Barcelona experienced an unexpected absence during training this Friday. In that work session directed by Hansi Flick, the Danish defender was noted to be missing. The reason? We explain it to you at FCBN\" \/>\n<meta property=\"og:url\" content=\"https:\/\/www.fcbarcelonanoticias.com\/en\/transfers\/possible-low-key-in-fc-barcelona-play-athletic_306708_102.html\" \/>\n<meta property=\"og:site_name\" content=\"EN - FC Barcelona Noticias\" \/>\n<meta property=\"article:published_time\" content=\"2024-08-23T10:28:00+00:00\" \/>\n<meta property=\"article:modified_time\" content=\"2024-08-24T00:11:00+00:00\" \/>\n<meta property=\"og:image\" content=\"https:\/\/www.fcbarcelonanoticias.com\/en\/wp-content\/uploads\/sites\/2\/2024\/08\/hansi-flick-en-un-entrenamiento-del-fc-barcelona-1.jpeg\" \/>\n\t<meta property=\"og:image:width\" content=\"1300\" \/>\n\t<meta property=\"og:image:height\" content=\"732\" \/>\n\t<meta property=\"og:image:type\" content=\"image\/jpeg\" \/>\n<meta name=\"author\" content=\"Kevin G\u00f3mez\" \/>\n<meta name=\"twitter:card\" content=\"summary_large_image\" \/>\n<meta name=\"twitter:label1\" content=\"Written by\" \/>\n\t<meta name=\"twitter:data1\" content=\"Kevin G\u00f3mez\" \/>\n\t<meta name=\"twitter:label2\" content=\"Est. reading time\" \/>\n\t<meta name=\"twitter:data2\" content=\"2 minutes\" \/>\n<script type=\"application\/ld+json\" class=\"yoast-schema-graph\">{\"@context\":\"https:\\\/\\\/schema.org\",\"@graph\":[{\"@type\":\"Article\",\"@id\":\"https:\\\/\\\/www.fcbarcelonanoticias.com\\\/en\\\/transfers\\\/possible-low-key-in-fc-barcelona-play-athletic_306708_102.html#article\",\"isPartOf\":{\"@id\":\"https:\\\/\\\/www.fcbarcelonanoticias.com\\\/en\\\/transfers\\\/possible-low-key-in-fc-barcelona-play-athletic_306708_102.html\"},\"author\":{\"name\":\"Kevin G\u00f3mez\",\"@id\":\"https:\\\/\\\/www.fcbarcelonanoticias.com\\\/en\\\/#\\\/schema\\\/person\\\/991443f134df9a64c6874f96ff984c9d\"},\"headline\":\"Possible key loss at FC Barcelona to play against Athletic\",\"datePublished\":\"2024-08-23T10:28:00+00:00\",\"dateModified\":\"2024-08-24T00:11:00+00:00\",\"mainEntityOfPage\":{\"@id\":\"https:\\\/\\\/www.fcbarcelonanoticias.com\\\/en\\\/transfers\\\/possible-low-key-in-fc-barcelona-play-athletic_306708_102.html\"},\"wordCount\":397,\"image\":{\"@id\":\"https:\\\/\\\/www.fcbarcelonanoticias.com\\\/en\\\/transfers\\\/possible-low-key-in-fc-barcelona-play-athletic_306708_102.html#primaryimage\"},\"thumbnailUrl\":\"https:\\\/\\\/www.fcbarcelonanoticias.com\\\/en\\\/wp-content\\\/uploads\\\/sites\\\/2\\\/2024\\\/08\\\/hansi-flick-en-un-entrenamiento-del-fc-barcelona-1.jpeg\",\"keywords\":[\"Hansi Flick\"],\"articleSection\":[\"Transfers\",\"Transfers\"],\"inLanguage\":\"en-US\"},{\"@type\":\"WebPage\",\"@id\":\"https:\\\/\\\/www.fcbarcelonanoticias.com\\\/en\\\/transfers\\\/possible-low-key-in-fc-barcelona-play-athletic_306708_102.html\",\"url\":\"https:\\\/\\\/www.fcbarcelonanoticias.com\\\/en\\\/transfers\\\/possible-low-key-in-fc-barcelona-play-athletic_306708_102.html\",\"name\":\"Possible key loss at FC Barcelona to play against Athletic\",\"isPartOf\":{\"@id\":\"https:\\\/\\\/www.fcbarcelonanoticias.com\\\/en\\\/#website\"},\"primaryImageOfPage\":{\"@id\":\"https:\\\/\\\/www.fcbarcelonanoticias.com\\\/en\\\/transfers\\\/possible-low-key-in-fc-barcelona-play-athletic_306708_102.html#primaryimage\"},\"image\":{\"@id\":\"https:\\\/\\\/www.fcbarcelonanoticias.com\\\/en\\\/transfers\\\/possible-low-key-in-fc-barcelona-play-athletic_306708_102.html#primaryimage\"},\"thumbnailUrl\":\"https:\\\/\\\/www.fcbarcelonanoticias.com\\\/en\\\/wp-content\\\/uploads\\\/sites\\\/2\\\/2024\\\/08\\\/hansi-flick-en-un-entrenamiento-del-fc-barcelona-1.jpeg\",\"datePublished\":\"2024-08-23T10:28:00+00:00\",\"dateModified\":\"2024-08-24T00:11:00+00:00\",\"author\":{\"@id\":\"https:\\\/\\\/www.fcbarcelonanoticias.com\\\/en\\\/#\\\/schema\\\/person\\\/991443f134df9a64c6874f96ff984c9d\"},\"description\":\"FC Barcelona experienced an unexpected absence during training this Friday. In that work session directed by Hansi Flick, the Danish defender was noted to be missing. The reason? We explain it to you at FCBN\",\"breadcrumb\":{\"@id\":\"https:\\\/\\\/www.fcbarcelonanoticias.com\\\/en\\\/transfers\\\/possible-low-key-in-fc-barcelona-play-athletic_306708_102.html#breadcrumb\"},\"inLanguage\":\"en-US\",\"potentialAction\":[{\"@type\":\"ReadAction\",\"target\":[\"https:\\\/\\\/www.fcbarcelonanoticias.com\\\/en\\\/transfers\\\/possible-low-key-in-fc-barcelona-play-athletic_306708_102.html\"]}]},{\"@type\":\"ImageObject\",\"inLanguage\":\"en-US\",\"@id\":\"https:\\\/\\\/www.fcbarcelonanoticias.com\\\/en\\\/transfers\\\/possible-low-key-in-fc-barcelona-play-athletic_306708_102.html#primaryimage\",\"url\":\"https:\\\/\\\/www.fcbarcelonanoticias.com\\\/en\\\/wp-content\\\/uploads\\\/sites\\\/2\\\/2024\\\/08\\\/hansi-flick-en-un-entrenamiento-del-fc-barcelona-1.jpeg\",\"contentUrl\":\"https:\\\/\\\/www.fcbarcelonanoticias.com\\\/en\\\/wp-content\\\/uploads\\\/sites\\\/2\\\/2024\\\/08\\\/hansi-flick-en-un-entrenamiento-del-fc-barcelona-1.jpeg\",\"width\":1300,\"height\":732},{\"@type\":\"BreadcrumbList\",\"@id\":\"https:\\\/\\\/www.fcbarcelonanoticias.com\\\/en\\\/transfers\\\/possible-low-key-in-fc-barcelona-play-athletic_306708_102.html#breadcrumb\",\"itemListElement\":[{\"@type\":\"ListItem\",\"position\":1,\"name\":\"Portada\",\"item\":\"https:\\\/\\\/www.fcbarcelonanoticias.com\\\/en\\\/\"},{\"@type\":\"ListItem\",\"position\":2,\"name\":\"Possible key loss at FC Barcelona to play against Athletic\"}]},{\"@type\":\"WebSite\",\"@id\":\"https:\\\/\\\/www.fcbarcelonanoticias.com\\\/en\\\/#website\",\"url\":\"https:\\\/\\\/www.fcbarcelonanoticias.com\\\/en\\\/\",\"name\":\"EN - FC Barcelona Noticias\",\"description\":\"\",\"potentialAction\":[{\"@type\":\"SearchAction\",\"target\":{\"@type\":\"EntryPoint\",\"urlTemplate\":\"https:\\\/\\\/www.fcbarcelonanoticias.com\\\/en\\\/?s={search_term_string}\"},\"query-input\":{\"@type\":\"PropertyValueSpecification\",\"valueRequired\":true,\"valueName\":\"search_term_string\"}}],\"inLanguage\":\"en-US\"},{\"@type\":\"Person\",\"@id\":\"https:\\\/\\\/www.fcbarcelonanoticias.com\\\/en\\\/#\\\/schema\\\/person\\\/991443f134df9a64c6874f96ff984c9d\",\"name\":\"Kevin G\u00f3mez\",\"image\":{\"@type\":\"ImageObject\",\"inLanguage\":\"en-US\",\"@id\":\"https:\\\/\\\/secure.gravatar.com\\\/avatar\\\/?s=96&d=mm&r=g\",\"url\":\"https:\\\/\\\/secure.gravatar.com\\\/avatar\\\/?s=96&d=mm&r=g\",\"contentUrl\":\"https:\\\/\\\/secure.gravatar.com\\\/avatar\\\/?s=96&d=mm&r=g\",\"caption\":\"Kevin G\u00f3mez\"},\"description\":\"Licenciado\u00a0en Periodismo y Comunicaci\u00f3n Audiovisual. Redactor en FCBN responsable de cubrir toda\u00a0la informaci\u00f3n del FC Barcelona y las principales competiciones de\u00a0f\u00fatbol.\",\"url\":\"https:\\\/\\\/www.fcbarcelonanoticias.com\\\/en\\\/jugadores\\\/kevin-gomez_23_115.html\"}]}<\/script>\n<!-- \/ Yoast SEO plugin. -->","yoast_head_json":{"title":"Possible key loss at FC Barcelona to play against Athletic","description":"FC Barcelona experienced an unexpected absence during training this Friday. In that work session directed by Hansi Flick, the Danish defender was noted to be missing. The reason? We explain it to you at FCBN","robots":{"index":"index","follow":"follow","max-snippet":"max-snippet:-1","max-image-preview":"max-image-preview:large","max-video-preview":"max-video-preview:-1"},"canonical":"https:\/\/www.fcbarcelonanoticias.com\/en\/transfers\/possible-low-key-in-fc-barcelona-play-athletic_306708_102.html","og_locale":"en_US","og_type":"article","og_title":"Possible key loss at FC Barcelona to play against Athletic","og_description":"FC Barcelona experienced an unexpected absence during training this Friday. In that work session directed by Hansi Flick, the Danish defender was noted to be missing. The reason? We explain it to you at FCBN","og_url":"https:\/\/www.fcbarcelonanoticias.com\/en\/transfers\/possible-low-key-in-fc-barcelona-play-athletic_306708_102.html","og_site_name":"EN - FC Barcelona Noticias","article_published_time":"2024-08-23T10:28:00+00:00","article_modified_time":"2024-08-24T00:11:00+00:00","og_image":[{"width":1300,"height":732,"url":"https:\/\/www.fcbarcelonanoticias.com\/en\/wp-content\/uploads\/sites\/2\/2024\/08\/hansi-flick-en-un-entrenamiento-del-fc-barcelona-1.jpeg","type":"image\/jpeg"}],"author":"Kevin G\u00f3mez","twitter_card":"summary_large_image","twitter_misc":{"Written by":"Kevin G\u00f3mez","Est. reading time":"2 minutes"},"schema":{"@context":"https:\/\/schema.org","@graph":[{"@type":"Article","@id":"https:\/\/www.fcbarcelonanoticias.com\/en\/transfers\/possible-low-key-in-fc-barcelona-play-athletic_306708_102.html#article","isPartOf":{"@id":"https:\/\/www.fcbarcelonanoticias.com\/en\/transfers\/possible-low-key-in-fc-barcelona-play-athletic_306708_102.html"},"author":{"name":"Kevin G\u00f3mez","@id":"https:\/\/www.fcbarcelonanoticias.com\/en\/#\/schema\/person\/991443f134df9a64c6874f96ff984c9d"},"headline":"Possible key loss at FC Barcelona to play against Athletic","datePublished":"2024-08-23T10:28:00+00:00","dateModified":"2024-08-24T00:11:00+00:00","mainEntityOfPage":{"@id":"https:\/\/www.fcbarcelonanoticias.com\/en\/transfers\/possible-low-key-in-fc-barcelona-play-athletic_306708_102.html"},"wordCount":397,"image":{"@id":"https:\/\/www.fcbarcelonanoticias.com\/en\/transfers\/possible-low-key-in-fc-barcelona-play-athletic_306708_102.html#primaryimage"},"thumbnailUrl":"https:\/\/www.fcbarcelonanoticias.com\/en\/wp-content\/uploads\/sites\/2\/2024\/08\/hansi-flick-en-un-entrenamiento-del-fc-barcelona-1.jpeg","keywords":["Hansi Flick"],"articleSection":["Transfers","Transfers"],"inLanguage":"en-US"},{"@type":"WebPage","@id":"https:\/\/www.fcbarcelonanoticias.com\/en\/transfers\/possible-low-key-in-fc-barcelona-play-athletic_306708_102.html","url":"https:\/\/www.fcbarcelonanoticias.com\/en\/transfers\/possible-low-key-in-fc-barcelona-play-athletic_306708_102.html","name":"Possible key loss at FC Barcelona to play against Athletic","isPartOf":{"@id":"https:\/\/www.fcbarcelonanoticias.com\/en\/#website"},"primaryImageOfPage":{"@id":"https:\/\/www.fcbarcelonanoticias.com\/en\/transfers\/possible-low-key-in-fc-barcelona-play-athletic_306708_102.html#primaryimage"},"image":{"@id":"https:\/\/www.fcbarcelonanoticias.com\/en\/transfers\/possible-low-key-in-fc-barcelona-play-athletic_306708_102.html#primaryimage"},"thumbnailUrl":"https:\/\/www.fcbarcelonanoticias.com\/en\/wp-content\/uploads\/sites\/2\/2024\/08\/hansi-flick-en-un-entrenamiento-del-fc-barcelona-1.jpeg","datePublished":"2024-08-23T10:28:00+00:00","dateModified":"2024-08-24T00:11:00+00:00","author":{"@id":"https:\/\/www.fcbarcelonanoticias.com\/en\/#\/schema\/person\/991443f134df9a64c6874f96ff984c9d"},"description":"FC Barcelona experienced an unexpected absence during training this Friday. In that work session directed by Hansi Flick, the Danish defender was noted to be missing. The reason? We explain it to you at FCBN","breadcrumb":{"@id":"https:\/\/www.fcbarcelonanoticias.com\/en\/transfers\/possible-low-key-in-fc-barcelona-play-athletic_306708_102.html#breadcrumb"},"inLanguage":"en-US","potentialAction":[{"@type":"ReadAction","target":["https:\/\/www.fcbarcelonanoticias.com\/en\/transfers\/possible-low-key-in-fc-barcelona-play-athletic_306708_102.html"]}]},{"@type":"ImageObject","inLanguage":"en-US","@id":"https:\/\/www.fcbarcelonanoticias.com\/en\/transfers\/possible-low-key-in-fc-barcelona-play-athletic_306708_102.html#primaryimage","url":"https:\/\/www.fcbarcelonanoticias.com\/en\/wp-content\/uploads\/sites\/2\/2024\/08\/hansi-flick-en-un-entrenamiento-del-fc-barcelona-1.jpeg","contentUrl":"https:\/\/www.fcbarcelonanoticias.com\/en\/wp-content\/uploads\/sites\/2\/2024\/08\/hansi-flick-en-un-entrenamiento-del-fc-barcelona-1.jpeg","width":1300,"height":732},{"@type":"BreadcrumbList","@id":"https:\/\/www.fcbarcelonanoticias.com\/en\/transfers\/possible-low-key-in-fc-barcelona-play-athletic_306708_102.html#breadcrumb","itemListElement":[{"@type":"ListItem","position":1,"name":"Portada","item":"https:\/\/www.fcbarcelonanoticias.com\/en\/"},{"@type":"ListItem","position":2,"name":"Possible key loss at FC Barcelona to play against Athletic"}]},{"@type":"WebSite","@id":"https:\/\/www.fcbarcelonanoticias.com\/en\/#website","url":"https:\/\/www.fcbarcelonanoticias.com\/en\/","name":"EN - FC Barcelona Noticias","description":"","potentialAction":[{"@type":"SearchAction","target":{"@type":"EntryPoint","urlTemplate":"https:\/\/www.fcbarcelonanoticias.com\/en\/?s={search_term_string}"},"query-input":{"@type":"PropertyValueSpecification","valueRequired":true,"valueName":"search_term_string"}}],"inLanguage":"en-US"},{"@type":"Person","@id":"https:\/\/www.fcbarcelonanoticias.com\/en\/#\/schema\/person\/991443f134df9a64c6874f96ff984c9d","name":"Kevin G\u00f3mez","image":{"@type":"ImageObject","inLanguage":"en-US","@id":"https:\/\/secure.gravatar.com\/avatar\/?s=96&d=mm&r=g","url":"https:\/\/secure.gravatar.com\/avatar\/?s=96&d=mm&r=g","contentUrl":"https:\/\/secure.gravatar.com\/avatar\/?s=96&d=mm&r=g","caption":"Kevin G\u00f3mez"},"description":"Licenciado\u00a0en Periodismo y Comunicaci\u00f3n Audiovisual. Redactor en FCBN responsable de cubrir toda\u00a0la informaci\u00f3n del FC Barcelona y las principales competiciones de\u00a0f\u00fatbol.","url":"https:\/\/www.fcbarcelonanoticias.com\/en\/jugadores\/kevin-gomez_23_115.html"}]}},"_links":{"self":[{"href":"https:\/\/www.fcbarcelonanoticias.com\/en\/wp-json\/wp\/v2\/posts\/93483","targetHints":{"allow":["GET"]}}],"collection":[{"href":"https:\/\/www.fcbarcelonanoticias.com\/en\/wp-json\/wp\/v2\/posts"}],"about":[{"href":"https:\/\/www.fcbarcelonanoticias.com\/en\/wp-json\/wp\/v2\/types\/post"}],"author":[{"embeddable":true,"href":"https:\/\/www.fcbarcelonanoticias.com\/en\/wp-json\/wp\/v2\/users\/355"}],"replies":[{"embeddable":true,"href":"https:\/\/www.fcbarcelonanoticias.com\/en\/wp-json\/wp\/v2\/comments?post=93483"}],"version-history":[{"count":1,"href":"https:\/\/www.fcbarcelonanoticias.com\/en\/wp-json\/wp\/v2\/posts\/93483\/revisions"}],"predecessor-version":[{"id":130849,"href":"https:\/\/www.fcbarcelonanoticias.com\/en\/wp-json\/wp\/v2\/posts\/93483\/revisions\/130849"}],"wp:featuredmedia":[{"embeddable":true,"href":"https:\/\/www.fcbarcelonanoticias.com\/en\/wp-json\/wp\/v2\/media\/93501"}],"wp:attachment":[{"href":"https:\/\/www.fcbarcelonanoticias.com\/en\/wp-json\/wp\/v2\/media?parent=93483"}],"wp:term":[{"taxonomy":"category","embeddable":true,"href":"https:\/\/www.fcbarcelonanoticias.com\/en\/wp-json\/wp\/v2\/categories?post=93483"},{"taxonomy":"post_tag","embeddable":true,"href":"https:\/\/www.fcbarcelonanoticias.com\/en\/wp-json\/wp\/v2\/tags?post=93483"}],"curies":[{"name":"wp","href":"https:\/\/api.w.org\/{rel}","templated":true}]}}