{"id":93512,"date":"2023-07-11T00:53:00","date_gmt":"2023-07-10T22:53:00","guid":{"rendered":"https:\/\/weisetech.dev\/fc-barcelona-noticias\/en\/lenglet-dest-nico-gonzalez-cartas-barca-must-resolve-this-month_293986_102\/"},"modified":"2023-07-11T00:53:00","modified_gmt":"2023-07-10T22:53:00","slug":"lenglet-dest-nico-gonzalez-cartas-barca-must-resolve-this-month_293986_102","status":"publish","type":"post","link":"https:\/\/www.fcbarcelonanoticias.com\/en\/transfers\/lenglet-dest-nico-gonzalez-cartas-barca-must-resolve-this-month_293986_102.html","title":{"rendered":"Lenglet, Dest, Nico Gonz\u00e1lez&#8230; The folders that Bar\u00e7a must resolve this month"},"content":{"rendered":"<h2 class=\"wp-block-heading\">Mateu Alemany and Deco have a lot of work to do in the coming weeks. The imminent departure of \u00c1lex Collado is the first of several operations to fall in Can Bar\u00e7a, including the renewal of Alejandro Balde<\/h2>  \r\n<div class=\"article-addons\">\r\n    <a href=\"https:\/\/www.fcbarcelonanoticias.com\/en\/calendar-fc-barcelona.html\"\r\n       target=\"_self\"\r\n       title=\"Calendar of FC Barcelona\"\r\n       class=\"blue-gredient-btn\">\r\n       \r\n        Calendar of FC Barcelona    <\/a>\r\n<\/div>   <p>The FC Barcelona has begun officially his pre-season 2023 with two enclosed signings (<strong>I\u00f1igo Mart\u00ednez and \u00cdlkay G\u00fc<\/strong><strong>ndogan<\/strong>) and one when falling (<strong>Vitor Roque<\/strong>), but with a lot for doing regarding the exit of the &#8216;descartes&#8217; of Xavi Hern\u00e1ndez for the 2023\/24. <strong>For the moment, the alone club has closed the exits of Samuel Umtiti and \u00c1lex Hill<\/strong>, both after agreeing the rescission of his agreements.<\/p>  <p><strong>The next in going out can be Cl\u00e9ment Lenglet<\/strong>, by the one who the directive carries several weeks negotiating his traspaso to the Tottenham. Other seven footballers (<strong>Eric Garc\u00eda, Ferran Torres, Franck Kessi\u00e9, Nico Gonz\u00e1lez, Pablo Tower, Sergi\u00f1o Dest and Ez Abde<\/strong>) also are in the ramp of exit, although <a data-external=\"0\" data-intl-links-en=\"https:\/\/www.fcbarcelonanoticias.com\/en\/preseason\/ez-abde-sergino-dest-only-on-loan-barca-with-options-to-stay_293975_102.html\" data-intl-links-es=\"https:\/\/www.fcbarcelonanoticias.com\/pretemporada\/ez-abde-sergino-dest-unicos-cedidos-barca-con-opciones-quedarse_293975_102.html\" href=\"https:\/\/www.fcbarcelonanoticias.com\/en\/preseason\/ez-abde-sergino-dest-only-on-loan-barca-with-options-to-stay_293975_102.html\" rel=\"follow\" target=\"_self\" title=\"Ez Abde y Sergi\u00f1o Dest, los \u00fanicos cedidos del Bar\u00e7a con opciones de quedarse\">so much the Moroccan like the American seem to have options to remain <\/a> if they attain to convince to Xavi in turns it North American.<\/p>  <h2>First, the renewal of Balde<\/h2>  <p>Once resolved the &#8216;serial&#8217; with Lenglet, the managerial has to close finally the renewal of Alejandro Balde. <strong>The terms are agreed from does a pair of months and the left-handed side will be cul\u00e9 until June of 2027 with a clause of rescission of 1.000 million euros<\/strong>. The canterano culminates agreement in 2024 and his value of market reaches already 50 &#8216;kilos&#8217;, by which the Bar\u00e7a does not want to run risks.<\/p>  <h2>Afterwards, the &#8216;case Kessi\u00e9&#8217;<\/h2>  <p>With Franck Kessi\u00e9, his future follows generating doubts. <strong>The marfile\u00f1o insists in remaining and the technical body considers him a player that can contribute a lot if it remains <\/strong>, but financially is more viable to give him exit. The To the Nassr Saudi has tempted him in the last days, but the mediocentro has not given the &#8216;ok&#8217;.<strong> His traspaso would leave some 20 million euros in box<\/strong>, since the club has clear that, sell him by less, would be to give him.<\/p>  <h2>Other options to do box<\/h2>  <p>With the empty arks, the sportive direction knows that the club has to sell several players what before. It is as well as <strong>Mateu Alemany works to find him destination to <a data-external=\"0\" data-intl-links-en=\"https:\/\/www.fcbarcelonanoticias.com\/en\/transfers\/from-ferran-to-eric-the-eight-players-alemany-has-pledged-to-sell_293954_102.html\" data-intl-links-es=\"https:\/\/www.fcbarcelonanoticias.com\/fichajes\/ferran-eric-ocho-jugadores-alemany-se-ha-comprometido-vender_293954_102.html\" href=\"https:\/\/www.fcbarcelonanoticias.com\/en\/transfers\/from-ferran-to-eric-the-eight-players-alemany-has-pledged-to-sell_293954_102.html\" rel=\"follow\" target=\"_self\" title=\"De Ferran a Eric, los ocho jugadores que Alemany se ha comprometido a vender\">players like Ferran Torres and Eric Garc\u00eda<\/a><\/strong>, two of the footballers that aim to have less leadership in the 2023\/24 and whose performance the past season left a lot that wish.<\/p>  <p><strong>The own sucede with Pablo Tower<\/strong>, to the one who the arrival of G\u00fcndogan and another mediocentro (a pivote) will leave again marginado. <strong>Similar is the case of Nico Gonz\u00e1lez<\/strong>, the one who returns of his cession to Valencia and does not have place in the staff in front of the &#8216;overbooking&#8217; in the centre of the field. A cession is the most feasible road for both.<\/p> ","protected":false},"excerpt":{"rendered":"<p>Mateu Alemany and Deco have a lot of work to do in the coming weeks. The imminent departure of \u00c1lex Collado is the first of several operations to fall in Can Bar\u00e7a, including the renewal of Alejandro Balde The FC Barcelona has begun officially his pre-season 2023 with two enclosed signings (I\u00f1igo Mart\u00ednez and \u00cdlkay [&hellip;]<\/p>\n","protected":false},"author":347,"featured_media":93528,"comment_status":"closed","ping_status":"open","sticky":false,"template":"","format":"standard","meta":{"_acf_changed":false,"inline_featured_image":false,"_nextfly_llmd_date_locked":false,"footnotes":""},"categories":[106,449],"tags":[342,305,320,329,292,311],"class_list":["post-93512","post","type-post","status-publish","format-standard","has-post-thumbnail","hentry","category-transfers","category-transfers-2","tag-abde","tag-frank-kessie","tag-lenglet","tag-mateu-alemany","tag-nico-gonzalez","tag-sergino-dest"],"acf":[],"yoast_head":"<!-- This site is optimized with the Yoast SEO plugin v27.3 - https:\/\/yoast.com\/product\/yoast-seo-wordpress\/ -->\n<title>Lenglet, Dest, Nico Gonz\u00e1lez... The folders that Bar\u00e7a must resolve this month<\/title>\n<meta name=\"description\" content=\"Mateu Alemany and Deco have a lot of work to do in the coming weeks. The imminent departure of \u00c1lex Collado is the first of several operations to fall in Can Bar\u00e7a, including the renewal of Alejandro Balde\" \/>\n<meta name=\"robots\" content=\"index, follow, max-snippet:-1, max-image-preview:large, max-video-preview:-1\" \/>\n<link rel=\"canonical\" href=\"https:\/\/www.fcbarcelonanoticias.com\/en\/transfers\/lenglet-dest-nico-gonzalez-cartas-barca-must-resolve-this-month_293986_102.html\" \/>\n<meta property=\"og:locale\" content=\"en_US\" \/>\n<meta property=\"og:type\" content=\"article\" \/>\n<meta property=\"og:title\" content=\"Lenglet, Dest, Nico Gonz\u00e1lez... The folders that Bar\u00e7a must resolve this month\" \/>\n<meta property=\"og:description\" content=\"Mateu Alemany and Deco have a lot of work to do in the coming weeks. The imminent departure of \u00c1lex Collado is the first of several operations to fall in Can Bar\u00e7a, including the renewal of Alejandro Balde\" \/>\n<meta property=\"og:url\" content=\"https:\/\/www.fcbarcelonanoticias.com\/en\/transfers\/lenglet-dest-nico-gonzalez-cartas-barca-must-resolve-this-month_293986_102.html\" \/>\n<meta property=\"og:site_name\" content=\"EN - FC Barcelona Noticias\" \/>\n<meta property=\"article:published_time\" content=\"2023-07-10T22:53:00+00:00\" \/>\n<meta property=\"og:image\" content=\"https:\/\/www.fcbarcelonanoticias.com\/en\/wp-content\/uploads\/sites\/2\/2023\/07\/abde-nico-y-lenglet.jpeg\" \/>\n\t<meta property=\"og:image:width\" content=\"1200\" \/>\n\t<meta property=\"og:image:height\" content=\"700\" \/>\n\t<meta property=\"og:image:type\" content=\"image\/jpeg\" \/>\n<meta name=\"author\" content=\"Andr\u00e9s Quiroz\" \/>\n<meta name=\"twitter:card\" content=\"summary_large_image\" \/>\n<meta name=\"twitter:label1\" content=\"Written by\" \/>\n\t<meta name=\"twitter:data1\" content=\"Andr\u00e9s Quiroz\" \/>\n\t<meta name=\"twitter:label2\" content=\"Est. reading time\" \/>\n\t<meta name=\"twitter:data2\" content=\"2 minutes\" \/>\n<script type=\"application\/ld+json\" class=\"yoast-schema-graph\">{\"@context\":\"https:\\\/\\\/schema.org\",\"@graph\":[{\"@type\":\"Article\",\"@id\":\"https:\\\/\\\/www.fcbarcelonanoticias.com\\\/en\\\/transfers\\\/lenglet-dest-nico-gonzalez-cartas-barca-must-resolve-this-month_293986_102.html#article\",\"isPartOf\":{\"@id\":\"https:\\\/\\\/www.fcbarcelonanoticias.com\\\/en\\\/transfers\\\/lenglet-dest-nico-gonzalez-cartas-barca-must-resolve-this-month_293986_102.html\"},\"author\":{\"name\":\"Andr\u00e9s Quiroz\",\"@id\":\"https:\\\/\\\/www.fcbarcelonanoticias.com\\\/en\\\/#\\\/schema\\\/person\\\/c2cd9f6fa1af5c0d0eccd0fefa575c88\"},\"headline\":\"Lenglet, Dest, Nico Gonz\u00e1lez&#8230; The folders that Bar\u00e7a must resolve this month\",\"datePublished\":\"2023-07-10T22:53:00+00:00\",\"mainEntityOfPage\":{\"@id\":\"https:\\\/\\\/www.fcbarcelonanoticias.com\\\/en\\\/transfers\\\/lenglet-dest-nico-gonzalez-cartas-barca-must-resolve-this-month_293986_102.html\"},\"wordCount\":497,\"image\":{\"@id\":\"https:\\\/\\\/www.fcbarcelonanoticias.com\\\/en\\\/transfers\\\/lenglet-dest-nico-gonzalez-cartas-barca-must-resolve-this-month_293986_102.html#primaryimage\"},\"thumbnailUrl\":\"https:\\\/\\\/www.fcbarcelonanoticias.com\\\/en\\\/wp-content\\\/uploads\\\/sites\\\/2\\\/2023\\\/07\\\/abde-nico-y-lenglet.jpeg\",\"keywords\":[\"Abde\",\"Frank Kessi\u00e9\",\"Lenglet\",\"Mateu Alemany\",\"Nico Gonz\u00e1lez\",\"Sergi\u00f1o Dest\"],\"articleSection\":[\"Transfers\",\"Transfers\"],\"inLanguage\":\"en-US\"},{\"@type\":\"WebPage\",\"@id\":\"https:\\\/\\\/www.fcbarcelonanoticias.com\\\/en\\\/transfers\\\/lenglet-dest-nico-gonzalez-cartas-barca-must-resolve-this-month_293986_102.html\",\"url\":\"https:\\\/\\\/www.fcbarcelonanoticias.com\\\/en\\\/transfers\\\/lenglet-dest-nico-gonzalez-cartas-barca-must-resolve-this-month_293986_102.html\",\"name\":\"Lenglet, Dest, Nico Gonz\u00e1lez... The folders that Bar\u00e7a must resolve this month\",\"isPartOf\":{\"@id\":\"https:\\\/\\\/www.fcbarcelonanoticias.com\\\/en\\\/#website\"},\"primaryImageOfPage\":{\"@id\":\"https:\\\/\\\/www.fcbarcelonanoticias.com\\\/en\\\/transfers\\\/lenglet-dest-nico-gonzalez-cartas-barca-must-resolve-this-month_293986_102.html#primaryimage\"},\"image\":{\"@id\":\"https:\\\/\\\/www.fcbarcelonanoticias.com\\\/en\\\/transfers\\\/lenglet-dest-nico-gonzalez-cartas-barca-must-resolve-this-month_293986_102.html#primaryimage\"},\"thumbnailUrl\":\"https:\\\/\\\/www.fcbarcelonanoticias.com\\\/en\\\/wp-content\\\/uploads\\\/sites\\\/2\\\/2023\\\/07\\\/abde-nico-y-lenglet.jpeg\",\"datePublished\":\"2023-07-10T22:53:00+00:00\",\"author\":{\"@id\":\"https:\\\/\\\/www.fcbarcelonanoticias.com\\\/en\\\/#\\\/schema\\\/person\\\/c2cd9f6fa1af5c0d0eccd0fefa575c88\"},\"description\":\"Mateu Alemany and Deco have a lot of work to do in the coming weeks. The imminent departure of \u00c1lex Collado is the first of several operations to fall in Can Bar\u00e7a, including the renewal of Alejandro Balde\",\"breadcrumb\":{\"@id\":\"https:\\\/\\\/www.fcbarcelonanoticias.com\\\/en\\\/transfers\\\/lenglet-dest-nico-gonzalez-cartas-barca-must-resolve-this-month_293986_102.html#breadcrumb\"},\"inLanguage\":\"en-US\",\"potentialAction\":[{\"@type\":\"ReadAction\",\"target\":[\"https:\\\/\\\/www.fcbarcelonanoticias.com\\\/en\\\/transfers\\\/lenglet-dest-nico-gonzalez-cartas-barca-must-resolve-this-month_293986_102.html\"]}]},{\"@type\":\"ImageObject\",\"inLanguage\":\"en-US\",\"@id\":\"https:\\\/\\\/www.fcbarcelonanoticias.com\\\/en\\\/transfers\\\/lenglet-dest-nico-gonzalez-cartas-barca-must-resolve-this-month_293986_102.html#primaryimage\",\"url\":\"https:\\\/\\\/www.fcbarcelonanoticias.com\\\/en\\\/wp-content\\\/uploads\\\/sites\\\/2\\\/2023\\\/07\\\/abde-nico-y-lenglet.jpeg\",\"contentUrl\":\"https:\\\/\\\/www.fcbarcelonanoticias.com\\\/en\\\/wp-content\\\/uploads\\\/sites\\\/2\\\/2023\\\/07\\\/abde-nico-y-lenglet.jpeg\",\"width\":1200,\"height\":700},{\"@type\":\"BreadcrumbList\",\"@id\":\"https:\\\/\\\/www.fcbarcelonanoticias.com\\\/en\\\/transfers\\\/lenglet-dest-nico-gonzalez-cartas-barca-must-resolve-this-month_293986_102.html#breadcrumb\",\"itemListElement\":[{\"@type\":\"ListItem\",\"position\":1,\"name\":\"Portada\",\"item\":\"https:\\\/\\\/www.fcbarcelonanoticias.com\\\/en\\\/\"},{\"@type\":\"ListItem\",\"position\":2,\"name\":\"Lenglet, Dest, Nico Gonz\u00e1lez&#8230; The folders that Bar\u00e7a must resolve this month\"}]},{\"@type\":\"WebSite\",\"@id\":\"https:\\\/\\\/www.fcbarcelonanoticias.com\\\/en\\\/#website\",\"url\":\"https:\\\/\\\/www.fcbarcelonanoticias.com\\\/en\\\/\",\"name\":\"EN - FC Barcelona Noticias\",\"description\":\"\",\"potentialAction\":[{\"@type\":\"SearchAction\",\"target\":{\"@type\":\"EntryPoint\",\"urlTemplate\":\"https:\\\/\\\/www.fcbarcelonanoticias.com\\\/en\\\/?s={search_term_string}\"},\"query-input\":{\"@type\":\"PropertyValueSpecification\",\"valueRequired\":true,\"valueName\":\"search_term_string\"}}],\"inLanguage\":\"en-US\"},{\"@type\":\"Person\",\"@id\":\"https:\\\/\\\/www.fcbarcelonanoticias.com\\\/en\\\/#\\\/schema\\\/person\\\/c2cd9f6fa1af5c0d0eccd0fefa575c88\",\"name\":\"Andr\u00e9s Quiroz\",\"image\":{\"@type\":\"ImageObject\",\"inLanguage\":\"en-US\",\"@id\":\"https:\\\/\\\/secure.gravatar.com\\\/avatar\\\/?s=96&d=mm&r=g\",\"url\":\"https:\\\/\\\/secure.gravatar.com\\\/avatar\\\/?s=96&d=mm&r=g\",\"contentUrl\":\"https:\\\/\\\/secure.gravatar.com\\\/avatar\\\/?s=96&d=mm&r=g\",\"caption\":\"Andr\u00e9s Quiroz\"},\"description\":\"Licenciado en Periodismo por la Universidad de los Andes. Me encargo de analizar y compartir los contenidos m\u00e1s destacados de la\u00a0actualidad del F\u00fatbol Club Barcelona, Mercado de Fichajes y F\u00fatbol Internacional en FCBN. La informaci\u00f3n es poder, pero tambi\u00e9n conocimiento.\",\"url\":\"https:\\\/\\\/www.fcbarcelonanoticias.com\\\/en\\\/fc-barcelona\\\/andres-quiroz_17_115.html\"}]}<\/script>\n<!-- \/ Yoast SEO plugin. -->","yoast_head_json":{"title":"Lenglet, Dest, Nico Gonz\u00e1lez... The folders that Bar\u00e7a must resolve this month","description":"Mateu Alemany and Deco have a lot of work to do in the coming weeks. The imminent departure of \u00c1lex Collado is the first of several operations to fall in Can Bar\u00e7a, including the renewal of Alejandro Balde","robots":{"index":"index","follow":"follow","max-snippet":"max-snippet:-1","max-image-preview":"max-image-preview:large","max-video-preview":"max-video-preview:-1"},"canonical":"https:\/\/www.fcbarcelonanoticias.com\/en\/transfers\/lenglet-dest-nico-gonzalez-cartas-barca-must-resolve-this-month_293986_102.html","og_locale":"en_US","og_type":"article","og_title":"Lenglet, Dest, Nico Gonz\u00e1lez... The folders that Bar\u00e7a must resolve this month","og_description":"Mateu Alemany and Deco have a lot of work to do in the coming weeks. The imminent departure of \u00c1lex Collado is the first of several operations to fall in Can Bar\u00e7a, including the renewal of Alejandro Balde","og_url":"https:\/\/www.fcbarcelonanoticias.com\/en\/transfers\/lenglet-dest-nico-gonzalez-cartas-barca-must-resolve-this-month_293986_102.html","og_site_name":"EN - FC Barcelona Noticias","article_published_time":"2023-07-10T22:53:00+00:00","og_image":[{"width":1200,"height":700,"url":"https:\/\/www.fcbarcelonanoticias.com\/en\/wp-content\/uploads\/sites\/2\/2023\/07\/abde-nico-y-lenglet.jpeg","type":"image\/jpeg"}],"author":"Andr\u00e9s Quiroz","twitter_card":"summary_large_image","twitter_misc":{"Written by":"Andr\u00e9s Quiroz","Est. reading time":"2 minutes"},"schema":{"@context":"https:\/\/schema.org","@graph":[{"@type":"Article","@id":"https:\/\/www.fcbarcelonanoticias.com\/en\/transfers\/lenglet-dest-nico-gonzalez-cartas-barca-must-resolve-this-month_293986_102.html#article","isPartOf":{"@id":"https:\/\/www.fcbarcelonanoticias.com\/en\/transfers\/lenglet-dest-nico-gonzalez-cartas-barca-must-resolve-this-month_293986_102.html"},"author":{"name":"Andr\u00e9s Quiroz","@id":"https:\/\/www.fcbarcelonanoticias.com\/en\/#\/schema\/person\/c2cd9f6fa1af5c0d0eccd0fefa575c88"},"headline":"Lenglet, Dest, Nico Gonz\u00e1lez&#8230; The folders that Bar\u00e7a must resolve this month","datePublished":"2023-07-10T22:53:00+00:00","mainEntityOfPage":{"@id":"https:\/\/www.fcbarcelonanoticias.com\/en\/transfers\/lenglet-dest-nico-gonzalez-cartas-barca-must-resolve-this-month_293986_102.html"},"wordCount":497,"image":{"@id":"https:\/\/www.fcbarcelonanoticias.com\/en\/transfers\/lenglet-dest-nico-gonzalez-cartas-barca-must-resolve-this-month_293986_102.html#primaryimage"},"thumbnailUrl":"https:\/\/www.fcbarcelonanoticias.com\/en\/wp-content\/uploads\/sites\/2\/2023\/07\/abde-nico-y-lenglet.jpeg","keywords":["Abde","Frank Kessi\u00e9","Lenglet","Mateu Alemany","Nico Gonz\u00e1lez","Sergi\u00f1o Dest"],"articleSection":["Transfers","Transfers"],"inLanguage":"en-US"},{"@type":"WebPage","@id":"https:\/\/www.fcbarcelonanoticias.com\/en\/transfers\/lenglet-dest-nico-gonzalez-cartas-barca-must-resolve-this-month_293986_102.html","url":"https:\/\/www.fcbarcelonanoticias.com\/en\/transfers\/lenglet-dest-nico-gonzalez-cartas-barca-must-resolve-this-month_293986_102.html","name":"Lenglet, Dest, Nico Gonz\u00e1lez... The folders that Bar\u00e7a must resolve this month","isPartOf":{"@id":"https:\/\/www.fcbarcelonanoticias.com\/en\/#website"},"primaryImageOfPage":{"@id":"https:\/\/www.fcbarcelonanoticias.com\/en\/transfers\/lenglet-dest-nico-gonzalez-cartas-barca-must-resolve-this-month_293986_102.html#primaryimage"},"image":{"@id":"https:\/\/www.fcbarcelonanoticias.com\/en\/transfers\/lenglet-dest-nico-gonzalez-cartas-barca-must-resolve-this-month_293986_102.html#primaryimage"},"thumbnailUrl":"https:\/\/www.fcbarcelonanoticias.com\/en\/wp-content\/uploads\/sites\/2\/2023\/07\/abde-nico-y-lenglet.jpeg","datePublished":"2023-07-10T22:53:00+00:00","author":{"@id":"https:\/\/www.fcbarcelonanoticias.com\/en\/#\/schema\/person\/c2cd9f6fa1af5c0d0eccd0fefa575c88"},"description":"Mateu Alemany and Deco have a lot of work to do in the coming weeks. The imminent departure of \u00c1lex Collado is the first of several operations to fall in Can Bar\u00e7a, including the renewal of Alejandro Balde","breadcrumb":{"@id":"https:\/\/www.fcbarcelonanoticias.com\/en\/transfers\/lenglet-dest-nico-gonzalez-cartas-barca-must-resolve-this-month_293986_102.html#breadcrumb"},"inLanguage":"en-US","potentialAction":[{"@type":"ReadAction","target":["https:\/\/www.fcbarcelonanoticias.com\/en\/transfers\/lenglet-dest-nico-gonzalez-cartas-barca-must-resolve-this-month_293986_102.html"]}]},{"@type":"ImageObject","inLanguage":"en-US","@id":"https:\/\/www.fcbarcelonanoticias.com\/en\/transfers\/lenglet-dest-nico-gonzalez-cartas-barca-must-resolve-this-month_293986_102.html#primaryimage","url":"https:\/\/www.fcbarcelonanoticias.com\/en\/wp-content\/uploads\/sites\/2\/2023\/07\/abde-nico-y-lenglet.jpeg","contentUrl":"https:\/\/www.fcbarcelonanoticias.com\/en\/wp-content\/uploads\/sites\/2\/2023\/07\/abde-nico-y-lenglet.jpeg","width":1200,"height":700},{"@type":"BreadcrumbList","@id":"https:\/\/www.fcbarcelonanoticias.com\/en\/transfers\/lenglet-dest-nico-gonzalez-cartas-barca-must-resolve-this-month_293986_102.html#breadcrumb","itemListElement":[{"@type":"ListItem","position":1,"name":"Portada","item":"https:\/\/www.fcbarcelonanoticias.com\/en\/"},{"@type":"ListItem","position":2,"name":"Lenglet, Dest, Nico Gonz\u00e1lez&#8230; The folders that Bar\u00e7a must resolve this month"}]},{"@type":"WebSite","@id":"https:\/\/www.fcbarcelonanoticias.com\/en\/#website","url":"https:\/\/www.fcbarcelonanoticias.com\/en\/","name":"EN - FC Barcelona Noticias","description":"","potentialAction":[{"@type":"SearchAction","target":{"@type":"EntryPoint","urlTemplate":"https:\/\/www.fcbarcelonanoticias.com\/en\/?s={search_term_string}"},"query-input":{"@type":"PropertyValueSpecification","valueRequired":true,"valueName":"search_term_string"}}],"inLanguage":"en-US"},{"@type":"Person","@id":"https:\/\/www.fcbarcelonanoticias.com\/en\/#\/schema\/person\/c2cd9f6fa1af5c0d0eccd0fefa575c88","name":"Andr\u00e9s Quiroz","image":{"@type":"ImageObject","inLanguage":"en-US","@id":"https:\/\/secure.gravatar.com\/avatar\/?s=96&d=mm&r=g","url":"https:\/\/secure.gravatar.com\/avatar\/?s=96&d=mm&r=g","contentUrl":"https:\/\/secure.gravatar.com\/avatar\/?s=96&d=mm&r=g","caption":"Andr\u00e9s Quiroz"},"description":"Licenciado en Periodismo por la Universidad de los Andes. Me encargo de analizar y compartir los contenidos m\u00e1s destacados de la\u00a0actualidad del F\u00fatbol Club Barcelona, Mercado de Fichajes y F\u00fatbol Internacional en FCBN. La informaci\u00f3n es poder, pero tambi\u00e9n conocimiento.","url":"https:\/\/www.fcbarcelonanoticias.com\/en\/fc-barcelona\/andres-quiroz_17_115.html"}]}},"_links":{"self":[{"href":"https:\/\/www.fcbarcelonanoticias.com\/en\/wp-json\/wp\/v2\/posts\/93512","targetHints":{"allow":["GET"]}}],"collection":[{"href":"https:\/\/www.fcbarcelonanoticias.com\/en\/wp-json\/wp\/v2\/posts"}],"about":[{"href":"https:\/\/www.fcbarcelonanoticias.com\/en\/wp-json\/wp\/v2\/types\/post"}],"author":[{"embeddable":true,"href":"https:\/\/www.fcbarcelonanoticias.com\/en\/wp-json\/wp\/v2\/users\/347"}],"replies":[{"embeddable":true,"href":"https:\/\/www.fcbarcelonanoticias.com\/en\/wp-json\/wp\/v2\/comments?post=93512"}],"version-history":[{"count":1,"href":"https:\/\/www.fcbarcelonanoticias.com\/en\/wp-json\/wp\/v2\/posts\/93512\/revisions"}],"predecessor-version":[{"id":130958,"href":"https:\/\/www.fcbarcelonanoticias.com\/en\/wp-json\/wp\/v2\/posts\/93512\/revisions\/130958"}],"wp:featuredmedia":[{"embeddable":true,"href":"https:\/\/www.fcbarcelonanoticias.com\/en\/wp-json\/wp\/v2\/media\/93528"}],"wp:attachment":[{"href":"https:\/\/www.fcbarcelonanoticias.com\/en\/wp-json\/wp\/v2\/media?parent=93512"}],"wp:term":[{"taxonomy":"category","embeddable":true,"href":"https:\/\/www.fcbarcelonanoticias.com\/en\/wp-json\/wp\/v2\/categories?post=93512"},{"taxonomy":"post_tag","embeddable":true,"href":"https:\/\/www.fcbarcelonanoticias.com\/en\/wp-json\/wp\/v2\/tags?post=93512"}],"curies":[{"name":"wp","href":"https:\/\/api.w.org\/{rel}","templated":true}]}}